{"id":2109,"date":"2008-08-08T08:24:30","date_gmt":"2008-08-08T08:24:30","guid":{"rendered":"http:\/\/blogs.thesocialmedia.com\/leblogenergie\/2008\/08\/08\/palm-desert-loi\/"},"modified":"2012-07-12T10:52:16","modified_gmt":"2012-07-12T10:52:16","slug":"palm-desert-loi","status":"publish","type":"post","link":"https:\/\/blogs.thesocialmedia.com\/leblogenergie\/2008\/08\/08\/palm-desert-loi\/","title":{"rendered":"Palm desert : loi d&rsquo;ind\u00e9pendance \u00e9nerg\u00e9tique."},"content":{"rendered":"<p><a href=\"http:\/\/blogs.thesocialmedia.com\/leblogenergie\/files\/2012\/07\/images_561.jpg\"><img loading=\"lazy\" decoding=\"async\" width=\"250\" height=\"166\"  src=\"http:\/\/blogs.thesocialmedia.com\/leblogenergie\/files\/2012\/07\/images_525.jpg\" alt=\"Images_5\" style=\"margin: 0px 5px 5px 0px;float: left\" \/><\/a> <a href=\"http:\/\/en.wikipedia.org\/wiki\/Palm_Desert,_California\">Palm desert <\/a>(Californie), veut r\u00e9duire sa <a href=\"http:\/\/www.enerzine.com\/14\/5555+palm-desert-adopte-la-loi-dindependance-energetique+.html\">consommation \u00e9nerg\u00e9tique globale<\/a> de 30 % d&rsquo;ici 2011. <br \/>B\u00e9n\u00e9ficiant de 350 jours d&rsquo;ensoleillement de &quot;haute qualit\u00e9&quot;, les habitants ont, en p\u00e9riode chaude (plus de 100 \u00b0 Farenheit, soit 37.8 Celsius, et de grosses d\u00e9penses de climatisation (factures de 1000 $).<br \/>Le &quot;progressisme de la ville&quot; en la mati\u00e8re, s&rsquo;apparente donc \u00e0 un gousset sonnant creux.<br \/>Bien s\u00fbr, comme la qualit\u00e9 des constructions est tout \u00e0 fait insuffisante, on compensait le manque d&rsquo;isolation par une technique moins co\u00fbteuse au d\u00e9part, mais gouffre \u00e9nerg\u00e9tique dans la dur\u00e9e.<\/p>\n<p>La r\u00e9duction envisag\u00e9e (215 millions de KWH) est donc, avant tout, une mesure d&rsquo;\u00e9conomie importante, qui d\u00e9sesp\u00e9rera les compagnies \u00e9lectriques, mais qui soulagera les budgets des habitants. <br \/>Ils pourront se consoler en se disant que les 70 % restants, sont encore tr\u00e8s confortables, surtout rapport\u00e9 \u00e0 une population assez modeste (en nombre, pas en revenu). <br \/>Leurs soucis pourraient commencer, si on envisageait une r\u00e9duction de 70 %, c&rsquo;est \u00e0 dire un alignement sur <a href=\"http:\/\/fr.biz.yahoo.com\/29072008\/320\/palm-desert-en-californie-celebre-l-adoption-de-l-energy.html\">les barbares europ\u00e9ens<\/a>, gens sous d\u00e9velopp\u00e9s, comme l&rsquo;on sait.<br \/>Le &quot;progressisme&quot; \u00e0 l&rsquo;am\u00e9ricaine, \u00e7a doit \u00eatre de ne pas \u00eatre totalement align\u00e9 sur les int\u00e9r\u00eats des grandes compagnies.<\/p>\n<p>Vendredi 8 ao\u00fbt 2008 <\/p>\n","protected":false},"excerpt":{"rendered":"<p>Palm desert (Californie), veut r\u00e9duire sa consommation \u00e9nerg\u00e9tique globale de 30 % d&rsquo;ici 2011. B\u00e9n\u00e9ficiant de 350 jours d&rsquo;ensoleillement de &quot;haute qualit\u00e9&quot;, les habitants ont, en p\u00e9riode chaude (plus de 100 \u00b0 Farenheit, soit 37.8 Celsius, et de grosses d\u00e9penses de climatisation (factures de 1000 $).Le &quot;progressisme de la ville&quot; en la mati\u00e8re, s&rsquo;apparente donc [&hellip;]<\/p>\n","protected":false},"author":198,"featured_media":9823,"comment_status":"open","ping_status":"open","sticky":false,"template":"","format":"standard","meta":{"footnotes":""},"categories":[5],"tags":[773],"class_list":["post-2109","post","type-post","status-publish","format-standard","has-post-thumbnail","hentry","category-actualites","tag-les-barbares-europeens-consommation-energetique-globale-palm-desert"],"yoast_head":"<!-- This site is optimized with the Yoast SEO plugin v26.0 - https:\/\/yoast.com\/wordpress\/plugins\/seo\/ -->\n<title>Palm desert : loi d&#039;ind\u00e9pendance \u00e9nerg\u00e9tique. - leblogenergie.com<\/title>\n<meta name=\"robots\" content=\"index, follow, max-snippet:-1, max-image-preview:large, max-video-preview:-1\" \/>\n<link rel=\"canonical\" href=\"https:\/\/blogs.thesocialmedia.com\/leblogenergie\/2008\/08\/08\/palm-desert-loi\/\" \/>\n<meta name=\"twitter:card\" content=\"summary_large_image\" \/>\n<meta name=\"twitter:title\" content=\"Palm desert : loi d&#039;ind\u00e9pendance \u00e9nerg\u00e9tique. - leblogenergie.com\" \/>\n<meta name=\"twitter:description\" content=\"Palm desert (Californie), veut r\u00e9duire sa consommation \u00e9nerg\u00e9tique globale de 30 % d&rsquo;ici 2011. B\u00e9n\u00e9ficiant de 350 jours d&rsquo;ensoleillement de &quot;haute qualit\u00e9&quot;, les habitants ont, en p\u00e9riode chaude (plus de 100 \u00b0 Farenheit, soit 37.8 Celsius, et de grosses d\u00e9penses de climatisation (factures de 1000 $).Le &quot;progressisme de la ville&quot; en la mati\u00e8re, s&rsquo;apparente donc [&hellip;]\" \/>\n<meta name=\"twitter:image\" content=\"https:\/\/blogs.thesocialmedia.com\/leblogenergie\/files\/2012\/07\/images_525.jpg\" \/>\n<meta name=\"twitter:label1\" content=\"\u00c9crit par\" \/>\n\t<meta name=\"twitter:data1\" content=\"patrick reymond\" \/>\n\t<meta name=\"twitter:label2\" content=\"Dur\u00e9e de lecture estim\u00e9e\" \/>\n\t<meta name=\"twitter:data2\" content=\"1 minute\" \/>\n<script type=\"application\/ld+json\" class=\"yoast-schema-graph\">{\"@context\":\"https:\/\/schema.org\",\"@graph\":[{\"@type\":\"WebPage\",\"@id\":\"https:\/\/blogs.thesocialmedia.com\/leblogenergie\/2008\/08\/08\/palm-desert-loi\/\",\"url\":\"https:\/\/blogs.thesocialmedia.com\/leblogenergie\/2008\/08\/08\/palm-desert-loi\/\",\"name\":\"Palm desert : loi d'ind\u00e9pendance \u00e9nerg\u00e9tique. - leblogenergie.com\",\"isPartOf\":{\"@id\":\"https:\/\/blogs.thesocialmedia.com\/leblogenergie\/#website\"},\"primaryImageOfPage\":{\"@id\":\"https:\/\/blogs.thesocialmedia.com\/leblogenergie\/2008\/08\/08\/palm-desert-loi\/#primaryimage\"},\"image\":{\"@id\":\"https:\/\/blogs.thesocialmedia.com\/leblogenergie\/2008\/08\/08\/palm-desert-loi\/#primaryimage\"},\"thumbnailUrl\":\"https:\/\/blogs.thesocialmedia.com\/leblogenergie\/files\/2012\/07\/images_525.jpg\",\"datePublished\":\"2008-08-08T08:24:30+00:00\",\"dateModified\":\"2012-07-12T10:52:16+00:00\",\"author\":{\"@id\":\"https:\/\/blogs.thesocialmedia.com\/leblogenergie\/#\/schema\/person\/348ae2a6d3fa221c5d38a293ee3dba3c\"},\"breadcrumb\":{\"@id\":\"https:\/\/blogs.thesocialmedia.com\/leblogenergie\/2008\/08\/08\/palm-desert-loi\/#breadcrumb\"},\"inLanguage\":\"fr-FR\",\"potentialAction\":[{\"@type\":\"ReadAction\",\"target\":[\"https:\/\/blogs.thesocialmedia.com\/leblogenergie\/2008\/08\/08\/palm-desert-loi\/\"]}]},{\"@type\":\"ImageObject\",\"inLanguage\":\"fr-FR\",\"@id\":\"https:\/\/blogs.thesocialmedia.com\/leblogenergie\/2008\/08\/08\/palm-desert-loi\/#primaryimage\",\"url\":\"https:\/\/blogs.thesocialmedia.com\/leblogenergie\/files\/2012\/07\/images_525.jpg\",\"contentUrl\":\"https:\/\/blogs.thesocialmedia.com\/leblogenergie\/files\/2012\/07\/images_525.jpg\",\"width\":\"250\",\"height\":\"166\"},{\"@type\":\"BreadcrumbList\",\"@id\":\"https:\/\/blogs.thesocialmedia.com\/leblogenergie\/2008\/08\/08\/palm-desert-loi\/#breadcrumb\",\"itemListElement\":[{\"@type\":\"ListItem\",\"position\":1,\"name\":\"Accueil\",\"item\":\"https:\/\/blogs.thesocialmedia.com\/leblogenergie\/\"},{\"@type\":\"ListItem\",\"position\":2,\"name\":\"Palm desert : loi d&rsquo;ind\u00e9pendance \u00e9nerg\u00e9tique.\"}]},{\"@type\":\"WebSite\",\"@id\":\"https:\/\/blogs.thesocialmedia.com\/leblogenergie\/#website\",\"url\":\"https:\/\/blogs.thesocialmedia.com\/leblogenergie\/\",\"name\":\"leblogenergie\",\"description\":\"Just another The Social Media Group Network site\",\"potentialAction\":[{\"@type\":\"SearchAction\",\"target\":{\"@type\":\"EntryPoint\",\"urlTemplate\":\"https:\/\/blogs.thesocialmedia.com\/leblogenergie\/?s={search_term_string}\"},\"query-input\":{\"@type\":\"PropertyValueSpecification\",\"valueRequired\":true,\"valueName\":\"search_term_string\"}}],\"inLanguage\":\"fr-FR\"},{\"@type\":\"Person\",\"@id\":\"https:\/\/blogs.thesocialmedia.com\/leblogenergie\/#\/schema\/person\/348ae2a6d3fa221c5d38a293ee3dba3c\",\"name\":\"patrick reymond\",\"image\":{\"@type\":\"ImageObject\",\"inLanguage\":\"fr-FR\",\"@id\":\"https:\/\/blogs.thesocialmedia.com\/leblogenergie\/#\/schema\/person\/image\/\",\"url\":\"https:\/\/secure.gravatar.com\/avatar\/?s=96&d=mm&r=g\",\"contentUrl\":\"https:\/\/secure.gravatar.com\/avatar\/?s=96&d=mm&r=g\",\"caption\":\"patrick reymond\"},\"url\":\"https:\/\/blogs.thesocialmedia.com\/leblogenergie\/author\/patrick-reymond\/\"}]}<\/script>\n<!-- \/ Yoast SEO plugin. -->","yoast_head_json":{"title":"Palm desert : loi d'ind\u00e9pendance \u00e9nerg\u00e9tique. - leblogenergie.com","robots":{"index":"index","follow":"follow","max-snippet":"max-snippet:-1","max-image-preview":"max-image-preview:large","max-video-preview":"max-video-preview:-1"},"canonical":"https:\/\/blogs.thesocialmedia.com\/leblogenergie\/2008\/08\/08\/palm-desert-loi\/","twitter_card":"summary_large_image","twitter_title":"Palm desert : loi d'ind\u00e9pendance \u00e9nerg\u00e9tique. - leblogenergie.com","twitter_description":"Palm desert (Californie), veut r\u00e9duire sa consommation \u00e9nerg\u00e9tique globale de 30 % d&rsquo;ici 2011. B\u00e9n\u00e9ficiant de 350 jours d&rsquo;ensoleillement de &quot;haute qualit\u00e9&quot;, les habitants ont, en p\u00e9riode chaude (plus de 100 \u00b0 Farenheit, soit 37.8 Celsius, et de grosses d\u00e9penses de climatisation (factures de 1000 $).Le &quot;progressisme de la ville&quot; en la mati\u00e8re, s&rsquo;apparente donc [&hellip;]","twitter_image":"https:\/\/blogs.thesocialmedia.com\/leblogenergie\/files\/2012\/07\/images_525.jpg","twitter_misc":{"\u00c9crit par":"patrick reymond","Dur\u00e9e de lecture estim\u00e9e":"1 minute"},"schema":{"@context":"https:\/\/schema.org","@graph":[{"@type":"WebPage","@id":"https:\/\/blogs.thesocialmedia.com\/leblogenergie\/2008\/08\/08\/palm-desert-loi\/","url":"https:\/\/blogs.thesocialmedia.com\/leblogenergie\/2008\/08\/08\/palm-desert-loi\/","name":"Palm desert : loi d'ind\u00e9pendance \u00e9nerg\u00e9tique. - leblogenergie.com","isPartOf":{"@id":"https:\/\/blogs.thesocialmedia.com\/leblogenergie\/#website"},"primaryImageOfPage":{"@id":"https:\/\/blogs.thesocialmedia.com\/leblogenergie\/2008\/08\/08\/palm-desert-loi\/#primaryimage"},"image":{"@id":"https:\/\/blogs.thesocialmedia.com\/leblogenergie\/2008\/08\/08\/palm-desert-loi\/#primaryimage"},"thumbnailUrl":"https:\/\/blogs.thesocialmedia.com\/leblogenergie\/files\/2012\/07\/images_525.jpg","datePublished":"2008-08-08T08:24:30+00:00","dateModified":"2012-07-12T10:52:16+00:00","author":{"@id":"https:\/\/blogs.thesocialmedia.com\/leblogenergie\/#\/schema\/person\/348ae2a6d3fa221c5d38a293ee3dba3c"},"breadcrumb":{"@id":"https:\/\/blogs.thesocialmedia.com\/leblogenergie\/2008\/08\/08\/palm-desert-loi\/#breadcrumb"},"inLanguage":"fr-FR","potentialAction":[{"@type":"ReadAction","target":["https:\/\/blogs.thesocialmedia.com\/leblogenergie\/2008\/08\/08\/palm-desert-loi\/"]}]},{"@type":"ImageObject","inLanguage":"fr-FR","@id":"https:\/\/blogs.thesocialmedia.com\/leblogenergie\/2008\/08\/08\/palm-desert-loi\/#primaryimage","url":"https:\/\/blogs.thesocialmedia.com\/leblogenergie\/files\/2012\/07\/images_525.jpg","contentUrl":"https:\/\/blogs.thesocialmedia.com\/leblogenergie\/files\/2012\/07\/images_525.jpg","width":"250","height":"166"},{"@type":"BreadcrumbList","@id":"https:\/\/blogs.thesocialmedia.com\/leblogenergie\/2008\/08\/08\/palm-desert-loi\/#breadcrumb","itemListElement":[{"@type":"ListItem","position":1,"name":"Accueil","item":"https:\/\/blogs.thesocialmedia.com\/leblogenergie\/"},{"@type":"ListItem","position":2,"name":"Palm desert : loi d&rsquo;ind\u00e9pendance \u00e9nerg\u00e9tique."}]},{"@type":"WebSite","@id":"https:\/\/blogs.thesocialmedia.com\/leblogenergie\/#website","url":"https:\/\/blogs.thesocialmedia.com\/leblogenergie\/","name":"leblogenergie","description":"Just another The Social Media Group Network site","potentialAction":[{"@type":"SearchAction","target":{"@type":"EntryPoint","urlTemplate":"https:\/\/blogs.thesocialmedia.com\/leblogenergie\/?s={search_term_string}"},"query-input":{"@type":"PropertyValueSpecification","valueRequired":true,"valueName":"search_term_string"}}],"inLanguage":"fr-FR"},{"@type":"Person","@id":"https:\/\/blogs.thesocialmedia.com\/leblogenergie\/#\/schema\/person\/348ae2a6d3fa221c5d38a293ee3dba3c","name":"patrick reymond","image":{"@type":"ImageObject","inLanguage":"fr-FR","@id":"https:\/\/blogs.thesocialmedia.com\/leblogenergie\/#\/schema\/person\/image\/","url":"https:\/\/secure.gravatar.com\/avatar\/?s=96&d=mm&r=g","contentUrl":"https:\/\/secure.gravatar.com\/avatar\/?s=96&d=mm&r=g","caption":"patrick reymond"},"url":"https:\/\/blogs.thesocialmedia.com\/leblogenergie\/author\/patrick-reymond\/"}]}},"_links":{"self":[{"href":"https:\/\/blogs.thesocialmedia.com\/leblogenergie\/wp-json\/wp\/v2\/posts\/2109","targetHints":{"allow":["GET"]}}],"collection":[{"href":"https:\/\/blogs.thesocialmedia.com\/leblogenergie\/wp-json\/wp\/v2\/posts"}],"about":[{"href":"https:\/\/blogs.thesocialmedia.com\/leblogenergie\/wp-json\/wp\/v2\/types\/post"}],"author":[{"embeddable":true,"href":"https:\/\/blogs.thesocialmedia.com\/leblogenergie\/wp-json\/wp\/v2\/users\/198"}],"replies":[{"embeddable":true,"href":"https:\/\/blogs.thesocialmedia.com\/leblogenergie\/wp-json\/wp\/v2\/comments?post=2109"}],"version-history":[{"count":2,"href":"https:\/\/blogs.thesocialmedia.com\/leblogenergie\/wp-json\/wp\/v2\/posts\/2109\/revisions"}],"predecessor-version":[{"id":17574,"href":"https:\/\/blogs.thesocialmedia.com\/leblogenergie\/wp-json\/wp\/v2\/posts\/2109\/revisions\/17574"}],"wp:featuredmedia":[{"embeddable":true,"href":"https:\/\/blogs.thesocialmedia.com\/leblogenergie\/wp-json\/wp\/v2\/media\/9823"}],"wp:attachment":[{"href":"https:\/\/blogs.thesocialmedia.com\/leblogenergie\/wp-json\/wp\/v2\/media?parent=2109"}],"wp:term":[{"taxonomy":"category","embeddable":true,"href":"https:\/\/blogs.thesocialmedia.com\/leblogenergie\/wp-json\/wp\/v2\/categories?post=2109"},{"taxonomy":"post_tag","embeddable":true,"href":"https:\/\/blogs.thesocialmedia.com\/leblogenergie\/wp-json\/wp\/v2\/tags?post=2109"}],"curies":[{"name":"wp","href":"https:\/\/api.w.org\/{rel}","templated":true}]}}