{"id":2110,"date":"2008-08-08T08:22:41","date_gmt":"2008-08-08T08:22:41","guid":{"rendered":"http:\/\/blogs.thesocialmedia.com\/leblogenergie\/2008\/08\/08\/gaz-et-lectrici\/"},"modified":"2012-07-12T10:52:15","modified_gmt":"2012-07-12T10:52:15","slug":"gaz-et-lectrici","status":"publish","type":"post","link":"https:\/\/blogs.thesocialmedia.com\/leblogenergie\/2008\/08\/08\/gaz-et-lectrici\/","title":{"rendered":"Gaz et \u00e9lectricit\u00e9 : les 7 p\u00e9ch\u00e9s capitaux."},"content":{"rendered":"<p><a href=\"http:\/\/blogs.thesocialmedia.com\/leblogenergie\/files\/2012\/07\/images_3233.jpg\"><img loading=\"lazy\" decoding=\"async\" width=\"250\" height=\"345\"  src=\"http:\/\/blogs.thesocialmedia.com\/leblogenergie\/files\/2012\/07\/images_3103.jpg\" alt=\"Images_3\" style=\"margin: 0px 5px 5px 0px;float: left\" \/><\/a> Le gouvernement&nbsp; <a href=\"http:\/\/www.enerzine.com\/14\/5583+gaz-et-electricite---5-euros-de-plus-sur-les-factures+.html\">accorde des augmentations<\/a> de tarifs \u00e0 EDF et GDF, entreprises dont les r\u00e9sultats \u00e9taient d\u00e9j\u00e0 resplendissants. <br \/>+ 5 % pour le gaz et + 2 % pour l&rsquo;\u00e9lectricit\u00e9, justifi\u00e9, soit disant, par l&rsquo;envol\u00e9e des co\u00fbts (pourtant, les cours du gaz ont fortement baiss\u00e9s ces derni\u00e8res semaines).<br \/>Les tarifs de l&rsquo;\u00e9lectricit\u00e9 augmenteront encore davantage pour les entreprises. <br \/>Il n&rsquo;y a aucune logique \u00e9conomique derri\u00e8re ces mesures, seulement l&rsquo;app\u00e9tit de l&rsquo;actionnaire, dans un march\u00e9 captif. <br \/>Quelques<a href=\"http:\/\/www.lavoixdunord.fr\/France_Monde\/actualite\/Secteur_France_Monde\/2008\/08\/07\/article_le-gaz-et-l-electricite-augmentent-mais.shtml\"> clopinettes pour les pauvres<\/a> devraient, dans la logique gouvernementale, aider \u00e0 faire passer la pilule.<\/p>\n<p>Les comit\u00e9s de r\u00e9gulation, ou comit\u00e9s th\u00e9odule, donnent syst\u00e9matiquement leur aval \u00e0 toutes les demandes, et, tel l&rsquo;\u00e9poque de Louis XV, demeurent simplement de &quot;bonnes places&quot;. <br \/>&quot;Lentement, jour, apr\u00e8s jour, les gens se d\u00e9tournent du r\u00e9gime&quot;. <br \/>Louis XV avait nomm\u00e9 7 mar\u00e9chaux. Ils \u00e9taient \u00e9loign\u00e9s depuis si longtemps de la vie militaire que certains des b\u00e9n\u00e9ficiaires en furent \u00e9tonn\u00e9s. <br \/>On les appela, les 7 p\u00e9ch\u00e9s capitaux. On rit beaucoup, \u00e0 l&rsquo;\u00e9poque pour leur attribuer les p\u00e9ch\u00e9s.<br \/><a href=\"http:\/\/tempsreel.nouvelobs.com\/actualites\/economie\/entreprises\/20080807.OBS6448\/le_ps_denonce_la_hausse_des_prix_de_lenergie.html\">La plupart les m\u00e9ritait tous les 7<\/a> :&nbsp; Paresse, luxure, gourmandise, avarice, envie, orgueil ou col\u00e8re.<br \/>Je remercie le gouvernement d&rsquo;avoir justifi\u00e9 tous mes articles pr\u00e9c\u00e9dents.<br \/>Au gouvernement aussi, on aurait du mal \u00e0 attribuer \u00e0 quelqu&rsquo;un pr\u00e9cis\u00e9ment, toutes ces tares. <br \/>Il n&rsquo;y a que la b\u00eatise qui soit g\u00e9n\u00e9ralis\u00e9e. <\/p>\n","protected":false},"excerpt":{"rendered":"<p>Le gouvernement&nbsp; accorde des augmentations de tarifs \u00e0 EDF et GDF, entreprises dont les r\u00e9sultats \u00e9taient d\u00e9j\u00e0 resplendissants. + 5 % pour le gaz et + 2 % pour l&rsquo;\u00e9lectricit\u00e9, justifi\u00e9, soit disant, par l&rsquo;envol\u00e9e des co\u00fbts (pourtant, les cours du gaz ont fortement baiss\u00e9s ces derni\u00e8res semaines).Les tarifs de l&rsquo;\u00e9lectricit\u00e9 augmenteront encore davantage pour [&hellip;]<\/p>\n","protected":false},"author":198,"featured_media":9821,"comment_status":"open","ping_status":"open","sticky":false,"template":"","format":"standard","meta":{"footnotes":""},"categories":[5],"tags":[774],"class_list":["post-2110","post","type-post","status-publish","format-standard","has-post-thumbnail","hentry","category-actualites","tag-clopinettes-pour-les-pauvres-accorde-des-augmentations"],"yoast_head":"<!-- This site is optimized with the Yoast SEO plugin v26.0 - https:\/\/yoast.com\/wordpress\/plugins\/seo\/ -->\n<title>Gaz et \u00e9lectricit\u00e9 : les 7 p\u00e9ch\u00e9s capitaux. - leblogenergie.com<\/title>\n<meta name=\"robots\" content=\"index, follow, max-snippet:-1, max-image-preview:large, max-video-preview:-1\" \/>\n<link rel=\"canonical\" href=\"https:\/\/blogs.thesocialmedia.com\/leblogenergie\/2008\/08\/08\/gaz-et-lectrici\/\" \/>\n<meta name=\"twitter:card\" content=\"summary_large_image\" \/>\n<meta name=\"twitter:title\" content=\"Gaz et \u00e9lectricit\u00e9 : les 7 p\u00e9ch\u00e9s capitaux. - leblogenergie.com\" \/>\n<meta name=\"twitter:description\" content=\"Le gouvernement&nbsp; accorde des augmentations de tarifs \u00e0 EDF et GDF, entreprises dont les r\u00e9sultats \u00e9taient d\u00e9j\u00e0 resplendissants. + 5 % pour le gaz et + 2 % pour l&rsquo;\u00e9lectricit\u00e9, justifi\u00e9, soit disant, par l&rsquo;envol\u00e9e des co\u00fbts (pourtant, les cours du gaz ont fortement baiss\u00e9s ces derni\u00e8res semaines).Les tarifs de l&rsquo;\u00e9lectricit\u00e9 augmenteront encore davantage pour [&hellip;]\" \/>\n<meta name=\"twitter:image\" content=\"https:\/\/blogs.thesocialmedia.com\/leblogenergie\/files\/2012\/07\/images_3103.jpg\" \/>\n<meta name=\"twitter:label1\" content=\"\u00c9crit par\" \/>\n\t<meta name=\"twitter:data1\" content=\"patrick reymond\" \/>\n\t<meta name=\"twitter:label2\" content=\"Dur\u00e9e de lecture estim\u00e9e\" \/>\n\t<meta name=\"twitter:data2\" content=\"1 minute\" \/>\n<script type=\"application\/ld+json\" class=\"yoast-schema-graph\">{\"@context\":\"https:\/\/schema.org\",\"@graph\":[{\"@type\":\"WebPage\",\"@id\":\"https:\/\/blogs.thesocialmedia.com\/leblogenergie\/2008\/08\/08\/gaz-et-lectrici\/\",\"url\":\"https:\/\/blogs.thesocialmedia.com\/leblogenergie\/2008\/08\/08\/gaz-et-lectrici\/\",\"name\":\"Gaz et \u00e9lectricit\u00e9 : les 7 p\u00e9ch\u00e9s capitaux. - leblogenergie.com\",\"isPartOf\":{\"@id\":\"https:\/\/blogs.thesocialmedia.com\/leblogenergie\/#website\"},\"primaryImageOfPage\":{\"@id\":\"https:\/\/blogs.thesocialmedia.com\/leblogenergie\/2008\/08\/08\/gaz-et-lectrici\/#primaryimage\"},\"image\":{\"@id\":\"https:\/\/blogs.thesocialmedia.com\/leblogenergie\/2008\/08\/08\/gaz-et-lectrici\/#primaryimage\"},\"thumbnailUrl\":\"https:\/\/blogs.thesocialmedia.com\/leblogenergie\/files\/2012\/07\/images_3103.jpg\",\"datePublished\":\"2008-08-08T08:22:41+00:00\",\"dateModified\":\"2012-07-12T10:52:15+00:00\",\"author\":{\"@id\":\"https:\/\/blogs.thesocialmedia.com\/leblogenergie\/#\/schema\/person\/348ae2a6d3fa221c5d38a293ee3dba3c\"},\"breadcrumb\":{\"@id\":\"https:\/\/blogs.thesocialmedia.com\/leblogenergie\/2008\/08\/08\/gaz-et-lectrici\/#breadcrumb\"},\"inLanguage\":\"fr-FR\",\"potentialAction\":[{\"@type\":\"ReadAction\",\"target\":[\"https:\/\/blogs.thesocialmedia.com\/leblogenergie\/2008\/08\/08\/gaz-et-lectrici\/\"]}]},{\"@type\":\"ImageObject\",\"inLanguage\":\"fr-FR\",\"@id\":\"https:\/\/blogs.thesocialmedia.com\/leblogenergie\/2008\/08\/08\/gaz-et-lectrici\/#primaryimage\",\"url\":\"https:\/\/blogs.thesocialmedia.com\/leblogenergie\/files\/2012\/07\/images_3103.jpg\",\"contentUrl\":\"https:\/\/blogs.thesocialmedia.com\/leblogenergie\/files\/2012\/07\/images_3103.jpg\",\"width\":\"250\",\"height\":\"345\"},{\"@type\":\"BreadcrumbList\",\"@id\":\"https:\/\/blogs.thesocialmedia.com\/leblogenergie\/2008\/08\/08\/gaz-et-lectrici\/#breadcrumb\",\"itemListElement\":[{\"@type\":\"ListItem\",\"position\":1,\"name\":\"Accueil\",\"item\":\"https:\/\/blogs.thesocialmedia.com\/leblogenergie\/\"},{\"@type\":\"ListItem\",\"position\":2,\"name\":\"Gaz et \u00e9lectricit\u00e9 : les 7 p\u00e9ch\u00e9s capitaux.\"}]},{\"@type\":\"WebSite\",\"@id\":\"https:\/\/blogs.thesocialmedia.com\/leblogenergie\/#website\",\"url\":\"https:\/\/blogs.thesocialmedia.com\/leblogenergie\/\",\"name\":\"leblogenergie\",\"description\":\"Just another The Social Media Group Network site\",\"potentialAction\":[{\"@type\":\"SearchAction\",\"target\":{\"@type\":\"EntryPoint\",\"urlTemplate\":\"https:\/\/blogs.thesocialmedia.com\/leblogenergie\/?s={search_term_string}\"},\"query-input\":{\"@type\":\"PropertyValueSpecification\",\"valueRequired\":true,\"valueName\":\"search_term_string\"}}],\"inLanguage\":\"fr-FR\"},{\"@type\":\"Person\",\"@id\":\"https:\/\/blogs.thesocialmedia.com\/leblogenergie\/#\/schema\/person\/348ae2a6d3fa221c5d38a293ee3dba3c\",\"name\":\"patrick reymond\",\"image\":{\"@type\":\"ImageObject\",\"inLanguage\":\"fr-FR\",\"@id\":\"https:\/\/blogs.thesocialmedia.com\/leblogenergie\/#\/schema\/person\/image\/\",\"url\":\"https:\/\/secure.gravatar.com\/avatar\/?s=96&d=mm&r=g\",\"contentUrl\":\"https:\/\/secure.gravatar.com\/avatar\/?s=96&d=mm&r=g\",\"caption\":\"patrick reymond\"},\"url\":\"https:\/\/blogs.thesocialmedia.com\/leblogenergie\/author\/patrick-reymond\/\"}]}<\/script>\n<!-- \/ Yoast SEO plugin. -->","yoast_head_json":{"title":"Gaz et \u00e9lectricit\u00e9 : les 7 p\u00e9ch\u00e9s capitaux. - leblogenergie.com","robots":{"index":"index","follow":"follow","max-snippet":"max-snippet:-1","max-image-preview":"max-image-preview:large","max-video-preview":"max-video-preview:-1"},"canonical":"https:\/\/blogs.thesocialmedia.com\/leblogenergie\/2008\/08\/08\/gaz-et-lectrici\/","twitter_card":"summary_large_image","twitter_title":"Gaz et \u00e9lectricit\u00e9 : les 7 p\u00e9ch\u00e9s capitaux. - leblogenergie.com","twitter_description":"Le gouvernement&nbsp; accorde des augmentations de tarifs \u00e0 EDF et GDF, entreprises dont les r\u00e9sultats \u00e9taient d\u00e9j\u00e0 resplendissants. + 5 % pour le gaz et + 2 % pour l&rsquo;\u00e9lectricit\u00e9, justifi\u00e9, soit disant, par l&rsquo;envol\u00e9e des co\u00fbts (pourtant, les cours du gaz ont fortement baiss\u00e9s ces derni\u00e8res semaines).Les tarifs de l&rsquo;\u00e9lectricit\u00e9 augmenteront encore davantage pour [&hellip;]","twitter_image":"https:\/\/blogs.thesocialmedia.com\/leblogenergie\/files\/2012\/07\/images_3103.jpg","twitter_misc":{"\u00c9crit par":"patrick reymond","Dur\u00e9e de lecture estim\u00e9e":"1 minute"},"schema":{"@context":"https:\/\/schema.org","@graph":[{"@type":"WebPage","@id":"https:\/\/blogs.thesocialmedia.com\/leblogenergie\/2008\/08\/08\/gaz-et-lectrici\/","url":"https:\/\/blogs.thesocialmedia.com\/leblogenergie\/2008\/08\/08\/gaz-et-lectrici\/","name":"Gaz et \u00e9lectricit\u00e9 : les 7 p\u00e9ch\u00e9s capitaux. - leblogenergie.com","isPartOf":{"@id":"https:\/\/blogs.thesocialmedia.com\/leblogenergie\/#website"},"primaryImageOfPage":{"@id":"https:\/\/blogs.thesocialmedia.com\/leblogenergie\/2008\/08\/08\/gaz-et-lectrici\/#primaryimage"},"image":{"@id":"https:\/\/blogs.thesocialmedia.com\/leblogenergie\/2008\/08\/08\/gaz-et-lectrici\/#primaryimage"},"thumbnailUrl":"https:\/\/blogs.thesocialmedia.com\/leblogenergie\/files\/2012\/07\/images_3103.jpg","datePublished":"2008-08-08T08:22:41+00:00","dateModified":"2012-07-12T10:52:15+00:00","author":{"@id":"https:\/\/blogs.thesocialmedia.com\/leblogenergie\/#\/schema\/person\/348ae2a6d3fa221c5d38a293ee3dba3c"},"breadcrumb":{"@id":"https:\/\/blogs.thesocialmedia.com\/leblogenergie\/2008\/08\/08\/gaz-et-lectrici\/#breadcrumb"},"inLanguage":"fr-FR","potentialAction":[{"@type":"ReadAction","target":["https:\/\/blogs.thesocialmedia.com\/leblogenergie\/2008\/08\/08\/gaz-et-lectrici\/"]}]},{"@type":"ImageObject","inLanguage":"fr-FR","@id":"https:\/\/blogs.thesocialmedia.com\/leblogenergie\/2008\/08\/08\/gaz-et-lectrici\/#primaryimage","url":"https:\/\/blogs.thesocialmedia.com\/leblogenergie\/files\/2012\/07\/images_3103.jpg","contentUrl":"https:\/\/blogs.thesocialmedia.com\/leblogenergie\/files\/2012\/07\/images_3103.jpg","width":"250","height":"345"},{"@type":"BreadcrumbList","@id":"https:\/\/blogs.thesocialmedia.com\/leblogenergie\/2008\/08\/08\/gaz-et-lectrici\/#breadcrumb","itemListElement":[{"@type":"ListItem","position":1,"name":"Accueil","item":"https:\/\/blogs.thesocialmedia.com\/leblogenergie\/"},{"@type":"ListItem","position":2,"name":"Gaz et \u00e9lectricit\u00e9 : les 7 p\u00e9ch\u00e9s capitaux."}]},{"@type":"WebSite","@id":"https:\/\/blogs.thesocialmedia.com\/leblogenergie\/#website","url":"https:\/\/blogs.thesocialmedia.com\/leblogenergie\/","name":"leblogenergie","description":"Just another The Social Media Group Network site","potentialAction":[{"@type":"SearchAction","target":{"@type":"EntryPoint","urlTemplate":"https:\/\/blogs.thesocialmedia.com\/leblogenergie\/?s={search_term_string}"},"query-input":{"@type":"PropertyValueSpecification","valueRequired":true,"valueName":"search_term_string"}}],"inLanguage":"fr-FR"},{"@type":"Person","@id":"https:\/\/blogs.thesocialmedia.com\/leblogenergie\/#\/schema\/person\/348ae2a6d3fa221c5d38a293ee3dba3c","name":"patrick reymond","image":{"@type":"ImageObject","inLanguage":"fr-FR","@id":"https:\/\/blogs.thesocialmedia.com\/leblogenergie\/#\/schema\/person\/image\/","url":"https:\/\/secure.gravatar.com\/avatar\/?s=96&d=mm&r=g","contentUrl":"https:\/\/secure.gravatar.com\/avatar\/?s=96&d=mm&r=g","caption":"patrick reymond"},"url":"https:\/\/blogs.thesocialmedia.com\/leblogenergie\/author\/patrick-reymond\/"}]}},"_links":{"self":[{"href":"https:\/\/blogs.thesocialmedia.com\/leblogenergie\/wp-json\/wp\/v2\/posts\/2110","targetHints":{"allow":["GET"]}}],"collection":[{"href":"https:\/\/blogs.thesocialmedia.com\/leblogenergie\/wp-json\/wp\/v2\/posts"}],"about":[{"href":"https:\/\/blogs.thesocialmedia.com\/leblogenergie\/wp-json\/wp\/v2\/types\/post"}],"author":[{"embeddable":true,"href":"https:\/\/blogs.thesocialmedia.com\/leblogenergie\/wp-json\/wp\/v2\/users\/198"}],"replies":[{"embeddable":true,"href":"https:\/\/blogs.thesocialmedia.com\/leblogenergie\/wp-json\/wp\/v2\/comments?post=2110"}],"version-history":[{"count":2,"href":"https:\/\/blogs.thesocialmedia.com\/leblogenergie\/wp-json\/wp\/v2\/posts\/2110\/revisions"}],"predecessor-version":[{"id":17572,"href":"https:\/\/blogs.thesocialmedia.com\/leblogenergie\/wp-json\/wp\/v2\/posts\/2110\/revisions\/17572"}],"wp:featuredmedia":[{"embeddable":true,"href":"https:\/\/blogs.thesocialmedia.com\/leblogenergie\/wp-json\/wp\/v2\/media\/9821"}],"wp:attachment":[{"href":"https:\/\/blogs.thesocialmedia.com\/leblogenergie\/wp-json\/wp\/v2\/media?parent=2110"}],"wp:term":[{"taxonomy":"category","embeddable":true,"href":"https:\/\/blogs.thesocialmedia.com\/leblogenergie\/wp-json\/wp\/v2\/categories?post=2110"},{"taxonomy":"post_tag","embeddable":true,"href":"https:\/\/blogs.thesocialmedia.com\/leblogenergie\/wp-json\/wp\/v2\/tags?post=2110"}],"curies":[{"name":"wp","href":"https:\/\/api.w.org\/{rel}","templated":true}]}}