{"id":2111,"date":"2008-08-08T08:19:53","date_gmt":"2008-08-08T08:19:53","guid":{"rendered":"http:\/\/blogs.thesocialmedia.com\/leblogenergie\/2008\/08\/08\/socatri-quand-t\/"},"modified":"2012-07-12T10:52:13","modified_gmt":"2012-07-12T10:52:13","slug":"socatri-quand-t","status":"publish","type":"post","link":"https:\/\/blogs.thesocialmedia.com\/leblogenergie\/2008\/08\/08\/socatri-quand-t\/","title":{"rendered":"Socatri, quand tu nous tiens."},"content":{"rendered":"<p><a href=\"http:\/\/blogs.thesocialmedia.com\/leblogenergie\/files\/2012\/07\/images_4141.jpg\"><img loading=\"lazy\" decoding=\"async\" width=\"250\" height=\"125\"  src=\"http:\/\/blogs.thesocialmedia.com\/leblogenergie\/files\/2012\/07\/images_461.jpg\" alt=\"Images_4\" style=\"margin: 0px 5px 5px 0px;float: left\" \/><\/a> Un anti-nucl\u00e9aire m&rsquo;a demand\u00e9 de remercier<a href=\"http:\/\/www.lefigaro.fr\/actualite-france\/2008\/08\/06\/01016-20080806ARTFIG00503-un-ancien-incident-a-la-socatri-devoile-.php\"> la SOCATRI<\/a>, pour son habile campagne anti-nucl\u00e9aire, men\u00e9 avec constance, t\u00e9nacit\u00e9 et abn\u00e9gation.<br \/>&quot;Selon les premi\u00e8res estimations, l&rsquo;impact de ce rejet sur l&rsquo;environnement et la population a \u00e9t\u00e9 jug\u00e9 tr\u00e8s faible, de l&rsquo;ordre de quelques microsieverts, soit moins de quelques milli\u00e8mes de la dose annuelle autoris\u00e9e pour le public&nbsp; &quot;.<br \/>Quand j&rsquo;\u00e9tais petit, une porcherie, c&rsquo;\u00e9tait une porcherie. <br \/>Aujourd&rsquo;hui, une porcherie, un foutoir, visiblement, cela porte le nom de &quot;<a href=\"http:\/\/www.europe1.fr\/Info\/Actualite-France\/Faits-divers\/Nucleaire-la-Socatri-de-nouveau-sur-la-sellette\/(gid)\/155684\">complexe nucl\u00e9aire<\/a>&quot;.<\/p>\n<p>&quot;&nbsp; aucun d\u00e9faut d&rsquo;exploitation n&rsquo;\u00e9tait \u00e0 noter du c\u00f4t\u00e9 de la Socatri &quot;???????? <br \/>Une mesure annuelle est d\u00e9pass\u00e9 en ao\u00fbt, et il n&rsquo;y a AUCUN DEFAUT ?????<br \/>Donc, d&rsquo;apr\u00e8s l&rsquo;autorit\u00e9 de suret\u00e9 nucl\u00e9aire, tout est normal ?????<br \/>On peut en conclure que l&rsquo;ASN est un comit\u00e9 th\u00e9odule, destin\u00e9, lui aussi \u00e0 b\u00e9nir-oui-oui, toute l&rsquo;activit\u00e9 du secteur, et \u00e0 servir de copieuses r\u00e9mun\u00e9rations \u00e0 ses membres. <br \/>D&rsquo;ailleurs, son utilit\u00e9 r\u00e9elle est visible dans les sanctions financi\u00e8res et en mati\u00e8re d&rsquo;activit\u00e9 qu&rsquo;elle inflige : z\u00e9ro pour toute les deux. <br \/>On voit, aussi, dans cette affaire, le degr\u00e9 de s\u00e9rieux de l&rsquo;industrie nucl\u00e9aire : z\u00e9ro. A force d&rsquo;\u00e9touffer en famille tout ce qui \u00e9tait d\u00e9plaisant, c&rsquo;est devenu une mauvaise et triste habitude. <\/p>\n<p>Photo : un nouveau logo pour l&rsquo;ASN&nbsp; ? <br \/>Vendredi 8 ao\u00fbt 2008. <\/p>\n","protected":false},"excerpt":{"rendered":"<p>Un anti-nucl\u00e9aire m&rsquo;a demand\u00e9 de remercier la SOCATRI, pour son habile campagne anti-nucl\u00e9aire, men\u00e9 avec constance, t\u00e9nacit\u00e9 et abn\u00e9gation.&quot;Selon les premi\u00e8res estimations, l&rsquo;impact de ce rejet sur l&rsquo;environnement et la population a \u00e9t\u00e9 jug\u00e9 tr\u00e8s faible, de l&rsquo;ordre de quelques microsieverts, soit moins de quelques milli\u00e8mes de la dose annuelle autoris\u00e9e pour le public&nbsp; &quot;.Quand [&hellip;]<\/p>\n","protected":false},"author":198,"featured_media":9819,"comment_status":"open","ping_status":"open","sticky":false,"template":"","format":"standard","meta":{"footnotes":""},"categories":[5],"tags":[775],"class_list":["post-2111","post","type-post","status-publish","format-standard","has-post-thumbnail","hentry","category-actualites","tag-la-socatri-complexe-nucleaire"],"yoast_head":"<!-- This site is optimized with the Yoast SEO plugin v26.0 - https:\/\/yoast.com\/wordpress\/plugins\/seo\/ -->\n<title>Socatri, quand tu nous tiens. - leblogenergie.com<\/title>\n<meta name=\"robots\" content=\"index, follow, max-snippet:-1, max-image-preview:large, max-video-preview:-1\" \/>\n<link rel=\"canonical\" href=\"https:\/\/blogs.thesocialmedia.com\/leblogenergie\/2008\/08\/08\/socatri-quand-t\/\" \/>\n<meta name=\"twitter:card\" content=\"summary_large_image\" \/>\n<meta name=\"twitter:title\" content=\"Socatri, quand tu nous tiens. - leblogenergie.com\" \/>\n<meta name=\"twitter:description\" content=\"Un anti-nucl\u00e9aire m&rsquo;a demand\u00e9 de remercier la SOCATRI, pour son habile campagne anti-nucl\u00e9aire, men\u00e9 avec constance, t\u00e9nacit\u00e9 et abn\u00e9gation.&quot;Selon les premi\u00e8res estimations, l&rsquo;impact de ce rejet sur l&rsquo;environnement et la population a \u00e9t\u00e9 jug\u00e9 tr\u00e8s faible, de l&rsquo;ordre de quelques microsieverts, soit moins de quelques milli\u00e8mes de la dose annuelle autoris\u00e9e pour le public&nbsp; &quot;.Quand [&hellip;]\" \/>\n<meta name=\"twitter:image\" content=\"https:\/\/blogs.thesocialmedia.com\/leblogenergie\/files\/2012\/07\/images_461.jpg\" \/>\n<meta name=\"twitter:label1\" content=\"\u00c9crit par\" \/>\n\t<meta name=\"twitter:data1\" content=\"patrick reymond\" \/>\n\t<meta name=\"twitter:label2\" content=\"Dur\u00e9e de lecture estim\u00e9e\" \/>\n\t<meta name=\"twitter:data2\" content=\"1 minute\" \/>\n<script type=\"application\/ld+json\" class=\"yoast-schema-graph\">{\"@context\":\"https:\/\/schema.org\",\"@graph\":[{\"@type\":\"WebPage\",\"@id\":\"https:\/\/blogs.thesocialmedia.com\/leblogenergie\/2008\/08\/08\/socatri-quand-t\/\",\"url\":\"https:\/\/blogs.thesocialmedia.com\/leblogenergie\/2008\/08\/08\/socatri-quand-t\/\",\"name\":\"Socatri, quand tu nous tiens. - leblogenergie.com\",\"isPartOf\":{\"@id\":\"https:\/\/blogs.thesocialmedia.com\/leblogenergie\/#website\"},\"primaryImageOfPage\":{\"@id\":\"https:\/\/blogs.thesocialmedia.com\/leblogenergie\/2008\/08\/08\/socatri-quand-t\/#primaryimage\"},\"image\":{\"@id\":\"https:\/\/blogs.thesocialmedia.com\/leblogenergie\/2008\/08\/08\/socatri-quand-t\/#primaryimage\"},\"thumbnailUrl\":\"https:\/\/blogs.thesocialmedia.com\/leblogenergie\/files\/2012\/07\/images_461.jpg\",\"datePublished\":\"2008-08-08T08:19:53+00:00\",\"dateModified\":\"2012-07-12T10:52:13+00:00\",\"author\":{\"@id\":\"https:\/\/blogs.thesocialmedia.com\/leblogenergie\/#\/schema\/person\/348ae2a6d3fa221c5d38a293ee3dba3c\"},\"breadcrumb\":{\"@id\":\"https:\/\/blogs.thesocialmedia.com\/leblogenergie\/2008\/08\/08\/socatri-quand-t\/#breadcrumb\"},\"inLanguage\":\"fr-FR\",\"potentialAction\":[{\"@type\":\"ReadAction\",\"target\":[\"https:\/\/blogs.thesocialmedia.com\/leblogenergie\/2008\/08\/08\/socatri-quand-t\/\"]}]},{\"@type\":\"ImageObject\",\"inLanguage\":\"fr-FR\",\"@id\":\"https:\/\/blogs.thesocialmedia.com\/leblogenergie\/2008\/08\/08\/socatri-quand-t\/#primaryimage\",\"url\":\"https:\/\/blogs.thesocialmedia.com\/leblogenergie\/files\/2012\/07\/images_461.jpg\",\"contentUrl\":\"https:\/\/blogs.thesocialmedia.com\/leblogenergie\/files\/2012\/07\/images_461.jpg\",\"width\":\"250\",\"height\":\"125\"},{\"@type\":\"BreadcrumbList\",\"@id\":\"https:\/\/blogs.thesocialmedia.com\/leblogenergie\/2008\/08\/08\/socatri-quand-t\/#breadcrumb\",\"itemListElement\":[{\"@type\":\"ListItem\",\"position\":1,\"name\":\"Accueil\",\"item\":\"https:\/\/blogs.thesocialmedia.com\/leblogenergie\/\"},{\"@type\":\"ListItem\",\"position\":2,\"name\":\"Socatri, quand tu nous tiens.\"}]},{\"@type\":\"WebSite\",\"@id\":\"https:\/\/blogs.thesocialmedia.com\/leblogenergie\/#website\",\"url\":\"https:\/\/blogs.thesocialmedia.com\/leblogenergie\/\",\"name\":\"leblogenergie\",\"description\":\"Just another The Social Media Group Network site\",\"potentialAction\":[{\"@type\":\"SearchAction\",\"target\":{\"@type\":\"EntryPoint\",\"urlTemplate\":\"https:\/\/blogs.thesocialmedia.com\/leblogenergie\/?s={search_term_string}\"},\"query-input\":{\"@type\":\"PropertyValueSpecification\",\"valueRequired\":true,\"valueName\":\"search_term_string\"}}],\"inLanguage\":\"fr-FR\"},{\"@type\":\"Person\",\"@id\":\"https:\/\/blogs.thesocialmedia.com\/leblogenergie\/#\/schema\/person\/348ae2a6d3fa221c5d38a293ee3dba3c\",\"name\":\"patrick reymond\",\"image\":{\"@type\":\"ImageObject\",\"inLanguage\":\"fr-FR\",\"@id\":\"https:\/\/blogs.thesocialmedia.com\/leblogenergie\/#\/schema\/person\/image\/\",\"url\":\"https:\/\/secure.gravatar.com\/avatar\/?s=96&d=mm&r=g\",\"contentUrl\":\"https:\/\/secure.gravatar.com\/avatar\/?s=96&d=mm&r=g\",\"caption\":\"patrick reymond\"},\"url\":\"https:\/\/blogs.thesocialmedia.com\/leblogenergie\/author\/patrick-reymond\/\"}]}<\/script>\n<!-- \/ Yoast SEO plugin. -->","yoast_head_json":{"title":"Socatri, quand tu nous tiens. - leblogenergie.com","robots":{"index":"index","follow":"follow","max-snippet":"max-snippet:-1","max-image-preview":"max-image-preview:large","max-video-preview":"max-video-preview:-1"},"canonical":"https:\/\/blogs.thesocialmedia.com\/leblogenergie\/2008\/08\/08\/socatri-quand-t\/","twitter_card":"summary_large_image","twitter_title":"Socatri, quand tu nous tiens. - leblogenergie.com","twitter_description":"Un anti-nucl\u00e9aire m&rsquo;a demand\u00e9 de remercier la SOCATRI, pour son habile campagne anti-nucl\u00e9aire, men\u00e9 avec constance, t\u00e9nacit\u00e9 et abn\u00e9gation.&quot;Selon les premi\u00e8res estimations, l&rsquo;impact de ce rejet sur l&rsquo;environnement et la population a \u00e9t\u00e9 jug\u00e9 tr\u00e8s faible, de l&rsquo;ordre de quelques microsieverts, soit moins de quelques milli\u00e8mes de la dose annuelle autoris\u00e9e pour le public&nbsp; &quot;.Quand [&hellip;]","twitter_image":"https:\/\/blogs.thesocialmedia.com\/leblogenergie\/files\/2012\/07\/images_461.jpg","twitter_misc":{"\u00c9crit par":"patrick reymond","Dur\u00e9e de lecture estim\u00e9e":"1 minute"},"schema":{"@context":"https:\/\/schema.org","@graph":[{"@type":"WebPage","@id":"https:\/\/blogs.thesocialmedia.com\/leblogenergie\/2008\/08\/08\/socatri-quand-t\/","url":"https:\/\/blogs.thesocialmedia.com\/leblogenergie\/2008\/08\/08\/socatri-quand-t\/","name":"Socatri, quand tu nous tiens. - leblogenergie.com","isPartOf":{"@id":"https:\/\/blogs.thesocialmedia.com\/leblogenergie\/#website"},"primaryImageOfPage":{"@id":"https:\/\/blogs.thesocialmedia.com\/leblogenergie\/2008\/08\/08\/socatri-quand-t\/#primaryimage"},"image":{"@id":"https:\/\/blogs.thesocialmedia.com\/leblogenergie\/2008\/08\/08\/socatri-quand-t\/#primaryimage"},"thumbnailUrl":"https:\/\/blogs.thesocialmedia.com\/leblogenergie\/files\/2012\/07\/images_461.jpg","datePublished":"2008-08-08T08:19:53+00:00","dateModified":"2012-07-12T10:52:13+00:00","author":{"@id":"https:\/\/blogs.thesocialmedia.com\/leblogenergie\/#\/schema\/person\/348ae2a6d3fa221c5d38a293ee3dba3c"},"breadcrumb":{"@id":"https:\/\/blogs.thesocialmedia.com\/leblogenergie\/2008\/08\/08\/socatri-quand-t\/#breadcrumb"},"inLanguage":"fr-FR","potentialAction":[{"@type":"ReadAction","target":["https:\/\/blogs.thesocialmedia.com\/leblogenergie\/2008\/08\/08\/socatri-quand-t\/"]}]},{"@type":"ImageObject","inLanguage":"fr-FR","@id":"https:\/\/blogs.thesocialmedia.com\/leblogenergie\/2008\/08\/08\/socatri-quand-t\/#primaryimage","url":"https:\/\/blogs.thesocialmedia.com\/leblogenergie\/files\/2012\/07\/images_461.jpg","contentUrl":"https:\/\/blogs.thesocialmedia.com\/leblogenergie\/files\/2012\/07\/images_461.jpg","width":"250","height":"125"},{"@type":"BreadcrumbList","@id":"https:\/\/blogs.thesocialmedia.com\/leblogenergie\/2008\/08\/08\/socatri-quand-t\/#breadcrumb","itemListElement":[{"@type":"ListItem","position":1,"name":"Accueil","item":"https:\/\/blogs.thesocialmedia.com\/leblogenergie\/"},{"@type":"ListItem","position":2,"name":"Socatri, quand tu nous tiens."}]},{"@type":"WebSite","@id":"https:\/\/blogs.thesocialmedia.com\/leblogenergie\/#website","url":"https:\/\/blogs.thesocialmedia.com\/leblogenergie\/","name":"leblogenergie","description":"Just another The Social Media Group Network site","potentialAction":[{"@type":"SearchAction","target":{"@type":"EntryPoint","urlTemplate":"https:\/\/blogs.thesocialmedia.com\/leblogenergie\/?s={search_term_string}"},"query-input":{"@type":"PropertyValueSpecification","valueRequired":true,"valueName":"search_term_string"}}],"inLanguage":"fr-FR"},{"@type":"Person","@id":"https:\/\/blogs.thesocialmedia.com\/leblogenergie\/#\/schema\/person\/348ae2a6d3fa221c5d38a293ee3dba3c","name":"patrick reymond","image":{"@type":"ImageObject","inLanguage":"fr-FR","@id":"https:\/\/blogs.thesocialmedia.com\/leblogenergie\/#\/schema\/person\/image\/","url":"https:\/\/secure.gravatar.com\/avatar\/?s=96&d=mm&r=g","contentUrl":"https:\/\/secure.gravatar.com\/avatar\/?s=96&d=mm&r=g","caption":"patrick reymond"},"url":"https:\/\/blogs.thesocialmedia.com\/leblogenergie\/author\/patrick-reymond\/"}]}},"_links":{"self":[{"href":"https:\/\/blogs.thesocialmedia.com\/leblogenergie\/wp-json\/wp\/v2\/posts\/2111","targetHints":{"allow":["GET"]}}],"collection":[{"href":"https:\/\/blogs.thesocialmedia.com\/leblogenergie\/wp-json\/wp\/v2\/posts"}],"about":[{"href":"https:\/\/blogs.thesocialmedia.com\/leblogenergie\/wp-json\/wp\/v2\/types\/post"}],"author":[{"embeddable":true,"href":"https:\/\/blogs.thesocialmedia.com\/leblogenergie\/wp-json\/wp\/v2\/users\/198"}],"replies":[{"embeddable":true,"href":"https:\/\/blogs.thesocialmedia.com\/leblogenergie\/wp-json\/wp\/v2\/comments?post=2111"}],"version-history":[{"count":2,"href":"https:\/\/blogs.thesocialmedia.com\/leblogenergie\/wp-json\/wp\/v2\/posts\/2111\/revisions"}],"predecessor-version":[{"id":17570,"href":"https:\/\/blogs.thesocialmedia.com\/leblogenergie\/wp-json\/wp\/v2\/posts\/2111\/revisions\/17570"}],"wp:featuredmedia":[{"embeddable":true,"href":"https:\/\/blogs.thesocialmedia.com\/leblogenergie\/wp-json\/wp\/v2\/media\/9819"}],"wp:attachment":[{"href":"https:\/\/blogs.thesocialmedia.com\/leblogenergie\/wp-json\/wp\/v2\/media?parent=2111"}],"wp:term":[{"taxonomy":"category","embeddable":true,"href":"https:\/\/blogs.thesocialmedia.com\/leblogenergie\/wp-json\/wp\/v2\/categories?post=2111"},{"taxonomy":"post_tag","embeddable":true,"href":"https:\/\/blogs.thesocialmedia.com\/leblogenergie\/wp-json\/wp\/v2\/tags?post=2111"}],"curies":[{"name":"wp","href":"https:\/\/api.w.org\/{rel}","templated":true}]}}