{"id":2296,"date":"2008-07-07T13:40:27","date_gmt":"2008-07-07T13:40:27","guid":{"rendered":"http:\/\/blogs.thesocialmedia.com\/leblogenergie\/2008\/07\/07\/les-toits-des-f\/"},"modified":"2012-07-12T10:46:46","modified_gmt":"2012-07-12T10:46:46","slug":"les-toits-des-f","status":"publish","type":"post","link":"https:\/\/blogs.thesocialmedia.com\/leblogenergie\/2008\/07\/07\/les-toits-des-f\/","title":{"rendered":"Les toits des futures Prius de Toyota seront \u00e9quip\u00e9s de panneaux photovolta\u00efques"},"content":{"rendered":"<p><a href=\"http:\/\/blogs.thesocialmedia.com\/leblogenergie\/files\/2012\/07\/toyotapluginhybrid12.jpg\"><img loading=\"lazy\" decoding=\"async\" height=\"169\" alt=\"Toyotapluginhybrid1\" src=\"http:\/\/blogs.thesocialmedia.com\/leblogenergie\/files\/2012\/07\/toyotapluginhybrid1.jpg\" width=\"250\"  \/><\/a>&nbsp; &nbsp;&nbsp; &nbsp;&nbsp; &nbsp;&nbsp; &nbsp;&nbsp; &nbsp;&nbsp; &nbsp;&nbsp; &nbsp;&nbsp; &nbsp;&nbsp; &nbsp;&nbsp; &nbsp;Equiper les voitures Plug-in hybrides ou \u00e9lectriques de toits en panneau solaire est un moyen d&rsquo;accro\u00eetre l&rsquo;autonomie \u00e9lectrique du v\u00e9hicule. Pour les v\u00e9hicules hybrides c&rsquo;est un moyen de r\u00e9duire quand il fait soleil, les consommations des annexes \u00e9lectriques telles que le conditionnement d&rsquo;air. Un toit de 3 m2 selon la technologie de cellule photovolta\u00efque choisie pourra en plein soleil d\u00e9livrer entre 300 et 360 Watts de puissance \u00e9lectrique, ce qui en moyenne dans un pays ensoleill\u00e9, comme la Californie, permettra de r\u00e9cup\u00e9rer, pour un ensoleillement moyen de 6 heures par jour, aux environs de 2 kWh. D&rsquo;un point de vue&nbsp; financier pour l&rsquo;utilisateur l&rsquo;enjeu est minime, mais cela permet d&rsquo;accro\u00eetre l&rsquo;autonomie \u00e9lectrique du v\u00e9hicule&nbsp; de 10 \u00e0 20%. Toyota dans une d\u00e9marche prospective qui peut surprendre aurait d\u00e9cid\u00e9, d&rsquo;apr\u00e8s le Nikkei, d&rsquo;\u00e9quiper toute sa nouvelle gamme Prius de panneaux solaires. C&rsquo;est Kyocera qui en serait le fournisseur. L&rsquo;image de marque d&rsquo;une voiture respectant l&rsquo;environnement est s\u00fbrement \u00e0 ce prix de nos jours. Le premier mod\u00e8le devrait \u00eatre pr\u00e9sent\u00e9 au Salon de D\u00e9troit en Janvier 2009.<\/p>\n<p>Le 7 Juillet 2008.<\/p>\n","protected":false},"excerpt":{"rendered":"<p>&nbsp; &nbsp;&nbsp; &nbsp;&nbsp; &nbsp;&nbsp; &nbsp;&nbsp; &nbsp;&nbsp; &nbsp;&nbsp; &nbsp;&nbsp; &nbsp;&nbsp; &nbsp;&nbsp; &nbsp;Equiper les voitures Plug-in hybrides ou \u00e9lectriques de toits en panneau solaire est un moyen d&rsquo;accro\u00eetre l&rsquo;autonomie \u00e9lectrique du v\u00e9hicule. Pour les v\u00e9hicules hybrides c&rsquo;est un moyen de r\u00e9duire quand il fait soleil, les consommations des annexes \u00e9lectriques telles que le conditionnement d&rsquo;air. Un toit [&hellip;]<\/p>\n","protected":false},"author":341,"featured_media":9430,"comment_status":"open","ping_status":"open","sticky":false,"template":"","format":"standard","meta":{"footnotes":""},"categories":[9],"tags":[],"class_list":["post-2296","post","type-post","status-publish","format-standard","has-post-thumbnail","hentry","category-vehicules-ecologiques"],"yoast_head":"<!-- This site is optimized with the Yoast SEO plugin v26.0 - https:\/\/yoast.com\/wordpress\/plugins\/seo\/ -->\n<title>Les toits des futures Prius de Toyota seront \u00e9quip\u00e9s de panneaux photovolta\u00efques - leblogenergie.com<\/title>\n<meta name=\"robots\" content=\"index, follow, max-snippet:-1, max-image-preview:large, max-video-preview:-1\" \/>\n<link rel=\"canonical\" href=\"https:\/\/blogs.thesocialmedia.com\/leblogenergie\/2008\/07\/07\/les-toits-des-f\/\" \/>\n<meta name=\"twitter:card\" content=\"summary_large_image\" \/>\n<meta name=\"twitter:title\" content=\"Les toits des futures Prius de Toyota seront \u00e9quip\u00e9s de panneaux photovolta\u00efques - leblogenergie.com\" \/>\n<meta name=\"twitter:description\" content=\"&nbsp; &nbsp;&nbsp; &nbsp;&nbsp; &nbsp;&nbsp; &nbsp;&nbsp; &nbsp;&nbsp; &nbsp;&nbsp; &nbsp;&nbsp; &nbsp;&nbsp; &nbsp;&nbsp; &nbsp;Equiper les voitures Plug-in hybrides ou \u00e9lectriques de toits en panneau solaire est un moyen d&rsquo;accro\u00eetre l&rsquo;autonomie \u00e9lectrique du v\u00e9hicule. Pour les v\u00e9hicules hybrides c&rsquo;est un moyen de r\u00e9duire quand il fait soleil, les consommations des annexes \u00e9lectriques telles que le conditionnement d&rsquo;air. Un toit [&hellip;]\" \/>\n<meta name=\"twitter:image\" content=\"https:\/\/blogs.thesocialmedia.com\/leblogenergie\/files\/2012\/07\/toyotapluginhybrid1.jpg\" \/>\n<meta name=\"twitter:label1\" content=\"\u00c9crit par\" \/>\n\t<meta name=\"twitter:data1\" content=\"Raymond Bonnaterre\" \/>\n\t<meta name=\"twitter:label2\" content=\"Dur\u00e9e de lecture estim\u00e9e\" \/>\n\t<meta name=\"twitter:data2\" content=\"1 minute\" \/>\n<script type=\"application\/ld+json\" class=\"yoast-schema-graph\">{\"@context\":\"https:\/\/schema.org\",\"@graph\":[{\"@type\":\"WebPage\",\"@id\":\"https:\/\/blogs.thesocialmedia.com\/leblogenergie\/2008\/07\/07\/les-toits-des-f\/\",\"url\":\"https:\/\/blogs.thesocialmedia.com\/leblogenergie\/2008\/07\/07\/les-toits-des-f\/\",\"name\":\"Les toits des futures Prius de Toyota seront \u00e9quip\u00e9s de panneaux photovolta\u00efques - leblogenergie.com\",\"isPartOf\":{\"@id\":\"https:\/\/blogs.thesocialmedia.com\/leblogenergie\/#website\"},\"primaryImageOfPage\":{\"@id\":\"https:\/\/blogs.thesocialmedia.com\/leblogenergie\/2008\/07\/07\/les-toits-des-f\/#primaryimage\"},\"image\":{\"@id\":\"https:\/\/blogs.thesocialmedia.com\/leblogenergie\/2008\/07\/07\/les-toits-des-f\/#primaryimage\"},\"thumbnailUrl\":\"https:\/\/blogs.thesocialmedia.com\/leblogenergie\/files\/2012\/07\/toyotapluginhybrid1.jpg\",\"datePublished\":\"2008-07-07T13:40:27+00:00\",\"dateModified\":\"2012-07-12T10:46:46+00:00\",\"author\":{\"@id\":\"https:\/\/blogs.thesocialmedia.com\/leblogenergie\/#\/schema\/person\/debca67b8b93370360bdbd19ceb00794\"},\"breadcrumb\":{\"@id\":\"https:\/\/blogs.thesocialmedia.com\/leblogenergie\/2008\/07\/07\/les-toits-des-f\/#breadcrumb\"},\"inLanguage\":\"fr-FR\",\"potentialAction\":[{\"@type\":\"ReadAction\",\"target\":[\"https:\/\/blogs.thesocialmedia.com\/leblogenergie\/2008\/07\/07\/les-toits-des-f\/\"]}]},{\"@type\":\"ImageObject\",\"inLanguage\":\"fr-FR\",\"@id\":\"https:\/\/blogs.thesocialmedia.com\/leblogenergie\/2008\/07\/07\/les-toits-des-f\/#primaryimage\",\"url\":\"https:\/\/blogs.thesocialmedia.com\/leblogenergie\/files\/2012\/07\/toyotapluginhybrid1.jpg\",\"contentUrl\":\"https:\/\/blogs.thesocialmedia.com\/leblogenergie\/files\/2012\/07\/toyotapluginhybrid1.jpg\",\"width\":\"250\",\"height\":\"169\"},{\"@type\":\"BreadcrumbList\",\"@id\":\"https:\/\/blogs.thesocialmedia.com\/leblogenergie\/2008\/07\/07\/les-toits-des-f\/#breadcrumb\",\"itemListElement\":[{\"@type\":\"ListItem\",\"position\":1,\"name\":\"Accueil\",\"item\":\"https:\/\/blogs.thesocialmedia.com\/leblogenergie\/\"},{\"@type\":\"ListItem\",\"position\":2,\"name\":\"Les toits des futures Prius de Toyota seront \u00e9quip\u00e9s de panneaux photovolta\u00efques\"}]},{\"@type\":\"WebSite\",\"@id\":\"https:\/\/blogs.thesocialmedia.com\/leblogenergie\/#website\",\"url\":\"https:\/\/blogs.thesocialmedia.com\/leblogenergie\/\",\"name\":\"leblogenergie\",\"description\":\"Just another The Social Media Group Network site\",\"potentialAction\":[{\"@type\":\"SearchAction\",\"target\":{\"@type\":\"EntryPoint\",\"urlTemplate\":\"https:\/\/blogs.thesocialmedia.com\/leblogenergie\/?s={search_term_string}\"},\"query-input\":{\"@type\":\"PropertyValueSpecification\",\"valueRequired\":true,\"valueName\":\"search_term_string\"}}],\"inLanguage\":\"fr-FR\"},{\"@type\":\"Person\",\"@id\":\"https:\/\/blogs.thesocialmedia.com\/leblogenergie\/#\/schema\/person\/debca67b8b93370360bdbd19ceb00794\",\"name\":\"Raymond Bonnaterre\",\"image\":{\"@type\":\"ImageObject\",\"inLanguage\":\"fr-FR\",\"@id\":\"https:\/\/blogs.thesocialmedia.com\/leblogenergie\/#\/schema\/person\/image\/\",\"url\":\"https:\/\/secure.gravatar.com\/avatar\/4c04f9e9aab7489452c52f805e42fbd3?s=96&d=mm&r=g\",\"contentUrl\":\"https:\/\/secure.gravatar.com\/avatar\/4c04f9e9aab7489452c52f805e42fbd3?s=96&d=mm&r=g\",\"caption\":\"Raymond Bonnaterre\"},\"url\":\"https:\/\/blogs.thesocialmedia.com\/leblogenergie\/author\/raymond-bonnaterre\/\"}]}<\/script>\n<!-- \/ Yoast SEO plugin. -->","yoast_head_json":{"title":"Les toits des futures Prius de Toyota seront \u00e9quip\u00e9s de panneaux photovolta\u00efques - leblogenergie.com","robots":{"index":"index","follow":"follow","max-snippet":"max-snippet:-1","max-image-preview":"max-image-preview:large","max-video-preview":"max-video-preview:-1"},"canonical":"https:\/\/blogs.thesocialmedia.com\/leblogenergie\/2008\/07\/07\/les-toits-des-f\/","twitter_card":"summary_large_image","twitter_title":"Les toits des futures Prius de Toyota seront \u00e9quip\u00e9s de panneaux photovolta\u00efques - leblogenergie.com","twitter_description":"&nbsp; &nbsp;&nbsp; &nbsp;&nbsp; &nbsp;&nbsp; &nbsp;&nbsp; &nbsp;&nbsp; &nbsp;&nbsp; &nbsp;&nbsp; &nbsp;&nbsp; &nbsp;&nbsp; &nbsp;Equiper les voitures Plug-in hybrides ou \u00e9lectriques de toits en panneau solaire est un moyen d&rsquo;accro\u00eetre l&rsquo;autonomie \u00e9lectrique du v\u00e9hicule. Pour les v\u00e9hicules hybrides c&rsquo;est un moyen de r\u00e9duire quand il fait soleil, les consommations des annexes \u00e9lectriques telles que le conditionnement d&rsquo;air. Un toit [&hellip;]","twitter_image":"https:\/\/blogs.thesocialmedia.com\/leblogenergie\/files\/2012\/07\/toyotapluginhybrid1.jpg","twitter_misc":{"\u00c9crit par":"Raymond Bonnaterre","Dur\u00e9e de lecture estim\u00e9e":"1 minute"},"schema":{"@context":"https:\/\/schema.org","@graph":[{"@type":"WebPage","@id":"https:\/\/blogs.thesocialmedia.com\/leblogenergie\/2008\/07\/07\/les-toits-des-f\/","url":"https:\/\/blogs.thesocialmedia.com\/leblogenergie\/2008\/07\/07\/les-toits-des-f\/","name":"Les toits des futures Prius de Toyota seront \u00e9quip\u00e9s de panneaux photovolta\u00efques - leblogenergie.com","isPartOf":{"@id":"https:\/\/blogs.thesocialmedia.com\/leblogenergie\/#website"},"primaryImageOfPage":{"@id":"https:\/\/blogs.thesocialmedia.com\/leblogenergie\/2008\/07\/07\/les-toits-des-f\/#primaryimage"},"image":{"@id":"https:\/\/blogs.thesocialmedia.com\/leblogenergie\/2008\/07\/07\/les-toits-des-f\/#primaryimage"},"thumbnailUrl":"https:\/\/blogs.thesocialmedia.com\/leblogenergie\/files\/2012\/07\/toyotapluginhybrid1.jpg","datePublished":"2008-07-07T13:40:27+00:00","dateModified":"2012-07-12T10:46:46+00:00","author":{"@id":"https:\/\/blogs.thesocialmedia.com\/leblogenergie\/#\/schema\/person\/debca67b8b93370360bdbd19ceb00794"},"breadcrumb":{"@id":"https:\/\/blogs.thesocialmedia.com\/leblogenergie\/2008\/07\/07\/les-toits-des-f\/#breadcrumb"},"inLanguage":"fr-FR","potentialAction":[{"@type":"ReadAction","target":["https:\/\/blogs.thesocialmedia.com\/leblogenergie\/2008\/07\/07\/les-toits-des-f\/"]}]},{"@type":"ImageObject","inLanguage":"fr-FR","@id":"https:\/\/blogs.thesocialmedia.com\/leblogenergie\/2008\/07\/07\/les-toits-des-f\/#primaryimage","url":"https:\/\/blogs.thesocialmedia.com\/leblogenergie\/files\/2012\/07\/toyotapluginhybrid1.jpg","contentUrl":"https:\/\/blogs.thesocialmedia.com\/leblogenergie\/files\/2012\/07\/toyotapluginhybrid1.jpg","width":"250","height":"169"},{"@type":"BreadcrumbList","@id":"https:\/\/blogs.thesocialmedia.com\/leblogenergie\/2008\/07\/07\/les-toits-des-f\/#breadcrumb","itemListElement":[{"@type":"ListItem","position":1,"name":"Accueil","item":"https:\/\/blogs.thesocialmedia.com\/leblogenergie\/"},{"@type":"ListItem","position":2,"name":"Les toits des futures Prius de Toyota seront \u00e9quip\u00e9s de panneaux photovolta\u00efques"}]},{"@type":"WebSite","@id":"https:\/\/blogs.thesocialmedia.com\/leblogenergie\/#website","url":"https:\/\/blogs.thesocialmedia.com\/leblogenergie\/","name":"leblogenergie","description":"Just another The Social Media Group Network site","potentialAction":[{"@type":"SearchAction","target":{"@type":"EntryPoint","urlTemplate":"https:\/\/blogs.thesocialmedia.com\/leblogenergie\/?s={search_term_string}"},"query-input":{"@type":"PropertyValueSpecification","valueRequired":true,"valueName":"search_term_string"}}],"inLanguage":"fr-FR"},{"@type":"Person","@id":"https:\/\/blogs.thesocialmedia.com\/leblogenergie\/#\/schema\/person\/debca67b8b93370360bdbd19ceb00794","name":"Raymond Bonnaterre","image":{"@type":"ImageObject","inLanguage":"fr-FR","@id":"https:\/\/blogs.thesocialmedia.com\/leblogenergie\/#\/schema\/person\/image\/","url":"https:\/\/secure.gravatar.com\/avatar\/4c04f9e9aab7489452c52f805e42fbd3?s=96&d=mm&r=g","contentUrl":"https:\/\/secure.gravatar.com\/avatar\/4c04f9e9aab7489452c52f805e42fbd3?s=96&d=mm&r=g","caption":"Raymond Bonnaterre"},"url":"https:\/\/blogs.thesocialmedia.com\/leblogenergie\/author\/raymond-bonnaterre\/"}]}},"_links":{"self":[{"href":"https:\/\/blogs.thesocialmedia.com\/leblogenergie\/wp-json\/wp\/v2\/posts\/2296","targetHints":{"allow":["GET"]}}],"collection":[{"href":"https:\/\/blogs.thesocialmedia.com\/leblogenergie\/wp-json\/wp\/v2\/posts"}],"about":[{"href":"https:\/\/blogs.thesocialmedia.com\/leblogenergie\/wp-json\/wp\/v2\/types\/post"}],"author":[{"embeddable":true,"href":"https:\/\/blogs.thesocialmedia.com\/leblogenergie\/wp-json\/wp\/v2\/users\/341"}],"replies":[{"embeddable":true,"href":"https:\/\/blogs.thesocialmedia.com\/leblogenergie\/wp-json\/wp\/v2\/comments?post=2296"}],"version-history":[{"count":2,"href":"https:\/\/blogs.thesocialmedia.com\/leblogenergie\/wp-json\/wp\/v2\/posts\/2296\/revisions"}],"predecessor-version":[{"id":17228,"href":"https:\/\/blogs.thesocialmedia.com\/leblogenergie\/wp-json\/wp\/v2\/posts\/2296\/revisions\/17228"}],"wp:featuredmedia":[{"embeddable":true,"href":"https:\/\/blogs.thesocialmedia.com\/leblogenergie\/wp-json\/wp\/v2\/media\/9430"}],"wp:attachment":[{"href":"https:\/\/blogs.thesocialmedia.com\/leblogenergie\/wp-json\/wp\/v2\/media?parent=2296"}],"wp:term":[{"taxonomy":"category","embeddable":true,"href":"https:\/\/blogs.thesocialmedia.com\/leblogenergie\/wp-json\/wp\/v2\/categories?post=2296"},{"taxonomy":"post_tag","embeddable":true,"href":"https:\/\/blogs.thesocialmedia.com\/leblogenergie\/wp-json\/wp\/v2\/tags?post=2296"}],"curies":[{"name":"wp","href":"https:\/\/api.w.org\/{rel}","templated":true}]}}