{"id":4282,"date":"2007-03-20T14:24:16","date_gmt":"2007-03-20T14:24:16","guid":{"rendered":"http:\/\/blogs.thesocialmedia.com\/leblogenergie\/2007\/03\/20\/energies-renouv-2\/"},"modified":"2012-07-12T09:53:05","modified_gmt":"2012-07-12T09:53:05","slug":"energies-renouv-2","status":"publish","type":"post","link":"https:\/\/blogs.thesocialmedia.com\/leblogenergie\/2007\/03\/20\/energies-renouv-2\/","title":{"rendered":"Energies renouvelables : l&rsquo;heure de la maturit\u00e9"},"content":{"rendered":"<p><a href=\"http:\/\/blogs.thesocialmedia.com\/leblogenergie\/files\/2012\/07\/logo_eurobarometer_en_21.jpg\"><img loading=\"lazy\" decoding=\"async\" width=\"250\" height=\"179\"  alt=\"Logo_eurobarometer_en_2\" src=\"http:\/\/blogs.thesocialmedia.com\/leblogenergie\/files\/2012\/07\/logo_eurobarometer_en_2.jpg\" style=\"margin: 0px 5px 5px 0px;float: left\" \/><\/a> Les \u00e9nergies renouvelables ont commenc\u00e9es \u00e0 exister en Europe \u00e0 partir de 1995. Sans bruit, des politiques ont mis en avant un changement technologique majeur et amorc\u00e9s l&rsquo;\u00e9bauche d&rsquo;une nouvelle r\u00e9volution industrielle. Depuis 1995, \u00e9olien, solaire, g\u00e9othermique et biomasse ont connus des taux de croissance annuels tr\u00e9s importants, digne de tout\u00e9 industrie en devenir souvent plus de 30% l&rsquo;an, un taux approchant les 10 apparait comme &quot;m\u00e9diocre&quot;. Regard\u00e9es comme &quot;r\u00e9veries&quot;, &quot;pas au point&quot;, &quot;jamais competitives&quot;, ces industries d\u00e9sormais sont r\u00e9parties entre deux sortes de pays en Europe : les <a href=\"http:\/\/www.renewables-made-in-germany.com\/fr\/photovoltaique\/pv\/company\/69\/\">suiveurs et les concepteurs<\/a>. Dans le camp des concepteurs, l&rsquo;Allemagne, de toutes les conceptions, et d&rsquo;une mani\u00e8re g\u00e9n\u00e9rale l&rsquo;Europe du Nord, certains pays du sud bien dot\u00e9s par la nature par leurs ressources qu&rsquo;elles soient solaires ou autres.<\/p>\n<p>Desormais, sans que personne ne s&rsquo;en soient aper\u00e7us, cette industrie atteint pour certaines applications, sa maturit\u00e9. La technologie est l\u00e0, elle ne demande qu&rsquo;\u00e0 \u00eatre d\u00e9velopp\u00e9 et g\u00e9n\u00e9ralis\u00e9e. L&rsquo;Allemagne, toujours elle voit ses taux de croissance se r\u00e9duire, bien que le total de ses installations reste bien plus importante que la plupart des pays.<br \/>Des industries restent techniquement dans l&rsquo;enfance et demandent encore des <a href=\"http:\/\/www.hyperdebat.net\/article.php3?id_article=87\">perc\u00e9es technologiques<\/a>, des budgets, de la volont\u00e9 politique, mais aucune ne peut d\u00e9sormais \u00eatre \u00e9cart\u00e9e. Toute peuvent \u00eatre potentiellement exploitable, et la le\u00e7on de la d\u00e9cennie est que ceux qui les m\u00e9priseront en paieront le prix.<br \/>La France, quand \u00e0 elle, reste prisonnier d&rsquo;un choix \u00e9nerg\u00e9tique de mani\u00e8re monoth\u00e9iste, intol\u00e9rante et st\u00e9rilisante, y compris dans son choix initiale, le nucl\u00e9aire, dont on voit bien qu&rsquo;il s&rsquo;est autost\u00e9rilis\u00e9 dans l&rsquo;autocons\u00e9cration de sa r\u00e9ussite, de son g\u00e9nie, de son infaillibilit\u00e9.<br \/>Certaines industries du renouvelable atteignent donc leur maturit\u00e9, soit industrielle (<a href=\"http:\/\/www.gahelios.com\/frfaq.htm\">solaire photovolta\u00efque et solaire thermique<\/a>) soit conceptuelle (photovolta\u00efque electrique), soit par la g\u00e9n\u00e9ralisation et le d\u00e9veloppement du savoir faire (g\u00e9othermie).<\/p>\n","protected":false},"excerpt":{"rendered":"<p>Les \u00e9nergies renouvelables ont commenc\u00e9es \u00e0 exister en Europe \u00e0 partir de 1995. Sans bruit, des politiques ont mis en avant un changement technologique majeur et amorc\u00e9s l&rsquo;\u00e9bauche d&rsquo;une nouvelle r\u00e9volution industrielle. Depuis 1995, \u00e9olien, solaire, g\u00e9othermique et biomasse ont connus des taux de croissance annuels tr\u00e9s importants, digne de tout\u00e9 industrie en devenir souvent [&hellip;]<\/p>\n","protected":false},"author":198,"featured_media":5207,"comment_status":"open","ping_status":"open","sticky":false,"template":"","format":"standard","meta":{"footnotes":""},"categories":[14,25,10],"tags":[1988],"class_list":["post-4282","post","type-post","status-publish","format-standard","has-post-thumbnail","hentry","category-biologique","category-geothermie","category-solaire","tag-solaire-photovoltaique-solaire-thermique"],"yoast_head":"<!-- This site is optimized with the Yoast SEO plugin v26.0 - https:\/\/yoast.com\/wordpress\/plugins\/seo\/ -->\n<title>Energies renouvelables : l&#039;heure de la maturit\u00e9 - leblogenergie.com<\/title>\n<meta name=\"robots\" content=\"index, follow, max-snippet:-1, max-image-preview:large, max-video-preview:-1\" \/>\n<link rel=\"canonical\" href=\"https:\/\/blogs.thesocialmedia.com\/leblogenergie\/2007\/03\/20\/energies-renouv-2\/\" \/>\n<meta name=\"twitter:card\" content=\"summary_large_image\" \/>\n<meta name=\"twitter:title\" content=\"Energies renouvelables : l&#039;heure de la maturit\u00e9 - leblogenergie.com\" \/>\n<meta name=\"twitter:description\" content=\"Les \u00e9nergies renouvelables ont commenc\u00e9es \u00e0 exister en Europe \u00e0 partir de 1995. Sans bruit, des politiques ont mis en avant un changement technologique majeur et amorc\u00e9s l&rsquo;\u00e9bauche d&rsquo;une nouvelle r\u00e9volution industrielle. Depuis 1995, \u00e9olien, solaire, g\u00e9othermique et biomasse ont connus des taux de croissance annuels tr\u00e9s importants, digne de tout\u00e9 industrie en devenir souvent [&hellip;]\" \/>\n<meta name=\"twitter:image\" content=\"https:\/\/blogs.thesocialmedia.com\/leblogenergie\/files\/2012\/07\/logo_eurobarometer_en_2.jpg\" \/>\n<meta name=\"twitter:label1\" content=\"\u00c9crit par\" \/>\n\t<meta name=\"twitter:data1\" content=\"patrick reymond\" \/>\n\t<meta name=\"twitter:label2\" content=\"Dur\u00e9e de lecture estim\u00e9e\" \/>\n\t<meta name=\"twitter:data2\" content=\"2 minutes\" \/>\n<script type=\"application\/ld+json\" class=\"yoast-schema-graph\">{\"@context\":\"https:\/\/schema.org\",\"@graph\":[{\"@type\":\"WebPage\",\"@id\":\"https:\/\/blogs.thesocialmedia.com\/leblogenergie\/2007\/03\/20\/energies-renouv-2\/\",\"url\":\"https:\/\/blogs.thesocialmedia.com\/leblogenergie\/2007\/03\/20\/energies-renouv-2\/\",\"name\":\"Energies renouvelables : l'heure de la maturit\u00e9 - leblogenergie.com\",\"isPartOf\":{\"@id\":\"https:\/\/blogs.thesocialmedia.com\/leblogenergie\/#website\"},\"primaryImageOfPage\":{\"@id\":\"https:\/\/blogs.thesocialmedia.com\/leblogenergie\/2007\/03\/20\/energies-renouv-2\/#primaryimage\"},\"image\":{\"@id\":\"https:\/\/blogs.thesocialmedia.com\/leblogenergie\/2007\/03\/20\/energies-renouv-2\/#primaryimage\"},\"thumbnailUrl\":\"https:\/\/blogs.thesocialmedia.com\/leblogenergie\/files\/2012\/07\/logo_eurobarometer_en_2.jpg\",\"datePublished\":\"2007-03-20T14:24:16+00:00\",\"dateModified\":\"2012-07-12T09:53:05+00:00\",\"author\":{\"@id\":\"https:\/\/blogs.thesocialmedia.com\/leblogenergie\/#\/schema\/person\/348ae2a6d3fa221c5d38a293ee3dba3c\"},\"breadcrumb\":{\"@id\":\"https:\/\/blogs.thesocialmedia.com\/leblogenergie\/2007\/03\/20\/energies-renouv-2\/#breadcrumb\"},\"inLanguage\":\"fr-FR\",\"potentialAction\":[{\"@type\":\"ReadAction\",\"target\":[\"https:\/\/blogs.thesocialmedia.com\/leblogenergie\/2007\/03\/20\/energies-renouv-2\/\"]}]},{\"@type\":\"ImageObject\",\"inLanguage\":\"fr-FR\",\"@id\":\"https:\/\/blogs.thesocialmedia.com\/leblogenergie\/2007\/03\/20\/energies-renouv-2\/#primaryimage\",\"url\":\"https:\/\/blogs.thesocialmedia.com\/leblogenergie\/files\/2012\/07\/logo_eurobarometer_en_2.jpg\",\"contentUrl\":\"https:\/\/blogs.thesocialmedia.com\/leblogenergie\/files\/2012\/07\/logo_eurobarometer_en_2.jpg\",\"width\":\"250\",\"height\":\"179\"},{\"@type\":\"BreadcrumbList\",\"@id\":\"https:\/\/blogs.thesocialmedia.com\/leblogenergie\/2007\/03\/20\/energies-renouv-2\/#breadcrumb\",\"itemListElement\":[{\"@type\":\"ListItem\",\"position\":1,\"name\":\"Accueil\",\"item\":\"https:\/\/blogs.thesocialmedia.com\/leblogenergie\/\"},{\"@type\":\"ListItem\",\"position\":2,\"name\":\"Energies renouvelables : l&rsquo;heure de la maturit\u00e9\"}]},{\"@type\":\"WebSite\",\"@id\":\"https:\/\/blogs.thesocialmedia.com\/leblogenergie\/#website\",\"url\":\"https:\/\/blogs.thesocialmedia.com\/leblogenergie\/\",\"name\":\"leblogenergie\",\"description\":\"Just another The Social Media Group Network site\",\"potentialAction\":[{\"@type\":\"SearchAction\",\"target\":{\"@type\":\"EntryPoint\",\"urlTemplate\":\"https:\/\/blogs.thesocialmedia.com\/leblogenergie\/?s={search_term_string}\"},\"query-input\":{\"@type\":\"PropertyValueSpecification\",\"valueRequired\":true,\"valueName\":\"search_term_string\"}}],\"inLanguage\":\"fr-FR\"},{\"@type\":\"Person\",\"@id\":\"https:\/\/blogs.thesocialmedia.com\/leblogenergie\/#\/schema\/person\/348ae2a6d3fa221c5d38a293ee3dba3c\",\"name\":\"patrick reymond\",\"image\":{\"@type\":\"ImageObject\",\"inLanguage\":\"fr-FR\",\"@id\":\"https:\/\/blogs.thesocialmedia.com\/leblogenergie\/#\/schema\/person\/image\/\",\"url\":\"https:\/\/secure.gravatar.com\/avatar\/?s=96&d=mm&r=g\",\"contentUrl\":\"https:\/\/secure.gravatar.com\/avatar\/?s=96&d=mm&r=g\",\"caption\":\"patrick reymond\"},\"url\":\"https:\/\/blogs.thesocialmedia.com\/leblogenergie\/author\/patrick-reymond\/\"}]}<\/script>\n<!-- \/ Yoast SEO plugin. -->","yoast_head_json":{"title":"Energies renouvelables : l'heure de la maturit\u00e9 - leblogenergie.com","robots":{"index":"index","follow":"follow","max-snippet":"max-snippet:-1","max-image-preview":"max-image-preview:large","max-video-preview":"max-video-preview:-1"},"canonical":"https:\/\/blogs.thesocialmedia.com\/leblogenergie\/2007\/03\/20\/energies-renouv-2\/","twitter_card":"summary_large_image","twitter_title":"Energies renouvelables : l'heure de la maturit\u00e9 - leblogenergie.com","twitter_description":"Les \u00e9nergies renouvelables ont commenc\u00e9es \u00e0 exister en Europe \u00e0 partir de 1995. Sans bruit, des politiques ont mis en avant un changement technologique majeur et amorc\u00e9s l&rsquo;\u00e9bauche d&rsquo;une nouvelle r\u00e9volution industrielle. Depuis 1995, \u00e9olien, solaire, g\u00e9othermique et biomasse ont connus des taux de croissance annuels tr\u00e9s importants, digne de tout\u00e9 industrie en devenir souvent [&hellip;]","twitter_image":"https:\/\/blogs.thesocialmedia.com\/leblogenergie\/files\/2012\/07\/logo_eurobarometer_en_2.jpg","twitter_misc":{"\u00c9crit par":"patrick reymond","Dur\u00e9e de lecture estim\u00e9e":"2 minutes"},"schema":{"@context":"https:\/\/schema.org","@graph":[{"@type":"WebPage","@id":"https:\/\/blogs.thesocialmedia.com\/leblogenergie\/2007\/03\/20\/energies-renouv-2\/","url":"https:\/\/blogs.thesocialmedia.com\/leblogenergie\/2007\/03\/20\/energies-renouv-2\/","name":"Energies renouvelables : l'heure de la maturit\u00e9 - leblogenergie.com","isPartOf":{"@id":"https:\/\/blogs.thesocialmedia.com\/leblogenergie\/#website"},"primaryImageOfPage":{"@id":"https:\/\/blogs.thesocialmedia.com\/leblogenergie\/2007\/03\/20\/energies-renouv-2\/#primaryimage"},"image":{"@id":"https:\/\/blogs.thesocialmedia.com\/leblogenergie\/2007\/03\/20\/energies-renouv-2\/#primaryimage"},"thumbnailUrl":"https:\/\/blogs.thesocialmedia.com\/leblogenergie\/files\/2012\/07\/logo_eurobarometer_en_2.jpg","datePublished":"2007-03-20T14:24:16+00:00","dateModified":"2012-07-12T09:53:05+00:00","author":{"@id":"https:\/\/blogs.thesocialmedia.com\/leblogenergie\/#\/schema\/person\/348ae2a6d3fa221c5d38a293ee3dba3c"},"breadcrumb":{"@id":"https:\/\/blogs.thesocialmedia.com\/leblogenergie\/2007\/03\/20\/energies-renouv-2\/#breadcrumb"},"inLanguage":"fr-FR","potentialAction":[{"@type":"ReadAction","target":["https:\/\/blogs.thesocialmedia.com\/leblogenergie\/2007\/03\/20\/energies-renouv-2\/"]}]},{"@type":"ImageObject","inLanguage":"fr-FR","@id":"https:\/\/blogs.thesocialmedia.com\/leblogenergie\/2007\/03\/20\/energies-renouv-2\/#primaryimage","url":"https:\/\/blogs.thesocialmedia.com\/leblogenergie\/files\/2012\/07\/logo_eurobarometer_en_2.jpg","contentUrl":"https:\/\/blogs.thesocialmedia.com\/leblogenergie\/files\/2012\/07\/logo_eurobarometer_en_2.jpg","width":"250","height":"179"},{"@type":"BreadcrumbList","@id":"https:\/\/blogs.thesocialmedia.com\/leblogenergie\/2007\/03\/20\/energies-renouv-2\/#breadcrumb","itemListElement":[{"@type":"ListItem","position":1,"name":"Accueil","item":"https:\/\/blogs.thesocialmedia.com\/leblogenergie\/"},{"@type":"ListItem","position":2,"name":"Energies renouvelables : l&rsquo;heure de la maturit\u00e9"}]},{"@type":"WebSite","@id":"https:\/\/blogs.thesocialmedia.com\/leblogenergie\/#website","url":"https:\/\/blogs.thesocialmedia.com\/leblogenergie\/","name":"leblogenergie","description":"Just another The Social Media Group Network site","potentialAction":[{"@type":"SearchAction","target":{"@type":"EntryPoint","urlTemplate":"https:\/\/blogs.thesocialmedia.com\/leblogenergie\/?s={search_term_string}"},"query-input":{"@type":"PropertyValueSpecification","valueRequired":true,"valueName":"search_term_string"}}],"inLanguage":"fr-FR"},{"@type":"Person","@id":"https:\/\/blogs.thesocialmedia.com\/leblogenergie\/#\/schema\/person\/348ae2a6d3fa221c5d38a293ee3dba3c","name":"patrick reymond","image":{"@type":"ImageObject","inLanguage":"fr-FR","@id":"https:\/\/blogs.thesocialmedia.com\/leblogenergie\/#\/schema\/person\/image\/","url":"https:\/\/secure.gravatar.com\/avatar\/?s=96&d=mm&r=g","contentUrl":"https:\/\/secure.gravatar.com\/avatar\/?s=96&d=mm&r=g","caption":"patrick reymond"},"url":"https:\/\/blogs.thesocialmedia.com\/leblogenergie\/author\/patrick-reymond\/"}]}},"_links":{"self":[{"href":"https:\/\/blogs.thesocialmedia.com\/leblogenergie\/wp-json\/wp\/v2\/posts\/4282","targetHints":{"allow":["GET"]}}],"collection":[{"href":"https:\/\/blogs.thesocialmedia.com\/leblogenergie\/wp-json\/wp\/v2\/posts"}],"about":[{"href":"https:\/\/blogs.thesocialmedia.com\/leblogenergie\/wp-json\/wp\/v2\/types\/post"}],"author":[{"embeddable":true,"href":"https:\/\/blogs.thesocialmedia.com\/leblogenergie\/wp-json\/wp\/v2\/users\/198"}],"replies":[{"embeddable":true,"href":"https:\/\/blogs.thesocialmedia.com\/leblogenergie\/wp-json\/wp\/v2\/comments?post=4282"}],"version-history":[{"count":2,"href":"https:\/\/blogs.thesocialmedia.com\/leblogenergie\/wp-json\/wp\/v2\/posts\/4282\/revisions"}],"predecessor-version":[{"id":13301,"href":"https:\/\/blogs.thesocialmedia.com\/leblogenergie\/wp-json\/wp\/v2\/posts\/4282\/revisions\/13301"}],"wp:featuredmedia":[{"embeddable":true,"href":"https:\/\/blogs.thesocialmedia.com\/leblogenergie\/wp-json\/wp\/v2\/media\/5207"}],"wp:attachment":[{"href":"https:\/\/blogs.thesocialmedia.com\/leblogenergie\/wp-json\/wp\/v2\/media?parent=4282"}],"wp:term":[{"taxonomy":"category","embeddable":true,"href":"https:\/\/blogs.thesocialmedia.com\/leblogenergie\/wp-json\/wp\/v2\/categories?post=4282"},{"taxonomy":"post_tag","embeddable":true,"href":"https:\/\/blogs.thesocialmedia.com\/leblogenergie\/wp-json\/wp\/v2\/tags?post=4282"}],"curies":[{"name":"wp","href":"https:\/\/api.w.org\/{rel}","templated":true}]}}