{"id":4414,"date":"2007-02-06T13:47:11","date_gmt":"2007-02-06T13:47:11","guid":{"rendered":"http:\/\/blogs.thesocialmedia.com\/leblogenergie\/2007\/02\/06\/energie-nuclair\/"},"modified":"2012-07-12T09:50:01","modified_gmt":"2012-07-12T09:50:01","slug":"energie-nuclair","status":"publish","type":"post","link":"https:\/\/blogs.thesocialmedia.com\/leblogenergie\/2007\/02\/06\/energie-nuclair\/","title":{"rendered":"Energie nucl\u00e9aire : d\u00e9veloppement ou d\u00e9clin ?"},"content":{"rendered":"<p><a href=\"http:\/\/blogs.thesocialmedia.com\/leblogenergie\/files\/2012\/07\/nucleaire2.jpg\"><img loading=\"lazy\" decoding=\"async\" width=\"250\" height=\"243\"  src=\"http:\/\/blogs.thesocialmedia.com\/leblogenergie\/files\/2012\/07\/nucleaire.jpg\" alt=\"Nucleaire\" style=\"margin: 0px 5px 5px 0px;float: left\" \/><\/a>A l&rsquo; heure actuelle, cette ann&amp;e 7 r\u00e9acteurs viennent d&rsquo;\u00eatre arr\u00eat\u00e9 d\u00e9finitivement en Europe.<br \/>4 se situent en Grande-Bretagne, 2 en Bulgarie et une en Slovaquie.&nbsp; Les fermetures des 3 centrales d&rsquo; Europe orientale \u00e9taient une condition d&rsquo;entr\u00e9e en <a href=\"http:\/\/senat.fr\/rap\/r99-320\/r99-320.html\">Union Europ\u00e9enne<\/a>. Les 4 Britanniques accusent leur \u00e2ge. Leur d\u00e9mantelement devra durer &#8230; un si\u00e9cle&#8230;<br \/>Je suis donc en mesure de conclure qu&rsquo;elles ne seront donc jamais demantel\u00e9es. <br \/>Cette dur\u00e9e est faire pour permettre \u00e0 <a href=\"http:\/\/www.verts-brest.infini.fr\/actions\/Brennilis\/entree.htm\">la radioactivit\u00e9 de courte dur\u00e9e&nbsp; <\/a>de vie (90 % du volume de mati\u00e8res )de se dissiper, le reste de la radioactivit\u00e9 \u00e9tant quand \u00e0 lui \u00e0 vue de vie&nbsp; humaine, \u00e9ternel&#8230; D\u00e9sormais, pour le d\u00e9mantelement, la politique est &quot;wait and see&quot;&#8230;<\/p>\n<p>En r\u00e9alit\u00e9, c&rsquo;est la totalit\u00e9 du parc \u00e9lectro-nucl\u00e9aire mondial qui accuse son \u00e2ge. <br \/>435 centrales dont 250 viennent pratiquement en fin de vie. Certains esp\u00e9rent une relance de la construction, en r\u00e9alit\u00e9 on peut se poser v\u00e9ritablement la question.<br \/>Pour plusieurs raisons : <br \/>&#8211; <a href=\"http:\/\/www2.nrcan.gc.ca\/es\/ener2000\/online\/html\/chap3c_f.cfm\">p\u00e9nurie imm\u00e9diate d&rsquo;uranium <\/a>(seul 60 % des quantit\u00e9s sont extraites \u00e0 l&rsquo;heure actuelle, le reste provient des stocks),<br \/>&#8211; la base seule est rentable, donc seul 50 % de la production \u00e9lectronucl\u00e9aire est rentable, \u00e0 comparer aux plus de 80 % de production fran\u00e7aise d&rsquo;\u00e9lectricit\u00e9 nucl\u00e9aire,<br \/>&#8211; edf n&rsquo;a pas fondamentalement envie de l&rsquo;epr, par exemple,<br \/>&#8211; les \u00e9nergies renouvelables, les \u00e9conomies d&rsquo;\u00e9nergies sont plus rentables.<\/p>\n","protected":false},"excerpt":{"rendered":"<p>A l&rsquo; heure actuelle, cette ann&amp;e 7 r\u00e9acteurs viennent d&rsquo;\u00eatre arr\u00eat\u00e9 d\u00e9finitivement en Europe.4 se situent en Grande-Bretagne, 2 en Bulgarie et une en Slovaquie.&nbsp; Les fermetures des 3 centrales d&rsquo; Europe orientale \u00e9taient une condition d&rsquo;entr\u00e9e en Union Europ\u00e9enne. Les 4 Britanniques accusent leur \u00e2ge. Leur d\u00e9mantelement devra durer &#8230; un si\u00e9cle&#8230;Je suis donc [&hellip;]<\/p>\n","protected":false},"author":198,"featured_media":4946,"comment_status":"open","ping_status":"open","sticky":false,"template":"","format":"standard","meta":{"footnotes":""},"categories":[5,13],"tags":[2099],"class_list":["post-4414","post","type-post","status-publish","format-standard","has-post-thumbnail","hentry","category-actualites","category-science","tag-radioactivite-penurie-uranium-union-europeenne"],"yoast_head":"<!-- This site is optimized with the Yoast SEO plugin v26.0 - https:\/\/yoast.com\/wordpress\/plugins\/seo\/ -->\n<title>Energie nucl\u00e9aire : d\u00e9veloppement ou d\u00e9clin ? - leblogenergie.com<\/title>\n<meta name=\"robots\" content=\"index, follow, max-snippet:-1, max-image-preview:large, max-video-preview:-1\" \/>\n<link rel=\"canonical\" href=\"https:\/\/blogs.thesocialmedia.com\/leblogenergie\/2007\/02\/06\/energie-nuclair\/\" \/>\n<meta name=\"twitter:card\" content=\"summary_large_image\" \/>\n<meta name=\"twitter:title\" content=\"Energie nucl\u00e9aire : d\u00e9veloppement ou d\u00e9clin ? - leblogenergie.com\" \/>\n<meta name=\"twitter:description\" content=\"A l&rsquo; heure actuelle, cette ann&amp;e 7 r\u00e9acteurs viennent d&rsquo;\u00eatre arr\u00eat\u00e9 d\u00e9finitivement en Europe.4 se situent en Grande-Bretagne, 2 en Bulgarie et une en Slovaquie.&nbsp; Les fermetures des 3 centrales d&rsquo; Europe orientale \u00e9taient une condition d&rsquo;entr\u00e9e en Union Europ\u00e9enne. Les 4 Britanniques accusent leur \u00e2ge. Leur d\u00e9mantelement devra durer &#8230; un si\u00e9cle&#8230;Je suis donc [&hellip;]\" \/>\n<meta name=\"twitter:image\" content=\"https:\/\/blogs.thesocialmedia.com\/leblogenergie\/files\/2012\/07\/nucleaire.jpg\" \/>\n<meta name=\"twitter:label1\" content=\"\u00c9crit par\" \/>\n\t<meta name=\"twitter:data1\" content=\"patrick reymond\" \/>\n\t<meta name=\"twitter:label2\" content=\"Dur\u00e9e de lecture estim\u00e9e\" \/>\n\t<meta name=\"twitter:data2\" content=\"1 minute\" \/>\n<script type=\"application\/ld+json\" class=\"yoast-schema-graph\">{\"@context\":\"https:\/\/schema.org\",\"@graph\":[{\"@type\":\"WebPage\",\"@id\":\"https:\/\/blogs.thesocialmedia.com\/leblogenergie\/2007\/02\/06\/energie-nuclair\/\",\"url\":\"https:\/\/blogs.thesocialmedia.com\/leblogenergie\/2007\/02\/06\/energie-nuclair\/\",\"name\":\"Energie nucl\u00e9aire : d\u00e9veloppement ou d\u00e9clin ? - leblogenergie.com\",\"isPartOf\":{\"@id\":\"https:\/\/blogs.thesocialmedia.com\/leblogenergie\/#website\"},\"primaryImageOfPage\":{\"@id\":\"https:\/\/blogs.thesocialmedia.com\/leblogenergie\/2007\/02\/06\/energie-nuclair\/#primaryimage\"},\"image\":{\"@id\":\"https:\/\/blogs.thesocialmedia.com\/leblogenergie\/2007\/02\/06\/energie-nuclair\/#primaryimage\"},\"thumbnailUrl\":\"https:\/\/blogs.thesocialmedia.com\/leblogenergie\/files\/2012\/07\/nucleaire.jpg\",\"datePublished\":\"2007-02-06T13:47:11+00:00\",\"dateModified\":\"2012-07-12T09:50:01+00:00\",\"author\":{\"@id\":\"https:\/\/blogs.thesocialmedia.com\/leblogenergie\/#\/schema\/person\/348ae2a6d3fa221c5d38a293ee3dba3c\"},\"breadcrumb\":{\"@id\":\"https:\/\/blogs.thesocialmedia.com\/leblogenergie\/2007\/02\/06\/energie-nuclair\/#breadcrumb\"},\"inLanguage\":\"fr-FR\",\"potentialAction\":[{\"@type\":\"ReadAction\",\"target\":[\"https:\/\/blogs.thesocialmedia.com\/leblogenergie\/2007\/02\/06\/energie-nuclair\/\"]}]},{\"@type\":\"ImageObject\",\"inLanguage\":\"fr-FR\",\"@id\":\"https:\/\/blogs.thesocialmedia.com\/leblogenergie\/2007\/02\/06\/energie-nuclair\/#primaryimage\",\"url\":\"https:\/\/blogs.thesocialmedia.com\/leblogenergie\/files\/2012\/07\/nucleaire.jpg\",\"contentUrl\":\"https:\/\/blogs.thesocialmedia.com\/leblogenergie\/files\/2012\/07\/nucleaire.jpg\",\"width\":\"250\",\"height\":\"243\"},{\"@type\":\"BreadcrumbList\",\"@id\":\"https:\/\/blogs.thesocialmedia.com\/leblogenergie\/2007\/02\/06\/energie-nuclair\/#breadcrumb\",\"itemListElement\":[{\"@type\":\"ListItem\",\"position\":1,\"name\":\"Accueil\",\"item\":\"https:\/\/blogs.thesocialmedia.com\/leblogenergie\/\"},{\"@type\":\"ListItem\",\"position\":2,\"name\":\"Energie nucl\u00e9aire : d\u00e9veloppement ou d\u00e9clin ?\"}]},{\"@type\":\"WebSite\",\"@id\":\"https:\/\/blogs.thesocialmedia.com\/leblogenergie\/#website\",\"url\":\"https:\/\/blogs.thesocialmedia.com\/leblogenergie\/\",\"name\":\"leblogenergie\",\"description\":\"Just another The Social Media Group Network site\",\"potentialAction\":[{\"@type\":\"SearchAction\",\"target\":{\"@type\":\"EntryPoint\",\"urlTemplate\":\"https:\/\/blogs.thesocialmedia.com\/leblogenergie\/?s={search_term_string}\"},\"query-input\":{\"@type\":\"PropertyValueSpecification\",\"valueRequired\":true,\"valueName\":\"search_term_string\"}}],\"inLanguage\":\"fr-FR\"},{\"@type\":\"Person\",\"@id\":\"https:\/\/blogs.thesocialmedia.com\/leblogenergie\/#\/schema\/person\/348ae2a6d3fa221c5d38a293ee3dba3c\",\"name\":\"patrick reymond\",\"image\":{\"@type\":\"ImageObject\",\"inLanguage\":\"fr-FR\",\"@id\":\"https:\/\/blogs.thesocialmedia.com\/leblogenergie\/#\/schema\/person\/image\/\",\"url\":\"https:\/\/secure.gravatar.com\/avatar\/?s=96&d=mm&r=g\",\"contentUrl\":\"https:\/\/secure.gravatar.com\/avatar\/?s=96&d=mm&r=g\",\"caption\":\"patrick reymond\"},\"url\":\"https:\/\/blogs.thesocialmedia.com\/leblogenergie\/author\/patrick-reymond\/\"}]}<\/script>\n<!-- \/ Yoast SEO plugin. -->","yoast_head_json":{"title":"Energie nucl\u00e9aire : d\u00e9veloppement ou d\u00e9clin ? - leblogenergie.com","robots":{"index":"index","follow":"follow","max-snippet":"max-snippet:-1","max-image-preview":"max-image-preview:large","max-video-preview":"max-video-preview:-1"},"canonical":"https:\/\/blogs.thesocialmedia.com\/leblogenergie\/2007\/02\/06\/energie-nuclair\/","twitter_card":"summary_large_image","twitter_title":"Energie nucl\u00e9aire : d\u00e9veloppement ou d\u00e9clin ? - leblogenergie.com","twitter_description":"A l&rsquo; heure actuelle, cette ann&amp;e 7 r\u00e9acteurs viennent d&rsquo;\u00eatre arr\u00eat\u00e9 d\u00e9finitivement en Europe.4 se situent en Grande-Bretagne, 2 en Bulgarie et une en Slovaquie.&nbsp; Les fermetures des 3 centrales d&rsquo; Europe orientale \u00e9taient une condition d&rsquo;entr\u00e9e en Union Europ\u00e9enne. Les 4 Britanniques accusent leur \u00e2ge. Leur d\u00e9mantelement devra durer &#8230; un si\u00e9cle&#8230;Je suis donc [&hellip;]","twitter_image":"https:\/\/blogs.thesocialmedia.com\/leblogenergie\/files\/2012\/07\/nucleaire.jpg","twitter_misc":{"\u00c9crit par":"patrick reymond","Dur\u00e9e de lecture estim\u00e9e":"1 minute"},"schema":{"@context":"https:\/\/schema.org","@graph":[{"@type":"WebPage","@id":"https:\/\/blogs.thesocialmedia.com\/leblogenergie\/2007\/02\/06\/energie-nuclair\/","url":"https:\/\/blogs.thesocialmedia.com\/leblogenergie\/2007\/02\/06\/energie-nuclair\/","name":"Energie nucl\u00e9aire : d\u00e9veloppement ou d\u00e9clin ? - leblogenergie.com","isPartOf":{"@id":"https:\/\/blogs.thesocialmedia.com\/leblogenergie\/#website"},"primaryImageOfPage":{"@id":"https:\/\/blogs.thesocialmedia.com\/leblogenergie\/2007\/02\/06\/energie-nuclair\/#primaryimage"},"image":{"@id":"https:\/\/blogs.thesocialmedia.com\/leblogenergie\/2007\/02\/06\/energie-nuclair\/#primaryimage"},"thumbnailUrl":"https:\/\/blogs.thesocialmedia.com\/leblogenergie\/files\/2012\/07\/nucleaire.jpg","datePublished":"2007-02-06T13:47:11+00:00","dateModified":"2012-07-12T09:50:01+00:00","author":{"@id":"https:\/\/blogs.thesocialmedia.com\/leblogenergie\/#\/schema\/person\/348ae2a6d3fa221c5d38a293ee3dba3c"},"breadcrumb":{"@id":"https:\/\/blogs.thesocialmedia.com\/leblogenergie\/2007\/02\/06\/energie-nuclair\/#breadcrumb"},"inLanguage":"fr-FR","potentialAction":[{"@type":"ReadAction","target":["https:\/\/blogs.thesocialmedia.com\/leblogenergie\/2007\/02\/06\/energie-nuclair\/"]}]},{"@type":"ImageObject","inLanguage":"fr-FR","@id":"https:\/\/blogs.thesocialmedia.com\/leblogenergie\/2007\/02\/06\/energie-nuclair\/#primaryimage","url":"https:\/\/blogs.thesocialmedia.com\/leblogenergie\/files\/2012\/07\/nucleaire.jpg","contentUrl":"https:\/\/blogs.thesocialmedia.com\/leblogenergie\/files\/2012\/07\/nucleaire.jpg","width":"250","height":"243"},{"@type":"BreadcrumbList","@id":"https:\/\/blogs.thesocialmedia.com\/leblogenergie\/2007\/02\/06\/energie-nuclair\/#breadcrumb","itemListElement":[{"@type":"ListItem","position":1,"name":"Accueil","item":"https:\/\/blogs.thesocialmedia.com\/leblogenergie\/"},{"@type":"ListItem","position":2,"name":"Energie nucl\u00e9aire : d\u00e9veloppement ou d\u00e9clin ?"}]},{"@type":"WebSite","@id":"https:\/\/blogs.thesocialmedia.com\/leblogenergie\/#website","url":"https:\/\/blogs.thesocialmedia.com\/leblogenergie\/","name":"leblogenergie","description":"Just another The Social Media Group Network site","potentialAction":[{"@type":"SearchAction","target":{"@type":"EntryPoint","urlTemplate":"https:\/\/blogs.thesocialmedia.com\/leblogenergie\/?s={search_term_string}"},"query-input":{"@type":"PropertyValueSpecification","valueRequired":true,"valueName":"search_term_string"}}],"inLanguage":"fr-FR"},{"@type":"Person","@id":"https:\/\/blogs.thesocialmedia.com\/leblogenergie\/#\/schema\/person\/348ae2a6d3fa221c5d38a293ee3dba3c","name":"patrick reymond","image":{"@type":"ImageObject","inLanguage":"fr-FR","@id":"https:\/\/blogs.thesocialmedia.com\/leblogenergie\/#\/schema\/person\/image\/","url":"https:\/\/secure.gravatar.com\/avatar\/?s=96&d=mm&r=g","contentUrl":"https:\/\/secure.gravatar.com\/avatar\/?s=96&d=mm&r=g","caption":"patrick reymond"},"url":"https:\/\/blogs.thesocialmedia.com\/leblogenergie\/author\/patrick-reymond\/"}]}},"_links":{"self":[{"href":"https:\/\/blogs.thesocialmedia.com\/leblogenergie\/wp-json\/wp\/v2\/posts\/4414","targetHints":{"allow":["GET"]}}],"collection":[{"href":"https:\/\/blogs.thesocialmedia.com\/leblogenergie\/wp-json\/wp\/v2\/posts"}],"about":[{"href":"https:\/\/blogs.thesocialmedia.com\/leblogenergie\/wp-json\/wp\/v2\/types\/post"}],"author":[{"embeddable":true,"href":"https:\/\/blogs.thesocialmedia.com\/leblogenergie\/wp-json\/wp\/v2\/users\/198"}],"replies":[{"embeddable":true,"href":"https:\/\/blogs.thesocialmedia.com\/leblogenergie\/wp-json\/wp\/v2\/comments?post=4414"}],"version-history":[{"count":2,"href":"https:\/\/blogs.thesocialmedia.com\/leblogenergie\/wp-json\/wp\/v2\/posts\/4414\/revisions"}],"predecessor-version":[{"id":13056,"href":"https:\/\/blogs.thesocialmedia.com\/leblogenergie\/wp-json\/wp\/v2\/posts\/4414\/revisions\/13056"}],"wp:featuredmedia":[{"embeddable":true,"href":"https:\/\/blogs.thesocialmedia.com\/leblogenergie\/wp-json\/wp\/v2\/media\/4946"}],"wp:attachment":[{"href":"https:\/\/blogs.thesocialmedia.com\/leblogenergie\/wp-json\/wp\/v2\/media?parent=4414"}],"wp:term":[{"taxonomy":"category","embeddable":true,"href":"https:\/\/blogs.thesocialmedia.com\/leblogenergie\/wp-json\/wp\/v2\/categories?post=4414"},{"taxonomy":"post_tag","embeddable":true,"href":"https:\/\/blogs.thesocialmedia.com\/leblogenergie\/wp-json\/wp\/v2\/tags?post=4414"}],"curies":[{"name":"wp","href":"https:\/\/api.w.org\/{rel}","templated":true}]}}