{"id":4527,"date":"2006-12-12T21:40:14","date_gmt":"2006-12-12T21:40:14","guid":{"rendered":"http:\/\/blogs.thesocialmedia.com\/leblogenergie\/2006\/12\/12\/combien-pourrai\/"},"modified":"2012-07-12T09:46:24","modified_gmt":"2012-07-12T09:46:24","slug":"combien-pourrai","status":"publish","type":"post","link":"https:\/\/blogs.thesocialmedia.com\/leblogenergie\/2006\/12\/12\/combien-pourrai\/","title":{"rendered":"Combien pourrait consommer une automobile"},"content":{"rendered":"<p><a href=\"http:\/\/blogs.thesocialmedia.com\/leblogenergie\/files\/2012\/07\/photos_pilou_1431.jpg\"><img loading=\"lazy\" decoding=\"async\" width=\"250\" height=\"187\"  alt=\"Photos_pilou_143\" src=\"http:\/\/blogs.thesocialmedia.com\/leblogenergie\/files\/2012\/07\/photos_pilou_143.jpg\" style=\"margin: 0px 5px 5px 0px;float: left\" \/><\/a>Combien pourraient consommer une automobile si elles \u00e9taient construites suivants les voeux des automobilistes :<\/p>\n<p>&quot;Clio I : 1000kg<br \/>Clio II : 1100kg<br \/>Clio III : 1300kg<\/p>\n<p>Megane I : 1150kg<br \/>M\u00e9gane II : 1350kg<\/p>\n<p>alors bien s\u00fbr ces voitures sont plus s\u00fbres.&nbsp; Elles sont surtout plus grosses (une clio III a les dimension d&rsquo;une m\u00e9gane I).<\/p>\n<p>Pour l&rsquo;instant le consommateur veut une grosse voiture s\u00fbre, d&rsquo;o\u00f9 le poids en hausse constante. Si on mettait aujourd&rsquo;hui un 1.4l HDI dernier mod\u00e8le dans une AX de 700 kg, on ne serait certainement pas loin des 2L\/100km.<br \/>Peut \u00eatre que la hausse des <a href=\"http:\/\/www.francecarburants.org\/\">carburants<\/a> conduira \u00e0 un changement de priorit\u00e9s.&quot;<br \/>Nous dis un internaute&#8230; Je rapproche cette note d&rsquo;une autre parue sur une d\u00e9p\u00eache afp de mai.<br \/>A technologie existante on pourrait faire rouler les v\u00e9hicules \u00e0 &#8230;2.4 litres au cent.<br \/>Mais&#8230;<br \/>Les plus grosses marges sont sur les plus gros vehicules, \u00e0 l&rsquo;instar des SUW qui cr\u00e9ent des probl\u00e8mes \u00e0 GM et Ford.<br \/>Le plus gros de la rente p\u00e9troli\u00e8re est confisqu\u00e9 par les \u00e9tats consommateurs.<br \/>Les lobbys \u00e9nerg\u00e9tiques et automobiles ne veulent absolument se faire aucun chagrin mutuel.<\/p>\n<p>Nul probl\u00e8me technique donc pour diviser par 2 la consommation. Mais un probl\u00e8me politique.<br \/>De plus les constructeurs se livrent aussi \u00e0 une inflation de l&rsquo;\u00e9quipement en plus, m\u00eame si l&rsquo;automobiliste n&rsquo;est que peu demandeur.<br \/>Si l&rsquo;on posait la vraie question : voudriez vous, \u00e0 l&rsquo;instar de ce que fit<a href=\"http:\/\/www.citroen.com\/\"> citro\u00ebn<\/a>, une voiture bon march\u00e9, peu gourmande et sans pr\u00e9tention&#8230;<\/p>\n<p>je devine la r\u00e9ponse&#8230;<\/p>\n","protected":false},"excerpt":{"rendered":"<p>Combien pourraient consommer une automobile si elles \u00e9taient construites suivants les voeux des automobilistes : &quot;Clio I : 1000kgClio II : 1100kgClio III : 1300kg Megane I : 1150kgM\u00e9gane II : 1350kg alors bien s\u00fbr ces voitures sont plus s\u00fbres.&nbsp; Elles sont surtout plus grosses (une clio III a les dimension d&rsquo;une m\u00e9gane I). Pour [&hellip;]<\/p>\n","protected":false},"author":198,"featured_media":4724,"comment_status":"open","ping_status":"open","sticky":false,"template":"","format":"standard","meta":{"footnotes":""},"categories":[9],"tags":[2190],"class_list":["post-4527","post","type-post","status-publish","format-standard","has-post-thumbnail","hentry","category-vehicules-ecologiques","tag-carburants-lobbys-energetiques"],"yoast_head":"<!-- This site is optimized with the Yoast SEO plugin v26.0 - https:\/\/yoast.com\/wordpress\/plugins\/seo\/ -->\n<title>Combien pourrait consommer une automobile - leblogenergie.com<\/title>\n<meta name=\"robots\" content=\"index, follow, max-snippet:-1, max-image-preview:large, max-video-preview:-1\" \/>\n<link rel=\"canonical\" href=\"https:\/\/blogs.thesocialmedia.com\/leblogenergie\/2006\/12\/12\/combien-pourrai\/\" \/>\n<meta name=\"twitter:card\" content=\"summary_large_image\" \/>\n<meta name=\"twitter:title\" content=\"Combien pourrait consommer une automobile - leblogenergie.com\" \/>\n<meta name=\"twitter:description\" content=\"Combien pourraient consommer une automobile si elles \u00e9taient construites suivants les voeux des automobilistes : &quot;Clio I : 1000kgClio II : 1100kgClio III : 1300kg Megane I : 1150kgM\u00e9gane II : 1350kg alors bien s\u00fbr ces voitures sont plus s\u00fbres.&nbsp; Elles sont surtout plus grosses (une clio III a les dimension d&rsquo;une m\u00e9gane I). Pour [&hellip;]\" \/>\n<meta name=\"twitter:image\" content=\"https:\/\/blogs.thesocialmedia.com\/leblogenergie\/files\/2012\/07\/photos_pilou_143.jpg\" \/>\n<meta name=\"twitter:label1\" content=\"\u00c9crit par\" \/>\n\t<meta name=\"twitter:data1\" content=\"patrick reymond\" \/>\n\t<meta name=\"twitter:label2\" content=\"Dur\u00e9e de lecture estim\u00e9e\" \/>\n\t<meta name=\"twitter:data2\" content=\"1 minute\" \/>\n<script type=\"application\/ld+json\" class=\"yoast-schema-graph\">{\"@context\":\"https:\/\/schema.org\",\"@graph\":[{\"@type\":\"WebPage\",\"@id\":\"https:\/\/blogs.thesocialmedia.com\/leblogenergie\/2006\/12\/12\/combien-pourrai\/\",\"url\":\"https:\/\/blogs.thesocialmedia.com\/leblogenergie\/2006\/12\/12\/combien-pourrai\/\",\"name\":\"Combien pourrait consommer une automobile - leblogenergie.com\",\"isPartOf\":{\"@id\":\"https:\/\/blogs.thesocialmedia.com\/leblogenergie\/#website\"},\"primaryImageOfPage\":{\"@id\":\"https:\/\/blogs.thesocialmedia.com\/leblogenergie\/2006\/12\/12\/combien-pourrai\/#primaryimage\"},\"image\":{\"@id\":\"https:\/\/blogs.thesocialmedia.com\/leblogenergie\/2006\/12\/12\/combien-pourrai\/#primaryimage\"},\"thumbnailUrl\":\"https:\/\/blogs.thesocialmedia.com\/leblogenergie\/files\/2012\/07\/photos_pilou_143.jpg\",\"datePublished\":\"2006-12-12T21:40:14+00:00\",\"dateModified\":\"2012-07-12T09:46:24+00:00\",\"author\":{\"@id\":\"https:\/\/blogs.thesocialmedia.com\/leblogenergie\/#\/schema\/person\/348ae2a6d3fa221c5d38a293ee3dba3c\"},\"breadcrumb\":{\"@id\":\"https:\/\/blogs.thesocialmedia.com\/leblogenergie\/2006\/12\/12\/combien-pourrai\/#breadcrumb\"},\"inLanguage\":\"fr-FR\",\"potentialAction\":[{\"@type\":\"ReadAction\",\"target\":[\"https:\/\/blogs.thesocialmedia.com\/leblogenergie\/2006\/12\/12\/combien-pourrai\/\"]}]},{\"@type\":\"ImageObject\",\"inLanguage\":\"fr-FR\",\"@id\":\"https:\/\/blogs.thesocialmedia.com\/leblogenergie\/2006\/12\/12\/combien-pourrai\/#primaryimage\",\"url\":\"https:\/\/blogs.thesocialmedia.com\/leblogenergie\/files\/2012\/07\/photos_pilou_143.jpg\",\"contentUrl\":\"https:\/\/blogs.thesocialmedia.com\/leblogenergie\/files\/2012\/07\/photos_pilou_143.jpg\",\"width\":\"250\",\"height\":\"187\"},{\"@type\":\"BreadcrumbList\",\"@id\":\"https:\/\/blogs.thesocialmedia.com\/leblogenergie\/2006\/12\/12\/combien-pourrai\/#breadcrumb\",\"itemListElement\":[{\"@type\":\"ListItem\",\"position\":1,\"name\":\"Accueil\",\"item\":\"https:\/\/blogs.thesocialmedia.com\/leblogenergie\/\"},{\"@type\":\"ListItem\",\"position\":2,\"name\":\"Combien pourrait consommer une automobile\"}]},{\"@type\":\"WebSite\",\"@id\":\"https:\/\/blogs.thesocialmedia.com\/leblogenergie\/#website\",\"url\":\"https:\/\/blogs.thesocialmedia.com\/leblogenergie\/\",\"name\":\"leblogenergie\",\"description\":\"Just another The Social Media Group Network site\",\"potentialAction\":[{\"@type\":\"SearchAction\",\"target\":{\"@type\":\"EntryPoint\",\"urlTemplate\":\"https:\/\/blogs.thesocialmedia.com\/leblogenergie\/?s={search_term_string}\"},\"query-input\":{\"@type\":\"PropertyValueSpecification\",\"valueRequired\":true,\"valueName\":\"search_term_string\"}}],\"inLanguage\":\"fr-FR\"},{\"@type\":\"Person\",\"@id\":\"https:\/\/blogs.thesocialmedia.com\/leblogenergie\/#\/schema\/person\/348ae2a6d3fa221c5d38a293ee3dba3c\",\"name\":\"patrick reymond\",\"image\":{\"@type\":\"ImageObject\",\"inLanguage\":\"fr-FR\",\"@id\":\"https:\/\/blogs.thesocialmedia.com\/leblogenergie\/#\/schema\/person\/image\/\",\"url\":\"https:\/\/secure.gravatar.com\/avatar\/?s=96&d=mm&r=g\",\"contentUrl\":\"https:\/\/secure.gravatar.com\/avatar\/?s=96&d=mm&r=g\",\"caption\":\"patrick reymond\"},\"url\":\"https:\/\/blogs.thesocialmedia.com\/leblogenergie\/author\/patrick-reymond\/\"}]}<\/script>\n<!-- \/ Yoast SEO plugin. -->","yoast_head_json":{"title":"Combien pourrait consommer une automobile - leblogenergie.com","robots":{"index":"index","follow":"follow","max-snippet":"max-snippet:-1","max-image-preview":"max-image-preview:large","max-video-preview":"max-video-preview:-1"},"canonical":"https:\/\/blogs.thesocialmedia.com\/leblogenergie\/2006\/12\/12\/combien-pourrai\/","twitter_card":"summary_large_image","twitter_title":"Combien pourrait consommer une automobile - leblogenergie.com","twitter_description":"Combien pourraient consommer une automobile si elles \u00e9taient construites suivants les voeux des automobilistes : &quot;Clio I : 1000kgClio II : 1100kgClio III : 1300kg Megane I : 1150kgM\u00e9gane II : 1350kg alors bien s\u00fbr ces voitures sont plus s\u00fbres.&nbsp; Elles sont surtout plus grosses (une clio III a les dimension d&rsquo;une m\u00e9gane I). Pour [&hellip;]","twitter_image":"https:\/\/blogs.thesocialmedia.com\/leblogenergie\/files\/2012\/07\/photos_pilou_143.jpg","twitter_misc":{"\u00c9crit par":"patrick reymond","Dur\u00e9e de lecture estim\u00e9e":"1 minute"},"schema":{"@context":"https:\/\/schema.org","@graph":[{"@type":"WebPage","@id":"https:\/\/blogs.thesocialmedia.com\/leblogenergie\/2006\/12\/12\/combien-pourrai\/","url":"https:\/\/blogs.thesocialmedia.com\/leblogenergie\/2006\/12\/12\/combien-pourrai\/","name":"Combien pourrait consommer une automobile - leblogenergie.com","isPartOf":{"@id":"https:\/\/blogs.thesocialmedia.com\/leblogenergie\/#website"},"primaryImageOfPage":{"@id":"https:\/\/blogs.thesocialmedia.com\/leblogenergie\/2006\/12\/12\/combien-pourrai\/#primaryimage"},"image":{"@id":"https:\/\/blogs.thesocialmedia.com\/leblogenergie\/2006\/12\/12\/combien-pourrai\/#primaryimage"},"thumbnailUrl":"https:\/\/blogs.thesocialmedia.com\/leblogenergie\/files\/2012\/07\/photos_pilou_143.jpg","datePublished":"2006-12-12T21:40:14+00:00","dateModified":"2012-07-12T09:46:24+00:00","author":{"@id":"https:\/\/blogs.thesocialmedia.com\/leblogenergie\/#\/schema\/person\/348ae2a6d3fa221c5d38a293ee3dba3c"},"breadcrumb":{"@id":"https:\/\/blogs.thesocialmedia.com\/leblogenergie\/2006\/12\/12\/combien-pourrai\/#breadcrumb"},"inLanguage":"fr-FR","potentialAction":[{"@type":"ReadAction","target":["https:\/\/blogs.thesocialmedia.com\/leblogenergie\/2006\/12\/12\/combien-pourrai\/"]}]},{"@type":"ImageObject","inLanguage":"fr-FR","@id":"https:\/\/blogs.thesocialmedia.com\/leblogenergie\/2006\/12\/12\/combien-pourrai\/#primaryimage","url":"https:\/\/blogs.thesocialmedia.com\/leblogenergie\/files\/2012\/07\/photos_pilou_143.jpg","contentUrl":"https:\/\/blogs.thesocialmedia.com\/leblogenergie\/files\/2012\/07\/photos_pilou_143.jpg","width":"250","height":"187"},{"@type":"BreadcrumbList","@id":"https:\/\/blogs.thesocialmedia.com\/leblogenergie\/2006\/12\/12\/combien-pourrai\/#breadcrumb","itemListElement":[{"@type":"ListItem","position":1,"name":"Accueil","item":"https:\/\/blogs.thesocialmedia.com\/leblogenergie\/"},{"@type":"ListItem","position":2,"name":"Combien pourrait consommer une automobile"}]},{"@type":"WebSite","@id":"https:\/\/blogs.thesocialmedia.com\/leblogenergie\/#website","url":"https:\/\/blogs.thesocialmedia.com\/leblogenergie\/","name":"leblogenergie","description":"Just another The Social Media Group Network site","potentialAction":[{"@type":"SearchAction","target":{"@type":"EntryPoint","urlTemplate":"https:\/\/blogs.thesocialmedia.com\/leblogenergie\/?s={search_term_string}"},"query-input":{"@type":"PropertyValueSpecification","valueRequired":true,"valueName":"search_term_string"}}],"inLanguage":"fr-FR"},{"@type":"Person","@id":"https:\/\/blogs.thesocialmedia.com\/leblogenergie\/#\/schema\/person\/348ae2a6d3fa221c5d38a293ee3dba3c","name":"patrick reymond","image":{"@type":"ImageObject","inLanguage":"fr-FR","@id":"https:\/\/blogs.thesocialmedia.com\/leblogenergie\/#\/schema\/person\/image\/","url":"https:\/\/secure.gravatar.com\/avatar\/?s=96&d=mm&r=g","contentUrl":"https:\/\/secure.gravatar.com\/avatar\/?s=96&d=mm&r=g","caption":"patrick reymond"},"url":"https:\/\/blogs.thesocialmedia.com\/leblogenergie\/author\/patrick-reymond\/"}]}},"_links":{"self":[{"href":"https:\/\/blogs.thesocialmedia.com\/leblogenergie\/wp-json\/wp\/v2\/posts\/4527","targetHints":{"allow":["GET"]}}],"collection":[{"href":"https:\/\/blogs.thesocialmedia.com\/leblogenergie\/wp-json\/wp\/v2\/posts"}],"about":[{"href":"https:\/\/blogs.thesocialmedia.com\/leblogenergie\/wp-json\/wp\/v2\/types\/post"}],"author":[{"embeddable":true,"href":"https:\/\/blogs.thesocialmedia.com\/leblogenergie\/wp-json\/wp\/v2\/users\/198"}],"replies":[{"embeddable":true,"href":"https:\/\/blogs.thesocialmedia.com\/leblogenergie\/wp-json\/wp\/v2\/comments?post=4527"}],"version-history":[{"count":2,"href":"https:\/\/blogs.thesocialmedia.com\/leblogenergie\/wp-json\/wp\/v2\/posts\/4527\/revisions"}],"predecessor-version":[{"id":12847,"href":"https:\/\/blogs.thesocialmedia.com\/leblogenergie\/wp-json\/wp\/v2\/posts\/4527\/revisions\/12847"}],"wp:featuredmedia":[{"embeddable":true,"href":"https:\/\/blogs.thesocialmedia.com\/leblogenergie\/wp-json\/wp\/v2\/media\/4724"}],"wp:attachment":[{"href":"https:\/\/blogs.thesocialmedia.com\/leblogenergie\/wp-json\/wp\/v2\/media?parent=4527"}],"wp:term":[{"taxonomy":"category","embeddable":true,"href":"https:\/\/blogs.thesocialmedia.com\/leblogenergie\/wp-json\/wp\/v2\/categories?post=4527"},{"taxonomy":"post_tag","embeddable":true,"href":"https:\/\/blogs.thesocialmedia.com\/leblogenergie\/wp-json\/wp\/v2\/tags?post=4527"}],"curies":[{"name":"wp","href":"https:\/\/api.w.org\/{rel}","templated":true}]}}