{"id":1101,"date":"2006-02-02T14:07:00","date_gmt":"2006-02-02T14:07:00","guid":{"rendered":"http:\/\/blogs.thesocialmedia.com\/leblogjardin\/2006\/02\/02\/sur-les-chemins\/"},"modified":"2012-08-27T09:54:03","modified_gmt":"2012-08-27T09:54:03","slug":"sur-les-chemins","status":"publish","type":"post","link":"https:\/\/blogs.thesocialmedia.com\/leblogjardin\/2006\/02\/02\/sur-les-chemins\/","title":{"rendered":"Sur les chemins de Compostelle&#8230;"},"content":{"rendered":"<p><a href=\"http:\/\/blogs.thesocialmedia.com\/leblogjardin\/files\/2012\/08\/zaffiche.jpg\"><img loading=\"lazy\" decoding=\"async\" height=\"281\" alt=\"Zaffiche\" src=\"http:\/\/www.leblogjardin.com\/images\/zaffiche.jpg\" width=\"200\"  \/><\/a>Le <u>blog jardin<\/u> sort aujourd&rsquo;hui de son p\u00e9rim\u00e8tre cultiv\u00e9, pour saluer la performance de tous les p\u00e8lerins courageux qui pendant plus de deux mois sillonnent les routes de France et de Navarre pour gagner Saint Jacques de Compostelle. <\/p>\n<p>Sac \u00e0 dos et coquille embl\u00e9matique, b\u00e2ton de p\u00e8lerin et chaussures de marche, le grand sud-ouest est familier de ces silhouettes, qui, courb\u00e9es sous le poids du fardeau, sillonnent les routes d\u00e8s les premiers beaux jours. <\/p>\n<p>Anim\u00e9s d&rsquo;on ne sait quelle force, habit\u00e9s par on ne sait quel courage, surement motiv\u00e9s par quelque imp\u00e9ratif d&rsquo;ordre priv\u00e9 ou religieux, ils sont partis, ont mis leur vie entre parenth\u00e8se, le temps de r\u00e9concilier le corps et l&rsquo;esprit, de se retrouver, ou de se ressourcer, en communion avec la nature. <\/p>\n<p>Partie du Puy-en-Velay, seule, ce qui n&rsquo;est pas facile pour une femme, Marie-lise a relev\u00e9 le d\u00e9fi et atteint Saint Jacques 67 jours plus tard; nous avons eu le plaisir de l&rsquo;accueillir pour une nuit, une br\u00e8ve halte qui ne devait pas casser le rythme&#8230;puis nous l&rsquo;avons remise sur la route, un peu tristes et inquiets aussi de la savoir seule, dormant \u00e0 la belle \u00e9toile sous sa petite tente de fortune; on l&rsquo;a suivie jusqu&rsquo;au bout par t\u00e9l\u00e9phone, admiratifs et heureux pour elle de cette performance.<\/p>\n<p>C&rsquo;est la t\u00eate pleine de cette belle aventure qu&rsquo;elle est rentr\u00e9e chez elle au Touquet ou depuis elle fait partager les \u00e9motions et les images de son long p\u00e9riple au travers de r\u00e9cits et conf\u00e9rences vid\u00e9o.<\/p>\n<p><span title=\"degouy.marylise@neuf.fr\">Pour tout contact: degouy.marylise@neuf.fr<\/span><\/p>\n","protected":false},"excerpt":{"rendered":"<p>Le blog jardin sort aujourd&rsquo;hui de son p\u00e9rim\u00e8tre cultiv\u00e9, pour saluer la performance de tous les p\u00e8lerins courageux qui pendant plus de deux mois sillonnent les routes de France et de Navarre pour gagner Saint Jacques de Compostelle. Sac \u00e0 dos et coquille embl\u00e9matique, b\u00e2ton de p\u00e8lerin et chaussures de marche, le grand sud-ouest est [&hellip;]<\/p>\n","protected":false},"author":358,"featured_media":2557,"comment_status":"open","ping_status":"open","sticky":false,"template":"","format":"standard","meta":{"footnotes":""},"categories":[5],"tags":[],"class_list":["post-1101","post","type-post","status-publish","format-standard","has-post-thumbnail","hentry","category-actualite"],"yoast_head":"<!-- This site is optimized with the Yoast SEO plugin v26.0 - https:\/\/yoast.com\/wordpress\/plugins\/seo\/ -->\n<title>Sur les chemins de Compostelle... - Le blog jardin<\/title>\n<meta name=\"robots\" content=\"index, follow, max-snippet:-1, max-image-preview:large, max-video-preview:-1\" \/>\n<link rel=\"canonical\" href=\"https:\/\/blogs.thesocialmedia.com\/leblogjardin\/2006\/02\/02\/sur-les-chemins\/\" \/>\n<meta property=\"og:locale\" content=\"fr_FR\" \/>\n<meta property=\"og:type\" content=\"article\" \/>\n<meta property=\"og:title\" content=\"Sur les chemins de Compostelle... - Le blog jardin\" \/>\n<meta property=\"og:description\" content=\"Le blog jardin sort aujourd&rsquo;hui de son p\u00e9rim\u00e8tre cultiv\u00e9, pour saluer la performance de tous les p\u00e8lerins courageux qui pendant plus de deux mois sillonnent les routes de France et de Navarre pour gagner Saint Jacques de Compostelle. Sac \u00e0 dos et coquille embl\u00e9matique, b\u00e2ton de p\u00e8lerin et chaussures de marche, le grand sud-ouest est [&hellip;]\" \/>\n<meta property=\"og:url\" content=\"https:\/\/blogs.thesocialmedia.com\/leblogjardin\/2006\/02\/02\/sur-les-chemins\/\" \/>\n<meta property=\"og:site_name\" content=\"Le blog jardin\" \/>\n<meta property=\"article:published_time\" content=\"2006-02-02T14:07:00+00:00\" \/>\n<meta property=\"article:modified_time\" content=\"2012-08-27T09:54:03+00:00\" \/>\n<meta property=\"og:image\" content=\"https:\/\/blogs.thesocialmedia.com\/leblogjardin\/files\/2012\/08\/zaffiche.jpg\" \/>\n\t<meta property=\"og:image:width\" content=\"640\" \/>\n\t<meta property=\"og:image:height\" content=\"900\" \/>\n\t<meta property=\"og:image:type\" content=\"image\/jpeg\" \/>\n<meta name=\"author\" content=\"christine pomart\" \/>\n<meta name=\"twitter:card\" content=\"summary_large_image\" \/>\n<meta name=\"twitter:label1\" content=\"\u00c9crit par\" \/>\n\t<meta name=\"twitter:data1\" content=\"christine pomart\" \/>\n\t<meta name=\"twitter:label2\" content=\"Dur\u00e9e de lecture estim\u00e9e\" \/>\n\t<meta name=\"twitter:data2\" content=\"1 minute\" \/>\n<script type=\"application\/ld+json\" class=\"yoast-schema-graph\">{\"@context\":\"https:\/\/schema.org\",\"@graph\":[{\"@type\":\"WebPage\",\"@id\":\"https:\/\/blogs.thesocialmedia.com\/leblogjardin\/2006\/02\/02\/sur-les-chemins\/\",\"url\":\"https:\/\/blogs.thesocialmedia.com\/leblogjardin\/2006\/02\/02\/sur-les-chemins\/\",\"name\":\"Sur les chemins de Compostelle... - Le blog jardin\",\"isPartOf\":{\"@id\":\"https:\/\/blogs.thesocialmedia.com\/leblogjardin\/#website\"},\"primaryImageOfPage\":{\"@id\":\"https:\/\/blogs.thesocialmedia.com\/leblogjardin\/2006\/02\/02\/sur-les-chemins\/#primaryimage\"},\"image\":{\"@id\":\"https:\/\/blogs.thesocialmedia.com\/leblogjardin\/2006\/02\/02\/sur-les-chemins\/#primaryimage\"},\"thumbnailUrl\":\"https:\/\/blogs.thesocialmedia.com\/leblogjardin\/files\/2012\/08\/zaffiche.jpg\",\"datePublished\":\"2006-02-02T14:07:00+00:00\",\"dateModified\":\"2012-08-27T09:54:03+00:00\",\"author\":{\"@id\":\"https:\/\/blogs.thesocialmedia.com\/leblogjardin\/#\/schema\/person\/44a53c5c5a6b5e6198c25826162635d2\"},\"breadcrumb\":{\"@id\":\"https:\/\/blogs.thesocialmedia.com\/leblogjardin\/2006\/02\/02\/sur-les-chemins\/#breadcrumb\"},\"inLanguage\":\"fr-FR\",\"potentialAction\":[{\"@type\":\"ReadAction\",\"target\":[\"https:\/\/blogs.thesocialmedia.com\/leblogjardin\/2006\/02\/02\/sur-les-chemins\/\"]}]},{\"@type\":\"ImageObject\",\"inLanguage\":\"fr-FR\",\"@id\":\"https:\/\/blogs.thesocialmedia.com\/leblogjardin\/2006\/02\/02\/sur-les-chemins\/#primaryimage\",\"url\":\"https:\/\/blogs.thesocialmedia.com\/leblogjardin\/files\/2012\/08\/zaffiche.jpg\",\"contentUrl\":\"https:\/\/blogs.thesocialmedia.com\/leblogjardin\/files\/2012\/08\/zaffiche.jpg\",\"width\":\"640\",\"height\":\"900\"},{\"@type\":\"BreadcrumbList\",\"@id\":\"https:\/\/blogs.thesocialmedia.com\/leblogjardin\/2006\/02\/02\/sur-les-chemins\/#breadcrumb\",\"itemListElement\":[{\"@type\":\"ListItem\",\"position\":1,\"name\":\"Home\",\"item\":\"https:\/\/blogs.thesocialmedia.com\/leblogjardin\/\"},{\"@type\":\"ListItem\",\"position\":2,\"name\":\"Sur les chemins de Compostelle&#8230;\"}]},{\"@type\":\"WebSite\",\"@id\":\"https:\/\/blogs.thesocialmedia.com\/leblogjardin\/#website\",\"url\":\"https:\/\/blogs.thesocialmedia.com\/leblogjardin\/\",\"name\":\"Le blog jardin\",\"description\":\"Le jardinage \u00e0 port\u00e9e de clic!\",\"potentialAction\":[{\"@type\":\"SearchAction\",\"target\":{\"@type\":\"EntryPoint\",\"urlTemplate\":\"https:\/\/blogs.thesocialmedia.com\/leblogjardin\/?s={search_term_string}\"},\"query-input\":{\"@type\":\"PropertyValueSpecification\",\"valueRequired\":true,\"valueName\":\"search_term_string\"}}],\"inLanguage\":\"fr-FR\"},{\"@type\":\"Person\",\"@id\":\"https:\/\/blogs.thesocialmedia.com\/leblogjardin\/#\/schema\/person\/44a53c5c5a6b5e6198c25826162635d2\",\"name\":\"christine pomart\",\"image\":{\"@type\":\"ImageObject\",\"inLanguage\":\"fr-FR\",\"@id\":\"https:\/\/blogs.thesocialmedia.com\/leblogjardin\/#\/schema\/person\/image\/\",\"url\":\"https:\/\/secure.gravatar.com\/avatar\/?s=96&d=mm&r=g\",\"contentUrl\":\"https:\/\/secure.gravatar.com\/avatar\/?s=96&d=mm&r=g\",\"caption\":\"christine pomart\"},\"url\":\"https:\/\/blogs.thesocialmedia.com\/leblogjardin\/author\/christine-pomart\/\"}]}<\/script>\n<!-- \/ Yoast SEO plugin. -->","yoast_head_json":{"title":"Sur les chemins de Compostelle... - Le blog jardin","robots":{"index":"index","follow":"follow","max-snippet":"max-snippet:-1","max-image-preview":"max-image-preview:large","max-video-preview":"max-video-preview:-1"},"canonical":"https:\/\/blogs.thesocialmedia.com\/leblogjardin\/2006\/02\/02\/sur-les-chemins\/","og_locale":"fr_FR","og_type":"article","og_title":"Sur les chemins de Compostelle... - Le blog jardin","og_description":"Le blog jardin sort aujourd&rsquo;hui de son p\u00e9rim\u00e8tre cultiv\u00e9, pour saluer la performance de tous les p\u00e8lerins courageux qui pendant plus de deux mois sillonnent les routes de France et de Navarre pour gagner Saint Jacques de Compostelle. Sac \u00e0 dos et coquille embl\u00e9matique, b\u00e2ton de p\u00e8lerin et chaussures de marche, le grand sud-ouest est [&hellip;]","og_url":"https:\/\/blogs.thesocialmedia.com\/leblogjardin\/2006\/02\/02\/sur-les-chemins\/","og_site_name":"Le blog jardin","article_published_time":"2006-02-02T14:07:00+00:00","article_modified_time":"2012-08-27T09:54:03+00:00","og_image":[{"width":640,"height":900,"url":"https:\/\/blogs.thesocialmedia.com\/leblogjardin\/files\/2012\/08\/zaffiche.jpg","type":"image\/jpeg"}],"author":"christine pomart","twitter_card":"summary_large_image","twitter_misc":{"\u00c9crit par":"christine pomart","Dur\u00e9e de lecture estim\u00e9e":"1 minute"},"schema":{"@context":"https:\/\/schema.org","@graph":[{"@type":"WebPage","@id":"https:\/\/blogs.thesocialmedia.com\/leblogjardin\/2006\/02\/02\/sur-les-chemins\/","url":"https:\/\/blogs.thesocialmedia.com\/leblogjardin\/2006\/02\/02\/sur-les-chemins\/","name":"Sur les chemins de Compostelle... - Le blog jardin","isPartOf":{"@id":"https:\/\/blogs.thesocialmedia.com\/leblogjardin\/#website"},"primaryImageOfPage":{"@id":"https:\/\/blogs.thesocialmedia.com\/leblogjardin\/2006\/02\/02\/sur-les-chemins\/#primaryimage"},"image":{"@id":"https:\/\/blogs.thesocialmedia.com\/leblogjardin\/2006\/02\/02\/sur-les-chemins\/#primaryimage"},"thumbnailUrl":"https:\/\/blogs.thesocialmedia.com\/leblogjardin\/files\/2012\/08\/zaffiche.jpg","datePublished":"2006-02-02T14:07:00+00:00","dateModified":"2012-08-27T09:54:03+00:00","author":{"@id":"https:\/\/blogs.thesocialmedia.com\/leblogjardin\/#\/schema\/person\/44a53c5c5a6b5e6198c25826162635d2"},"breadcrumb":{"@id":"https:\/\/blogs.thesocialmedia.com\/leblogjardin\/2006\/02\/02\/sur-les-chemins\/#breadcrumb"},"inLanguage":"fr-FR","potentialAction":[{"@type":"ReadAction","target":["https:\/\/blogs.thesocialmedia.com\/leblogjardin\/2006\/02\/02\/sur-les-chemins\/"]}]},{"@type":"ImageObject","inLanguage":"fr-FR","@id":"https:\/\/blogs.thesocialmedia.com\/leblogjardin\/2006\/02\/02\/sur-les-chemins\/#primaryimage","url":"https:\/\/blogs.thesocialmedia.com\/leblogjardin\/files\/2012\/08\/zaffiche.jpg","contentUrl":"https:\/\/blogs.thesocialmedia.com\/leblogjardin\/files\/2012\/08\/zaffiche.jpg","width":"640","height":"900"},{"@type":"BreadcrumbList","@id":"https:\/\/blogs.thesocialmedia.com\/leblogjardin\/2006\/02\/02\/sur-les-chemins\/#breadcrumb","itemListElement":[{"@type":"ListItem","position":1,"name":"Home","item":"https:\/\/blogs.thesocialmedia.com\/leblogjardin\/"},{"@type":"ListItem","position":2,"name":"Sur les chemins de Compostelle&#8230;"}]},{"@type":"WebSite","@id":"https:\/\/blogs.thesocialmedia.com\/leblogjardin\/#website","url":"https:\/\/blogs.thesocialmedia.com\/leblogjardin\/","name":"Le blog jardin","description":"Le jardinage \u00e0 port\u00e9e de clic!","potentialAction":[{"@type":"SearchAction","target":{"@type":"EntryPoint","urlTemplate":"https:\/\/blogs.thesocialmedia.com\/leblogjardin\/?s={search_term_string}"},"query-input":{"@type":"PropertyValueSpecification","valueRequired":true,"valueName":"search_term_string"}}],"inLanguage":"fr-FR"},{"@type":"Person","@id":"https:\/\/blogs.thesocialmedia.com\/leblogjardin\/#\/schema\/person\/44a53c5c5a6b5e6198c25826162635d2","name":"christine pomart","image":{"@type":"ImageObject","inLanguage":"fr-FR","@id":"https:\/\/blogs.thesocialmedia.com\/leblogjardin\/#\/schema\/person\/image\/","url":"https:\/\/secure.gravatar.com\/avatar\/?s=96&d=mm&r=g","contentUrl":"https:\/\/secure.gravatar.com\/avatar\/?s=96&d=mm&r=g","caption":"christine pomart"},"url":"https:\/\/blogs.thesocialmedia.com\/leblogjardin\/author\/christine-pomart\/"}]}},"_links":{"self":[{"href":"https:\/\/blogs.thesocialmedia.com\/leblogjardin\/wp-json\/wp\/v2\/posts\/1101","targetHints":{"allow":["GET"]}}],"collection":[{"href":"https:\/\/blogs.thesocialmedia.com\/leblogjardin\/wp-json\/wp\/v2\/posts"}],"about":[{"href":"https:\/\/blogs.thesocialmedia.com\/leblogjardin\/wp-json\/wp\/v2\/types\/post"}],"author":[{"embeddable":true,"href":"https:\/\/blogs.thesocialmedia.com\/leblogjardin\/wp-json\/wp\/v2\/users\/358"}],"replies":[{"embeddable":true,"href":"https:\/\/blogs.thesocialmedia.com\/leblogjardin\/wp-json\/wp\/v2\/comments?post=1101"}],"version-history":[{"count":1,"href":"https:\/\/blogs.thesocialmedia.com\/leblogjardin\/wp-json\/wp\/v2\/posts\/1101\/revisions"}],"predecessor-version":[{"id":2558,"href":"https:\/\/blogs.thesocialmedia.com\/leblogjardin\/wp-json\/wp\/v2\/posts\/1101\/revisions\/2558"}],"wp:featuredmedia":[{"embeddable":true,"href":"https:\/\/blogs.thesocialmedia.com\/leblogjardin\/wp-json\/wp\/v2\/media\/2557"}],"wp:attachment":[{"href":"https:\/\/blogs.thesocialmedia.com\/leblogjardin\/wp-json\/wp\/v2\/media?parent=1101"}],"wp:term":[{"taxonomy":"category","embeddable":true,"href":"https:\/\/blogs.thesocialmedia.com\/leblogjardin\/wp-json\/wp\/v2\/categories?post=1101"},{"taxonomy":"post_tag","embeddable":true,"href":"https:\/\/blogs.thesocialmedia.com\/leblogjardin\/wp-json\/wp\/v2\/tags?post=1101"}],"curies":[{"name":"wp","href":"https:\/\/api.w.org\/{rel}","templated":true}]}}