{"id":126,"date":"2009-02-24T18:59:59","date_gmt":"2009-02-24T18:59:59","guid":{"rendered":"http:\/\/blogs.thesocialmedia.com\/leblogjardin\/2009\/02\/24\/petites-violett\/"},"modified":"2012-08-27T10:35:04","modified_gmt":"2012-08-27T10:35:04","slug":"petites-violett","status":"publish","type":"post","link":"https:\/\/blogs.thesocialmedia.com\/leblogjardin\/2009\/02\/24\/petites-violett\/","title":{"rendered":"Petites violettes odorantes"},"content":{"rendered":"<p><a href=\"http:\/\/blogs.thesocialmedia.com\/leblogjardin\/files\/2012\/08\/violettes.png\"><img loading=\"lazy\" decoding=\"async\" height=\"181\"  width=\"280\" src=\"http:\/\/www.leblogjardin.com\/images\/2009\/02\/24\/violettes.png\" alt=\"Violettes\" style=\"margin: 0px 5px 5px 0px;float: left\" \/><\/a> Les voil\u00e0 de nouveau en fleurs ces <a href=\"http:\/\/www.leblogjardin.com\/2008\/03\/violettes.html\">petites violettes<\/a> toutes simples qui chaque ann\u00e9e forment un joli tapis dans un endroit abrit\u00e9 et quelque peu ombrag\u00e9 du jardin. <a href=\"http:\/\/www.couplan.com\/pc\/francais\/dossiers\/plantes\/violette.htm\">les violettes odorantes<\/a>&nbsp; ont un parfum&nbsp; tr\u00e9s reconnaissable il est doux et discret, vous pouvez confectionner un bouquet de ces fleurs il embaumera votre maison sans \u00eatre ent\u00eatant.<\/p>\n<p>Pour que votre bouquet soit r\u00e9ussi, cueillez chaque tige en la pin\u00e7ant avec les doigts au ras du sol, faites un ensemble assez serr\u00e9 et entourez-le de feuilles de violas pour parfaire l&rsquo;effet d\u00e9coratif de votre r\u00e9alisation.<\/p>\n<p>Les pens\u00e9es et<a href=\"http:\/\/environnement.ecoles.free.fr\/Jardin_jardinage\/violette.htm\"> les violettes<\/a> sont toutes les deux des violas, elles se c\u00f4toient avec bonheur dans les jardini\u00e8res et pour peu que vous ayez eu la bonne id\u00e9e de leur adjoindre quelques tulipes, votre terrasse ou votre balcon doivent \u00eatre bien color\u00e9s.<\/p>\n<p>Vous les avez plant\u00e9es en automne? Parfait, elles sont bien install\u00e9es maintenant et commencent \u00e0 fleurir, elles vont se d\u00e9velopper, \u00e9mettre des stolons qui donneront d&rsquo;autres pieds ce qui fait que la plante d&rsquo;origine va s&rsquo;\u00e9tendre et gagner du terrain, faisant un beau tapis de fleurs mauve-violet.<\/p>\n<p>Vous pourrez le moment venu,&nbsp; d\u00e9tacher ces nouvelles plantes du pied m\u00e8re afin de les transplanter ailleurs, elles reprendront sans aucun probl\u00e8me.<\/p>\n<p>Et quand vous aurez des violettes en grand nombre, pensez \u00e0 les utiliser en<a href=\"http:\/\/lesjardinsdeve.midiblogs.com\/archive\/2008\/03\/13\/violettes-cristallisees.html\"> cuisine<\/a> elles y ont leur place!<\/p>\n","protected":false},"excerpt":{"rendered":"<p>Les voil\u00e0 de nouveau en fleurs ces petites violettes toutes simples qui chaque ann\u00e9e forment un joli tapis dans un endroit abrit\u00e9 et quelque peu ombrag\u00e9 du jardin. les violettes odorantes&nbsp; ont un parfum&nbsp; tr\u00e9s reconnaissable il est doux et discret, vous pouvez confectionner un bouquet de ces fleurs il embaumera votre maison sans \u00eatre [&hellip;]<\/p>\n","protected":false},"author":354,"featured_media":4465,"comment_status":"open","ping_status":"open","sticky":false,"template":"","format":"standard","meta":{"footnotes":""},"categories":[23,11,3,10,13,4],"tags":[],"class_list":["post-126","post","type-post","status-publish","format-standard","has-post-thumbnail","hentry","category-bouquet","category-ennemis-et-maladies","category-fleurs","category-les-bons-trucs","category-plantes","category-vivaces"],"yoast_head":"<!-- This site is optimized with the Yoast SEO plugin v26.0 - https:\/\/yoast.com\/wordpress\/plugins\/seo\/ -->\n<title>Petites violettes odorantes - Le blog jardin<\/title>\n<meta name=\"robots\" content=\"index, follow, max-snippet:-1, max-image-preview:large, max-video-preview:-1\" \/>\n<link rel=\"canonical\" href=\"https:\/\/blogs.thesocialmedia.com\/leblogjardin\/2009\/02\/24\/petites-violett\/\" \/>\n<meta property=\"og:locale\" content=\"fr_FR\" \/>\n<meta property=\"og:type\" content=\"article\" \/>\n<meta property=\"og:title\" content=\"Petites violettes odorantes - Le blog jardin\" \/>\n<meta property=\"og:description\" content=\"Les voil\u00e0 de nouveau en fleurs ces petites violettes toutes simples qui chaque ann\u00e9e forment un joli tapis dans un endroit abrit\u00e9 et quelque peu ombrag\u00e9 du jardin. les violettes odorantes&nbsp; ont un parfum&nbsp; tr\u00e9s reconnaissable il est doux et discret, vous pouvez confectionner un bouquet de ces fleurs il embaumera votre maison sans \u00eatre [&hellip;]\" \/>\n<meta property=\"og:url\" content=\"https:\/\/blogs.thesocialmedia.com\/leblogjardin\/2009\/02\/24\/petites-violett\/\" \/>\n<meta property=\"og:site_name\" content=\"Le blog jardin\" \/>\n<meta property=\"article:published_time\" content=\"2009-02-24T18:59:59+00:00\" \/>\n<meta property=\"article:modified_time\" content=\"2012-08-27T10:35:04+00:00\" \/>\n<meta property=\"og:image\" content=\"https:\/\/blogs.thesocialmedia.com\/leblogjardin\/files\/2012\/08\/violettes.png\" \/>\n\t<meta property=\"og:image:width\" content=\"640\" \/>\n\t<meta property=\"og:image:height\" content=\"414\" \/>\n\t<meta property=\"og:image:type\" content=\"image\/png\" \/>\n<meta name=\"author\" content=\"evelyne vigier\" \/>\n<meta name=\"twitter:card\" content=\"summary_large_image\" \/>\n<meta name=\"twitter:label1\" content=\"\u00c9crit par\" \/>\n\t<meta name=\"twitter:data1\" content=\"evelyne vigier\" \/>\n\t<meta name=\"twitter:label2\" content=\"Dur\u00e9e de lecture estim\u00e9e\" \/>\n\t<meta name=\"twitter:data2\" content=\"1 minute\" \/>\n<script type=\"application\/ld+json\" class=\"yoast-schema-graph\">{\"@context\":\"https:\/\/schema.org\",\"@graph\":[{\"@type\":\"WebPage\",\"@id\":\"https:\/\/blogs.thesocialmedia.com\/leblogjardin\/2009\/02\/24\/petites-violett\/\",\"url\":\"https:\/\/blogs.thesocialmedia.com\/leblogjardin\/2009\/02\/24\/petites-violett\/\",\"name\":\"Petites violettes odorantes - Le blog jardin\",\"isPartOf\":{\"@id\":\"https:\/\/blogs.thesocialmedia.com\/leblogjardin\/#website\"},\"primaryImageOfPage\":{\"@id\":\"https:\/\/blogs.thesocialmedia.com\/leblogjardin\/2009\/02\/24\/petites-violett\/#primaryimage\"},\"image\":{\"@id\":\"https:\/\/blogs.thesocialmedia.com\/leblogjardin\/2009\/02\/24\/petites-violett\/#primaryimage\"},\"thumbnailUrl\":\"https:\/\/blogs.thesocialmedia.com\/leblogjardin\/files\/2012\/08\/violettes.png\",\"datePublished\":\"2009-02-24T18:59:59+00:00\",\"dateModified\":\"2012-08-27T10:35:04+00:00\",\"author\":{\"@id\":\"https:\/\/blogs.thesocialmedia.com\/leblogjardin\/#\/schema\/person\/8655b0d52a2d3caaf4f457e7831c6aaf\"},\"breadcrumb\":{\"@id\":\"https:\/\/blogs.thesocialmedia.com\/leblogjardin\/2009\/02\/24\/petites-violett\/#breadcrumb\"},\"inLanguage\":\"fr-FR\",\"potentialAction\":[{\"@type\":\"ReadAction\",\"target\":[\"https:\/\/blogs.thesocialmedia.com\/leblogjardin\/2009\/02\/24\/petites-violett\/\"]}]},{\"@type\":\"ImageObject\",\"inLanguage\":\"fr-FR\",\"@id\":\"https:\/\/blogs.thesocialmedia.com\/leblogjardin\/2009\/02\/24\/petites-violett\/#primaryimage\",\"url\":\"https:\/\/blogs.thesocialmedia.com\/leblogjardin\/files\/2012\/08\/violettes.png\",\"contentUrl\":\"https:\/\/blogs.thesocialmedia.com\/leblogjardin\/files\/2012\/08\/violettes.png\",\"width\":\"640\",\"height\":\"414\"},{\"@type\":\"BreadcrumbList\",\"@id\":\"https:\/\/blogs.thesocialmedia.com\/leblogjardin\/2009\/02\/24\/petites-violett\/#breadcrumb\",\"itemListElement\":[{\"@type\":\"ListItem\",\"position\":1,\"name\":\"Home\",\"item\":\"https:\/\/blogs.thesocialmedia.com\/leblogjardin\/\"},{\"@type\":\"ListItem\",\"position\":2,\"name\":\"Petites violettes odorantes\"}]},{\"@type\":\"WebSite\",\"@id\":\"https:\/\/blogs.thesocialmedia.com\/leblogjardin\/#website\",\"url\":\"https:\/\/blogs.thesocialmedia.com\/leblogjardin\/\",\"name\":\"Le blog jardin\",\"description\":\"Le jardinage \u00e0 port\u00e9e de clic!\",\"potentialAction\":[{\"@type\":\"SearchAction\",\"target\":{\"@type\":\"EntryPoint\",\"urlTemplate\":\"https:\/\/blogs.thesocialmedia.com\/leblogjardin\/?s={search_term_string}\"},\"query-input\":{\"@type\":\"PropertyValueSpecification\",\"valueRequired\":true,\"valueName\":\"search_term_string\"}}],\"inLanguage\":\"fr-FR\"},{\"@type\":\"Person\",\"@id\":\"https:\/\/blogs.thesocialmedia.com\/leblogjardin\/#\/schema\/person\/8655b0d52a2d3caaf4f457e7831c6aaf\",\"name\":\"evelyne vigier\",\"image\":{\"@type\":\"ImageObject\",\"inLanguage\":\"fr-FR\",\"@id\":\"https:\/\/blogs.thesocialmedia.com\/leblogjardin\/#\/schema\/person\/image\/\",\"url\":\"https:\/\/secure.gravatar.com\/avatar\/?s=96&d=mm&r=g\",\"contentUrl\":\"https:\/\/secure.gravatar.com\/avatar\/?s=96&d=mm&r=g\",\"caption\":\"evelyne vigier\"},\"url\":\"https:\/\/blogs.thesocialmedia.com\/leblogjardin\/author\/evelyne-vigier\/\"}]}<\/script>\n<!-- \/ Yoast SEO plugin. -->","yoast_head_json":{"title":"Petites violettes odorantes - Le blog jardin","robots":{"index":"index","follow":"follow","max-snippet":"max-snippet:-1","max-image-preview":"max-image-preview:large","max-video-preview":"max-video-preview:-1"},"canonical":"https:\/\/blogs.thesocialmedia.com\/leblogjardin\/2009\/02\/24\/petites-violett\/","og_locale":"fr_FR","og_type":"article","og_title":"Petites violettes odorantes - Le blog jardin","og_description":"Les voil\u00e0 de nouveau en fleurs ces petites violettes toutes simples qui chaque ann\u00e9e forment un joli tapis dans un endroit abrit\u00e9 et quelque peu ombrag\u00e9 du jardin. les violettes odorantes&nbsp; ont un parfum&nbsp; tr\u00e9s reconnaissable il est doux et discret, vous pouvez confectionner un bouquet de ces fleurs il embaumera votre maison sans \u00eatre [&hellip;]","og_url":"https:\/\/blogs.thesocialmedia.com\/leblogjardin\/2009\/02\/24\/petites-violett\/","og_site_name":"Le blog jardin","article_published_time":"2009-02-24T18:59:59+00:00","article_modified_time":"2012-08-27T10:35:04+00:00","og_image":[{"width":640,"height":414,"url":"https:\/\/blogs.thesocialmedia.com\/leblogjardin\/files\/2012\/08\/violettes.png","type":"image\/png"}],"author":"evelyne vigier","twitter_card":"summary_large_image","twitter_misc":{"\u00c9crit par":"evelyne vigier","Dur\u00e9e de lecture estim\u00e9e":"1 minute"},"schema":{"@context":"https:\/\/schema.org","@graph":[{"@type":"WebPage","@id":"https:\/\/blogs.thesocialmedia.com\/leblogjardin\/2009\/02\/24\/petites-violett\/","url":"https:\/\/blogs.thesocialmedia.com\/leblogjardin\/2009\/02\/24\/petites-violett\/","name":"Petites violettes odorantes - Le blog jardin","isPartOf":{"@id":"https:\/\/blogs.thesocialmedia.com\/leblogjardin\/#website"},"primaryImageOfPage":{"@id":"https:\/\/blogs.thesocialmedia.com\/leblogjardin\/2009\/02\/24\/petites-violett\/#primaryimage"},"image":{"@id":"https:\/\/blogs.thesocialmedia.com\/leblogjardin\/2009\/02\/24\/petites-violett\/#primaryimage"},"thumbnailUrl":"https:\/\/blogs.thesocialmedia.com\/leblogjardin\/files\/2012\/08\/violettes.png","datePublished":"2009-02-24T18:59:59+00:00","dateModified":"2012-08-27T10:35:04+00:00","author":{"@id":"https:\/\/blogs.thesocialmedia.com\/leblogjardin\/#\/schema\/person\/8655b0d52a2d3caaf4f457e7831c6aaf"},"breadcrumb":{"@id":"https:\/\/blogs.thesocialmedia.com\/leblogjardin\/2009\/02\/24\/petites-violett\/#breadcrumb"},"inLanguage":"fr-FR","potentialAction":[{"@type":"ReadAction","target":["https:\/\/blogs.thesocialmedia.com\/leblogjardin\/2009\/02\/24\/petites-violett\/"]}]},{"@type":"ImageObject","inLanguage":"fr-FR","@id":"https:\/\/blogs.thesocialmedia.com\/leblogjardin\/2009\/02\/24\/petites-violett\/#primaryimage","url":"https:\/\/blogs.thesocialmedia.com\/leblogjardin\/files\/2012\/08\/violettes.png","contentUrl":"https:\/\/blogs.thesocialmedia.com\/leblogjardin\/files\/2012\/08\/violettes.png","width":"640","height":"414"},{"@type":"BreadcrumbList","@id":"https:\/\/blogs.thesocialmedia.com\/leblogjardin\/2009\/02\/24\/petites-violett\/#breadcrumb","itemListElement":[{"@type":"ListItem","position":1,"name":"Home","item":"https:\/\/blogs.thesocialmedia.com\/leblogjardin\/"},{"@type":"ListItem","position":2,"name":"Petites violettes odorantes"}]},{"@type":"WebSite","@id":"https:\/\/blogs.thesocialmedia.com\/leblogjardin\/#website","url":"https:\/\/blogs.thesocialmedia.com\/leblogjardin\/","name":"Le blog jardin","description":"Le jardinage \u00e0 port\u00e9e de clic!","potentialAction":[{"@type":"SearchAction","target":{"@type":"EntryPoint","urlTemplate":"https:\/\/blogs.thesocialmedia.com\/leblogjardin\/?s={search_term_string}"},"query-input":{"@type":"PropertyValueSpecification","valueRequired":true,"valueName":"search_term_string"}}],"inLanguage":"fr-FR"},{"@type":"Person","@id":"https:\/\/blogs.thesocialmedia.com\/leblogjardin\/#\/schema\/person\/8655b0d52a2d3caaf4f457e7831c6aaf","name":"evelyne vigier","image":{"@type":"ImageObject","inLanguage":"fr-FR","@id":"https:\/\/blogs.thesocialmedia.com\/leblogjardin\/#\/schema\/person\/image\/","url":"https:\/\/secure.gravatar.com\/avatar\/?s=96&d=mm&r=g","contentUrl":"https:\/\/secure.gravatar.com\/avatar\/?s=96&d=mm&r=g","caption":"evelyne vigier"},"url":"https:\/\/blogs.thesocialmedia.com\/leblogjardin\/author\/evelyne-vigier\/"}]}},"_links":{"self":[{"href":"https:\/\/blogs.thesocialmedia.com\/leblogjardin\/wp-json\/wp\/v2\/posts\/126","targetHints":{"allow":["GET"]}}],"collection":[{"href":"https:\/\/blogs.thesocialmedia.com\/leblogjardin\/wp-json\/wp\/v2\/posts"}],"about":[{"href":"https:\/\/blogs.thesocialmedia.com\/leblogjardin\/wp-json\/wp\/v2\/types\/post"}],"author":[{"embeddable":true,"href":"https:\/\/blogs.thesocialmedia.com\/leblogjardin\/wp-json\/wp\/v2\/users\/354"}],"replies":[{"embeddable":true,"href":"https:\/\/blogs.thesocialmedia.com\/leblogjardin\/wp-json\/wp\/v2\/comments?post=126"}],"version-history":[{"count":1,"href":"https:\/\/blogs.thesocialmedia.com\/leblogjardin\/wp-json\/wp\/v2\/posts\/126\/revisions"}],"predecessor-version":[{"id":4466,"href":"https:\/\/blogs.thesocialmedia.com\/leblogjardin\/wp-json\/wp\/v2\/posts\/126\/revisions\/4466"}],"wp:featuredmedia":[{"embeddable":true,"href":"https:\/\/blogs.thesocialmedia.com\/leblogjardin\/wp-json\/wp\/v2\/media\/4465"}],"wp:attachment":[{"href":"https:\/\/blogs.thesocialmedia.com\/leblogjardin\/wp-json\/wp\/v2\/media?parent=126"}],"wp:term":[{"taxonomy":"category","embeddable":true,"href":"https:\/\/blogs.thesocialmedia.com\/leblogjardin\/wp-json\/wp\/v2\/categories?post=126"},{"taxonomy":"post_tag","embeddable":true,"href":"https:\/\/blogs.thesocialmedia.com\/leblogjardin\/wp-json\/wp\/v2\/tags?post=126"}],"curies":[{"name":"wp","href":"https:\/\/api.w.org\/{rel}","templated":true}]}}