{"id":146,"date":"2009-02-02T17:21:31","date_gmt":"2009-02-02T17:21:31","guid":{"rendered":"http:\/\/blogs.thesocialmedia.com\/leblogjardin\/2009\/02\/02\/fvrier-au-jardi\/"},"modified":"2012-08-27T10:33:49","modified_gmt":"2012-08-27T10:33:49","slug":"fvrier-au-jardi","status":"publish","type":"post","link":"https:\/\/blogs.thesocialmedia.com\/leblogjardin\/2009\/02\/02\/fvrier-au-jardi\/","title":{"rendered":"F\u00e9vrier au jardin"},"content":{"rendered":"<p><a href=\"http:\/\/blogs.thesocialmedia.com\/leblogjardin\/files\/2012\/08\/fevrier2.png\"><img loading=\"lazy\" decoding=\"async\" height=\"326\"  width=\"280\" alt=\"Fevrier2\" src=\"http:\/\/www.leblogjardin.com\/images\/2009\/01\/31\/fevrier2.png\" style=\"margin: 0px 5px 5px 0px;float: left\" \/><\/a> L&rsquo;hiver n&rsquo;est pas fini, mais il est bien entam\u00e9 et comme les jours rallongent, les envies de jardinage nous prennent d\u00e9s que le soleil est pr\u00e9sent. C&rsquo;est un appel irr\u00e9sistible qui touche tous les passionn\u00e9s de plantes et ils sont nombreux, et je vous assure que je ne suis pas la derni\u00e8re!<\/p>\n<p>Bref, il faut que je vous parle de ce que vous pouvez commencer \u00e0 faire au jardin mais attention, pas question de planter ou <a href=\"http:\/\/www.france5.fr\/silence-ca-pousse\/silence-ca-pousse-conseils.php?id_article=56\">de tailler<\/a> s&rsquo;il g\u00e8le, donc si c&rsquo;est le cas chez vous, une seule consigne : attendre.<\/p>\n<p><a href=\"http:\/\/www.leblogjardin.com\/2008\/02\/fvrier-au-jardi.html\"> F\u00e9vrier<\/a> est un mois dont il faut se m\u00e9fier car il peut-\u00eatre cl\u00e9ment certains jours et rude d&rsquo;autres, les gel\u00e9es sont souvent l\u00e0 et il vaut mieux se montrer prudent.<\/p>\n<p>Par temps doux vous allez pouvoir effectuer certains travaux notamment : terminer la plantation et la taille des arbres fruitiers, taillez aussi les arbustes d&rsquo;ornement \u00e0 floraison estivale ( buddleia, hortensias, alt\u00e9as), mais ne touchez surtout pas \u00e0 ceux qui vont fleurir au printemps sinon vous n&rsquo;aurez pas de fleurs cette ann\u00e9e.<\/p>\n<p>D\u00e9sherbez les massifs de <a href=\"http:\/\/www.plantes-et-jardins.com\/magazine\/fiches\/fiche.asp?id_fiche=42\">vivaces<\/a> et de bisannuelles laiss\u00e9es en place, faites la m\u00eame chose pour les all\u00e9es avant que les mauvaises herbes ne soient trop d\u00e9velopp\u00e9es et plus difficiles \u00e0 enlever. <br \/>Commencez \u00e0 mettre en terre les vivaces rustiques qui peuvent l&rsquo;\u00eatre en ce moment comme les <a href=\"http:\/\/lesjardinsdeve.midiblogs.com\/tag\/primevere\">primev\u00e8res<\/a> et&nbsp; les sauges, installez les lys et divisez les vivaces \u00e0 floraison estivale comme les cor\u00e9opsis ou les marguerites.<\/p>\n<p>Les grimpantes ont aussi besoin de vos soins, c&rsquo;est en f\u00e9vrier et par temps doux qu&rsquo;on taille les <a href=\"http:\/\/www.gralon.net\/articles\/maison-et-jardin\/jardin\/article-la-glycine---conseils-de-culture--taille-et-marcottage-1768.htm\">glycine<\/a>s et les cl\u00e9matites qui fleurissent l&rsquo;\u00e9t\u00e9, cette op\u00e9ration va leur permettre d&rsquo;\u00e9mettre des tiges florif\u00e8res.<br \/>Enfin, c&rsquo;est le bon moment pour traiter pr\u00e9ventivement les arbres et arbustes en effectuant des pulv\u00e9risations de bouillie bordelaise.<\/p>\n<p>Allez, il ne vous reste plus qu&rsquo;\u00e0 guetter le temps pour vous mettre au travail!<\/p>\n","protected":false},"excerpt":{"rendered":"<p>L&rsquo;hiver n&rsquo;est pas fini, mais il est bien entam\u00e9 et comme les jours rallongent, les envies de jardinage nous prennent d\u00e9s que le soleil est pr\u00e9sent. C&rsquo;est un appel irr\u00e9sistible qui touche tous les passionn\u00e9s de plantes et ils sont nombreux, et je vous assure que je ne suis pas la derni\u00e8re! Bref, il faut [&hellip;]<\/p>\n","protected":false},"author":354,"featured_media":4425,"comment_status":"open","ping_status":"open","sticky":false,"template":"","format":"standard","meta":{"footnotes":""},"categories":[5,6,3,10,13,9,7,28,20,4],"tags":[],"class_list":["post-146","post","type-post","status-publish","format-standard","has-post-thumbnail","hentry","category-actualite","category-arbres","category-fleurs","category-les-bons-trucs","category-plantes","category-plantes-grimpantes","category-saison","category-traitements","category-travaux-de-jardin","category-vivaces"],"yoast_head":"<!-- This site is optimized with the Yoast SEO plugin v26.0 - https:\/\/yoast.com\/wordpress\/plugins\/seo\/ -->\n<title>F\u00e9vrier au jardin - Le blog jardin<\/title>\n<meta name=\"robots\" content=\"index, follow, max-snippet:-1, max-image-preview:large, max-video-preview:-1\" \/>\n<link rel=\"canonical\" href=\"https:\/\/blogs.thesocialmedia.com\/leblogjardin\/2009\/02\/02\/fvrier-au-jardi\/\" \/>\n<meta property=\"og:locale\" content=\"fr_FR\" \/>\n<meta property=\"og:type\" content=\"article\" \/>\n<meta property=\"og:title\" content=\"F\u00e9vrier au jardin - Le blog jardin\" \/>\n<meta property=\"og:description\" content=\"L&rsquo;hiver n&rsquo;est pas fini, mais il est bien entam\u00e9 et comme les jours rallongent, les envies de jardinage nous prennent d\u00e9s que le soleil est pr\u00e9sent. C&rsquo;est un appel irr\u00e9sistible qui touche tous les passionn\u00e9s de plantes et ils sont nombreux, et je vous assure que je ne suis pas la derni\u00e8re! Bref, il faut [&hellip;]\" \/>\n<meta property=\"og:url\" content=\"https:\/\/blogs.thesocialmedia.com\/leblogjardin\/2009\/02\/02\/fvrier-au-jardi\/\" \/>\n<meta property=\"og:site_name\" content=\"Le blog jardin\" \/>\n<meta property=\"article:published_time\" content=\"2009-02-02T17:21:31+00:00\" \/>\n<meta property=\"article:modified_time\" content=\"2012-08-27T10:33:49+00:00\" \/>\n<meta property=\"og:image\" content=\"https:\/\/blogs.thesocialmedia.com\/leblogjardin\/files\/2012\/08\/fevrier2.png\" \/>\n\t<meta property=\"og:image:width\" content=\"443\" \/>\n\t<meta property=\"og:image:height\" content=\"516\" \/>\n\t<meta property=\"og:image:type\" content=\"image\/png\" \/>\n<meta name=\"author\" content=\"evelyne vigier\" \/>\n<meta name=\"twitter:card\" content=\"summary_large_image\" \/>\n<meta name=\"twitter:label1\" content=\"\u00c9crit par\" \/>\n\t<meta name=\"twitter:data1\" content=\"evelyne vigier\" \/>\n\t<meta name=\"twitter:label2\" content=\"Dur\u00e9e de lecture estim\u00e9e\" \/>\n\t<meta name=\"twitter:data2\" content=\"2 minutes\" \/>\n<script type=\"application\/ld+json\" class=\"yoast-schema-graph\">{\"@context\":\"https:\/\/schema.org\",\"@graph\":[{\"@type\":\"WebPage\",\"@id\":\"https:\/\/blogs.thesocialmedia.com\/leblogjardin\/2009\/02\/02\/fvrier-au-jardi\/\",\"url\":\"https:\/\/blogs.thesocialmedia.com\/leblogjardin\/2009\/02\/02\/fvrier-au-jardi\/\",\"name\":\"F\u00e9vrier au jardin - Le blog jardin\",\"isPartOf\":{\"@id\":\"https:\/\/blogs.thesocialmedia.com\/leblogjardin\/#website\"},\"primaryImageOfPage\":{\"@id\":\"https:\/\/blogs.thesocialmedia.com\/leblogjardin\/2009\/02\/02\/fvrier-au-jardi\/#primaryimage\"},\"image\":{\"@id\":\"https:\/\/blogs.thesocialmedia.com\/leblogjardin\/2009\/02\/02\/fvrier-au-jardi\/#primaryimage\"},\"thumbnailUrl\":\"https:\/\/blogs.thesocialmedia.com\/leblogjardin\/files\/2012\/08\/fevrier2.png\",\"datePublished\":\"2009-02-02T17:21:31+00:00\",\"dateModified\":\"2012-08-27T10:33:49+00:00\",\"author\":{\"@id\":\"https:\/\/blogs.thesocialmedia.com\/leblogjardin\/#\/schema\/person\/8655b0d52a2d3caaf4f457e7831c6aaf\"},\"breadcrumb\":{\"@id\":\"https:\/\/blogs.thesocialmedia.com\/leblogjardin\/2009\/02\/02\/fvrier-au-jardi\/#breadcrumb\"},\"inLanguage\":\"fr-FR\",\"potentialAction\":[{\"@type\":\"ReadAction\",\"target\":[\"https:\/\/blogs.thesocialmedia.com\/leblogjardin\/2009\/02\/02\/fvrier-au-jardi\/\"]}]},{\"@type\":\"ImageObject\",\"inLanguage\":\"fr-FR\",\"@id\":\"https:\/\/blogs.thesocialmedia.com\/leblogjardin\/2009\/02\/02\/fvrier-au-jardi\/#primaryimage\",\"url\":\"https:\/\/blogs.thesocialmedia.com\/leblogjardin\/files\/2012\/08\/fevrier2.png\",\"contentUrl\":\"https:\/\/blogs.thesocialmedia.com\/leblogjardin\/files\/2012\/08\/fevrier2.png\",\"width\":\"443\",\"height\":\"516\"},{\"@type\":\"BreadcrumbList\",\"@id\":\"https:\/\/blogs.thesocialmedia.com\/leblogjardin\/2009\/02\/02\/fvrier-au-jardi\/#breadcrumb\",\"itemListElement\":[{\"@type\":\"ListItem\",\"position\":1,\"name\":\"Home\",\"item\":\"https:\/\/blogs.thesocialmedia.com\/leblogjardin\/\"},{\"@type\":\"ListItem\",\"position\":2,\"name\":\"F\u00e9vrier au jardin\"}]},{\"@type\":\"WebSite\",\"@id\":\"https:\/\/blogs.thesocialmedia.com\/leblogjardin\/#website\",\"url\":\"https:\/\/blogs.thesocialmedia.com\/leblogjardin\/\",\"name\":\"Le blog jardin\",\"description\":\"Le jardinage \u00e0 port\u00e9e de clic!\",\"potentialAction\":[{\"@type\":\"SearchAction\",\"target\":{\"@type\":\"EntryPoint\",\"urlTemplate\":\"https:\/\/blogs.thesocialmedia.com\/leblogjardin\/?s={search_term_string}\"},\"query-input\":{\"@type\":\"PropertyValueSpecification\",\"valueRequired\":true,\"valueName\":\"search_term_string\"}}],\"inLanguage\":\"fr-FR\"},{\"@type\":\"Person\",\"@id\":\"https:\/\/blogs.thesocialmedia.com\/leblogjardin\/#\/schema\/person\/8655b0d52a2d3caaf4f457e7831c6aaf\",\"name\":\"evelyne vigier\",\"image\":{\"@type\":\"ImageObject\",\"inLanguage\":\"fr-FR\",\"@id\":\"https:\/\/blogs.thesocialmedia.com\/leblogjardin\/#\/schema\/person\/image\/\",\"url\":\"https:\/\/secure.gravatar.com\/avatar\/?s=96&d=mm&r=g\",\"contentUrl\":\"https:\/\/secure.gravatar.com\/avatar\/?s=96&d=mm&r=g\",\"caption\":\"evelyne vigier\"},\"url\":\"https:\/\/blogs.thesocialmedia.com\/leblogjardin\/author\/evelyne-vigier\/\"}]}<\/script>\n<!-- \/ Yoast SEO plugin. -->","yoast_head_json":{"title":"F\u00e9vrier au jardin - Le blog jardin","robots":{"index":"index","follow":"follow","max-snippet":"max-snippet:-1","max-image-preview":"max-image-preview:large","max-video-preview":"max-video-preview:-1"},"canonical":"https:\/\/blogs.thesocialmedia.com\/leblogjardin\/2009\/02\/02\/fvrier-au-jardi\/","og_locale":"fr_FR","og_type":"article","og_title":"F\u00e9vrier au jardin - Le blog jardin","og_description":"L&rsquo;hiver n&rsquo;est pas fini, mais il est bien entam\u00e9 et comme les jours rallongent, les envies de jardinage nous prennent d\u00e9s que le soleil est pr\u00e9sent. C&rsquo;est un appel irr\u00e9sistible qui touche tous les passionn\u00e9s de plantes et ils sont nombreux, et je vous assure que je ne suis pas la derni\u00e8re! Bref, il faut [&hellip;]","og_url":"https:\/\/blogs.thesocialmedia.com\/leblogjardin\/2009\/02\/02\/fvrier-au-jardi\/","og_site_name":"Le blog jardin","article_published_time":"2009-02-02T17:21:31+00:00","article_modified_time":"2012-08-27T10:33:49+00:00","og_image":[{"width":443,"height":516,"url":"https:\/\/blogs.thesocialmedia.com\/leblogjardin\/files\/2012\/08\/fevrier2.png","type":"image\/png"}],"author":"evelyne vigier","twitter_card":"summary_large_image","twitter_misc":{"\u00c9crit par":"evelyne vigier","Dur\u00e9e de lecture estim\u00e9e":"2 minutes"},"schema":{"@context":"https:\/\/schema.org","@graph":[{"@type":"WebPage","@id":"https:\/\/blogs.thesocialmedia.com\/leblogjardin\/2009\/02\/02\/fvrier-au-jardi\/","url":"https:\/\/blogs.thesocialmedia.com\/leblogjardin\/2009\/02\/02\/fvrier-au-jardi\/","name":"F\u00e9vrier au jardin - Le blog jardin","isPartOf":{"@id":"https:\/\/blogs.thesocialmedia.com\/leblogjardin\/#website"},"primaryImageOfPage":{"@id":"https:\/\/blogs.thesocialmedia.com\/leblogjardin\/2009\/02\/02\/fvrier-au-jardi\/#primaryimage"},"image":{"@id":"https:\/\/blogs.thesocialmedia.com\/leblogjardin\/2009\/02\/02\/fvrier-au-jardi\/#primaryimage"},"thumbnailUrl":"https:\/\/blogs.thesocialmedia.com\/leblogjardin\/files\/2012\/08\/fevrier2.png","datePublished":"2009-02-02T17:21:31+00:00","dateModified":"2012-08-27T10:33:49+00:00","author":{"@id":"https:\/\/blogs.thesocialmedia.com\/leblogjardin\/#\/schema\/person\/8655b0d52a2d3caaf4f457e7831c6aaf"},"breadcrumb":{"@id":"https:\/\/blogs.thesocialmedia.com\/leblogjardin\/2009\/02\/02\/fvrier-au-jardi\/#breadcrumb"},"inLanguage":"fr-FR","potentialAction":[{"@type":"ReadAction","target":["https:\/\/blogs.thesocialmedia.com\/leblogjardin\/2009\/02\/02\/fvrier-au-jardi\/"]}]},{"@type":"ImageObject","inLanguage":"fr-FR","@id":"https:\/\/blogs.thesocialmedia.com\/leblogjardin\/2009\/02\/02\/fvrier-au-jardi\/#primaryimage","url":"https:\/\/blogs.thesocialmedia.com\/leblogjardin\/files\/2012\/08\/fevrier2.png","contentUrl":"https:\/\/blogs.thesocialmedia.com\/leblogjardin\/files\/2012\/08\/fevrier2.png","width":"443","height":"516"},{"@type":"BreadcrumbList","@id":"https:\/\/blogs.thesocialmedia.com\/leblogjardin\/2009\/02\/02\/fvrier-au-jardi\/#breadcrumb","itemListElement":[{"@type":"ListItem","position":1,"name":"Home","item":"https:\/\/blogs.thesocialmedia.com\/leblogjardin\/"},{"@type":"ListItem","position":2,"name":"F\u00e9vrier au jardin"}]},{"@type":"WebSite","@id":"https:\/\/blogs.thesocialmedia.com\/leblogjardin\/#website","url":"https:\/\/blogs.thesocialmedia.com\/leblogjardin\/","name":"Le blog jardin","description":"Le jardinage \u00e0 port\u00e9e de clic!","potentialAction":[{"@type":"SearchAction","target":{"@type":"EntryPoint","urlTemplate":"https:\/\/blogs.thesocialmedia.com\/leblogjardin\/?s={search_term_string}"},"query-input":{"@type":"PropertyValueSpecification","valueRequired":true,"valueName":"search_term_string"}}],"inLanguage":"fr-FR"},{"@type":"Person","@id":"https:\/\/blogs.thesocialmedia.com\/leblogjardin\/#\/schema\/person\/8655b0d52a2d3caaf4f457e7831c6aaf","name":"evelyne vigier","image":{"@type":"ImageObject","inLanguage":"fr-FR","@id":"https:\/\/blogs.thesocialmedia.com\/leblogjardin\/#\/schema\/person\/image\/","url":"https:\/\/secure.gravatar.com\/avatar\/?s=96&d=mm&r=g","contentUrl":"https:\/\/secure.gravatar.com\/avatar\/?s=96&d=mm&r=g","caption":"evelyne vigier"},"url":"https:\/\/blogs.thesocialmedia.com\/leblogjardin\/author\/evelyne-vigier\/"}]}},"_links":{"self":[{"href":"https:\/\/blogs.thesocialmedia.com\/leblogjardin\/wp-json\/wp\/v2\/posts\/146","targetHints":{"allow":["GET"]}}],"collection":[{"href":"https:\/\/blogs.thesocialmedia.com\/leblogjardin\/wp-json\/wp\/v2\/posts"}],"about":[{"href":"https:\/\/blogs.thesocialmedia.com\/leblogjardin\/wp-json\/wp\/v2\/types\/post"}],"author":[{"embeddable":true,"href":"https:\/\/blogs.thesocialmedia.com\/leblogjardin\/wp-json\/wp\/v2\/users\/354"}],"replies":[{"embeddable":true,"href":"https:\/\/blogs.thesocialmedia.com\/leblogjardin\/wp-json\/wp\/v2\/comments?post=146"}],"version-history":[{"count":1,"href":"https:\/\/blogs.thesocialmedia.com\/leblogjardin\/wp-json\/wp\/v2\/posts\/146\/revisions"}],"predecessor-version":[{"id":4426,"href":"https:\/\/blogs.thesocialmedia.com\/leblogjardin\/wp-json\/wp\/v2\/posts\/146\/revisions\/4426"}],"wp:featuredmedia":[{"embeddable":true,"href":"https:\/\/blogs.thesocialmedia.com\/leblogjardin\/wp-json\/wp\/v2\/media\/4425"}],"wp:attachment":[{"href":"https:\/\/blogs.thesocialmedia.com\/leblogjardin\/wp-json\/wp\/v2\/media?parent=146"}],"wp:term":[{"taxonomy":"category","embeddable":true,"href":"https:\/\/blogs.thesocialmedia.com\/leblogjardin\/wp-json\/wp\/v2\/categories?post=146"},{"taxonomy":"post_tag","embeddable":true,"href":"https:\/\/blogs.thesocialmedia.com\/leblogjardin\/wp-json\/wp\/v2\/tags?post=146"}],"curies":[{"name":"wp","href":"https:\/\/api.w.org\/{rel}","templated":true}]}}