{"id":1575,"date":"2005-02-02T17:43:36","date_gmt":"2005-02-02T17:43:36","guid":{"rendered":"http:\/\/blogs.thesocialmedia.com\/leblogjardin\/2005\/02\/02\/jardin-dhiver-2\/"},"modified":"2012-08-27T09:40:20","modified_gmt":"2012-08-27T09:40:20","slug":"jardin-dhiver-2","status":"publish","type":"post","link":"https:\/\/blogs.thesocialmedia.com\/leblogjardin\/2005\/02\/02\/jardin-dhiver-2\/","title":{"rendered":"Jardin d&rsquo;hiver"},"content":{"rendered":"<p><a href=\"http:\/\/blogs.thesocialmedia.com\/leblogjardin\/files\/2012\/08\/jardiniere_hiver_11.jpg\"><img loading=\"lazy\" decoding=\"async\" height=\"200\" alt=\"Jardiniere_hiver_1\" src=\"http:\/\/blogs.thesocialmedia.com\/leblogjardin\/files\/2012\/08\/jardiniere_hiver_1.jpg\" width=\"200\"  \/><\/a> Dans les r\u00e9gions les plus au sud de la France,les premiers signes du printemps sont apparus, (malgr\u00e9 gel\u00e9es matinales ,neige et pluies r\u00e9p\u00e9t\u00e9es)&#8230; les mimosas sont pr\u00eats \u00e0 \u00e9clore, le perce-neige pointe son nez et toute la nature semble se r\u00e9veiller d&rsquo;un long sommeil&#8230;Ces premi\u00e8res effervescences nous donnent envie de jardiner, d&rsquo;a\u00e9rer nos maisons ,de faire un grand m\u00e9nage,de nettoyer nos vitres pour que la lumi\u00e8re entre \u00e0 flots et de reprendre les promenades&#8230; Il est vrai que nous n&rsquo;avons pas \u00e9t\u00e9 tr\u00e8s actifs pendant ces quelques mois et qu&rsquo;il va falloir se rattraper ! <\/p>\n<p>Commencez par faire un peu de tri dans vos \u00e9tag\u00e8res ,aiguisez vos outils et nettoyez vos pots vides avec une eau l\u00e9g\u00e8rement javellis\u00e9e en vue des prochains semis .Et pour avoir un peu de soleil dans la maison,pourquoi pas, un bouquet fait de quelques branches de <a href=\"http:\/\/www.thegardenhelper.com\/forsythiapix.html\">forsythia<\/a>, <a href=\"http:\/\/www.blonay.ch\/tourisme\/narcisses.htm\">narcisses<\/a> et <a href=\"http:\/\/giverny.org\/gardens\/fcm\/fleurs\/pictjonq.htm\">jonquilles<\/a> :effet soleil garanti !<\/p>\n<p><a href=\"http:\/\/clabedan.typepad.com\/.shared\/image.html?\/photos\/uncategorized\/03250007.JPG\"><\/a><a href=\"http:\/\/clabedan.typepad.com\/.shared\/image.html?\/photos\/uncategorized\/jonquil.jpg\"><\/a><\/p><\/p>\n","protected":false},"excerpt":{"rendered":"<p>Dans les r\u00e9gions les plus au sud de la France,les premiers signes du printemps sont apparus, (malgr\u00e9 gel\u00e9es matinales ,neige et pluies r\u00e9p\u00e9t\u00e9es)&#8230; les mimosas sont pr\u00eats \u00e0 \u00e9clore, le perce-neige pointe son nez et toute la nature semble se r\u00e9veiller d&rsquo;un long sommeil&#8230;Ces premi\u00e8res effervescences nous donnent envie de jardiner, d&rsquo;a\u00e9rer nos maisons ,de [&hellip;]<\/p>\n","protected":false},"author":358,"featured_media":1596,"comment_status":"open","ping_status":"open","sticky":false,"template":"","format":"standard","meta":{"footnotes":""},"categories":[3,16,7],"tags":[],"class_list":["post-1575","post","type-post","status-publish","format-standard","has-post-thumbnail","hentry","category-fleurs","category-outillage","category-saison"],"yoast_head":"<!-- This site is optimized with the Yoast SEO plugin v26.0 - https:\/\/yoast.com\/wordpress\/plugins\/seo\/ -->\n<title>Jardin d&#039;hiver - Le blog jardin<\/title>\n<meta name=\"robots\" content=\"index, follow, max-snippet:-1, max-image-preview:large, max-video-preview:-1\" \/>\n<link rel=\"canonical\" href=\"https:\/\/blogs.thesocialmedia.com\/leblogjardin\/2005\/02\/02\/jardin-dhiver-2\/\" \/>\n<meta property=\"og:locale\" content=\"fr_FR\" \/>\n<meta property=\"og:type\" content=\"article\" \/>\n<meta property=\"og:title\" content=\"Jardin d&#039;hiver - Le blog jardin\" \/>\n<meta property=\"og:description\" content=\"Dans les r\u00e9gions les plus au sud de la France,les premiers signes du printemps sont apparus, (malgr\u00e9 gel\u00e9es matinales ,neige et pluies r\u00e9p\u00e9t\u00e9es)&#8230; les mimosas sont pr\u00eats \u00e0 \u00e9clore, le perce-neige pointe son nez et toute la nature semble se r\u00e9veiller d&rsquo;un long sommeil&#8230;Ces premi\u00e8res effervescences nous donnent envie de jardiner, d&rsquo;a\u00e9rer nos maisons ,de [&hellip;]\" \/>\n<meta property=\"og:url\" content=\"https:\/\/blogs.thesocialmedia.com\/leblogjardin\/2005\/02\/02\/jardin-dhiver-2\/\" \/>\n<meta property=\"og:site_name\" content=\"Le blog jardin\" \/>\n<meta property=\"article:published_time\" content=\"2005-02-02T17:43:36+00:00\" \/>\n<meta property=\"article:modified_time\" content=\"2012-08-27T09:40:20+00:00\" \/>\n<meta property=\"og:image\" content=\"https:\/\/blogs.thesocialmedia.com\/leblogjardin\/files\/2012\/08\/jardiniere_hiver_1.jpg\" \/>\n\t<meta property=\"og:image:width\" content=\"200\" \/>\n\t<meta property=\"og:image:height\" content=\"200\" \/>\n\t<meta property=\"og:image:type\" content=\"image\/jpeg\" \/>\n<meta name=\"author\" content=\"christine pomart\" \/>\n<meta name=\"twitter:card\" content=\"summary_large_image\" \/>\n<meta name=\"twitter:label1\" content=\"\u00c9crit par\" \/>\n\t<meta name=\"twitter:data1\" content=\"christine pomart\" \/>\n\t<meta name=\"twitter:label2\" content=\"Dur\u00e9e de lecture estim\u00e9e\" \/>\n\t<meta name=\"twitter:data2\" content=\"1 minute\" \/>\n<script type=\"application\/ld+json\" class=\"yoast-schema-graph\">{\"@context\":\"https:\/\/schema.org\",\"@graph\":[{\"@type\":\"WebPage\",\"@id\":\"https:\/\/blogs.thesocialmedia.com\/leblogjardin\/2005\/02\/02\/jardin-dhiver-2\/\",\"url\":\"https:\/\/blogs.thesocialmedia.com\/leblogjardin\/2005\/02\/02\/jardin-dhiver-2\/\",\"name\":\"Jardin d'hiver - Le blog jardin\",\"isPartOf\":{\"@id\":\"https:\/\/blogs.thesocialmedia.com\/leblogjardin\/#website\"},\"primaryImageOfPage\":{\"@id\":\"https:\/\/blogs.thesocialmedia.com\/leblogjardin\/2005\/02\/02\/jardin-dhiver-2\/#primaryimage\"},\"image\":{\"@id\":\"https:\/\/blogs.thesocialmedia.com\/leblogjardin\/2005\/02\/02\/jardin-dhiver-2\/#primaryimage\"},\"thumbnailUrl\":\"https:\/\/blogs.thesocialmedia.com\/leblogjardin\/files\/2012\/08\/jardiniere_hiver_1.jpg\",\"datePublished\":\"2005-02-02T17:43:36+00:00\",\"dateModified\":\"2012-08-27T09:40:20+00:00\",\"author\":{\"@id\":\"https:\/\/blogs.thesocialmedia.com\/leblogjardin\/#\/schema\/person\/44a53c5c5a6b5e6198c25826162635d2\"},\"breadcrumb\":{\"@id\":\"https:\/\/blogs.thesocialmedia.com\/leblogjardin\/2005\/02\/02\/jardin-dhiver-2\/#breadcrumb\"},\"inLanguage\":\"fr-FR\",\"potentialAction\":[{\"@type\":\"ReadAction\",\"target\":[\"https:\/\/blogs.thesocialmedia.com\/leblogjardin\/2005\/02\/02\/jardin-dhiver-2\/\"]}]},{\"@type\":\"ImageObject\",\"inLanguage\":\"fr-FR\",\"@id\":\"https:\/\/blogs.thesocialmedia.com\/leblogjardin\/2005\/02\/02\/jardin-dhiver-2\/#primaryimage\",\"url\":\"https:\/\/blogs.thesocialmedia.com\/leblogjardin\/files\/2012\/08\/jardiniere_hiver_1.jpg\",\"contentUrl\":\"https:\/\/blogs.thesocialmedia.com\/leblogjardin\/files\/2012\/08\/jardiniere_hiver_1.jpg\",\"width\":\"200\",\"height\":\"200\"},{\"@type\":\"BreadcrumbList\",\"@id\":\"https:\/\/blogs.thesocialmedia.com\/leblogjardin\/2005\/02\/02\/jardin-dhiver-2\/#breadcrumb\",\"itemListElement\":[{\"@type\":\"ListItem\",\"position\":1,\"name\":\"Home\",\"item\":\"https:\/\/blogs.thesocialmedia.com\/leblogjardin\/\"},{\"@type\":\"ListItem\",\"position\":2,\"name\":\"Jardin d&rsquo;hiver\"}]},{\"@type\":\"WebSite\",\"@id\":\"https:\/\/blogs.thesocialmedia.com\/leblogjardin\/#website\",\"url\":\"https:\/\/blogs.thesocialmedia.com\/leblogjardin\/\",\"name\":\"Le blog jardin\",\"description\":\"Le jardinage \u00e0 port\u00e9e de clic!\",\"potentialAction\":[{\"@type\":\"SearchAction\",\"target\":{\"@type\":\"EntryPoint\",\"urlTemplate\":\"https:\/\/blogs.thesocialmedia.com\/leblogjardin\/?s={search_term_string}\"},\"query-input\":{\"@type\":\"PropertyValueSpecification\",\"valueRequired\":true,\"valueName\":\"search_term_string\"}}],\"inLanguage\":\"fr-FR\"},{\"@type\":\"Person\",\"@id\":\"https:\/\/blogs.thesocialmedia.com\/leblogjardin\/#\/schema\/person\/44a53c5c5a6b5e6198c25826162635d2\",\"name\":\"christine pomart\",\"image\":{\"@type\":\"ImageObject\",\"inLanguage\":\"fr-FR\",\"@id\":\"https:\/\/blogs.thesocialmedia.com\/leblogjardin\/#\/schema\/person\/image\/\",\"url\":\"https:\/\/secure.gravatar.com\/avatar\/?s=96&d=mm&r=g\",\"contentUrl\":\"https:\/\/secure.gravatar.com\/avatar\/?s=96&d=mm&r=g\",\"caption\":\"christine pomart\"},\"url\":\"https:\/\/blogs.thesocialmedia.com\/leblogjardin\/author\/christine-pomart\/\"}]}<\/script>\n<!-- \/ Yoast SEO plugin. -->","yoast_head_json":{"title":"Jardin d'hiver - Le blog jardin","robots":{"index":"index","follow":"follow","max-snippet":"max-snippet:-1","max-image-preview":"max-image-preview:large","max-video-preview":"max-video-preview:-1"},"canonical":"https:\/\/blogs.thesocialmedia.com\/leblogjardin\/2005\/02\/02\/jardin-dhiver-2\/","og_locale":"fr_FR","og_type":"article","og_title":"Jardin d'hiver - Le blog jardin","og_description":"Dans les r\u00e9gions les plus au sud de la France,les premiers signes du printemps sont apparus, (malgr\u00e9 gel\u00e9es matinales ,neige et pluies r\u00e9p\u00e9t\u00e9es)&#8230; les mimosas sont pr\u00eats \u00e0 \u00e9clore, le perce-neige pointe son nez et toute la nature semble se r\u00e9veiller d&rsquo;un long sommeil&#8230;Ces premi\u00e8res effervescences nous donnent envie de jardiner, d&rsquo;a\u00e9rer nos maisons ,de [&hellip;]","og_url":"https:\/\/blogs.thesocialmedia.com\/leblogjardin\/2005\/02\/02\/jardin-dhiver-2\/","og_site_name":"Le blog jardin","article_published_time":"2005-02-02T17:43:36+00:00","article_modified_time":"2012-08-27T09:40:20+00:00","og_image":[{"width":200,"height":200,"url":"https:\/\/blogs.thesocialmedia.com\/leblogjardin\/files\/2012\/08\/jardiniere_hiver_1.jpg","type":"image\/jpeg"}],"author":"christine pomart","twitter_card":"summary_large_image","twitter_misc":{"\u00c9crit par":"christine pomart","Dur\u00e9e de lecture estim\u00e9e":"1 minute"},"schema":{"@context":"https:\/\/schema.org","@graph":[{"@type":"WebPage","@id":"https:\/\/blogs.thesocialmedia.com\/leblogjardin\/2005\/02\/02\/jardin-dhiver-2\/","url":"https:\/\/blogs.thesocialmedia.com\/leblogjardin\/2005\/02\/02\/jardin-dhiver-2\/","name":"Jardin d'hiver - Le blog jardin","isPartOf":{"@id":"https:\/\/blogs.thesocialmedia.com\/leblogjardin\/#website"},"primaryImageOfPage":{"@id":"https:\/\/blogs.thesocialmedia.com\/leblogjardin\/2005\/02\/02\/jardin-dhiver-2\/#primaryimage"},"image":{"@id":"https:\/\/blogs.thesocialmedia.com\/leblogjardin\/2005\/02\/02\/jardin-dhiver-2\/#primaryimage"},"thumbnailUrl":"https:\/\/blogs.thesocialmedia.com\/leblogjardin\/files\/2012\/08\/jardiniere_hiver_1.jpg","datePublished":"2005-02-02T17:43:36+00:00","dateModified":"2012-08-27T09:40:20+00:00","author":{"@id":"https:\/\/blogs.thesocialmedia.com\/leblogjardin\/#\/schema\/person\/44a53c5c5a6b5e6198c25826162635d2"},"breadcrumb":{"@id":"https:\/\/blogs.thesocialmedia.com\/leblogjardin\/2005\/02\/02\/jardin-dhiver-2\/#breadcrumb"},"inLanguage":"fr-FR","potentialAction":[{"@type":"ReadAction","target":["https:\/\/blogs.thesocialmedia.com\/leblogjardin\/2005\/02\/02\/jardin-dhiver-2\/"]}]},{"@type":"ImageObject","inLanguage":"fr-FR","@id":"https:\/\/blogs.thesocialmedia.com\/leblogjardin\/2005\/02\/02\/jardin-dhiver-2\/#primaryimage","url":"https:\/\/blogs.thesocialmedia.com\/leblogjardin\/files\/2012\/08\/jardiniere_hiver_1.jpg","contentUrl":"https:\/\/blogs.thesocialmedia.com\/leblogjardin\/files\/2012\/08\/jardiniere_hiver_1.jpg","width":"200","height":"200"},{"@type":"BreadcrumbList","@id":"https:\/\/blogs.thesocialmedia.com\/leblogjardin\/2005\/02\/02\/jardin-dhiver-2\/#breadcrumb","itemListElement":[{"@type":"ListItem","position":1,"name":"Home","item":"https:\/\/blogs.thesocialmedia.com\/leblogjardin\/"},{"@type":"ListItem","position":2,"name":"Jardin d&rsquo;hiver"}]},{"@type":"WebSite","@id":"https:\/\/blogs.thesocialmedia.com\/leblogjardin\/#website","url":"https:\/\/blogs.thesocialmedia.com\/leblogjardin\/","name":"Le blog jardin","description":"Le jardinage \u00e0 port\u00e9e de clic!","potentialAction":[{"@type":"SearchAction","target":{"@type":"EntryPoint","urlTemplate":"https:\/\/blogs.thesocialmedia.com\/leblogjardin\/?s={search_term_string}"},"query-input":{"@type":"PropertyValueSpecification","valueRequired":true,"valueName":"search_term_string"}}],"inLanguage":"fr-FR"},{"@type":"Person","@id":"https:\/\/blogs.thesocialmedia.com\/leblogjardin\/#\/schema\/person\/44a53c5c5a6b5e6198c25826162635d2","name":"christine pomart","image":{"@type":"ImageObject","inLanguage":"fr-FR","@id":"https:\/\/blogs.thesocialmedia.com\/leblogjardin\/#\/schema\/person\/image\/","url":"https:\/\/secure.gravatar.com\/avatar\/?s=96&d=mm&r=g","contentUrl":"https:\/\/secure.gravatar.com\/avatar\/?s=96&d=mm&r=g","caption":"christine pomart"},"url":"https:\/\/blogs.thesocialmedia.com\/leblogjardin\/author\/christine-pomart\/"}]}},"_links":{"self":[{"href":"https:\/\/blogs.thesocialmedia.com\/leblogjardin\/wp-json\/wp\/v2\/posts\/1575","targetHints":{"allow":["GET"]}}],"collection":[{"href":"https:\/\/blogs.thesocialmedia.com\/leblogjardin\/wp-json\/wp\/v2\/posts"}],"about":[{"href":"https:\/\/blogs.thesocialmedia.com\/leblogjardin\/wp-json\/wp\/v2\/types\/post"}],"author":[{"embeddable":true,"href":"https:\/\/blogs.thesocialmedia.com\/leblogjardin\/wp-json\/wp\/v2\/users\/358"}],"replies":[{"embeddable":true,"href":"https:\/\/blogs.thesocialmedia.com\/leblogjardin\/wp-json\/wp\/v2\/comments?post=1575"}],"version-history":[{"count":1,"href":"https:\/\/blogs.thesocialmedia.com\/leblogjardin\/wp-json\/wp\/v2\/posts\/1575\/revisions"}],"predecessor-version":[{"id":1598,"href":"https:\/\/blogs.thesocialmedia.com\/leblogjardin\/wp-json\/wp\/v2\/posts\/1575\/revisions\/1598"}],"wp:featuredmedia":[{"embeddable":true,"href":"https:\/\/blogs.thesocialmedia.com\/leblogjardin\/wp-json\/wp\/v2\/media\/1596"}],"wp:attachment":[{"href":"https:\/\/blogs.thesocialmedia.com\/leblogjardin\/wp-json\/wp\/v2\/media?parent=1575"}],"wp:term":[{"taxonomy":"category","embeddable":true,"href":"https:\/\/blogs.thesocialmedia.com\/leblogjardin\/wp-json\/wp\/v2\/categories?post=1575"},{"taxonomy":"post_tag","embeddable":true,"href":"https:\/\/blogs.thesocialmedia.com\/leblogjardin\/wp-json\/wp\/v2\/tags?post=1575"}],"curies":[{"name":"wp","href":"https:\/\/api.w.org\/{rel}","templated":true}]}}