{"id":195,"date":"2008-12-12T17:14:52","date_gmt":"2008-12-12T17:14:52","guid":{"rendered":"http:\/\/blogs.thesocialmedia.com\/leblogjardin\/2008\/12\/12\/labelia-a-plus\/"},"modified":"2012-08-27T10:31:03","modified_gmt":"2012-08-27T10:31:03","slug":"labelia-a-plus","status":"publish","type":"post","link":"https:\/\/blogs.thesocialmedia.com\/leblogjardin\/2008\/12\/12\/labelia-a-plus\/","title":{"rendered":"L&rsquo;abelia a plus d&rsquo;un atout pour s\u00e9duire"},"content":{"rendered":"<p><a href=\"http:\/\/blogs.thesocialmedia.com\/leblogjardin\/files\/2012\/08\/abelia.png\"><img loading=\"lazy\" decoding=\"async\" height=\"211\"  width=\"280\" alt=\"Abelia\" src=\"http:\/\/www.leblogjardin.com\/images\/2008\/12\/11\/abelia.png\" style=\"margin: 0px 5px 5px 0px;float: left\" \/><\/a> Cet arbuste m&rsquo;offre encore quelques fleurs car il est en situation bien abrit\u00e9 mais bient\u00f4t&nbsp; elles vont toutes dispara\u00eetre et<a href=\"http:\/\/www.leblogjardin.com\/2006\/10\/lablia.html\"> mon ab\u00e9lia<\/a> se reposera un peu. Il est extr\u00eamement florif\u00e8re et se couvre pendant plusieurs mois de fleurs en clochette qui sentent tr\u00e9s bon. C&rsquo;est un <a href=\"http:\/\/fr.gardening.eu\/plantes\/Arbustes\/Abelia\/967\/\">arbuste<\/a> \u00e0 la floraison mellif\u00e8re et il est tr\u00e9s agr\u00e9able de l&rsquo;avoir chez soi.<\/p>\n<p>Certaines vari\u00e9t\u00e9s ont un feuillage caduc, d&rsquo;autres ont un feuillage persistant ou semi-persistant, l&rsquo;int\u00e9r\u00eat de ces derniers est qu&rsquo;ils sont d\u00e9coratifs toute l&rsquo;ann\u00e9e. Si vous avez eu la bonne id\u00e9e d&rsquo;en installer un pied dans un bac pour agr\u00e9menter votre balcon, vous devez appr\u00e9cier d&rsquo;avoir sous les yeux, de la verdure en hiver.<\/p>\n<p><a href=\"http:\/\/xavtes.over-blog.com\/article-13626220.html\">Les abelias<\/a> ne supportent pas tous le fort gel aussi avant de vous d\u00e9cider \u00e0 en planter un, renseignez-vous si vous habitez une r\u00e9gion aux hivers rudes. Certains comme<a href=\"http:\/\/www.lesarbres.fr\/fiche-abelia.php\"> l&rsquo;abelia x grandiflora<\/a> ( une cr\u00e9ation horticole) sont capables de supporter des temp\u00e9ratures descendant jusqu&rsquo;\u00e0 -20 degr\u00e9s mais ce n&rsquo;est pas le cas des autres.<br \/>Les soins que demande cet arbuste sont des plus simples. La taille n&rsquo;est pas obligatoire et \u00e0 vrai dire, l&rsquo;abelia s&rsquo;en passe bien, mais si vous voulez rajeunir le v\u00f4tre, faites-le de pr\u00e9f\u00e9rence au printemps. Les arrosages doivent \u00eatre r\u00e9guliers en \u00e9t\u00e9 et l&rsquo;arbuste appr\u00e9cie les apports d&rsquo;engrais pendant sa p\u00e9riode de croissance. <br \/>Si vous voulez constituer une haie , choisissez l&rsquo;abelia uniquement si vous voulez une haie libre : cet arbuste ne convient pas aux haies &quot;taill\u00e9es au carr\u00e9&quot;.<\/p>\n","protected":false},"excerpt":{"rendered":"<p>Cet arbuste m&rsquo;offre encore quelques fleurs car il est en situation bien abrit\u00e9 mais bient\u00f4t&nbsp; elles vont toutes dispara\u00eetre et mon ab\u00e9lia se reposera un peu. Il est extr\u00eamement florif\u00e8re et se couvre pendant plusieurs mois de fleurs en clochette qui sentent tr\u00e9s bon. C&rsquo;est un arbuste \u00e0 la floraison mellif\u00e8re et il est tr\u00e9s [&hellip;]<\/p>\n","protected":false},"author":354,"featured_media":4331,"comment_status":"open","ping_status":"open","sticky":false,"template":"","format":"standard","meta":{"footnotes":""},"categories":[6,3,10,13,20,4],"tags":[],"class_list":["post-195","post","type-post","status-publish","format-standard","has-post-thumbnail","hentry","category-arbres","category-fleurs","category-les-bons-trucs","category-plantes","category-travaux-de-jardin","category-vivaces"],"yoast_head":"<!-- This site is optimized with the Yoast SEO plugin v26.0 - https:\/\/yoast.com\/wordpress\/plugins\/seo\/ -->\n<title>L&#039;abelia a plus d&#039;un atout pour s\u00e9duire - Le blog jardin<\/title>\n<meta name=\"robots\" content=\"index, follow, max-snippet:-1, max-image-preview:large, max-video-preview:-1\" \/>\n<link rel=\"canonical\" href=\"https:\/\/blogs.thesocialmedia.com\/leblogjardin\/2008\/12\/12\/labelia-a-plus\/\" \/>\n<meta property=\"og:locale\" content=\"fr_FR\" \/>\n<meta property=\"og:type\" content=\"article\" \/>\n<meta property=\"og:title\" content=\"L&#039;abelia a plus d&#039;un atout pour s\u00e9duire - Le blog jardin\" \/>\n<meta property=\"og:description\" content=\"Cet arbuste m&rsquo;offre encore quelques fleurs car il est en situation bien abrit\u00e9 mais bient\u00f4t&nbsp; elles vont toutes dispara\u00eetre et mon ab\u00e9lia se reposera un peu. Il est extr\u00eamement florif\u00e8re et se couvre pendant plusieurs mois de fleurs en clochette qui sentent tr\u00e9s bon. C&rsquo;est un arbuste \u00e0 la floraison mellif\u00e8re et il est tr\u00e9s [&hellip;]\" \/>\n<meta property=\"og:url\" content=\"https:\/\/blogs.thesocialmedia.com\/leblogjardin\/2008\/12\/12\/labelia-a-plus\/\" \/>\n<meta property=\"og:site_name\" content=\"Le blog jardin\" \/>\n<meta property=\"article:published_time\" content=\"2008-12-12T17:14:52+00:00\" \/>\n<meta property=\"article:modified_time\" content=\"2012-08-27T10:31:03+00:00\" \/>\n<meta property=\"og:image\" content=\"https:\/\/blogs.thesocialmedia.com\/leblogjardin\/files\/2012\/08\/abelia.png\" \/>\n\t<meta property=\"og:image:width\" content=\"640\" \/>\n\t<meta property=\"og:image:height\" content=\"483\" \/>\n\t<meta property=\"og:image:type\" content=\"image\/png\" \/>\n<meta name=\"author\" content=\"evelyne vigier\" \/>\n<meta name=\"twitter:card\" content=\"summary_large_image\" \/>\n<meta name=\"twitter:label1\" content=\"\u00c9crit par\" \/>\n\t<meta name=\"twitter:data1\" content=\"evelyne vigier\" \/>\n\t<meta name=\"twitter:label2\" content=\"Dur\u00e9e de lecture estim\u00e9e\" \/>\n\t<meta name=\"twitter:data2\" content=\"1 minute\" \/>\n<script type=\"application\/ld+json\" class=\"yoast-schema-graph\">{\"@context\":\"https:\/\/schema.org\",\"@graph\":[{\"@type\":\"WebPage\",\"@id\":\"https:\/\/blogs.thesocialmedia.com\/leblogjardin\/2008\/12\/12\/labelia-a-plus\/\",\"url\":\"https:\/\/blogs.thesocialmedia.com\/leblogjardin\/2008\/12\/12\/labelia-a-plus\/\",\"name\":\"L'abelia a plus d'un atout pour s\u00e9duire - Le blog jardin\",\"isPartOf\":{\"@id\":\"https:\/\/blogs.thesocialmedia.com\/leblogjardin\/#website\"},\"primaryImageOfPage\":{\"@id\":\"https:\/\/blogs.thesocialmedia.com\/leblogjardin\/2008\/12\/12\/labelia-a-plus\/#primaryimage\"},\"image\":{\"@id\":\"https:\/\/blogs.thesocialmedia.com\/leblogjardin\/2008\/12\/12\/labelia-a-plus\/#primaryimage\"},\"thumbnailUrl\":\"https:\/\/blogs.thesocialmedia.com\/leblogjardin\/files\/2012\/08\/abelia.png\",\"datePublished\":\"2008-12-12T17:14:52+00:00\",\"dateModified\":\"2012-08-27T10:31:03+00:00\",\"author\":{\"@id\":\"https:\/\/blogs.thesocialmedia.com\/leblogjardin\/#\/schema\/person\/8655b0d52a2d3caaf4f457e7831c6aaf\"},\"breadcrumb\":{\"@id\":\"https:\/\/blogs.thesocialmedia.com\/leblogjardin\/2008\/12\/12\/labelia-a-plus\/#breadcrumb\"},\"inLanguage\":\"fr-FR\",\"potentialAction\":[{\"@type\":\"ReadAction\",\"target\":[\"https:\/\/blogs.thesocialmedia.com\/leblogjardin\/2008\/12\/12\/labelia-a-plus\/\"]}]},{\"@type\":\"ImageObject\",\"inLanguage\":\"fr-FR\",\"@id\":\"https:\/\/blogs.thesocialmedia.com\/leblogjardin\/2008\/12\/12\/labelia-a-plus\/#primaryimage\",\"url\":\"https:\/\/blogs.thesocialmedia.com\/leblogjardin\/files\/2012\/08\/abelia.png\",\"contentUrl\":\"https:\/\/blogs.thesocialmedia.com\/leblogjardin\/files\/2012\/08\/abelia.png\",\"width\":\"640\",\"height\":\"483\"},{\"@type\":\"BreadcrumbList\",\"@id\":\"https:\/\/blogs.thesocialmedia.com\/leblogjardin\/2008\/12\/12\/labelia-a-plus\/#breadcrumb\",\"itemListElement\":[{\"@type\":\"ListItem\",\"position\":1,\"name\":\"Home\",\"item\":\"https:\/\/blogs.thesocialmedia.com\/leblogjardin\/\"},{\"@type\":\"ListItem\",\"position\":2,\"name\":\"L&rsquo;abelia a plus d&rsquo;un atout pour s\u00e9duire\"}]},{\"@type\":\"WebSite\",\"@id\":\"https:\/\/blogs.thesocialmedia.com\/leblogjardin\/#website\",\"url\":\"https:\/\/blogs.thesocialmedia.com\/leblogjardin\/\",\"name\":\"Le blog jardin\",\"description\":\"Le jardinage \u00e0 port\u00e9e de clic!\",\"potentialAction\":[{\"@type\":\"SearchAction\",\"target\":{\"@type\":\"EntryPoint\",\"urlTemplate\":\"https:\/\/blogs.thesocialmedia.com\/leblogjardin\/?s={search_term_string}\"},\"query-input\":{\"@type\":\"PropertyValueSpecification\",\"valueRequired\":true,\"valueName\":\"search_term_string\"}}],\"inLanguage\":\"fr-FR\"},{\"@type\":\"Person\",\"@id\":\"https:\/\/blogs.thesocialmedia.com\/leblogjardin\/#\/schema\/person\/8655b0d52a2d3caaf4f457e7831c6aaf\",\"name\":\"evelyne vigier\",\"image\":{\"@type\":\"ImageObject\",\"inLanguage\":\"fr-FR\",\"@id\":\"https:\/\/blogs.thesocialmedia.com\/leblogjardin\/#\/schema\/person\/image\/\",\"url\":\"https:\/\/secure.gravatar.com\/avatar\/?s=96&d=mm&r=g\",\"contentUrl\":\"https:\/\/secure.gravatar.com\/avatar\/?s=96&d=mm&r=g\",\"caption\":\"evelyne vigier\"},\"url\":\"https:\/\/blogs.thesocialmedia.com\/leblogjardin\/author\/evelyne-vigier\/\"}]}<\/script>\n<!-- \/ Yoast SEO plugin. -->","yoast_head_json":{"title":"L'abelia a plus d'un atout pour s\u00e9duire - Le blog jardin","robots":{"index":"index","follow":"follow","max-snippet":"max-snippet:-1","max-image-preview":"max-image-preview:large","max-video-preview":"max-video-preview:-1"},"canonical":"https:\/\/blogs.thesocialmedia.com\/leblogjardin\/2008\/12\/12\/labelia-a-plus\/","og_locale":"fr_FR","og_type":"article","og_title":"L'abelia a plus d'un atout pour s\u00e9duire - Le blog jardin","og_description":"Cet arbuste m&rsquo;offre encore quelques fleurs car il est en situation bien abrit\u00e9 mais bient\u00f4t&nbsp; elles vont toutes dispara\u00eetre et mon ab\u00e9lia se reposera un peu. Il est extr\u00eamement florif\u00e8re et se couvre pendant plusieurs mois de fleurs en clochette qui sentent tr\u00e9s bon. C&rsquo;est un arbuste \u00e0 la floraison mellif\u00e8re et il est tr\u00e9s [&hellip;]","og_url":"https:\/\/blogs.thesocialmedia.com\/leblogjardin\/2008\/12\/12\/labelia-a-plus\/","og_site_name":"Le blog jardin","article_published_time":"2008-12-12T17:14:52+00:00","article_modified_time":"2012-08-27T10:31:03+00:00","og_image":[{"width":640,"height":483,"url":"https:\/\/blogs.thesocialmedia.com\/leblogjardin\/files\/2012\/08\/abelia.png","type":"image\/png"}],"author":"evelyne vigier","twitter_card":"summary_large_image","twitter_misc":{"\u00c9crit par":"evelyne vigier","Dur\u00e9e de lecture estim\u00e9e":"1 minute"},"schema":{"@context":"https:\/\/schema.org","@graph":[{"@type":"WebPage","@id":"https:\/\/blogs.thesocialmedia.com\/leblogjardin\/2008\/12\/12\/labelia-a-plus\/","url":"https:\/\/blogs.thesocialmedia.com\/leblogjardin\/2008\/12\/12\/labelia-a-plus\/","name":"L'abelia a plus d'un atout pour s\u00e9duire - Le blog jardin","isPartOf":{"@id":"https:\/\/blogs.thesocialmedia.com\/leblogjardin\/#website"},"primaryImageOfPage":{"@id":"https:\/\/blogs.thesocialmedia.com\/leblogjardin\/2008\/12\/12\/labelia-a-plus\/#primaryimage"},"image":{"@id":"https:\/\/blogs.thesocialmedia.com\/leblogjardin\/2008\/12\/12\/labelia-a-plus\/#primaryimage"},"thumbnailUrl":"https:\/\/blogs.thesocialmedia.com\/leblogjardin\/files\/2012\/08\/abelia.png","datePublished":"2008-12-12T17:14:52+00:00","dateModified":"2012-08-27T10:31:03+00:00","author":{"@id":"https:\/\/blogs.thesocialmedia.com\/leblogjardin\/#\/schema\/person\/8655b0d52a2d3caaf4f457e7831c6aaf"},"breadcrumb":{"@id":"https:\/\/blogs.thesocialmedia.com\/leblogjardin\/2008\/12\/12\/labelia-a-plus\/#breadcrumb"},"inLanguage":"fr-FR","potentialAction":[{"@type":"ReadAction","target":["https:\/\/blogs.thesocialmedia.com\/leblogjardin\/2008\/12\/12\/labelia-a-plus\/"]}]},{"@type":"ImageObject","inLanguage":"fr-FR","@id":"https:\/\/blogs.thesocialmedia.com\/leblogjardin\/2008\/12\/12\/labelia-a-plus\/#primaryimage","url":"https:\/\/blogs.thesocialmedia.com\/leblogjardin\/files\/2012\/08\/abelia.png","contentUrl":"https:\/\/blogs.thesocialmedia.com\/leblogjardin\/files\/2012\/08\/abelia.png","width":"640","height":"483"},{"@type":"BreadcrumbList","@id":"https:\/\/blogs.thesocialmedia.com\/leblogjardin\/2008\/12\/12\/labelia-a-plus\/#breadcrumb","itemListElement":[{"@type":"ListItem","position":1,"name":"Home","item":"https:\/\/blogs.thesocialmedia.com\/leblogjardin\/"},{"@type":"ListItem","position":2,"name":"L&rsquo;abelia a plus d&rsquo;un atout pour s\u00e9duire"}]},{"@type":"WebSite","@id":"https:\/\/blogs.thesocialmedia.com\/leblogjardin\/#website","url":"https:\/\/blogs.thesocialmedia.com\/leblogjardin\/","name":"Le blog jardin","description":"Le jardinage \u00e0 port\u00e9e de clic!","potentialAction":[{"@type":"SearchAction","target":{"@type":"EntryPoint","urlTemplate":"https:\/\/blogs.thesocialmedia.com\/leblogjardin\/?s={search_term_string}"},"query-input":{"@type":"PropertyValueSpecification","valueRequired":true,"valueName":"search_term_string"}}],"inLanguage":"fr-FR"},{"@type":"Person","@id":"https:\/\/blogs.thesocialmedia.com\/leblogjardin\/#\/schema\/person\/8655b0d52a2d3caaf4f457e7831c6aaf","name":"evelyne vigier","image":{"@type":"ImageObject","inLanguage":"fr-FR","@id":"https:\/\/blogs.thesocialmedia.com\/leblogjardin\/#\/schema\/person\/image\/","url":"https:\/\/secure.gravatar.com\/avatar\/?s=96&d=mm&r=g","contentUrl":"https:\/\/secure.gravatar.com\/avatar\/?s=96&d=mm&r=g","caption":"evelyne vigier"},"url":"https:\/\/blogs.thesocialmedia.com\/leblogjardin\/author\/evelyne-vigier\/"}]}},"_links":{"self":[{"href":"https:\/\/blogs.thesocialmedia.com\/leblogjardin\/wp-json\/wp\/v2\/posts\/195","targetHints":{"allow":["GET"]}}],"collection":[{"href":"https:\/\/blogs.thesocialmedia.com\/leblogjardin\/wp-json\/wp\/v2\/posts"}],"about":[{"href":"https:\/\/blogs.thesocialmedia.com\/leblogjardin\/wp-json\/wp\/v2\/types\/post"}],"author":[{"embeddable":true,"href":"https:\/\/blogs.thesocialmedia.com\/leblogjardin\/wp-json\/wp\/v2\/users\/354"}],"replies":[{"embeddable":true,"href":"https:\/\/blogs.thesocialmedia.com\/leblogjardin\/wp-json\/wp\/v2\/comments?post=195"}],"version-history":[{"count":1,"href":"https:\/\/blogs.thesocialmedia.com\/leblogjardin\/wp-json\/wp\/v2\/posts\/195\/revisions"}],"predecessor-version":[{"id":4332,"href":"https:\/\/blogs.thesocialmedia.com\/leblogjardin\/wp-json\/wp\/v2\/posts\/195\/revisions\/4332"}],"wp:featuredmedia":[{"embeddable":true,"href":"https:\/\/blogs.thesocialmedia.com\/leblogjardin\/wp-json\/wp\/v2\/media\/4331"}],"wp:attachment":[{"href":"https:\/\/blogs.thesocialmedia.com\/leblogjardin\/wp-json\/wp\/v2\/media?parent=195"}],"wp:term":[{"taxonomy":"category","embeddable":true,"href":"https:\/\/blogs.thesocialmedia.com\/leblogjardin\/wp-json\/wp\/v2\/categories?post=195"},{"taxonomy":"post_tag","embeddable":true,"href":"https:\/\/blogs.thesocialmedia.com\/leblogjardin\/wp-json\/wp\/v2\/tags?post=195"}],"curies":[{"name":"wp","href":"https:\/\/api.w.org\/{rel}","templated":true}]}}