{"id":317,"date":"2008-08-08T13:53:43","date_gmt":"2008-08-08T13:53:43","guid":{"rendered":"http:\/\/blogs.thesocialmedia.com\/leblogjardin\/2008\/08\/08\/vous-partez-en\/"},"modified":"2012-08-27T10:23:45","modified_gmt":"2012-08-27T10:23:45","slug":"vous-partez-en","status":"publish","type":"post","link":"https:\/\/blogs.thesocialmedia.com\/leblogjardin\/2008\/08\/08\/vous-partez-en\/","title":{"rendered":"Vous partez en vacances?"},"content":{"rendered":"<p><a href=\"http:\/\/blogs.thesocialmedia.com\/leblogjardin\/files\/2012\/08\/jardin1.png\"><img loading=\"lazy\" decoding=\"async\" width=\"250\" height=\"329\"  alt=\"Jardin\" src=\"http:\/\/www.leblogjardin.com\/images\/2008\/08\/05\/jardin.png\" style=\"margin: 0px 5px 5px 0px;float: left\" \/><\/a> Les valises sont faites et bien cal\u00e9es dans le coffre de la voiture? Vous voil\u00e0 sur le d\u00e9part, vers une destination choisie et attendue : mer, <a href=\"http:\/\/www.roulottes-de-campagne.com\/\">campagne<\/a> ou <a href=\"http:\/\/www.parc-pyrenees.com\/\">montagne<\/a>, \u00e0 chacun ses pr\u00e9f\u00e9rences et ses envies de loisirs. Promenade, sports, lecture, bronzage&#8230;Vous allez vous reposer loin de votre jardin mais je suis s\u00fbre que vous serez content de le retrouver, d&rsquo;en faire le tour pour voir ce qui a pouss\u00e9 et ce qui a mal support\u00e9 votre absence.<\/p>\n<p> Eh oui, c&rsquo;est l\u00e0 le grand tracas de l&rsquo;amateur de jardinage : comment partir en vacances sans que les plantations en p\u00e2tissent?<\/p>\n<p>Si vous avez confi\u00e9 votre maison \u00e0 un parent ou ami, alors l\u00e0, c&rsquo;est l&rsquo;id\u00e9al car il sera sur place pour bien s&rsquo;occuper des plantes et \u00e9ventuellement aussi des animaux que vous ne pouvez emmener. Mais cette solution n&rsquo;est pas souvent possible et il faut bien trouver un moyen pour que le jardin ne meure pas de soif surtout que maintenant la chaleur est intense.<\/p>\n<p>Avez-vous install\u00e9 <a href=\"http:\/\/www.maisonbrico.com\/index.phtml?srub=85&amp;iart=397&amp;artpageid=3\">des asperseurs<\/a>? C&rsquo;est une installation qui demande un investissement de d\u00e9part mais qui se r\u00e9v\u00e8le efficace, \u00e9conomique et vous lib\u00e8re <a href=\"http:\/\/jardins.dna.fr\/19990707\/\">des arrosages<\/a>; profitez des v\u00f4tres au maximum en pla\u00e7ant dans leur rayon d&rsquo;action tous les pots que vous pouvez d\u00e9placer, ils seront arros\u00e9s r\u00e9guli\u00e8rement, vous n&rsquo;aurez plus qu&rsquo;\u00e0 les remettre \u00e0 leur place quand vos vacances seront finies.<\/p>\n<p>Si vous ne disposez pas de ce syst\u00e8me bien pratique, alors arrosez copieusement le soir et paillez, la fraicheur du sol dure quelques jours, il ne vous reste plus alors qu&rsquo;\u00e0 trouver un sympathique voisin qui viendra&nbsp; rafraichir vos plantes en attendant votre retour!<\/p>\n","protected":false},"excerpt":{"rendered":"<p>Les valises sont faites et bien cal\u00e9es dans le coffre de la voiture? Vous voil\u00e0 sur le d\u00e9part, vers une destination choisie et attendue : mer, campagne ou montagne, \u00e0 chacun ses pr\u00e9f\u00e9rences et ses envies de loisirs. Promenade, sports, lecture, bronzage&#8230;Vous allez vous reposer loin de votre jardin mais je suis s\u00fbre que vous [&hellip;]<\/p>\n","protected":false},"author":354,"featured_media":4088,"comment_status":"open","ping_status":"open","sticky":false,"template":"","format":"standard","meta":{"footnotes":""},"categories":[3,19,10,13,24,9,31],"tags":[],"class_list":["post-317","post","type-post","status-publish","format-standard","has-post-thumbnail","hentry","category-fleurs","category-legumes","category-les-bons-trucs","category-plantes","category-plantes-de-terrasse","category-plantes-grimpantes","category-potager"],"yoast_head":"<!-- This site is optimized with the Yoast SEO plugin v26.0 - https:\/\/yoast.com\/wordpress\/plugins\/seo\/ -->\n<title>Vous partez en vacances? - Le blog jardin<\/title>\n<meta name=\"robots\" content=\"index, follow, max-snippet:-1, max-image-preview:large, max-video-preview:-1\" \/>\n<link rel=\"canonical\" href=\"https:\/\/blogs.thesocialmedia.com\/leblogjardin\/2008\/08\/08\/vous-partez-en\/\" \/>\n<meta property=\"og:locale\" content=\"fr_FR\" \/>\n<meta property=\"og:type\" content=\"article\" \/>\n<meta property=\"og:title\" content=\"Vous partez en vacances? - Le blog jardin\" \/>\n<meta property=\"og:description\" content=\"Les valises sont faites et bien cal\u00e9es dans le coffre de la voiture? Vous voil\u00e0 sur le d\u00e9part, vers une destination choisie et attendue : mer, campagne ou montagne, \u00e0 chacun ses pr\u00e9f\u00e9rences et ses envies de loisirs. Promenade, sports, lecture, bronzage&#8230;Vous allez vous reposer loin de votre jardin mais je suis s\u00fbre que vous [&hellip;]\" \/>\n<meta property=\"og:url\" content=\"https:\/\/blogs.thesocialmedia.com\/leblogjardin\/2008\/08\/08\/vous-partez-en\/\" \/>\n<meta property=\"og:site_name\" content=\"Le blog jardin\" \/>\n<meta property=\"article:published_time\" content=\"2008-08-08T13:53:43+00:00\" \/>\n<meta property=\"article:modified_time\" content=\"2012-08-27T10:23:45+00:00\" \/>\n<meta property=\"og:image\" content=\"https:\/\/blogs.thesocialmedia.com\/leblogjardin\/files\/2012\/08\/jardin1.png\" \/>\n\t<meta property=\"og:image:width\" content=\"424\" \/>\n\t<meta property=\"og:image:height\" content=\"559\" \/>\n\t<meta property=\"og:image:type\" content=\"image\/png\" \/>\n<meta name=\"author\" content=\"evelyne vigier\" \/>\n<meta name=\"twitter:card\" content=\"summary_large_image\" \/>\n<meta name=\"twitter:label1\" content=\"\u00c9crit par\" \/>\n\t<meta name=\"twitter:data1\" content=\"evelyne vigier\" \/>\n\t<meta name=\"twitter:label2\" content=\"Dur\u00e9e de lecture estim\u00e9e\" \/>\n\t<meta name=\"twitter:data2\" content=\"1 minute\" \/>\n<script type=\"application\/ld+json\" class=\"yoast-schema-graph\">{\"@context\":\"https:\/\/schema.org\",\"@graph\":[{\"@type\":\"WebPage\",\"@id\":\"https:\/\/blogs.thesocialmedia.com\/leblogjardin\/2008\/08\/08\/vous-partez-en\/\",\"url\":\"https:\/\/blogs.thesocialmedia.com\/leblogjardin\/2008\/08\/08\/vous-partez-en\/\",\"name\":\"Vous partez en vacances? - Le blog jardin\",\"isPartOf\":{\"@id\":\"https:\/\/blogs.thesocialmedia.com\/leblogjardin\/#website\"},\"primaryImageOfPage\":{\"@id\":\"https:\/\/blogs.thesocialmedia.com\/leblogjardin\/2008\/08\/08\/vous-partez-en\/#primaryimage\"},\"image\":{\"@id\":\"https:\/\/blogs.thesocialmedia.com\/leblogjardin\/2008\/08\/08\/vous-partez-en\/#primaryimage\"},\"thumbnailUrl\":\"https:\/\/blogs.thesocialmedia.com\/leblogjardin\/files\/2012\/08\/jardin1.png\",\"datePublished\":\"2008-08-08T13:53:43+00:00\",\"dateModified\":\"2012-08-27T10:23:45+00:00\",\"author\":{\"@id\":\"https:\/\/blogs.thesocialmedia.com\/leblogjardin\/#\/schema\/person\/8655b0d52a2d3caaf4f457e7831c6aaf\"},\"breadcrumb\":{\"@id\":\"https:\/\/blogs.thesocialmedia.com\/leblogjardin\/2008\/08\/08\/vous-partez-en\/#breadcrumb\"},\"inLanguage\":\"fr-FR\",\"potentialAction\":[{\"@type\":\"ReadAction\",\"target\":[\"https:\/\/blogs.thesocialmedia.com\/leblogjardin\/2008\/08\/08\/vous-partez-en\/\"]}]},{\"@type\":\"ImageObject\",\"inLanguage\":\"fr-FR\",\"@id\":\"https:\/\/blogs.thesocialmedia.com\/leblogjardin\/2008\/08\/08\/vous-partez-en\/#primaryimage\",\"url\":\"https:\/\/blogs.thesocialmedia.com\/leblogjardin\/files\/2012\/08\/jardin1.png\",\"contentUrl\":\"https:\/\/blogs.thesocialmedia.com\/leblogjardin\/files\/2012\/08\/jardin1.png\",\"width\":\"424\",\"height\":\"559\"},{\"@type\":\"BreadcrumbList\",\"@id\":\"https:\/\/blogs.thesocialmedia.com\/leblogjardin\/2008\/08\/08\/vous-partez-en\/#breadcrumb\",\"itemListElement\":[{\"@type\":\"ListItem\",\"position\":1,\"name\":\"Home\",\"item\":\"https:\/\/blogs.thesocialmedia.com\/leblogjardin\/\"},{\"@type\":\"ListItem\",\"position\":2,\"name\":\"Vous partez en vacances?\"}]},{\"@type\":\"WebSite\",\"@id\":\"https:\/\/blogs.thesocialmedia.com\/leblogjardin\/#website\",\"url\":\"https:\/\/blogs.thesocialmedia.com\/leblogjardin\/\",\"name\":\"Le blog jardin\",\"description\":\"Le jardinage \u00e0 port\u00e9e de clic!\",\"potentialAction\":[{\"@type\":\"SearchAction\",\"target\":{\"@type\":\"EntryPoint\",\"urlTemplate\":\"https:\/\/blogs.thesocialmedia.com\/leblogjardin\/?s={search_term_string}\"},\"query-input\":{\"@type\":\"PropertyValueSpecification\",\"valueRequired\":true,\"valueName\":\"search_term_string\"}}],\"inLanguage\":\"fr-FR\"},{\"@type\":\"Person\",\"@id\":\"https:\/\/blogs.thesocialmedia.com\/leblogjardin\/#\/schema\/person\/8655b0d52a2d3caaf4f457e7831c6aaf\",\"name\":\"evelyne vigier\",\"image\":{\"@type\":\"ImageObject\",\"inLanguage\":\"fr-FR\",\"@id\":\"https:\/\/blogs.thesocialmedia.com\/leblogjardin\/#\/schema\/person\/image\/\",\"url\":\"https:\/\/secure.gravatar.com\/avatar\/?s=96&d=mm&r=g\",\"contentUrl\":\"https:\/\/secure.gravatar.com\/avatar\/?s=96&d=mm&r=g\",\"caption\":\"evelyne vigier\"},\"url\":\"https:\/\/blogs.thesocialmedia.com\/leblogjardin\/author\/evelyne-vigier\/\"}]}<\/script>\n<!-- \/ Yoast SEO plugin. -->","yoast_head_json":{"title":"Vous partez en vacances? - Le blog jardin","robots":{"index":"index","follow":"follow","max-snippet":"max-snippet:-1","max-image-preview":"max-image-preview:large","max-video-preview":"max-video-preview:-1"},"canonical":"https:\/\/blogs.thesocialmedia.com\/leblogjardin\/2008\/08\/08\/vous-partez-en\/","og_locale":"fr_FR","og_type":"article","og_title":"Vous partez en vacances? - Le blog jardin","og_description":"Les valises sont faites et bien cal\u00e9es dans le coffre de la voiture? Vous voil\u00e0 sur le d\u00e9part, vers une destination choisie et attendue : mer, campagne ou montagne, \u00e0 chacun ses pr\u00e9f\u00e9rences et ses envies de loisirs. Promenade, sports, lecture, bronzage&#8230;Vous allez vous reposer loin de votre jardin mais je suis s\u00fbre que vous [&hellip;]","og_url":"https:\/\/blogs.thesocialmedia.com\/leblogjardin\/2008\/08\/08\/vous-partez-en\/","og_site_name":"Le blog jardin","article_published_time":"2008-08-08T13:53:43+00:00","article_modified_time":"2012-08-27T10:23:45+00:00","og_image":[{"width":424,"height":559,"url":"https:\/\/blogs.thesocialmedia.com\/leblogjardin\/files\/2012\/08\/jardin1.png","type":"image\/png"}],"author":"evelyne vigier","twitter_card":"summary_large_image","twitter_misc":{"\u00c9crit par":"evelyne vigier","Dur\u00e9e de lecture estim\u00e9e":"1 minute"},"schema":{"@context":"https:\/\/schema.org","@graph":[{"@type":"WebPage","@id":"https:\/\/blogs.thesocialmedia.com\/leblogjardin\/2008\/08\/08\/vous-partez-en\/","url":"https:\/\/blogs.thesocialmedia.com\/leblogjardin\/2008\/08\/08\/vous-partez-en\/","name":"Vous partez en vacances? - Le blog jardin","isPartOf":{"@id":"https:\/\/blogs.thesocialmedia.com\/leblogjardin\/#website"},"primaryImageOfPage":{"@id":"https:\/\/blogs.thesocialmedia.com\/leblogjardin\/2008\/08\/08\/vous-partez-en\/#primaryimage"},"image":{"@id":"https:\/\/blogs.thesocialmedia.com\/leblogjardin\/2008\/08\/08\/vous-partez-en\/#primaryimage"},"thumbnailUrl":"https:\/\/blogs.thesocialmedia.com\/leblogjardin\/files\/2012\/08\/jardin1.png","datePublished":"2008-08-08T13:53:43+00:00","dateModified":"2012-08-27T10:23:45+00:00","author":{"@id":"https:\/\/blogs.thesocialmedia.com\/leblogjardin\/#\/schema\/person\/8655b0d52a2d3caaf4f457e7831c6aaf"},"breadcrumb":{"@id":"https:\/\/blogs.thesocialmedia.com\/leblogjardin\/2008\/08\/08\/vous-partez-en\/#breadcrumb"},"inLanguage":"fr-FR","potentialAction":[{"@type":"ReadAction","target":["https:\/\/blogs.thesocialmedia.com\/leblogjardin\/2008\/08\/08\/vous-partez-en\/"]}]},{"@type":"ImageObject","inLanguage":"fr-FR","@id":"https:\/\/blogs.thesocialmedia.com\/leblogjardin\/2008\/08\/08\/vous-partez-en\/#primaryimage","url":"https:\/\/blogs.thesocialmedia.com\/leblogjardin\/files\/2012\/08\/jardin1.png","contentUrl":"https:\/\/blogs.thesocialmedia.com\/leblogjardin\/files\/2012\/08\/jardin1.png","width":"424","height":"559"},{"@type":"BreadcrumbList","@id":"https:\/\/blogs.thesocialmedia.com\/leblogjardin\/2008\/08\/08\/vous-partez-en\/#breadcrumb","itemListElement":[{"@type":"ListItem","position":1,"name":"Home","item":"https:\/\/blogs.thesocialmedia.com\/leblogjardin\/"},{"@type":"ListItem","position":2,"name":"Vous partez en vacances?"}]},{"@type":"WebSite","@id":"https:\/\/blogs.thesocialmedia.com\/leblogjardin\/#website","url":"https:\/\/blogs.thesocialmedia.com\/leblogjardin\/","name":"Le blog jardin","description":"Le jardinage \u00e0 port\u00e9e de clic!","potentialAction":[{"@type":"SearchAction","target":{"@type":"EntryPoint","urlTemplate":"https:\/\/blogs.thesocialmedia.com\/leblogjardin\/?s={search_term_string}"},"query-input":{"@type":"PropertyValueSpecification","valueRequired":true,"valueName":"search_term_string"}}],"inLanguage":"fr-FR"},{"@type":"Person","@id":"https:\/\/blogs.thesocialmedia.com\/leblogjardin\/#\/schema\/person\/8655b0d52a2d3caaf4f457e7831c6aaf","name":"evelyne vigier","image":{"@type":"ImageObject","inLanguage":"fr-FR","@id":"https:\/\/blogs.thesocialmedia.com\/leblogjardin\/#\/schema\/person\/image\/","url":"https:\/\/secure.gravatar.com\/avatar\/?s=96&d=mm&r=g","contentUrl":"https:\/\/secure.gravatar.com\/avatar\/?s=96&d=mm&r=g","caption":"evelyne vigier"},"url":"https:\/\/blogs.thesocialmedia.com\/leblogjardin\/author\/evelyne-vigier\/"}]}},"_links":{"self":[{"href":"https:\/\/blogs.thesocialmedia.com\/leblogjardin\/wp-json\/wp\/v2\/posts\/317","targetHints":{"allow":["GET"]}}],"collection":[{"href":"https:\/\/blogs.thesocialmedia.com\/leblogjardin\/wp-json\/wp\/v2\/posts"}],"about":[{"href":"https:\/\/blogs.thesocialmedia.com\/leblogjardin\/wp-json\/wp\/v2\/types\/post"}],"author":[{"embeddable":true,"href":"https:\/\/blogs.thesocialmedia.com\/leblogjardin\/wp-json\/wp\/v2\/users\/354"}],"replies":[{"embeddable":true,"href":"https:\/\/blogs.thesocialmedia.com\/leblogjardin\/wp-json\/wp\/v2\/comments?post=317"}],"version-history":[{"count":1,"href":"https:\/\/blogs.thesocialmedia.com\/leblogjardin\/wp-json\/wp\/v2\/posts\/317\/revisions"}],"predecessor-version":[{"id":4089,"href":"https:\/\/blogs.thesocialmedia.com\/leblogjardin\/wp-json\/wp\/v2\/posts\/317\/revisions\/4089"}],"wp:featuredmedia":[{"embeddable":true,"href":"https:\/\/blogs.thesocialmedia.com\/leblogjardin\/wp-json\/wp\/v2\/media\/4088"}],"wp:attachment":[{"href":"https:\/\/blogs.thesocialmedia.com\/leblogjardin\/wp-json\/wp\/v2\/media?parent=317"}],"wp:term":[{"taxonomy":"category","embeddable":true,"href":"https:\/\/blogs.thesocialmedia.com\/leblogjardin\/wp-json\/wp\/v2\/categories?post=317"},{"taxonomy":"post_tag","embeddable":true,"href":"https:\/\/blogs.thesocialmedia.com\/leblogjardin\/wp-json\/wp\/v2\/tags?post=317"}],"curies":[{"name":"wp","href":"https:\/\/api.w.org\/{rel}","templated":true}]}}