{"id":519,"date":"2008-01-16T20:15:44","date_gmt":"2008-01-16T20:15:44","guid":{"rendered":"http:\/\/blogs.thesocialmedia.com\/leblogjardin\/2008\/01\/16\/soigner-les-ros\/"},"modified":"2012-08-27T10:13:21","modified_gmt":"2012-08-27T10:13:21","slug":"soigner-les-ros","status":"publish","type":"post","link":"https:\/\/blogs.thesocialmedia.com\/leblogjardin\/2008\/01\/16\/soigner-les-ros\/","title":{"rendered":"Soigner les rosiers en hiver"},"content":{"rendered":"<p><a href=\"http:\/\/blogs.thesocialmedia.com\/leblogjardin\/files\/2012\/08\/rose_rose_1.jpg\"><img loading=\"lazy\" decoding=\"async\" width=\"280\" height=\"210\"  alt=\"Rose_rose_1\" src=\"http:\/\/www.leblogjardin.com\/images\/2008\/01\/14\/rose_rose_1.jpg\" style=\"margin: 0px 5px 5px 0px;float: left\" \/><\/a> Les rosiers dorment en ce moment, il faut les laisser se reposer mais leur prodiguer <a href=\"http:\/\/hortiauray.com\/Rosiersmoisparmois.htm\">quelques soins<\/a> qui leur permettront de passer tout l&rsquo;hiver sans probl\u00e8me et de red\u00e9marrer en force d\u00e9s que les beaux jours seront de retour.<\/p>\n<p>C&rsquo;est aussi le bon moment pour planter ceux que vous venez d&rsquo;acheter, qu&rsquo;ils soient en motte ou \u00e0 racines nues, mais attention ne les mettez pas en terre s&rsquo;il g\u00e8le, attendez un peu que le temps se radoucisse. Si vos rosiers sont sous emballage, retaillez les racines, faites un pralinage avant la plantation, enlevez les tron\u00e7ons o\u00f9 se trouve la paraffine protectrice. Voil\u00e0 pour <a href=\"http:\/\/lesjardinsdeve.midiblogs.com\/archive\/2006\/02\/12\/plantons-les-rosiers.html\">la plantation <\/a>mais ce qui nous int\u00e9resse aujourd&rsquo;hui ce sont surtout <a href=\"http:\/\/www.maison-facile.com\/021article_rubrique.asp?num=407\">les soins<\/a> \u00e0 apporter \u00e0 ceux que vous avez d\u00e9j\u00e0 dans votre jardin.<\/p>\n<p>La quasi totalit\u00e9 des <a href=\"http:\/\/www.rosier.info\/\">vari\u00e9t\u00e9s de rosier<\/a>s sont rustiques, pas de crainte \u00e0 avoir de ce c\u00f4t\u00e9-l\u00e0 si vous avez pris la pr\u00e9caution de former une butt\u00e9e \u00e0 leur pied pour \u00e9viter que le collet de la plante ne se trouve au dessus de la terre gel\u00e9e. Le buttage que vous avez fait \u00e0 l&rsquo;arriv\u00e9e des premiers froids doit repr\u00e9senter un petit monticule de terre d&rsquo;une vingtaine de cm de hauteur. De temps en temps remontez ce tas qui a pu s&rsquo;affaisser et si vous ne l&rsquo;avez pas encore fait, un conseil effectuez ce travail (par temps doux) car le printemps n&rsquo;est pas pour tout de suite!<\/p>\n<p>L&rsquo;hiver est la bonne p\u00e9riode pour effectuer certains traitements, notamment&nbsp; ceux qui permettent de lutter contre les maladies cryptogamiques. Les pulv\u00e9risations de bouillie bordelaise peuvent encore \u00eatre faites en ce moment et&nbsp; \u00e0 la belle saison, vous ne regretterez pas d&rsquo;avoir fait ce traitement pr\u00e9ventif.<br \/>Nettoyez r\u00e9guli\u00e8rement le pied de vos rosiers, cela leur \u00e9vitera d&rsquo;attraper certaines <a href=\"http:\/\/www.leblogjardin.com\/2005\/04\/les_maladies_de.html\">maladies<\/a> v\u00e9hicul\u00e9es par les parasites qui se cachent sous les d\u00e9bris, et si vous avez encore un peu de temps, enlevez les mauvaises herbes qui poussent tout autour, au printemps la t\u00e2che en sera facilit\u00e9e.<\/p>\n","protected":false},"excerpt":{"rendered":"<p>Les rosiers dorment en ce moment, il faut les laisser se reposer mais leur prodiguer quelques soins qui leur permettront de passer tout l&rsquo;hiver sans probl\u00e8me et de red\u00e9marrer en force d\u00e9s que les beaux jours seront de retour. C&rsquo;est aussi le bon moment pour planter ceux que vous venez d&rsquo;acheter, qu&rsquo;ils soient en motte [&hellip;]<\/p>\n","protected":false},"author":354,"featured_media":3691,"comment_status":"open","ping_status":"open","sticky":false,"template":"","format":"standard","meta":{"footnotes":""},"categories":[11,3,10,13,29],"tags":[],"class_list":["post-519","post","type-post","status-publish","format-standard","has-post-thumbnail","hentry","category-ennemis-et-maladies","category-fleurs","category-les-bons-trucs","category-plantes","category-rosiers"],"yoast_head":"<!-- This site is optimized with the Yoast SEO plugin v26.0 - https:\/\/yoast.com\/wordpress\/plugins\/seo\/ -->\n<title>Soigner les rosiers en hiver - Le blog jardin<\/title>\n<meta name=\"robots\" content=\"index, follow, max-snippet:-1, max-image-preview:large, max-video-preview:-1\" \/>\n<link rel=\"canonical\" href=\"https:\/\/blogs.thesocialmedia.com\/leblogjardin\/2008\/01\/16\/soigner-les-ros\/\" \/>\n<meta property=\"og:locale\" content=\"fr_FR\" \/>\n<meta property=\"og:type\" content=\"article\" \/>\n<meta property=\"og:title\" content=\"Soigner les rosiers en hiver - Le blog jardin\" \/>\n<meta property=\"og:description\" content=\"Les rosiers dorment en ce moment, il faut les laisser se reposer mais leur prodiguer quelques soins qui leur permettront de passer tout l&rsquo;hiver sans probl\u00e8me et de red\u00e9marrer en force d\u00e9s que les beaux jours seront de retour. C&rsquo;est aussi le bon moment pour planter ceux que vous venez d&rsquo;acheter, qu&rsquo;ils soient en motte [&hellip;]\" \/>\n<meta property=\"og:url\" content=\"https:\/\/blogs.thesocialmedia.com\/leblogjardin\/2008\/01\/16\/soigner-les-ros\/\" \/>\n<meta property=\"og:site_name\" content=\"Le blog jardin\" \/>\n<meta property=\"article:published_time\" content=\"2008-01-16T20:15:44+00:00\" \/>\n<meta property=\"article:modified_time\" content=\"2012-08-27T10:13:21+00:00\" \/>\n<meta property=\"og:image\" content=\"https:\/\/blogs.thesocialmedia.com\/leblogjardin\/files\/2012\/08\/rose_rose_1.jpg\" \/>\n\t<meta property=\"og:image:width\" content=\"640\" \/>\n\t<meta property=\"og:image:height\" content=\"480\" \/>\n\t<meta property=\"og:image:type\" content=\"image\/jpeg\" \/>\n<meta name=\"author\" content=\"evelyne vigier\" \/>\n<meta name=\"twitter:card\" content=\"summary_large_image\" \/>\n<meta name=\"twitter:label1\" content=\"\u00c9crit par\" \/>\n\t<meta name=\"twitter:data1\" content=\"evelyne vigier\" \/>\n\t<meta name=\"twitter:label2\" content=\"Dur\u00e9e de lecture estim\u00e9e\" \/>\n\t<meta name=\"twitter:data2\" content=\"2 minutes\" \/>\n<script type=\"application\/ld+json\" class=\"yoast-schema-graph\">{\"@context\":\"https:\/\/schema.org\",\"@graph\":[{\"@type\":\"WebPage\",\"@id\":\"https:\/\/blogs.thesocialmedia.com\/leblogjardin\/2008\/01\/16\/soigner-les-ros\/\",\"url\":\"https:\/\/blogs.thesocialmedia.com\/leblogjardin\/2008\/01\/16\/soigner-les-ros\/\",\"name\":\"Soigner les rosiers en hiver - Le blog jardin\",\"isPartOf\":{\"@id\":\"https:\/\/blogs.thesocialmedia.com\/leblogjardin\/#website\"},\"primaryImageOfPage\":{\"@id\":\"https:\/\/blogs.thesocialmedia.com\/leblogjardin\/2008\/01\/16\/soigner-les-ros\/#primaryimage\"},\"image\":{\"@id\":\"https:\/\/blogs.thesocialmedia.com\/leblogjardin\/2008\/01\/16\/soigner-les-ros\/#primaryimage\"},\"thumbnailUrl\":\"https:\/\/blogs.thesocialmedia.com\/leblogjardin\/files\/2012\/08\/rose_rose_1.jpg\",\"datePublished\":\"2008-01-16T20:15:44+00:00\",\"dateModified\":\"2012-08-27T10:13:21+00:00\",\"author\":{\"@id\":\"https:\/\/blogs.thesocialmedia.com\/leblogjardin\/#\/schema\/person\/8655b0d52a2d3caaf4f457e7831c6aaf\"},\"breadcrumb\":{\"@id\":\"https:\/\/blogs.thesocialmedia.com\/leblogjardin\/2008\/01\/16\/soigner-les-ros\/#breadcrumb\"},\"inLanguage\":\"fr-FR\",\"potentialAction\":[{\"@type\":\"ReadAction\",\"target\":[\"https:\/\/blogs.thesocialmedia.com\/leblogjardin\/2008\/01\/16\/soigner-les-ros\/\"]}]},{\"@type\":\"ImageObject\",\"inLanguage\":\"fr-FR\",\"@id\":\"https:\/\/blogs.thesocialmedia.com\/leblogjardin\/2008\/01\/16\/soigner-les-ros\/#primaryimage\",\"url\":\"https:\/\/blogs.thesocialmedia.com\/leblogjardin\/files\/2012\/08\/rose_rose_1.jpg\",\"contentUrl\":\"https:\/\/blogs.thesocialmedia.com\/leblogjardin\/files\/2012\/08\/rose_rose_1.jpg\",\"width\":\"640\",\"height\":\"480\"},{\"@type\":\"BreadcrumbList\",\"@id\":\"https:\/\/blogs.thesocialmedia.com\/leblogjardin\/2008\/01\/16\/soigner-les-ros\/#breadcrumb\",\"itemListElement\":[{\"@type\":\"ListItem\",\"position\":1,\"name\":\"Home\",\"item\":\"https:\/\/blogs.thesocialmedia.com\/leblogjardin\/\"},{\"@type\":\"ListItem\",\"position\":2,\"name\":\"Soigner les rosiers en hiver\"}]},{\"@type\":\"WebSite\",\"@id\":\"https:\/\/blogs.thesocialmedia.com\/leblogjardin\/#website\",\"url\":\"https:\/\/blogs.thesocialmedia.com\/leblogjardin\/\",\"name\":\"Le blog jardin\",\"description\":\"Le jardinage \u00e0 port\u00e9e de clic!\",\"potentialAction\":[{\"@type\":\"SearchAction\",\"target\":{\"@type\":\"EntryPoint\",\"urlTemplate\":\"https:\/\/blogs.thesocialmedia.com\/leblogjardin\/?s={search_term_string}\"},\"query-input\":{\"@type\":\"PropertyValueSpecification\",\"valueRequired\":true,\"valueName\":\"search_term_string\"}}],\"inLanguage\":\"fr-FR\"},{\"@type\":\"Person\",\"@id\":\"https:\/\/blogs.thesocialmedia.com\/leblogjardin\/#\/schema\/person\/8655b0d52a2d3caaf4f457e7831c6aaf\",\"name\":\"evelyne vigier\",\"image\":{\"@type\":\"ImageObject\",\"inLanguage\":\"fr-FR\",\"@id\":\"https:\/\/blogs.thesocialmedia.com\/leblogjardin\/#\/schema\/person\/image\/\",\"url\":\"https:\/\/secure.gravatar.com\/avatar\/?s=96&d=mm&r=g\",\"contentUrl\":\"https:\/\/secure.gravatar.com\/avatar\/?s=96&d=mm&r=g\",\"caption\":\"evelyne vigier\"},\"url\":\"https:\/\/blogs.thesocialmedia.com\/leblogjardin\/author\/evelyne-vigier\/\"}]}<\/script>\n<!-- \/ Yoast SEO plugin. -->","yoast_head_json":{"title":"Soigner les rosiers en hiver - Le blog jardin","robots":{"index":"index","follow":"follow","max-snippet":"max-snippet:-1","max-image-preview":"max-image-preview:large","max-video-preview":"max-video-preview:-1"},"canonical":"https:\/\/blogs.thesocialmedia.com\/leblogjardin\/2008\/01\/16\/soigner-les-ros\/","og_locale":"fr_FR","og_type":"article","og_title":"Soigner les rosiers en hiver - Le blog jardin","og_description":"Les rosiers dorment en ce moment, il faut les laisser se reposer mais leur prodiguer quelques soins qui leur permettront de passer tout l&rsquo;hiver sans probl\u00e8me et de red\u00e9marrer en force d\u00e9s que les beaux jours seront de retour. C&rsquo;est aussi le bon moment pour planter ceux que vous venez d&rsquo;acheter, qu&rsquo;ils soient en motte [&hellip;]","og_url":"https:\/\/blogs.thesocialmedia.com\/leblogjardin\/2008\/01\/16\/soigner-les-ros\/","og_site_name":"Le blog jardin","article_published_time":"2008-01-16T20:15:44+00:00","article_modified_time":"2012-08-27T10:13:21+00:00","og_image":[{"width":640,"height":480,"url":"https:\/\/blogs.thesocialmedia.com\/leblogjardin\/files\/2012\/08\/rose_rose_1.jpg","type":"image\/jpeg"}],"author":"evelyne vigier","twitter_card":"summary_large_image","twitter_misc":{"\u00c9crit par":"evelyne vigier","Dur\u00e9e de lecture estim\u00e9e":"2 minutes"},"schema":{"@context":"https:\/\/schema.org","@graph":[{"@type":"WebPage","@id":"https:\/\/blogs.thesocialmedia.com\/leblogjardin\/2008\/01\/16\/soigner-les-ros\/","url":"https:\/\/blogs.thesocialmedia.com\/leblogjardin\/2008\/01\/16\/soigner-les-ros\/","name":"Soigner les rosiers en hiver - Le blog jardin","isPartOf":{"@id":"https:\/\/blogs.thesocialmedia.com\/leblogjardin\/#website"},"primaryImageOfPage":{"@id":"https:\/\/blogs.thesocialmedia.com\/leblogjardin\/2008\/01\/16\/soigner-les-ros\/#primaryimage"},"image":{"@id":"https:\/\/blogs.thesocialmedia.com\/leblogjardin\/2008\/01\/16\/soigner-les-ros\/#primaryimage"},"thumbnailUrl":"https:\/\/blogs.thesocialmedia.com\/leblogjardin\/files\/2012\/08\/rose_rose_1.jpg","datePublished":"2008-01-16T20:15:44+00:00","dateModified":"2012-08-27T10:13:21+00:00","author":{"@id":"https:\/\/blogs.thesocialmedia.com\/leblogjardin\/#\/schema\/person\/8655b0d52a2d3caaf4f457e7831c6aaf"},"breadcrumb":{"@id":"https:\/\/blogs.thesocialmedia.com\/leblogjardin\/2008\/01\/16\/soigner-les-ros\/#breadcrumb"},"inLanguage":"fr-FR","potentialAction":[{"@type":"ReadAction","target":["https:\/\/blogs.thesocialmedia.com\/leblogjardin\/2008\/01\/16\/soigner-les-ros\/"]}]},{"@type":"ImageObject","inLanguage":"fr-FR","@id":"https:\/\/blogs.thesocialmedia.com\/leblogjardin\/2008\/01\/16\/soigner-les-ros\/#primaryimage","url":"https:\/\/blogs.thesocialmedia.com\/leblogjardin\/files\/2012\/08\/rose_rose_1.jpg","contentUrl":"https:\/\/blogs.thesocialmedia.com\/leblogjardin\/files\/2012\/08\/rose_rose_1.jpg","width":"640","height":"480"},{"@type":"BreadcrumbList","@id":"https:\/\/blogs.thesocialmedia.com\/leblogjardin\/2008\/01\/16\/soigner-les-ros\/#breadcrumb","itemListElement":[{"@type":"ListItem","position":1,"name":"Home","item":"https:\/\/blogs.thesocialmedia.com\/leblogjardin\/"},{"@type":"ListItem","position":2,"name":"Soigner les rosiers en hiver"}]},{"@type":"WebSite","@id":"https:\/\/blogs.thesocialmedia.com\/leblogjardin\/#website","url":"https:\/\/blogs.thesocialmedia.com\/leblogjardin\/","name":"Le blog jardin","description":"Le jardinage \u00e0 port\u00e9e de clic!","potentialAction":[{"@type":"SearchAction","target":{"@type":"EntryPoint","urlTemplate":"https:\/\/blogs.thesocialmedia.com\/leblogjardin\/?s={search_term_string}"},"query-input":{"@type":"PropertyValueSpecification","valueRequired":true,"valueName":"search_term_string"}}],"inLanguage":"fr-FR"},{"@type":"Person","@id":"https:\/\/blogs.thesocialmedia.com\/leblogjardin\/#\/schema\/person\/8655b0d52a2d3caaf4f457e7831c6aaf","name":"evelyne vigier","image":{"@type":"ImageObject","inLanguage":"fr-FR","@id":"https:\/\/blogs.thesocialmedia.com\/leblogjardin\/#\/schema\/person\/image\/","url":"https:\/\/secure.gravatar.com\/avatar\/?s=96&d=mm&r=g","contentUrl":"https:\/\/secure.gravatar.com\/avatar\/?s=96&d=mm&r=g","caption":"evelyne vigier"},"url":"https:\/\/blogs.thesocialmedia.com\/leblogjardin\/author\/evelyne-vigier\/"}]}},"_links":{"self":[{"href":"https:\/\/blogs.thesocialmedia.com\/leblogjardin\/wp-json\/wp\/v2\/posts\/519","targetHints":{"allow":["GET"]}}],"collection":[{"href":"https:\/\/blogs.thesocialmedia.com\/leblogjardin\/wp-json\/wp\/v2\/posts"}],"about":[{"href":"https:\/\/blogs.thesocialmedia.com\/leblogjardin\/wp-json\/wp\/v2\/types\/post"}],"author":[{"embeddable":true,"href":"https:\/\/blogs.thesocialmedia.com\/leblogjardin\/wp-json\/wp\/v2\/users\/354"}],"replies":[{"embeddable":true,"href":"https:\/\/blogs.thesocialmedia.com\/leblogjardin\/wp-json\/wp\/v2\/comments?post=519"}],"version-history":[{"count":1,"href":"https:\/\/blogs.thesocialmedia.com\/leblogjardin\/wp-json\/wp\/v2\/posts\/519\/revisions"}],"predecessor-version":[{"id":3692,"href":"https:\/\/blogs.thesocialmedia.com\/leblogjardin\/wp-json\/wp\/v2\/posts\/519\/revisions\/3692"}],"wp:featuredmedia":[{"embeddable":true,"href":"https:\/\/blogs.thesocialmedia.com\/leblogjardin\/wp-json\/wp\/v2\/media\/3691"}],"wp:attachment":[{"href":"https:\/\/blogs.thesocialmedia.com\/leblogjardin\/wp-json\/wp\/v2\/media?parent=519"}],"wp:term":[{"taxonomy":"category","embeddable":true,"href":"https:\/\/blogs.thesocialmedia.com\/leblogjardin\/wp-json\/wp\/v2\/categories?post=519"},{"taxonomy":"post_tag","embeddable":true,"href":"https:\/\/blogs.thesocialmedia.com\/leblogjardin\/wp-json\/wp\/v2\/tags?post=519"}],"curies":[{"name":"wp","href":"https:\/\/api.w.org\/{rel}","templated":true}]}}