{"id":76,"date":"2009-04-24T23:37:33","date_gmt":"2009-04-24T23:37:33","guid":{"rendered":"http:\/\/blogs.thesocialmedia.com\/leblogjardin\/2009\/04\/24\/des-iberis-en-rocaille-en-bordure-ou-en-jardiniere\/"},"modified":"2012-08-27T10:39:37","modified_gmt":"2012-08-27T10:39:37","slug":"des-iberis-en-rocaille-en-bordure-ou-en-jardiniere","status":"publish","type":"post","link":"https:\/\/blogs.thesocialmedia.com\/leblogjardin\/2009\/04\/24\/des-iberis-en-rocaille-en-bordure-ou-en-jardiniere\/","title":{"rendered":"Des iberis en rocaille, en bordure ou en jardini\u00e8re"},"content":{"rendered":"<p><a href=\"http:\/\/blogs.thesocialmedia.com\/leblogjardin\/files\/2012\/08\/6a00d83451b18369e2011570065acb970b-pi.png\"><img decoding=\"async\" alt=\"Iberis\"  class=\"at-xid-6a00d83451b18369e2011570065acb970b image-full \" src=\"http:\/\/blogs.thesocialmedia.com\/leblogjardin\/files\/2012\/08\/6a00d83451b18369e2011570065acb970b-800wi.png\" \/><\/a> Tout ou presque convient \u00e0 cette plante originaire d&#039;Europe du sud qui fleurit abondamment au printemps et ne demande pas de soins particuliers.<br \/>On l&#039;appelle couramment corbeille d&#039;argent mais ce nom est d\u00e9j\u00e0 utilis\u00e9 pour une autre plante (<a href=\"http:\/\/bricolons.ch\/ceraiste.htm\">ceraistes<\/a> ) alors, gardons lui son nom d&#039;iberis <a href=\"http:\/\/www.leblogjardin.com\/2007\/03\/les_iberis_semp.html\">sempervirens<\/a> ou celui de thlaspi, au moins comme cela on sait bien de quel sujet on parle!<\/p>\n<p> <a href=\"http:\/\/nature.jardin.free.fr\/vivace\/ft_corbeille.html\">Ces plantes vivaces<\/a> forment des petits buissons denses qui s&#039;\u00e9talent&#160; et se couvrent de tellement de fleurs que le feuillage dispara\u00eet sous une nu\u00e9e blanche. <\/p>\n<p>Ces iberis sont des plantes herbac\u00e9es \u00e0 feuillage persistant ce qui rend leur pr\u00e9sence tr\u00e9s int\u00e9ressante <a href=\"http:\/\/lesjardinsdeve.midiblogs.com\/tag\/rocaille\">en rocaille<\/a> et en bordure de massif ou d&#039;all\u00e9es. <br \/>Un sol bien drain\u00e9, une exposition ensoleill\u00e9e ou \u00e0 la rigueur mi_ombrag\u00e9e suffisent \u00e0 son bon d\u00e9veloppement, les tiges poussent rapidement et s&#039;\u00e9talent finissant par former un tapis. Il est bon de tailler la plante apr\u00e9s sa floraison car sinon elle a tendance \u00e0 se d\u00e9garnir en son centre et du coup elle est moins belle.<br \/>Profitez de cette op\u00e9ration pour faire des boutures, elle s&#039;enracinent sans probl\u00e8me et vous aurez des plants vigoureux \u00e0 installer \u00e0 la place de ceux qui vous semblent moins florif\u00e8es.<\/p>\n","protected":false},"excerpt":{"rendered":"<p>Tout ou presque convient \u00e0 cette plante originaire d&#039;Europe du sud qui fleurit abondamment au printemps et ne demande pas de soins particuliers.On l&#039;appelle couramment corbeille d&#039;argent mais ce nom est d\u00e9j\u00e0 utilis\u00e9 pour une autre plante (ceraistes ) alors, gardons lui son nom d&#039;iberis sempervirens ou celui de thlaspi, au moins comme cela on [&hellip;]<\/p>\n","protected":false},"author":354,"featured_media":4584,"comment_status":"open","ping_status":"open","sticky":false,"template":"","format":"standard","meta":{"footnotes":""},"categories":[3,14,13,24,4],"tags":[],"class_list":["post-76","post","type-post","status-publish","format-standard","has-post-thumbnail","hentry","category-fleurs","category-idees-deco","category-plantes","category-plantes-de-terrasse","category-vivaces"],"yoast_head":"<!-- This site is optimized with the Yoast SEO plugin v26.0 - https:\/\/yoast.com\/wordpress\/plugins\/seo\/ -->\n<title>Des iberis en rocaille, en bordure ou en jardini\u00e8re - Le blog jardin<\/title>\n<meta name=\"robots\" content=\"index, follow, max-snippet:-1, max-image-preview:large, max-video-preview:-1\" \/>\n<link rel=\"canonical\" href=\"https:\/\/blogs.thesocialmedia.com\/leblogjardin\/2009\/04\/24\/des-iberis-en-rocaille-en-bordure-ou-en-jardiniere\/\" \/>\n<meta property=\"og:locale\" content=\"fr_FR\" \/>\n<meta property=\"og:type\" content=\"article\" \/>\n<meta property=\"og:title\" content=\"Des iberis en rocaille, en bordure ou en jardini\u00e8re - Le blog jardin\" \/>\n<meta property=\"og:description\" content=\"Tout ou presque convient \u00e0 cette plante originaire d&#039;Europe du sud qui fleurit abondamment au printemps et ne demande pas de soins particuliers.On l&#039;appelle couramment corbeille d&#039;argent mais ce nom est d\u00e9j\u00e0 utilis\u00e9 pour une autre plante (ceraistes ) alors, gardons lui son nom d&#039;iberis sempervirens ou celui de thlaspi, au moins comme cela on [&hellip;]\" \/>\n<meta property=\"og:url\" content=\"https:\/\/blogs.thesocialmedia.com\/leblogjardin\/2009\/04\/24\/des-iberis-en-rocaille-en-bordure-ou-en-jardiniere\/\" \/>\n<meta property=\"og:site_name\" content=\"Le blog jardin\" \/>\n<meta property=\"article:published_time\" content=\"2009-04-24T23:37:33+00:00\" \/>\n<meta property=\"article:modified_time\" content=\"2012-08-27T10:39:37+00:00\" \/>\n<meta property=\"og:image\" content=\"https:\/\/blogs.thesocialmedia.com\/leblogjardin\/files\/2012\/08\/6a00d83451b18369e2011570065acb970b-800wi.png\" \/>\n\t<meta property=\"og:image:width\" content=\"690\" \/>\n\t<meta property=\"og:image:height\" content=\"438\" \/>\n\t<meta property=\"og:image:type\" content=\"image\/png\" \/>\n<meta name=\"author\" content=\"evelyne vigier\" \/>\n<meta name=\"twitter:card\" content=\"summary_large_image\" \/>\n<meta name=\"twitter:label1\" content=\"\u00c9crit par\" \/>\n\t<meta name=\"twitter:data1\" content=\"evelyne vigier\" \/>\n\t<meta name=\"twitter:label2\" content=\"Dur\u00e9e de lecture estim\u00e9e\" \/>\n\t<meta name=\"twitter:data2\" content=\"1 minute\" \/>\n<script type=\"application\/ld+json\" class=\"yoast-schema-graph\">{\"@context\":\"https:\/\/schema.org\",\"@graph\":[{\"@type\":\"WebPage\",\"@id\":\"https:\/\/blogs.thesocialmedia.com\/leblogjardin\/2009\/04\/24\/des-iberis-en-rocaille-en-bordure-ou-en-jardiniere\/\",\"url\":\"https:\/\/blogs.thesocialmedia.com\/leblogjardin\/2009\/04\/24\/des-iberis-en-rocaille-en-bordure-ou-en-jardiniere\/\",\"name\":\"Des iberis en rocaille, en bordure ou en jardini\u00e8re - Le blog jardin\",\"isPartOf\":{\"@id\":\"https:\/\/blogs.thesocialmedia.com\/leblogjardin\/#website\"},\"primaryImageOfPage\":{\"@id\":\"https:\/\/blogs.thesocialmedia.com\/leblogjardin\/2009\/04\/24\/des-iberis-en-rocaille-en-bordure-ou-en-jardiniere\/#primaryimage\"},\"image\":{\"@id\":\"https:\/\/blogs.thesocialmedia.com\/leblogjardin\/2009\/04\/24\/des-iberis-en-rocaille-en-bordure-ou-en-jardiniere\/#primaryimage\"},\"thumbnailUrl\":\"https:\/\/blogs.thesocialmedia.com\/leblogjardin\/files\/2012\/08\/6a00d83451b18369e2011570065acb970b-800wi.png\",\"datePublished\":\"2009-04-24T23:37:33+00:00\",\"dateModified\":\"2012-08-27T10:39:37+00:00\",\"author\":{\"@id\":\"https:\/\/blogs.thesocialmedia.com\/leblogjardin\/#\/schema\/person\/8655b0d52a2d3caaf4f457e7831c6aaf\"},\"breadcrumb\":{\"@id\":\"https:\/\/blogs.thesocialmedia.com\/leblogjardin\/2009\/04\/24\/des-iberis-en-rocaille-en-bordure-ou-en-jardiniere\/#breadcrumb\"},\"inLanguage\":\"fr-FR\",\"potentialAction\":[{\"@type\":\"ReadAction\",\"target\":[\"https:\/\/blogs.thesocialmedia.com\/leblogjardin\/2009\/04\/24\/des-iberis-en-rocaille-en-bordure-ou-en-jardiniere\/\"]}]},{\"@type\":\"ImageObject\",\"inLanguage\":\"fr-FR\",\"@id\":\"https:\/\/blogs.thesocialmedia.com\/leblogjardin\/2009\/04\/24\/des-iberis-en-rocaille-en-bordure-ou-en-jardiniere\/#primaryimage\",\"url\":\"https:\/\/blogs.thesocialmedia.com\/leblogjardin\/files\/2012\/08\/6a00d83451b18369e2011570065acb970b-800wi.png\",\"contentUrl\":\"https:\/\/blogs.thesocialmedia.com\/leblogjardin\/files\/2012\/08\/6a00d83451b18369e2011570065acb970b-800wi.png\",\"width\":\"690\",\"height\":\"438\"},{\"@type\":\"BreadcrumbList\",\"@id\":\"https:\/\/blogs.thesocialmedia.com\/leblogjardin\/2009\/04\/24\/des-iberis-en-rocaille-en-bordure-ou-en-jardiniere\/#breadcrumb\",\"itemListElement\":[{\"@type\":\"ListItem\",\"position\":1,\"name\":\"Home\",\"item\":\"https:\/\/blogs.thesocialmedia.com\/leblogjardin\/\"},{\"@type\":\"ListItem\",\"position\":2,\"name\":\"Des iberis en rocaille, en bordure ou en jardini\u00e8re\"}]},{\"@type\":\"WebSite\",\"@id\":\"https:\/\/blogs.thesocialmedia.com\/leblogjardin\/#website\",\"url\":\"https:\/\/blogs.thesocialmedia.com\/leblogjardin\/\",\"name\":\"Le blog jardin\",\"description\":\"Le jardinage \u00e0 port\u00e9e de clic!\",\"potentialAction\":[{\"@type\":\"SearchAction\",\"target\":{\"@type\":\"EntryPoint\",\"urlTemplate\":\"https:\/\/blogs.thesocialmedia.com\/leblogjardin\/?s={search_term_string}\"},\"query-input\":{\"@type\":\"PropertyValueSpecification\",\"valueRequired\":true,\"valueName\":\"search_term_string\"}}],\"inLanguage\":\"fr-FR\"},{\"@type\":\"Person\",\"@id\":\"https:\/\/blogs.thesocialmedia.com\/leblogjardin\/#\/schema\/person\/8655b0d52a2d3caaf4f457e7831c6aaf\",\"name\":\"evelyne vigier\",\"image\":{\"@type\":\"ImageObject\",\"inLanguage\":\"fr-FR\",\"@id\":\"https:\/\/blogs.thesocialmedia.com\/leblogjardin\/#\/schema\/person\/image\/\",\"url\":\"https:\/\/secure.gravatar.com\/avatar\/?s=96&d=mm&r=g\",\"contentUrl\":\"https:\/\/secure.gravatar.com\/avatar\/?s=96&d=mm&r=g\",\"caption\":\"evelyne vigier\"},\"url\":\"https:\/\/blogs.thesocialmedia.com\/leblogjardin\/author\/evelyne-vigier\/\"}]}<\/script>\n<!-- \/ Yoast SEO plugin. -->","yoast_head_json":{"title":"Des iberis en rocaille, en bordure ou en jardini\u00e8re - Le blog jardin","robots":{"index":"index","follow":"follow","max-snippet":"max-snippet:-1","max-image-preview":"max-image-preview:large","max-video-preview":"max-video-preview:-1"},"canonical":"https:\/\/blogs.thesocialmedia.com\/leblogjardin\/2009\/04\/24\/des-iberis-en-rocaille-en-bordure-ou-en-jardiniere\/","og_locale":"fr_FR","og_type":"article","og_title":"Des iberis en rocaille, en bordure ou en jardini\u00e8re - Le blog jardin","og_description":"Tout ou presque convient \u00e0 cette plante originaire d&#039;Europe du sud qui fleurit abondamment au printemps et ne demande pas de soins particuliers.On l&#039;appelle couramment corbeille d&#039;argent mais ce nom est d\u00e9j\u00e0 utilis\u00e9 pour une autre plante (ceraistes ) alors, gardons lui son nom d&#039;iberis sempervirens ou celui de thlaspi, au moins comme cela on [&hellip;]","og_url":"https:\/\/blogs.thesocialmedia.com\/leblogjardin\/2009\/04\/24\/des-iberis-en-rocaille-en-bordure-ou-en-jardiniere\/","og_site_name":"Le blog jardin","article_published_time":"2009-04-24T23:37:33+00:00","article_modified_time":"2012-08-27T10:39:37+00:00","og_image":[{"width":690,"height":438,"url":"https:\/\/blogs.thesocialmedia.com\/leblogjardin\/files\/2012\/08\/6a00d83451b18369e2011570065acb970b-800wi.png","type":"image\/png"}],"author":"evelyne vigier","twitter_card":"summary_large_image","twitter_misc":{"\u00c9crit par":"evelyne vigier","Dur\u00e9e de lecture estim\u00e9e":"1 minute"},"schema":{"@context":"https:\/\/schema.org","@graph":[{"@type":"WebPage","@id":"https:\/\/blogs.thesocialmedia.com\/leblogjardin\/2009\/04\/24\/des-iberis-en-rocaille-en-bordure-ou-en-jardiniere\/","url":"https:\/\/blogs.thesocialmedia.com\/leblogjardin\/2009\/04\/24\/des-iberis-en-rocaille-en-bordure-ou-en-jardiniere\/","name":"Des iberis en rocaille, en bordure ou en jardini\u00e8re - Le blog jardin","isPartOf":{"@id":"https:\/\/blogs.thesocialmedia.com\/leblogjardin\/#website"},"primaryImageOfPage":{"@id":"https:\/\/blogs.thesocialmedia.com\/leblogjardin\/2009\/04\/24\/des-iberis-en-rocaille-en-bordure-ou-en-jardiniere\/#primaryimage"},"image":{"@id":"https:\/\/blogs.thesocialmedia.com\/leblogjardin\/2009\/04\/24\/des-iberis-en-rocaille-en-bordure-ou-en-jardiniere\/#primaryimage"},"thumbnailUrl":"https:\/\/blogs.thesocialmedia.com\/leblogjardin\/files\/2012\/08\/6a00d83451b18369e2011570065acb970b-800wi.png","datePublished":"2009-04-24T23:37:33+00:00","dateModified":"2012-08-27T10:39:37+00:00","author":{"@id":"https:\/\/blogs.thesocialmedia.com\/leblogjardin\/#\/schema\/person\/8655b0d52a2d3caaf4f457e7831c6aaf"},"breadcrumb":{"@id":"https:\/\/blogs.thesocialmedia.com\/leblogjardin\/2009\/04\/24\/des-iberis-en-rocaille-en-bordure-ou-en-jardiniere\/#breadcrumb"},"inLanguage":"fr-FR","potentialAction":[{"@type":"ReadAction","target":["https:\/\/blogs.thesocialmedia.com\/leblogjardin\/2009\/04\/24\/des-iberis-en-rocaille-en-bordure-ou-en-jardiniere\/"]}]},{"@type":"ImageObject","inLanguage":"fr-FR","@id":"https:\/\/blogs.thesocialmedia.com\/leblogjardin\/2009\/04\/24\/des-iberis-en-rocaille-en-bordure-ou-en-jardiniere\/#primaryimage","url":"https:\/\/blogs.thesocialmedia.com\/leblogjardin\/files\/2012\/08\/6a00d83451b18369e2011570065acb970b-800wi.png","contentUrl":"https:\/\/blogs.thesocialmedia.com\/leblogjardin\/files\/2012\/08\/6a00d83451b18369e2011570065acb970b-800wi.png","width":"690","height":"438"},{"@type":"BreadcrumbList","@id":"https:\/\/blogs.thesocialmedia.com\/leblogjardin\/2009\/04\/24\/des-iberis-en-rocaille-en-bordure-ou-en-jardiniere\/#breadcrumb","itemListElement":[{"@type":"ListItem","position":1,"name":"Home","item":"https:\/\/blogs.thesocialmedia.com\/leblogjardin\/"},{"@type":"ListItem","position":2,"name":"Des iberis en rocaille, en bordure ou en jardini\u00e8re"}]},{"@type":"WebSite","@id":"https:\/\/blogs.thesocialmedia.com\/leblogjardin\/#website","url":"https:\/\/blogs.thesocialmedia.com\/leblogjardin\/","name":"Le blog jardin","description":"Le jardinage \u00e0 port\u00e9e de clic!","potentialAction":[{"@type":"SearchAction","target":{"@type":"EntryPoint","urlTemplate":"https:\/\/blogs.thesocialmedia.com\/leblogjardin\/?s={search_term_string}"},"query-input":{"@type":"PropertyValueSpecification","valueRequired":true,"valueName":"search_term_string"}}],"inLanguage":"fr-FR"},{"@type":"Person","@id":"https:\/\/blogs.thesocialmedia.com\/leblogjardin\/#\/schema\/person\/8655b0d52a2d3caaf4f457e7831c6aaf","name":"evelyne vigier","image":{"@type":"ImageObject","inLanguage":"fr-FR","@id":"https:\/\/blogs.thesocialmedia.com\/leblogjardin\/#\/schema\/person\/image\/","url":"https:\/\/secure.gravatar.com\/avatar\/?s=96&d=mm&r=g","contentUrl":"https:\/\/secure.gravatar.com\/avatar\/?s=96&d=mm&r=g","caption":"evelyne vigier"},"url":"https:\/\/blogs.thesocialmedia.com\/leblogjardin\/author\/evelyne-vigier\/"}]}},"_links":{"self":[{"href":"https:\/\/blogs.thesocialmedia.com\/leblogjardin\/wp-json\/wp\/v2\/posts\/76","targetHints":{"allow":["GET"]}}],"collection":[{"href":"https:\/\/blogs.thesocialmedia.com\/leblogjardin\/wp-json\/wp\/v2\/posts"}],"about":[{"href":"https:\/\/blogs.thesocialmedia.com\/leblogjardin\/wp-json\/wp\/v2\/types\/post"}],"author":[{"embeddable":true,"href":"https:\/\/blogs.thesocialmedia.com\/leblogjardin\/wp-json\/wp\/v2\/users\/354"}],"replies":[{"embeddable":true,"href":"https:\/\/blogs.thesocialmedia.com\/leblogjardin\/wp-json\/wp\/v2\/comments?post=76"}],"version-history":[{"count":1,"href":"https:\/\/blogs.thesocialmedia.com\/leblogjardin\/wp-json\/wp\/v2\/posts\/76\/revisions"}],"predecessor-version":[{"id":4586,"href":"https:\/\/blogs.thesocialmedia.com\/leblogjardin\/wp-json\/wp\/v2\/posts\/76\/revisions\/4586"}],"wp:featuredmedia":[{"embeddable":true,"href":"https:\/\/blogs.thesocialmedia.com\/leblogjardin\/wp-json\/wp\/v2\/media\/4584"}],"wp:attachment":[{"href":"https:\/\/blogs.thesocialmedia.com\/leblogjardin\/wp-json\/wp\/v2\/media?parent=76"}],"wp:term":[{"taxonomy":"category","embeddable":true,"href":"https:\/\/blogs.thesocialmedia.com\/leblogjardin\/wp-json\/wp\/v2\/categories?post=76"},{"taxonomy":"post_tag","embeddable":true,"href":"https:\/\/blogs.thesocialmedia.com\/leblogjardin\/wp-json\/wp\/v2\/tags?post=76"}],"curies":[{"name":"wp","href":"https:\/\/api.w.org\/{rel}","templated":true}]}}