{"id":9,"date":"2009-12-09T08:09:00","date_gmt":"2009-12-09T08:09:00","guid":{"rendered":"http:\/\/blogs.thesocialmedia.com\/leblogjardin\/2009\/12\/09\/les-ipomes-trs\/"},"modified":"2012-08-27T10:41:50","modified_gmt":"2012-08-27T10:41:50","slug":"les-ipomes-trs","status":"publish","type":"post","link":"https:\/\/blogs.thesocialmedia.com\/leblogjardin\/2009\/12\/09\/les-ipomes-trs\/","title":{"rendered":"Les ipom\u00e9es, une floraison enthousiamante !"},"content":{"rendered":"<p><a href=\"http:\/\/blogs.thesocialmedia.com\/leblogjardin\/files\/2012\/08\/ipome_violine.jpg\"><img loading=\"lazy\" decoding=\"async\" width=\"250\" height=\"187\"  alt=\"Ipome_violine\" src=\"http:\/\/www.leblogjardin.com\/images\/ipome_violine.jpg\" style=\"margin: 0px 5px 5px 0px;float: left\" \/><\/a> Avec l&rsquo;automne tr\u00e8s doux que nous avons, les <a href=\"http:\/\/www.leblogjardin.com\/2005\/03\/les_belles_volu.html\">ipom\u00e9es<\/a> ne veulent pas s&rsquo;endormir et pour mon plus grand plaisir m&rsquo;offrent encore quelques fleurs. <\/p>\n<p>C&rsquo;est une plante qui appartient \u00e0 la famille des <a href=\"http:\/\/fr.wikipedia.org\/wiki\/Convolvulaceae\">convolvulvac\u00e9es<\/a>, et dont les fleurs ont la morphologie caract\u00e9ristique des fleurs de liseron, mais \u00e0 la diff\u00e9rence de celles du liseron qui pousse naturellement, les fleurs d&rsquo;ipom\u00e9es sont de belle taille et tr\u00e8s <a href=\"http:\/\/jardins.dna.fr\/20020606\/\">color\u00e9es<\/a> (bleu, rose, pourpre, violet)<br \/>Elles nous viennent des tropiques et aiment donc la chaleur et le soleil ce qui fait que except\u00e9 dans le midi elles sont cultiv\u00e9es en annuelles.<\/p>\n<p>Quelle facilit\u00e9 de culture ! Les ipom\u00e9es ne demandent aucun soins particuliers, quelques arrosage tout de m\u00eame mais c&rsquo;est la moindre des choses ! <\/p>\n<p> Au printemps on les s\u00e8me sous abri et on les met en place au mois de mai, mais comme leur croissance est tr\u00e8s rapide on peut aussi les semer directement en terre quand les gel\u00e9es ne sont plus \u00e0 craindre.<br \/>Petite astuce bien connue,&nbsp; pour faciliter la germination de ces&nbsp; graines qui sont coriaces, faites-les tremper 24 h dans de l&rsquo;eau, cela acc\u00e9l\u00e8rera le processus.<\/p>\n<p> Offrez-leur un support (tuteurs, treillages&#8230;) sur lequel elles vont enrouler leurs tiges et <a href=\"http:\/\/www.1jardin2plantes.info\/fichesplantes\/volubilis.php\">grimper<\/a> all\u00e8grement en faisant un ensemble fourni et harmonieux. Ces plantes atteignent les 4 \u00e0 5 m et les tiges s&rsquo;imbriquent les une dans les autres recouvrant parfaitement leur support.<br \/>Les fleurs s&rsquo;ouvrent le matin et se fanent le soir mais elles se succ\u00e8dent inlassablement et pendant plusieurs mois, la plante est toujours fleurie. <\/p>\n<p>Les graines cach\u00e9es \u00e0 l&rsquo;int\u00e9rieur de petites coques rondes marron clair doivent \u00eatre r\u00e9cup\u00e9r\u00e9es bien m\u00fbres et bien s\u00e8ches, conservez-les dans une enveloppe en papier, elles y attendront le printemps.<\/p>\n<p>Attention ces graines sont toxiques. <\/p>\n","protected":false},"excerpt":{"rendered":"<p>Avec l&rsquo;automne tr\u00e8s doux que nous avons, les ipom\u00e9es ne veulent pas s&rsquo;endormir et pour mon plus grand plaisir m&rsquo;offrent encore quelques fleurs. C&rsquo;est une plante qui appartient \u00e0 la famille des convolvulvac\u00e9es, et dont les fleurs ont la morphologie caract\u00e9ristique des fleurs de liseron, mais \u00e0 la diff\u00e9rence de celles du liseron qui pousse [&hellip;]<\/p>\n","protected":false},"author":354,"featured_media":4721,"comment_status":"open","ping_status":"open","sticky":false,"template":"","format":"standard","meta":{"footnotes":""},"categories":[3,9],"tags":[],"class_list":["post-9","post","type-post","status-publish","format-standard","has-post-thumbnail","hentry","category-fleurs","category-plantes-grimpantes"],"yoast_head":"<!-- This site is optimized with the Yoast SEO plugin v26.0 - https:\/\/yoast.com\/wordpress\/plugins\/seo\/ -->\n<title>Les ipom\u00e9es, une floraison enthousiamante ! - Le blog jardin<\/title>\n<meta name=\"robots\" content=\"index, follow, max-snippet:-1, max-image-preview:large, max-video-preview:-1\" \/>\n<link rel=\"canonical\" href=\"https:\/\/blogs.thesocialmedia.com\/leblogjardin\/2009\/12\/09\/les-ipomes-trs\/\" \/>\n<meta property=\"og:locale\" content=\"fr_FR\" \/>\n<meta property=\"og:type\" content=\"article\" \/>\n<meta property=\"og:title\" content=\"Les ipom\u00e9es, une floraison enthousiamante ! - Le blog jardin\" \/>\n<meta property=\"og:description\" content=\"Avec l&rsquo;automne tr\u00e8s doux que nous avons, les ipom\u00e9es ne veulent pas s&rsquo;endormir et pour mon plus grand plaisir m&rsquo;offrent encore quelques fleurs. C&rsquo;est une plante qui appartient \u00e0 la famille des convolvulvac\u00e9es, et dont les fleurs ont la morphologie caract\u00e9ristique des fleurs de liseron, mais \u00e0 la diff\u00e9rence de celles du liseron qui pousse [&hellip;]\" \/>\n<meta property=\"og:url\" content=\"https:\/\/blogs.thesocialmedia.com\/leblogjardin\/2009\/12\/09\/les-ipomes-trs\/\" \/>\n<meta property=\"og:site_name\" content=\"Le blog jardin\" \/>\n<meta property=\"article:published_time\" content=\"2009-12-09T08:09:00+00:00\" \/>\n<meta property=\"article:modified_time\" content=\"2012-08-27T10:41:50+00:00\" \/>\n<meta property=\"og:image\" content=\"https:\/\/blogs.thesocialmedia.com\/leblogjardin\/files\/2012\/08\/ipome_violine.jpg\" \/>\n\t<meta property=\"og:image:width\" content=\"640\" \/>\n\t<meta property=\"og:image:height\" content=\"480\" \/>\n\t<meta property=\"og:image:type\" content=\"image\/jpeg\" \/>\n<meta name=\"author\" content=\"evelyne vigier\" \/>\n<meta name=\"twitter:card\" content=\"summary_large_image\" \/>\n<meta name=\"twitter:label1\" content=\"\u00c9crit par\" \/>\n\t<meta name=\"twitter:data1\" content=\"evelyne vigier\" \/>\n\t<meta name=\"twitter:label2\" content=\"Dur\u00e9e de lecture estim\u00e9e\" \/>\n\t<meta name=\"twitter:data2\" content=\"2 minutes\" \/>\n<script type=\"application\/ld+json\" class=\"yoast-schema-graph\">{\"@context\":\"https:\/\/schema.org\",\"@graph\":[{\"@type\":\"WebPage\",\"@id\":\"https:\/\/blogs.thesocialmedia.com\/leblogjardin\/2009\/12\/09\/les-ipomes-trs\/\",\"url\":\"https:\/\/blogs.thesocialmedia.com\/leblogjardin\/2009\/12\/09\/les-ipomes-trs\/\",\"name\":\"Les ipom\u00e9es, une floraison enthousiamante ! - Le blog jardin\",\"isPartOf\":{\"@id\":\"https:\/\/blogs.thesocialmedia.com\/leblogjardin\/#website\"},\"primaryImageOfPage\":{\"@id\":\"https:\/\/blogs.thesocialmedia.com\/leblogjardin\/2009\/12\/09\/les-ipomes-trs\/#primaryimage\"},\"image\":{\"@id\":\"https:\/\/blogs.thesocialmedia.com\/leblogjardin\/2009\/12\/09\/les-ipomes-trs\/#primaryimage\"},\"thumbnailUrl\":\"https:\/\/blogs.thesocialmedia.com\/leblogjardin\/files\/2012\/08\/ipome_violine.jpg\",\"datePublished\":\"2009-12-09T08:09:00+00:00\",\"dateModified\":\"2012-08-27T10:41:50+00:00\",\"author\":{\"@id\":\"https:\/\/blogs.thesocialmedia.com\/leblogjardin\/#\/schema\/person\/8655b0d52a2d3caaf4f457e7831c6aaf\"},\"breadcrumb\":{\"@id\":\"https:\/\/blogs.thesocialmedia.com\/leblogjardin\/2009\/12\/09\/les-ipomes-trs\/#breadcrumb\"},\"inLanguage\":\"fr-FR\",\"potentialAction\":[{\"@type\":\"ReadAction\",\"target\":[\"https:\/\/blogs.thesocialmedia.com\/leblogjardin\/2009\/12\/09\/les-ipomes-trs\/\"]}]},{\"@type\":\"ImageObject\",\"inLanguage\":\"fr-FR\",\"@id\":\"https:\/\/blogs.thesocialmedia.com\/leblogjardin\/2009\/12\/09\/les-ipomes-trs\/#primaryimage\",\"url\":\"https:\/\/blogs.thesocialmedia.com\/leblogjardin\/files\/2012\/08\/ipome_violine.jpg\",\"contentUrl\":\"https:\/\/blogs.thesocialmedia.com\/leblogjardin\/files\/2012\/08\/ipome_violine.jpg\",\"width\":\"640\",\"height\":\"480\"},{\"@type\":\"BreadcrumbList\",\"@id\":\"https:\/\/blogs.thesocialmedia.com\/leblogjardin\/2009\/12\/09\/les-ipomes-trs\/#breadcrumb\",\"itemListElement\":[{\"@type\":\"ListItem\",\"position\":1,\"name\":\"Home\",\"item\":\"https:\/\/blogs.thesocialmedia.com\/leblogjardin\/\"},{\"@type\":\"ListItem\",\"position\":2,\"name\":\"Les ipom\u00e9es, une floraison enthousiamante !\"}]},{\"@type\":\"WebSite\",\"@id\":\"https:\/\/blogs.thesocialmedia.com\/leblogjardin\/#website\",\"url\":\"https:\/\/blogs.thesocialmedia.com\/leblogjardin\/\",\"name\":\"Le blog jardin\",\"description\":\"Le jardinage \u00e0 port\u00e9e de clic!\",\"potentialAction\":[{\"@type\":\"SearchAction\",\"target\":{\"@type\":\"EntryPoint\",\"urlTemplate\":\"https:\/\/blogs.thesocialmedia.com\/leblogjardin\/?s={search_term_string}\"},\"query-input\":{\"@type\":\"PropertyValueSpecification\",\"valueRequired\":true,\"valueName\":\"search_term_string\"}}],\"inLanguage\":\"fr-FR\"},{\"@type\":\"Person\",\"@id\":\"https:\/\/blogs.thesocialmedia.com\/leblogjardin\/#\/schema\/person\/8655b0d52a2d3caaf4f457e7831c6aaf\",\"name\":\"evelyne vigier\",\"image\":{\"@type\":\"ImageObject\",\"inLanguage\":\"fr-FR\",\"@id\":\"https:\/\/blogs.thesocialmedia.com\/leblogjardin\/#\/schema\/person\/image\/\",\"url\":\"https:\/\/secure.gravatar.com\/avatar\/?s=96&d=mm&r=g\",\"contentUrl\":\"https:\/\/secure.gravatar.com\/avatar\/?s=96&d=mm&r=g\",\"caption\":\"evelyne vigier\"},\"url\":\"https:\/\/blogs.thesocialmedia.com\/leblogjardin\/author\/evelyne-vigier\/\"}]}<\/script>\n<!-- \/ Yoast SEO plugin. -->","yoast_head_json":{"title":"Les ipom\u00e9es, une floraison enthousiamante ! - Le blog jardin","robots":{"index":"index","follow":"follow","max-snippet":"max-snippet:-1","max-image-preview":"max-image-preview:large","max-video-preview":"max-video-preview:-1"},"canonical":"https:\/\/blogs.thesocialmedia.com\/leblogjardin\/2009\/12\/09\/les-ipomes-trs\/","og_locale":"fr_FR","og_type":"article","og_title":"Les ipom\u00e9es, une floraison enthousiamante ! - Le blog jardin","og_description":"Avec l&rsquo;automne tr\u00e8s doux que nous avons, les ipom\u00e9es ne veulent pas s&rsquo;endormir et pour mon plus grand plaisir m&rsquo;offrent encore quelques fleurs. C&rsquo;est une plante qui appartient \u00e0 la famille des convolvulvac\u00e9es, et dont les fleurs ont la morphologie caract\u00e9ristique des fleurs de liseron, mais \u00e0 la diff\u00e9rence de celles du liseron qui pousse [&hellip;]","og_url":"https:\/\/blogs.thesocialmedia.com\/leblogjardin\/2009\/12\/09\/les-ipomes-trs\/","og_site_name":"Le blog jardin","article_published_time":"2009-12-09T08:09:00+00:00","article_modified_time":"2012-08-27T10:41:50+00:00","og_image":[{"width":640,"height":480,"url":"https:\/\/blogs.thesocialmedia.com\/leblogjardin\/files\/2012\/08\/ipome_violine.jpg","type":"image\/jpeg"}],"author":"evelyne vigier","twitter_card":"summary_large_image","twitter_misc":{"\u00c9crit par":"evelyne vigier","Dur\u00e9e de lecture estim\u00e9e":"2 minutes"},"schema":{"@context":"https:\/\/schema.org","@graph":[{"@type":"WebPage","@id":"https:\/\/blogs.thesocialmedia.com\/leblogjardin\/2009\/12\/09\/les-ipomes-trs\/","url":"https:\/\/blogs.thesocialmedia.com\/leblogjardin\/2009\/12\/09\/les-ipomes-trs\/","name":"Les ipom\u00e9es, une floraison enthousiamante ! - Le blog jardin","isPartOf":{"@id":"https:\/\/blogs.thesocialmedia.com\/leblogjardin\/#website"},"primaryImageOfPage":{"@id":"https:\/\/blogs.thesocialmedia.com\/leblogjardin\/2009\/12\/09\/les-ipomes-trs\/#primaryimage"},"image":{"@id":"https:\/\/blogs.thesocialmedia.com\/leblogjardin\/2009\/12\/09\/les-ipomes-trs\/#primaryimage"},"thumbnailUrl":"https:\/\/blogs.thesocialmedia.com\/leblogjardin\/files\/2012\/08\/ipome_violine.jpg","datePublished":"2009-12-09T08:09:00+00:00","dateModified":"2012-08-27T10:41:50+00:00","author":{"@id":"https:\/\/blogs.thesocialmedia.com\/leblogjardin\/#\/schema\/person\/8655b0d52a2d3caaf4f457e7831c6aaf"},"breadcrumb":{"@id":"https:\/\/blogs.thesocialmedia.com\/leblogjardin\/2009\/12\/09\/les-ipomes-trs\/#breadcrumb"},"inLanguage":"fr-FR","potentialAction":[{"@type":"ReadAction","target":["https:\/\/blogs.thesocialmedia.com\/leblogjardin\/2009\/12\/09\/les-ipomes-trs\/"]}]},{"@type":"ImageObject","inLanguage":"fr-FR","@id":"https:\/\/blogs.thesocialmedia.com\/leblogjardin\/2009\/12\/09\/les-ipomes-trs\/#primaryimage","url":"https:\/\/blogs.thesocialmedia.com\/leblogjardin\/files\/2012\/08\/ipome_violine.jpg","contentUrl":"https:\/\/blogs.thesocialmedia.com\/leblogjardin\/files\/2012\/08\/ipome_violine.jpg","width":"640","height":"480"},{"@type":"BreadcrumbList","@id":"https:\/\/blogs.thesocialmedia.com\/leblogjardin\/2009\/12\/09\/les-ipomes-trs\/#breadcrumb","itemListElement":[{"@type":"ListItem","position":1,"name":"Home","item":"https:\/\/blogs.thesocialmedia.com\/leblogjardin\/"},{"@type":"ListItem","position":2,"name":"Les ipom\u00e9es, une floraison enthousiamante !"}]},{"@type":"WebSite","@id":"https:\/\/blogs.thesocialmedia.com\/leblogjardin\/#website","url":"https:\/\/blogs.thesocialmedia.com\/leblogjardin\/","name":"Le blog jardin","description":"Le jardinage \u00e0 port\u00e9e de clic!","potentialAction":[{"@type":"SearchAction","target":{"@type":"EntryPoint","urlTemplate":"https:\/\/blogs.thesocialmedia.com\/leblogjardin\/?s={search_term_string}"},"query-input":{"@type":"PropertyValueSpecification","valueRequired":true,"valueName":"search_term_string"}}],"inLanguage":"fr-FR"},{"@type":"Person","@id":"https:\/\/blogs.thesocialmedia.com\/leblogjardin\/#\/schema\/person\/8655b0d52a2d3caaf4f457e7831c6aaf","name":"evelyne vigier","image":{"@type":"ImageObject","inLanguage":"fr-FR","@id":"https:\/\/blogs.thesocialmedia.com\/leblogjardin\/#\/schema\/person\/image\/","url":"https:\/\/secure.gravatar.com\/avatar\/?s=96&d=mm&r=g","contentUrl":"https:\/\/secure.gravatar.com\/avatar\/?s=96&d=mm&r=g","caption":"evelyne vigier"},"url":"https:\/\/blogs.thesocialmedia.com\/leblogjardin\/author\/evelyne-vigier\/"}]}},"_links":{"self":[{"href":"https:\/\/blogs.thesocialmedia.com\/leblogjardin\/wp-json\/wp\/v2\/posts\/9","targetHints":{"allow":["GET"]}}],"collection":[{"href":"https:\/\/blogs.thesocialmedia.com\/leblogjardin\/wp-json\/wp\/v2\/posts"}],"about":[{"href":"https:\/\/blogs.thesocialmedia.com\/leblogjardin\/wp-json\/wp\/v2\/types\/post"}],"author":[{"embeddable":true,"href":"https:\/\/blogs.thesocialmedia.com\/leblogjardin\/wp-json\/wp\/v2\/users\/354"}],"replies":[{"embeddable":true,"href":"https:\/\/blogs.thesocialmedia.com\/leblogjardin\/wp-json\/wp\/v2\/comments?post=9"}],"version-history":[{"count":1,"href":"https:\/\/blogs.thesocialmedia.com\/leblogjardin\/wp-json\/wp\/v2\/posts\/9\/revisions"}],"predecessor-version":[{"id":4722,"href":"https:\/\/blogs.thesocialmedia.com\/leblogjardin\/wp-json\/wp\/v2\/posts\/9\/revisions\/4722"}],"wp:featuredmedia":[{"embeddable":true,"href":"https:\/\/blogs.thesocialmedia.com\/leblogjardin\/wp-json\/wp\/v2\/media\/4721"}],"wp:attachment":[{"href":"https:\/\/blogs.thesocialmedia.com\/leblogjardin\/wp-json\/wp\/v2\/media?parent=9"}],"wp:term":[{"taxonomy":"category","embeddable":true,"href":"https:\/\/blogs.thesocialmedia.com\/leblogjardin\/wp-json\/wp\/v2\/categories?post=9"},{"taxonomy":"post_tag","embeddable":true,"href":"https:\/\/blogs.thesocialmedia.com\/leblogjardin\/wp-json\/wp\/v2\/tags?post=9"}],"curies":[{"name":"wp","href":"https:\/\/api.w.org\/{rel}","templated":true}]}}