{"id":1006,"date":"2007-12-21T12:55:24","date_gmt":"2007-12-21T12:55:24","guid":{"rendered":"http:\/\/blogs.thesocialmedia.com\/leblogmoto\/2007\/12\/21\/un-m\/"},"modified":"2012-07-11T15:07:23","modified_gmt":"2012-07-11T15:07:23","slug":"un-m","status":"publish","type":"post","link":"https:\/\/blogs.thesocialmedia.com\/leblogmoto\/2007\/12\/21\/un-m\/","title":{"rendered":"Un m\u00e9morial en l&rsquo;honneur de tous les motards d\u00e9c\u00e9d\u00e9s."},"content":{"rendered":"<p><a href=\"http:\/\/blogs.thesocialmedia.com\/leblogmoto\/files\/2012\/07\/2edf.jpg\"><img loading=\"lazy\" decoding=\"async\" width=\"470\" height=\"352\"  src=\"http:\/\/www.leblogmoto.com\/images\/2007\/12\/20\/2edf.jpg\" alt=\"2edf\" \/><\/a><\/p>\n<p>Une s\u00e9rie de six photos trouv\u00e9es lors d&rsquo;un surf sur <a href=\"http:\/\/www.englishrussia.com\">EnglishRussia.com<\/a>, qui met \u00e0 la disposition des Anglophones le meilleur et souvent le pire de la Russie et des ex-r\u00e9publiques de la d\u00e9funte (et d\u00e9plorable) URSS. Voici donc le m\u00e9morial en Ukraine d\u00e9di\u00e9 aux morts \u00e0 deux-roues, pris en photo cet \u00e9t\u00e9. La sculpture de m\u00e9tal n&rsquo;est peut-\u00eatre pas du meilleur go\u00fbt, mais l&rsquo;intention, extr\u00eamement touchante, y est. Comme le montre ce rassemblement et l&rsquo;image de c\u00e9r\u00e9monie qui suit.<\/p>\n<p>Il a para\u00eet-il une sorte de vocation universaliste et ne vise pas seulement \u00e0 rendre hommage aux motards ukrainiens. Une grande id\u00e9e de leur part. Avec une pens\u00e9e pour certains de nos proches et \u00eatres chers. R.I.P<\/p>\n<p><a href=\"http:\/\/clabedan.typepad.com\/.shared\/image.html?\/photos\/uncategorized\/2007\/12\/20\/4edf.jpg\"><img loading=\"lazy\" decoding=\"async\" width=\"470\" height=\"352\"  src=\"http:\/\/www.leblogmoto.com\/images\/2007\/12\/20\/4edf.jpg\" alt=\"4edf\" \/><\/a><\/p>\n<p><a href=\"http:\/\/blogs.thesocialmedia.com\/leblogmoto\/files\/2012\/07\/5edf.jpg\"><img loading=\"lazy\" decoding=\"async\" width=\"470\" height=\"352\"  src=\"http:\/\/www.leblogmoto.com\/images\/2007\/12\/20\/5edf.jpg\" alt=\"5edf\" \/><\/a><\/p>\n<p><a href=\"http:\/\/blogs.thesocialmedia.com\/leblogmoto\/files\/2012\/07\/3edf.jpg\"><img loading=\"lazy\" decoding=\"async\" width=\"470\" height=\"352\"  src=\"http:\/\/www.leblogmoto.com\/images\/2007\/12\/20\/3edf.jpg\" alt=\"3edf\" \/><\/a><\/p>\n<p><a href=\"http:\/\/blogs.thesocialmedia.com\/leblogmoto\/files\/2012\/07\/the_dead_biker_monument_ukraine.jpg\"><img loading=\"lazy\" decoding=\"async\" width=\"470\" height=\"352\"  src=\"http:\/\/www.leblogmoto.com\/images\/2007\/12\/20\/the_dead_biker_monument_ukraine.jpg\" alt=\"The_dead_biker_monument_ukraine\" \/><\/a> <\/p>\n<p><a href=\"http:\/\/blogs.thesocialmedia.com\/leblogmoto\/files\/2012\/07\/6edf.jpg\"><img loading=\"lazy\" decoding=\"async\" width=\"470\" height=\"626\"  src=\"http:\/\/www.leblogmoto.com\/images\/2007\/12\/20\/6edf.jpg\" alt=\"6edf\" \/><\/a> <br \/><em>source: englishrussia.com<\/em> <\/p>\n","protected":false},"excerpt":{"rendered":"<p>Une s\u00e9rie de six photos trouv\u00e9es lors d&rsquo;un surf sur EnglishRussia.com, qui met \u00e0 la disposition des Anglophones le meilleur et souvent le pire de la Russie et des ex-r\u00e9publiques de la d\u00e9funte (et d\u00e9plorable) URSS. Voici donc le m\u00e9morial en Ukraine d\u00e9di\u00e9 aux morts \u00e0 deux-roues, pris en photo cet \u00e9t\u00e9. La sculpture de [&hellip;]<\/p>\n","protected":false},"author":324,"featured_media":0,"comment_status":"open","ping_status":"open","sticky":false,"template":"","format":"standard","meta":{"footnotes":""},"categories":[16,17,58],"tags":[],"class_list":["post-1006","post","type-post","status-publish","format-standard","hentry","category-art-moto","category-divers","category-insolite"],"yoast_head":"<!-- This site is optimized with the Yoast SEO plugin v26.0 - https:\/\/yoast.com\/wordpress\/plugins\/seo\/ -->\n<title>Un m\u00e9morial en l&#039;honneur de tous les motards d\u00e9c\u00e9d\u00e9s. - leblogmoto.com<\/title>\n<meta name=\"robots\" content=\"index, follow, max-snippet:-1, max-image-preview:large, max-video-preview:-1\" \/>\n<link rel=\"canonical\" href=\"https:\/\/blogs.thesocialmedia.com\/leblogmoto\/2007\/12\/21\/un-m\/\" \/>\n<meta name=\"twitter:card\" content=\"summary_large_image\" \/>\n<meta name=\"twitter:title\" content=\"Un m\u00e9morial en l&#039;honneur de tous les motards d\u00e9c\u00e9d\u00e9s. - leblogmoto.com\" \/>\n<meta name=\"twitter:description\" content=\"Une s\u00e9rie de six photos trouv\u00e9es lors d&rsquo;un surf sur EnglishRussia.com, qui met \u00e0 la disposition des Anglophones le meilleur et souvent le pire de la Russie et des ex-r\u00e9publiques de la d\u00e9funte (et d\u00e9plorable) URSS. Voici donc le m\u00e9morial en Ukraine d\u00e9di\u00e9 aux morts \u00e0 deux-roues, pris en photo cet \u00e9t\u00e9. La sculpture de [&hellip;]\" \/>\n<meta name=\"twitter:image\" content=\"http:\/\/www.leblogmoto.com\/images\/2007\/12\/20\/2edf.jpg\" \/>\n<meta name=\"twitter:label1\" content=\"\u00c9crit par\" \/>\n\t<meta name=\"twitter:data1\" content=\"benoit rieu\" \/>\n\t<meta name=\"twitter:label2\" content=\"Dur\u00e9e de lecture estim\u00e9e\" \/>\n\t<meta name=\"twitter:data2\" content=\"1 minute\" \/>\n<script type=\"application\/ld+json\" class=\"yoast-schema-graph\">{\"@context\":\"https:\/\/schema.org\",\"@graph\":[{\"@type\":\"WebPage\",\"@id\":\"https:\/\/blogs.thesocialmedia.com\/leblogmoto\/2007\/12\/21\/un-m\/\",\"url\":\"https:\/\/blogs.thesocialmedia.com\/leblogmoto\/2007\/12\/21\/un-m\/\",\"name\":\"Un m\u00e9morial en l'honneur de tous les motards d\u00e9c\u00e9d\u00e9s. - leblogmoto.com\",\"isPartOf\":{\"@id\":\"https:\/\/blogs.thesocialmedia.com\/leblogmoto\/#website\"},\"primaryImageOfPage\":{\"@id\":\"https:\/\/blogs.thesocialmedia.com\/leblogmoto\/2007\/12\/21\/un-m\/#primaryimage\"},\"image\":{\"@id\":\"https:\/\/blogs.thesocialmedia.com\/leblogmoto\/2007\/12\/21\/un-m\/#primaryimage\"},\"thumbnailUrl\":\"http:\/\/www.leblogmoto.com\/images\/2007\/12\/20\/2edf.jpg\",\"datePublished\":\"2007-12-21T12:55:24+00:00\",\"dateModified\":\"2012-07-11T15:07:23+00:00\",\"author\":{\"@id\":\"https:\/\/blogs.thesocialmedia.com\/leblogmoto\/#\/schema\/person\/18bfe773e5725ed6d24f743da805362a\"},\"breadcrumb\":{\"@id\":\"https:\/\/blogs.thesocialmedia.com\/leblogmoto\/2007\/12\/21\/un-m\/#breadcrumb\"},\"inLanguage\":\"fr-FR\",\"potentialAction\":[{\"@type\":\"ReadAction\",\"target\":[\"https:\/\/blogs.thesocialmedia.com\/leblogmoto\/2007\/12\/21\/un-m\/\"]}]},{\"@type\":\"ImageObject\",\"inLanguage\":\"fr-FR\",\"@id\":\"https:\/\/blogs.thesocialmedia.com\/leblogmoto\/2007\/12\/21\/un-m\/#primaryimage\",\"url\":\"http:\/\/www.leblogmoto.com\/images\/2007\/12\/20\/2edf.jpg\",\"contentUrl\":\"http:\/\/www.leblogmoto.com\/images\/2007\/12\/20\/2edf.jpg\"},{\"@type\":\"BreadcrumbList\",\"@id\":\"https:\/\/blogs.thesocialmedia.com\/leblogmoto\/2007\/12\/21\/un-m\/#breadcrumb\",\"itemListElement\":[{\"@type\":\"ListItem\",\"position\":1,\"name\":\"Accueil\",\"item\":\"https:\/\/blogs.thesocialmedia.com\/leblogmoto\/\"},{\"@type\":\"ListItem\",\"position\":2,\"name\":\"Un m\u00e9morial en l&rsquo;honneur de tous les motards d\u00e9c\u00e9d\u00e9s.\"}]},{\"@type\":\"WebSite\",\"@id\":\"https:\/\/blogs.thesocialmedia.com\/leblogmoto\/#website\",\"url\":\"https:\/\/blogs.thesocialmedia.com\/leblogmoto\/\",\"name\":\"leblogmoto\",\"description\":\"Toute l&#039;actualit\u00e9 des 2 roues\",\"potentialAction\":[{\"@type\":\"SearchAction\",\"target\":{\"@type\":\"EntryPoint\",\"urlTemplate\":\"https:\/\/blogs.thesocialmedia.com\/leblogmoto\/?s={search_term_string}\"},\"query-input\":{\"@type\":\"PropertyValueSpecification\",\"valueRequired\":true,\"valueName\":\"search_term_string\"}}],\"inLanguage\":\"fr-FR\"},{\"@type\":\"Person\",\"@id\":\"https:\/\/blogs.thesocialmedia.com\/leblogmoto\/#\/schema\/person\/18bfe773e5725ed6d24f743da805362a\",\"name\":\"benoit rieu\",\"image\":{\"@type\":\"ImageObject\",\"inLanguage\":\"fr-FR\",\"@id\":\"https:\/\/blogs.thesocialmedia.com\/leblogmoto\/#\/schema\/person\/image\/\",\"url\":\"https:\/\/secure.gravatar.com\/avatar\/?s=96&d=mm&r=g\",\"contentUrl\":\"https:\/\/secure.gravatar.com\/avatar\/?s=96&d=mm&r=g\",\"caption\":\"benoit rieu\"},\"url\":\"https:\/\/blogs.thesocialmedia.com\/leblogmoto\/author\/benoit-rieu\/\"}]}<\/script>\n<!-- \/ Yoast SEO plugin. -->","yoast_head_json":{"title":"Un m\u00e9morial en l'honneur de tous les motards d\u00e9c\u00e9d\u00e9s. - leblogmoto.com","robots":{"index":"index","follow":"follow","max-snippet":"max-snippet:-1","max-image-preview":"max-image-preview:large","max-video-preview":"max-video-preview:-1"},"canonical":"https:\/\/blogs.thesocialmedia.com\/leblogmoto\/2007\/12\/21\/un-m\/","twitter_card":"summary_large_image","twitter_title":"Un m\u00e9morial en l'honneur de tous les motards d\u00e9c\u00e9d\u00e9s. - leblogmoto.com","twitter_description":"Une s\u00e9rie de six photos trouv\u00e9es lors d&rsquo;un surf sur EnglishRussia.com, qui met \u00e0 la disposition des Anglophones le meilleur et souvent le pire de la Russie et des ex-r\u00e9publiques de la d\u00e9funte (et d\u00e9plorable) URSS. Voici donc le m\u00e9morial en Ukraine d\u00e9di\u00e9 aux morts \u00e0 deux-roues, pris en photo cet \u00e9t\u00e9. La sculpture de [&hellip;]","twitter_image":"http:\/\/www.leblogmoto.com\/images\/2007\/12\/20\/2edf.jpg","twitter_misc":{"\u00c9crit par":"benoit rieu","Dur\u00e9e de lecture estim\u00e9e":"1 minute"},"schema":{"@context":"https:\/\/schema.org","@graph":[{"@type":"WebPage","@id":"https:\/\/blogs.thesocialmedia.com\/leblogmoto\/2007\/12\/21\/un-m\/","url":"https:\/\/blogs.thesocialmedia.com\/leblogmoto\/2007\/12\/21\/un-m\/","name":"Un m\u00e9morial en l'honneur de tous les motards d\u00e9c\u00e9d\u00e9s. - leblogmoto.com","isPartOf":{"@id":"https:\/\/blogs.thesocialmedia.com\/leblogmoto\/#website"},"primaryImageOfPage":{"@id":"https:\/\/blogs.thesocialmedia.com\/leblogmoto\/2007\/12\/21\/un-m\/#primaryimage"},"image":{"@id":"https:\/\/blogs.thesocialmedia.com\/leblogmoto\/2007\/12\/21\/un-m\/#primaryimage"},"thumbnailUrl":"http:\/\/www.leblogmoto.com\/images\/2007\/12\/20\/2edf.jpg","datePublished":"2007-12-21T12:55:24+00:00","dateModified":"2012-07-11T15:07:23+00:00","author":{"@id":"https:\/\/blogs.thesocialmedia.com\/leblogmoto\/#\/schema\/person\/18bfe773e5725ed6d24f743da805362a"},"breadcrumb":{"@id":"https:\/\/blogs.thesocialmedia.com\/leblogmoto\/2007\/12\/21\/un-m\/#breadcrumb"},"inLanguage":"fr-FR","potentialAction":[{"@type":"ReadAction","target":["https:\/\/blogs.thesocialmedia.com\/leblogmoto\/2007\/12\/21\/un-m\/"]}]},{"@type":"ImageObject","inLanguage":"fr-FR","@id":"https:\/\/blogs.thesocialmedia.com\/leblogmoto\/2007\/12\/21\/un-m\/#primaryimage","url":"http:\/\/www.leblogmoto.com\/images\/2007\/12\/20\/2edf.jpg","contentUrl":"http:\/\/www.leblogmoto.com\/images\/2007\/12\/20\/2edf.jpg"},{"@type":"BreadcrumbList","@id":"https:\/\/blogs.thesocialmedia.com\/leblogmoto\/2007\/12\/21\/un-m\/#breadcrumb","itemListElement":[{"@type":"ListItem","position":1,"name":"Accueil","item":"https:\/\/blogs.thesocialmedia.com\/leblogmoto\/"},{"@type":"ListItem","position":2,"name":"Un m\u00e9morial en l&rsquo;honneur de tous les motards d\u00e9c\u00e9d\u00e9s."}]},{"@type":"WebSite","@id":"https:\/\/blogs.thesocialmedia.com\/leblogmoto\/#website","url":"https:\/\/blogs.thesocialmedia.com\/leblogmoto\/","name":"leblogmoto","description":"Toute l&#039;actualit\u00e9 des 2 roues","potentialAction":[{"@type":"SearchAction","target":{"@type":"EntryPoint","urlTemplate":"https:\/\/blogs.thesocialmedia.com\/leblogmoto\/?s={search_term_string}"},"query-input":{"@type":"PropertyValueSpecification","valueRequired":true,"valueName":"search_term_string"}}],"inLanguage":"fr-FR"},{"@type":"Person","@id":"https:\/\/blogs.thesocialmedia.com\/leblogmoto\/#\/schema\/person\/18bfe773e5725ed6d24f743da805362a","name":"benoit rieu","image":{"@type":"ImageObject","inLanguage":"fr-FR","@id":"https:\/\/blogs.thesocialmedia.com\/leblogmoto\/#\/schema\/person\/image\/","url":"https:\/\/secure.gravatar.com\/avatar\/?s=96&d=mm&r=g","contentUrl":"https:\/\/secure.gravatar.com\/avatar\/?s=96&d=mm&r=g","caption":"benoit rieu"},"url":"https:\/\/blogs.thesocialmedia.com\/leblogmoto\/author\/benoit-rieu\/"}]}},"_links":{"self":[{"href":"https:\/\/blogs.thesocialmedia.com\/leblogmoto\/wp-json\/wp\/v2\/posts\/1006","targetHints":{"allow":["GET"]}}],"collection":[{"href":"https:\/\/blogs.thesocialmedia.com\/leblogmoto\/wp-json\/wp\/v2\/posts"}],"about":[{"href":"https:\/\/blogs.thesocialmedia.com\/leblogmoto\/wp-json\/wp\/v2\/types\/post"}],"author":[{"embeddable":true,"href":"https:\/\/blogs.thesocialmedia.com\/leblogmoto\/wp-json\/wp\/v2\/users\/324"}],"replies":[{"embeddable":true,"href":"https:\/\/blogs.thesocialmedia.com\/leblogmoto\/wp-json\/wp\/v2\/comments?post=1006"}],"version-history":[{"count":2,"href":"https:\/\/blogs.thesocialmedia.com\/leblogmoto\/wp-json\/wp\/v2\/posts\/1006\/revisions"}],"predecessor-version":[{"id":9499,"href":"https:\/\/blogs.thesocialmedia.com\/leblogmoto\/wp-json\/wp\/v2\/posts\/1006\/revisions\/9499"}],"wp:attachment":[{"href":"https:\/\/blogs.thesocialmedia.com\/leblogmoto\/wp-json\/wp\/v2\/media?parent=1006"}],"wp:term":[{"taxonomy":"category","embeddable":true,"href":"https:\/\/blogs.thesocialmedia.com\/leblogmoto\/wp-json\/wp\/v2\/categories?post=1006"},{"taxonomy":"post_tag","embeddable":true,"href":"https:\/\/blogs.thesocialmedia.com\/leblogmoto\/wp-json\/wp\/v2\/tags?post=1006"}],"curies":[{"name":"wp","href":"https:\/\/api.w.org\/{rel}","templated":true}]}}