{"id":1007,"date":"2007-12-21T03:46:13","date_gmt":"2007-12-21T03:46:13","guid":{"rendered":"http:\/\/blogs.thesocialmedia.com\/leblogmoto\/2007\/12\/21\/album-du-vend-3-15\/"},"modified":"2012-07-11T15:07:02","modified_gmt":"2012-07-11T15:07:02","slug":"album-du-vend-3-15","status":"publish","type":"post","link":"https:\/\/blogs.thesocialmedia.com\/leblogmoto\/2007\/12\/21\/album-du-vend-3-15\/","title":{"rendered":"Album du vendredi, Motardes"},"content":{"rendered":"<p><a href=\"http:\/\/blogs.thesocialmedia.com\/leblogmoto\/files\/2012\/07\/bikegirl.jpg\"><img loading=\"lazy\" decoding=\"async\" width=\"470\" height=\"592\"  src=\"http:\/\/www.leblogmoto.com\/images\/2007\/12\/20\/bikegirl.jpg\" alt=\"Bikegirl\" \/><\/a> <\/p>\n<p>Puisqu&rsquo;en cette p\u00e9riode de l&rsquo;ann\u00e9e, l&rsquo;on se doit d&rsquo;\u00eatre g\u00e9n\u00e9reux, ou tout simplement un peu moins \u00e9go\u00efste, j&rsquo;offre donc \u00e0 tous les gars qui roulent seuls, une motarde pour No\u00ebl.<br \/>Que de vraies femmes ici, pas de ces poupounes (attention, au Qu\u00e9bec, une <a href=\"http:\/\/quebecblogue.com\/archives\/2005\/09\/09\/pitoune-poupoune-nounoune-toutoune-chouchoune\/\">poupoune<\/a>, c&rsquo;est diff\u00e9rent. Tentative d&rsquo;explication au bout du lien.) \u00e0 moiti\u00e9 ou compl\u00e8tement nues, minaudant autour d&rsquo;une machine chrom\u00e9e. On peut \u00eatre macho sans \u00eatre misogyne.<\/p>\n<p>Plusieurs images ici sont des pubs, mais refl\u00e9tant une r\u00e9alit\u00e9 plut\u00f4t qu&rsquo;une fantaisie. Parce qu&rsquo;entre les deux Lara Croft ci-dessous, je laisse volontiers celle de cin\u00e9ma sur son affiche, pr\u00e9f\u00e9rant, apr\u00e8s le film, rentrer \u00e0 la maison avec l&rsquo;autre.<\/p>\n<p><a href=\"http:\/\/clabedan.typepad.com\/.shared\/image.html?\/photos\/uncategorized\/2007\/12\/20\/lara_croft.jpg\"><img loading=\"lazy\" decoding=\"async\" width=\"470\" height=\"351\"  src=\"http:\/\/www.leblogmoto.com\/images\/2007\/12\/20\/lara_croft.jpg\" alt=\"Lara_croft\" \/><\/a> <\/p>\n<p><a href=\"http:\/\/blogs.thesocialmedia.com\/leblogmoto\/files\/2012\/07\/tomb_raider.jpg\"><img loading=\"lazy\" decoding=\"async\" width=\"470\" height=\"352\"  src=\"http:\/\/www.leblogmoto.com\/images\/2007\/12\/20\/tomb_raider.jpg\" alt=\"Tomb_raider\" \/><\/a> <\/p>\n<p><a href=\"http:\/\/blogs.thesocialmedia.com\/leblogmoto\/files\/2012\/07\/harleygirl.jpg\"><img loading=\"lazy\" decoding=\"async\" width=\"470\" height=\"648\"  src=\"http:\/\/www.leblogmoto.com\/images\/2007\/12\/20\/harleygirl.jpg\" alt=\"Harleygirl\" \/><\/a> <\/p>\n<p><a href=\"http:\/\/blogs.thesocialmedia.com\/leblogmoto\/files\/2012\/07\/guzzi.jpg\"><img loading=\"lazy\" decoding=\"async\" width=\"470\" height=\"610\"  src=\"http:\/\/www.leblogmoto.com\/images\/2007\/12\/20\/guzzi.jpg\" alt=\"Guzzi\" \/><\/a> <\/p>\n<p><a href=\"http:\/\/blogs.thesocialmedia.com\/leblogmoto\/files\/2012\/07\/confeder_2.jpg\"><img loading=\"lazy\" decoding=\"async\" width=\"470\" height=\"317\"  src=\"http:\/\/www.leblogmoto.com\/images\/2007\/12\/20\/confeder_2.jpg\" alt=\"Confeder_2\" \/><\/a> <\/p>\n<p><a href=\"http:\/\/blogs.thesocialmedia.com\/leblogmoto\/files\/2012\/07\/griso.jpg\"><img loading=\"lazy\" decoding=\"async\" width=\"470\" height=\"310\"  src=\"http:\/\/www.leblogmoto.com\/images\/2007\/12\/20\/griso.jpg\" alt=\"Griso\" \/><\/a> <\/p>\n<p><a href=\"http:\/\/blogs.thesocialmedia.com\/leblogmoto\/files\/2012\/07\/3642.jpg\"><img loading=\"lazy\" decoding=\"async\" width=\"470\" height=\"282\"  src=\"http:\/\/www.leblogmoto.com\/images\/2007\/12\/20\/3642.jpg\" alt=\"3642\" \/><\/a> <\/p>\n<p><a href=\"http:\/\/blogs.thesocialmedia.com\/leblogmoto\/files\/2012\/07\/wall5.jpg\"><img loading=\"lazy\" decoding=\"async\" width=\"470\" height=\"351\"  src=\"http:\/\/www.leblogmoto.com\/images\/2007\/12\/20\/wall5.jpg\" alt=\"Wall5\" \/><\/a> <\/p>\n<p>Harley-Davidson a une section de son <a href=\"http:\/\/www.harley-davidson.com\/wcm\/Content\/Pages\/Women\/women_motorcycling.jsp?locale=en_US\">site internet<\/a> d\u00e9di\u00e9e aux dames<br \/>L&rsquo;<a href=\"http:\/\/www.afmq.qc.ca\/\">Association des Femmes Motocyclistes du Qu\u00e9bec<\/a><br \/>La <a href=\"http:\/\/www.mecanic.fr\/moto\/au_feminin\/index.htm\">moto au f\u00e9minin<\/a>, chez M\u00e9canic.fr<\/p>\n","protected":false},"excerpt":{"rendered":"<p>Puisqu&rsquo;en cette p\u00e9riode de l&rsquo;ann\u00e9e, l&rsquo;on se doit d&rsquo;\u00eatre g\u00e9n\u00e9reux, ou tout simplement un peu moins \u00e9go\u00efste, j&rsquo;offre donc \u00e0 tous les gars qui roulent seuls, une motarde pour No\u00ebl.Que de vraies femmes ici, pas de ces poupounes (attention, au Qu\u00e9bec, une poupoune, c&rsquo;est diff\u00e9rent. Tentative d&rsquo;explication au bout du lien.) \u00e0 moiti\u00e9 ou compl\u00e8tement [&hellip;]<\/p>\n","protected":false},"author":325,"featured_media":0,"comment_status":"open","ping_status":"open","sticky":false,"template":"","format":"standard","meta":{"footnotes":""},"categories":[13,41,29,35],"tags":[],"class_list":["post-1007","post","type-post","status-publish","format-standard","hentry","category-aventure","category-ducati","category-harley-davidson","category-moto-guzzi"],"yoast_head":"<!-- This site is optimized with the Yoast SEO plugin v26.0 - https:\/\/yoast.com\/wordpress\/plugins\/seo\/ -->\n<title>Album du vendredi, Motardes - leblogmoto.com<\/title>\n<meta name=\"robots\" content=\"index, follow, max-snippet:-1, max-image-preview:large, max-video-preview:-1\" \/>\n<link rel=\"canonical\" href=\"https:\/\/blogs.thesocialmedia.com\/leblogmoto\/2007\/12\/21\/album-du-vend-3-15\/\" \/>\n<meta name=\"twitter:card\" content=\"summary_large_image\" \/>\n<meta name=\"twitter:title\" content=\"Album du vendredi, Motardes - leblogmoto.com\" \/>\n<meta name=\"twitter:description\" content=\"Puisqu&rsquo;en cette p\u00e9riode de l&rsquo;ann\u00e9e, l&rsquo;on se doit d&rsquo;\u00eatre g\u00e9n\u00e9reux, ou tout simplement un peu moins \u00e9go\u00efste, j&rsquo;offre donc \u00e0 tous les gars qui roulent seuls, une motarde pour No\u00ebl.Que de vraies femmes ici, pas de ces poupounes (attention, au Qu\u00e9bec, une poupoune, c&rsquo;est diff\u00e9rent. Tentative d&rsquo;explication au bout du lien.) \u00e0 moiti\u00e9 ou compl\u00e8tement [&hellip;]\" \/>\n<meta name=\"twitter:image\" content=\"http:\/\/www.leblogmoto.com\/images\/2007\/12\/20\/bikegirl.jpg\" \/>\n<meta name=\"twitter:label1\" content=\"\u00c9crit par\" \/>\n\t<meta name=\"twitter:data1\" content=\"jacques lesage\" \/>\n\t<meta name=\"twitter:label2\" content=\"Dur\u00e9e de lecture estim\u00e9e\" \/>\n\t<meta name=\"twitter:data2\" content=\"1 minute\" \/>\n<script type=\"application\/ld+json\" class=\"yoast-schema-graph\">{\"@context\":\"https:\/\/schema.org\",\"@graph\":[{\"@type\":\"WebPage\",\"@id\":\"https:\/\/blogs.thesocialmedia.com\/leblogmoto\/2007\/12\/21\/album-du-vend-3-15\/\",\"url\":\"https:\/\/blogs.thesocialmedia.com\/leblogmoto\/2007\/12\/21\/album-du-vend-3-15\/\",\"name\":\"Album du vendredi, Motardes - leblogmoto.com\",\"isPartOf\":{\"@id\":\"https:\/\/blogs.thesocialmedia.com\/leblogmoto\/#website\"},\"primaryImageOfPage\":{\"@id\":\"https:\/\/blogs.thesocialmedia.com\/leblogmoto\/2007\/12\/21\/album-du-vend-3-15\/#primaryimage\"},\"image\":{\"@id\":\"https:\/\/blogs.thesocialmedia.com\/leblogmoto\/2007\/12\/21\/album-du-vend-3-15\/#primaryimage\"},\"thumbnailUrl\":\"http:\/\/www.leblogmoto.com\/images\/2007\/12\/20\/bikegirl.jpg\",\"datePublished\":\"2007-12-21T03:46:13+00:00\",\"dateModified\":\"2012-07-11T15:07:02+00:00\",\"author\":{\"@id\":\"https:\/\/blogs.thesocialmedia.com\/leblogmoto\/#\/schema\/person\/e82a0ca8a9a63d031586097a3ed58526\"},\"breadcrumb\":{\"@id\":\"https:\/\/blogs.thesocialmedia.com\/leblogmoto\/2007\/12\/21\/album-du-vend-3-15\/#breadcrumb\"},\"inLanguage\":\"fr-FR\",\"potentialAction\":[{\"@type\":\"ReadAction\",\"target\":[\"https:\/\/blogs.thesocialmedia.com\/leblogmoto\/2007\/12\/21\/album-du-vend-3-15\/\"]}]},{\"@type\":\"ImageObject\",\"inLanguage\":\"fr-FR\",\"@id\":\"https:\/\/blogs.thesocialmedia.com\/leblogmoto\/2007\/12\/21\/album-du-vend-3-15\/#primaryimage\",\"url\":\"http:\/\/www.leblogmoto.com\/images\/2007\/12\/20\/bikegirl.jpg\",\"contentUrl\":\"http:\/\/www.leblogmoto.com\/images\/2007\/12\/20\/bikegirl.jpg\"},{\"@type\":\"BreadcrumbList\",\"@id\":\"https:\/\/blogs.thesocialmedia.com\/leblogmoto\/2007\/12\/21\/album-du-vend-3-15\/#breadcrumb\",\"itemListElement\":[{\"@type\":\"ListItem\",\"position\":1,\"name\":\"Accueil\",\"item\":\"https:\/\/blogs.thesocialmedia.com\/leblogmoto\/\"},{\"@type\":\"ListItem\",\"position\":2,\"name\":\"Album du vendredi, Motardes\"}]},{\"@type\":\"WebSite\",\"@id\":\"https:\/\/blogs.thesocialmedia.com\/leblogmoto\/#website\",\"url\":\"https:\/\/blogs.thesocialmedia.com\/leblogmoto\/\",\"name\":\"leblogmoto\",\"description\":\"Toute l&#039;actualit\u00e9 des 2 roues\",\"potentialAction\":[{\"@type\":\"SearchAction\",\"target\":{\"@type\":\"EntryPoint\",\"urlTemplate\":\"https:\/\/blogs.thesocialmedia.com\/leblogmoto\/?s={search_term_string}\"},\"query-input\":{\"@type\":\"PropertyValueSpecification\",\"valueRequired\":true,\"valueName\":\"search_term_string\"}}],\"inLanguage\":\"fr-FR\"},{\"@type\":\"Person\",\"@id\":\"https:\/\/blogs.thesocialmedia.com\/leblogmoto\/#\/schema\/person\/e82a0ca8a9a63d031586097a3ed58526\",\"name\":\"jacques lesage\",\"image\":{\"@type\":\"ImageObject\",\"inLanguage\":\"fr-FR\",\"@id\":\"https:\/\/blogs.thesocialmedia.com\/leblogmoto\/#\/schema\/person\/image\/\",\"url\":\"https:\/\/secure.gravatar.com\/avatar\/?s=96&d=mm&r=g\",\"contentUrl\":\"https:\/\/secure.gravatar.com\/avatar\/?s=96&d=mm&r=g\",\"caption\":\"jacques lesage\"},\"url\":\"https:\/\/blogs.thesocialmedia.com\/leblogmoto\/author\/jacques-lesage\/\"}]}<\/script>\n<!-- \/ Yoast SEO plugin. -->","yoast_head_json":{"title":"Album du vendredi, Motardes - leblogmoto.com","robots":{"index":"index","follow":"follow","max-snippet":"max-snippet:-1","max-image-preview":"max-image-preview:large","max-video-preview":"max-video-preview:-1"},"canonical":"https:\/\/blogs.thesocialmedia.com\/leblogmoto\/2007\/12\/21\/album-du-vend-3-15\/","twitter_card":"summary_large_image","twitter_title":"Album du vendredi, Motardes - leblogmoto.com","twitter_description":"Puisqu&rsquo;en cette p\u00e9riode de l&rsquo;ann\u00e9e, l&rsquo;on se doit d&rsquo;\u00eatre g\u00e9n\u00e9reux, ou tout simplement un peu moins \u00e9go\u00efste, j&rsquo;offre donc \u00e0 tous les gars qui roulent seuls, une motarde pour No\u00ebl.Que de vraies femmes ici, pas de ces poupounes (attention, au Qu\u00e9bec, une poupoune, c&rsquo;est diff\u00e9rent. Tentative d&rsquo;explication au bout du lien.) \u00e0 moiti\u00e9 ou compl\u00e8tement [&hellip;]","twitter_image":"http:\/\/www.leblogmoto.com\/images\/2007\/12\/20\/bikegirl.jpg","twitter_misc":{"\u00c9crit par":"jacques lesage","Dur\u00e9e de lecture estim\u00e9e":"1 minute"},"schema":{"@context":"https:\/\/schema.org","@graph":[{"@type":"WebPage","@id":"https:\/\/blogs.thesocialmedia.com\/leblogmoto\/2007\/12\/21\/album-du-vend-3-15\/","url":"https:\/\/blogs.thesocialmedia.com\/leblogmoto\/2007\/12\/21\/album-du-vend-3-15\/","name":"Album du vendredi, Motardes - leblogmoto.com","isPartOf":{"@id":"https:\/\/blogs.thesocialmedia.com\/leblogmoto\/#website"},"primaryImageOfPage":{"@id":"https:\/\/blogs.thesocialmedia.com\/leblogmoto\/2007\/12\/21\/album-du-vend-3-15\/#primaryimage"},"image":{"@id":"https:\/\/blogs.thesocialmedia.com\/leblogmoto\/2007\/12\/21\/album-du-vend-3-15\/#primaryimage"},"thumbnailUrl":"http:\/\/www.leblogmoto.com\/images\/2007\/12\/20\/bikegirl.jpg","datePublished":"2007-12-21T03:46:13+00:00","dateModified":"2012-07-11T15:07:02+00:00","author":{"@id":"https:\/\/blogs.thesocialmedia.com\/leblogmoto\/#\/schema\/person\/e82a0ca8a9a63d031586097a3ed58526"},"breadcrumb":{"@id":"https:\/\/blogs.thesocialmedia.com\/leblogmoto\/2007\/12\/21\/album-du-vend-3-15\/#breadcrumb"},"inLanguage":"fr-FR","potentialAction":[{"@type":"ReadAction","target":["https:\/\/blogs.thesocialmedia.com\/leblogmoto\/2007\/12\/21\/album-du-vend-3-15\/"]}]},{"@type":"ImageObject","inLanguage":"fr-FR","@id":"https:\/\/blogs.thesocialmedia.com\/leblogmoto\/2007\/12\/21\/album-du-vend-3-15\/#primaryimage","url":"http:\/\/www.leblogmoto.com\/images\/2007\/12\/20\/bikegirl.jpg","contentUrl":"http:\/\/www.leblogmoto.com\/images\/2007\/12\/20\/bikegirl.jpg"},{"@type":"BreadcrumbList","@id":"https:\/\/blogs.thesocialmedia.com\/leblogmoto\/2007\/12\/21\/album-du-vend-3-15\/#breadcrumb","itemListElement":[{"@type":"ListItem","position":1,"name":"Accueil","item":"https:\/\/blogs.thesocialmedia.com\/leblogmoto\/"},{"@type":"ListItem","position":2,"name":"Album du vendredi, Motardes"}]},{"@type":"WebSite","@id":"https:\/\/blogs.thesocialmedia.com\/leblogmoto\/#website","url":"https:\/\/blogs.thesocialmedia.com\/leblogmoto\/","name":"leblogmoto","description":"Toute l&#039;actualit\u00e9 des 2 roues","potentialAction":[{"@type":"SearchAction","target":{"@type":"EntryPoint","urlTemplate":"https:\/\/blogs.thesocialmedia.com\/leblogmoto\/?s={search_term_string}"},"query-input":{"@type":"PropertyValueSpecification","valueRequired":true,"valueName":"search_term_string"}}],"inLanguage":"fr-FR"},{"@type":"Person","@id":"https:\/\/blogs.thesocialmedia.com\/leblogmoto\/#\/schema\/person\/e82a0ca8a9a63d031586097a3ed58526","name":"jacques lesage","image":{"@type":"ImageObject","inLanguage":"fr-FR","@id":"https:\/\/blogs.thesocialmedia.com\/leblogmoto\/#\/schema\/person\/image\/","url":"https:\/\/secure.gravatar.com\/avatar\/?s=96&d=mm&r=g","contentUrl":"https:\/\/secure.gravatar.com\/avatar\/?s=96&d=mm&r=g","caption":"jacques lesage"},"url":"https:\/\/blogs.thesocialmedia.com\/leblogmoto\/author\/jacques-lesage\/"}]}},"_links":{"self":[{"href":"https:\/\/blogs.thesocialmedia.com\/leblogmoto\/wp-json\/wp\/v2\/posts\/1007","targetHints":{"allow":["GET"]}}],"collection":[{"href":"https:\/\/blogs.thesocialmedia.com\/leblogmoto\/wp-json\/wp\/v2\/posts"}],"about":[{"href":"https:\/\/blogs.thesocialmedia.com\/leblogmoto\/wp-json\/wp\/v2\/types\/post"}],"author":[{"embeddable":true,"href":"https:\/\/blogs.thesocialmedia.com\/leblogmoto\/wp-json\/wp\/v2\/users\/325"}],"replies":[{"embeddable":true,"href":"https:\/\/blogs.thesocialmedia.com\/leblogmoto\/wp-json\/wp\/v2\/comments?post=1007"}],"version-history":[{"count":2,"href":"https:\/\/blogs.thesocialmedia.com\/leblogmoto\/wp-json\/wp\/v2\/posts\/1007\/revisions"}],"predecessor-version":[{"id":9493,"href":"https:\/\/blogs.thesocialmedia.com\/leblogmoto\/wp-json\/wp\/v2\/posts\/1007\/revisions\/9493"}],"wp:attachment":[{"href":"https:\/\/blogs.thesocialmedia.com\/leblogmoto\/wp-json\/wp\/v2\/media?parent=1007"}],"wp:term":[{"taxonomy":"category","embeddable":true,"href":"https:\/\/blogs.thesocialmedia.com\/leblogmoto\/wp-json\/wp\/v2\/categories?post=1007"},{"taxonomy":"post_tag","embeddable":true,"href":"https:\/\/blogs.thesocialmedia.com\/leblogmoto\/wp-json\/wp\/v2\/tags?post=1007"}],"curies":[{"name":"wp","href":"https:\/\/api.w.org\/{rel}","templated":true}]}}