{"id":1008,"date":"2007-12-20T23:57:14","date_gmt":"2007-12-20T23:57:14","guid":{"rendered":"http:\/\/blogs.thesocialmedia.com\/leblogmoto\/2007\/12\/20\/portfolio-de-le\/"},"modified":"2012-07-11T15:06:40","modified_gmt":"2012-07-11T15:06:40","slug":"portfolio-de-le","status":"publish","type":"post","link":"https:\/\/blogs.thesocialmedia.com\/leblogmoto\/2007\/12\/20\/portfolio-de-le\/","title":{"rendered":"Portfolio de l&rsquo;Enertia, moto \u00e9lectrique pr\u00e9vue pour 2008."},"content":{"rendered":"<p><a href=\"http:\/\/blogs.thesocialmedia.com\/leblogmoto\/files\/2012\/07\/a6p6734.jpg\"><img loading=\"lazy\" decoding=\"async\" width=\"470\" height=\"704\"  alt=\"_a6p6734\" src=\"http:\/\/www.leblogmoto.com\/images\/2007\/12\/20\/_a6p6734.jpg\" \/><\/a> <\/p>\n<p>Si vous pensez que les sports m\u00e9cas ou m\u00eame les d\u00e9placements doivent se faire sans bruit, ce qui n&rsquo;est pas mon cas, et que les bio carburants, m\u00eame les prochains, de seconde g\u00e9n\u00e9ration, ne sont pas pour vous, alors l&rsquo;<a href=\"http:\/\/www.enertiabike.com\/\">Enertia<\/a> est ce qu&rsquo;il vous faut. Pour 12.000 $ vous pourrez vous offrir ce mod\u00e8le du constructeur <a href=\"http:\/\/www.brammo.com\/\">Brammo<\/a> (qui produit aussi la tr\u00e8s joueuse Ariel Atom) pr\u00e9vu pour le second semestre 2008. Nos voisins de l&rsquo;<a href=\"http:\/\/www.autobloggreen.com\/2007\/12\/15\/video-enertia-electric-bike-to-be-released-second-half-of-2008\/\">autobloggreen<\/a> vous proposent une vid\u00e9o, et je vous renvoie aussi <a href=\"http:\/\/www.leblogmoto.com\/2007\/07\/enertia.html\">ici<\/a>. <\/p>\n<p><a href=\"http:\/\/clabedan.typepad.com\/.shared\/image.html?\/photos\/uncategorized\/2007\/12\/20\/_a6p6628_2.jpg\"><img loading=\"lazy\" decoding=\"async\" width=\"470\" height=\"312\"  alt=\"_a6p6628_2\" src=\"http:\/\/www.leblogmoto.com\/images\/2007\/12\/20\/_a6p6628_2.jpg\" \/><\/a><\/p>\n<p><a href=\"http:\/\/blogs.thesocialmedia.com\/leblogmoto\/files\/2012\/07\/a6p6633_2.jpg\"><img loading=\"lazy\" decoding=\"async\" width=\"470\" height=\"312\"  alt=\"_a6p6633_2\" src=\"http:\/\/www.leblogmoto.com\/images\/2007\/12\/20\/_a6p6633_2.jpg\" \/><\/a><\/p>\n<p><a href=\"http:\/\/blogs.thesocialmedia.com\/leblogmoto\/files\/2012\/07\/front.jpg\"><img loading=\"lazy\" decoding=\"async\" width=\"470\" height=\"631\"  alt=\"Front\" src=\"http:\/\/www.leblogmoto.com\/images\/2007\/12\/20\/front.jpg\" \/><\/a> <br \/><a href=\"http:\/\/blogs.thesocialmedia.com\/leblogmoto\/files\/2012\/07\/002_front_3q_right.jpg\"><img loading=\"lazy\" decoding=\"async\" width=\"470\" height=\"400\"  alt=\"002_front_3q_right\" src=\"http:\/\/www.leblogmoto.com\/images\/2007\/12\/20\/002_front_3q_right.jpg\" \/><\/a> <br \/><a href=\"http:\/\/blogs.thesocialmedia.com\/leblogmoto\/files\/2012\/07\/right_side.jpg\"><img loading=\"lazy\" decoding=\"async\" width=\"470\" height=\"318\"  alt=\"Right_side\" src=\"http:\/\/www.leblogmoto.com\/images\/2007\/12\/20\/right_side.jpg\" \/><\/a> <br \/><a href=\"http:\/\/blogs.thesocialmedia.com\/leblogmoto\/files\/2012\/07\/front_3q_left.jpg\"><img loading=\"lazy\" decoding=\"async\" width=\"470\" height=\"374\"  alt=\"Front_3q_left\" src=\"http:\/\/www.leblogmoto.com\/images\/2007\/12\/20\/front_3q_left.jpg\" \/><\/a> <br \/><a href=\"http:\/\/blogs.thesocialmedia.com\/leblogmoto\/files\/2012\/07\/logo_plate.jpg\"><img loading=\"lazy\" decoding=\"async\" width=\"470\" height=\"312\"  alt=\"Logo_plate\" src=\"http:\/\/www.leblogmoto.com\/images\/2007\/12\/20\/logo_plate.jpg\" \/><\/a> <br \/><a href=\"http:\/\/blogs.thesocialmedia.com\/leblogmoto\/files\/2012\/07\/rear_wheel.jpg\"><img loading=\"lazy\" decoding=\"async\" width=\"470\" height=\"312\"  alt=\"Rear_wheel\" src=\"http:\/\/www.leblogmoto.com\/images\/2007\/12\/20\/rear_wheel.jpg\" \/><\/a> <br \/><a href=\"http:\/\/blogs.thesocialmedia.com\/leblogmoto\/files\/2012\/07\/lightingshroud.jpg\"><img loading=\"lazy\" decoding=\"async\" width=\"470\" height=\"337\"  alt=\"Lightingshroud\" src=\"http:\/\/www.leblogmoto.com\/images\/2007\/12\/20\/lightingshroud.jpg\" \/><\/a> <\/p>\n","protected":false},"excerpt":{"rendered":"<p>Si vous pensez que les sports m\u00e9cas ou m\u00eame les d\u00e9placements doivent se faire sans bruit, ce qui n&rsquo;est pas mon cas, et que les bio carburants, m\u00eame les prochains, de seconde g\u00e9n\u00e9ration, ne sont pas pour vous, alors l&rsquo;Enertia est ce qu&rsquo;il vous faut. Pour 12.000 $ vous pourrez vous offrir ce mod\u00e8le du [&hellip;]<\/p>\n","protected":false},"author":324,"featured_media":0,"comment_status":"open","ping_status":"open","sticky":false,"template":"","format":"standard","meta":{"footnotes":""},"categories":[3,30],"tags":[],"class_list":["post-1008","post","type-post","status-publish","format-standard","hentry","category-actualite","category-bio-carburantsvehicules-propres"],"yoast_head":"<!-- This site is optimized with the Yoast SEO plugin v26.0 - https:\/\/yoast.com\/wordpress\/plugins\/seo\/ -->\n<title>Portfolio de l&#039;Enertia, moto \u00e9lectrique pr\u00e9vue pour 2008. - leblogmoto.com<\/title>\n<meta name=\"robots\" content=\"index, follow, max-snippet:-1, max-image-preview:large, max-video-preview:-1\" \/>\n<link rel=\"canonical\" href=\"https:\/\/blogs.thesocialmedia.com\/leblogmoto\/2007\/12\/20\/portfolio-de-le\/\" \/>\n<meta name=\"twitter:card\" content=\"summary_large_image\" \/>\n<meta name=\"twitter:title\" content=\"Portfolio de l&#039;Enertia, moto \u00e9lectrique pr\u00e9vue pour 2008. - leblogmoto.com\" \/>\n<meta name=\"twitter:description\" content=\"Si vous pensez que les sports m\u00e9cas ou m\u00eame les d\u00e9placements doivent se faire sans bruit, ce qui n&rsquo;est pas mon cas, et que les bio carburants, m\u00eame les prochains, de seconde g\u00e9n\u00e9ration, ne sont pas pour vous, alors l&rsquo;Enertia est ce qu&rsquo;il vous faut. Pour 12.000 $ vous pourrez vous offrir ce mod\u00e8le du [&hellip;]\" \/>\n<meta name=\"twitter:image\" content=\"http:\/\/www.leblogmoto.com\/images\/2007\/12\/20\/_a6p6734.jpg\" \/>\n<meta name=\"twitter:label1\" content=\"\u00c9crit par\" \/>\n\t<meta name=\"twitter:data1\" content=\"benoit rieu\" \/>\n<script type=\"application\/ld+json\" class=\"yoast-schema-graph\">{\"@context\":\"https:\/\/schema.org\",\"@graph\":[{\"@type\":\"WebPage\",\"@id\":\"https:\/\/blogs.thesocialmedia.com\/leblogmoto\/2007\/12\/20\/portfolio-de-le\/\",\"url\":\"https:\/\/blogs.thesocialmedia.com\/leblogmoto\/2007\/12\/20\/portfolio-de-le\/\",\"name\":\"Portfolio de l'Enertia, moto \u00e9lectrique pr\u00e9vue pour 2008. - leblogmoto.com\",\"isPartOf\":{\"@id\":\"https:\/\/blogs.thesocialmedia.com\/leblogmoto\/#website\"},\"primaryImageOfPage\":{\"@id\":\"https:\/\/blogs.thesocialmedia.com\/leblogmoto\/2007\/12\/20\/portfolio-de-le\/#primaryimage\"},\"image\":{\"@id\":\"https:\/\/blogs.thesocialmedia.com\/leblogmoto\/2007\/12\/20\/portfolio-de-le\/#primaryimage\"},\"thumbnailUrl\":\"http:\/\/www.leblogmoto.com\/images\/2007\/12\/20\/_a6p6734.jpg\",\"datePublished\":\"2007-12-20T23:57:14+00:00\",\"dateModified\":\"2012-07-11T15:06:40+00:00\",\"author\":{\"@id\":\"https:\/\/blogs.thesocialmedia.com\/leblogmoto\/#\/schema\/person\/18bfe773e5725ed6d24f743da805362a\"},\"breadcrumb\":{\"@id\":\"https:\/\/blogs.thesocialmedia.com\/leblogmoto\/2007\/12\/20\/portfolio-de-le\/#breadcrumb\"},\"inLanguage\":\"fr-FR\",\"potentialAction\":[{\"@type\":\"ReadAction\",\"target\":[\"https:\/\/blogs.thesocialmedia.com\/leblogmoto\/2007\/12\/20\/portfolio-de-le\/\"]}]},{\"@type\":\"ImageObject\",\"inLanguage\":\"fr-FR\",\"@id\":\"https:\/\/blogs.thesocialmedia.com\/leblogmoto\/2007\/12\/20\/portfolio-de-le\/#primaryimage\",\"url\":\"http:\/\/www.leblogmoto.com\/images\/2007\/12\/20\/_a6p6734.jpg\",\"contentUrl\":\"http:\/\/www.leblogmoto.com\/images\/2007\/12\/20\/_a6p6734.jpg\"},{\"@type\":\"BreadcrumbList\",\"@id\":\"https:\/\/blogs.thesocialmedia.com\/leblogmoto\/2007\/12\/20\/portfolio-de-le\/#breadcrumb\",\"itemListElement\":[{\"@type\":\"ListItem\",\"position\":1,\"name\":\"Accueil\",\"item\":\"https:\/\/blogs.thesocialmedia.com\/leblogmoto\/\"},{\"@type\":\"ListItem\",\"position\":2,\"name\":\"Portfolio de l&rsquo;Enertia, moto \u00e9lectrique pr\u00e9vue pour 2008.\"}]},{\"@type\":\"WebSite\",\"@id\":\"https:\/\/blogs.thesocialmedia.com\/leblogmoto\/#website\",\"url\":\"https:\/\/blogs.thesocialmedia.com\/leblogmoto\/\",\"name\":\"leblogmoto\",\"description\":\"Toute l&#039;actualit\u00e9 des 2 roues\",\"potentialAction\":[{\"@type\":\"SearchAction\",\"target\":{\"@type\":\"EntryPoint\",\"urlTemplate\":\"https:\/\/blogs.thesocialmedia.com\/leblogmoto\/?s={search_term_string}\"},\"query-input\":{\"@type\":\"PropertyValueSpecification\",\"valueRequired\":true,\"valueName\":\"search_term_string\"}}],\"inLanguage\":\"fr-FR\"},{\"@type\":\"Person\",\"@id\":\"https:\/\/blogs.thesocialmedia.com\/leblogmoto\/#\/schema\/person\/18bfe773e5725ed6d24f743da805362a\",\"name\":\"benoit rieu\",\"image\":{\"@type\":\"ImageObject\",\"inLanguage\":\"fr-FR\",\"@id\":\"https:\/\/blogs.thesocialmedia.com\/leblogmoto\/#\/schema\/person\/image\/\",\"url\":\"https:\/\/secure.gravatar.com\/avatar\/?s=96&d=mm&r=g\",\"contentUrl\":\"https:\/\/secure.gravatar.com\/avatar\/?s=96&d=mm&r=g\",\"caption\":\"benoit rieu\"},\"url\":\"https:\/\/blogs.thesocialmedia.com\/leblogmoto\/author\/benoit-rieu\/\"}]}<\/script>\n<!-- \/ Yoast SEO plugin. -->","yoast_head_json":{"title":"Portfolio de l'Enertia, moto \u00e9lectrique pr\u00e9vue pour 2008. - leblogmoto.com","robots":{"index":"index","follow":"follow","max-snippet":"max-snippet:-1","max-image-preview":"max-image-preview:large","max-video-preview":"max-video-preview:-1"},"canonical":"https:\/\/blogs.thesocialmedia.com\/leblogmoto\/2007\/12\/20\/portfolio-de-le\/","twitter_card":"summary_large_image","twitter_title":"Portfolio de l'Enertia, moto \u00e9lectrique pr\u00e9vue pour 2008. - leblogmoto.com","twitter_description":"Si vous pensez que les sports m\u00e9cas ou m\u00eame les d\u00e9placements doivent se faire sans bruit, ce qui n&rsquo;est pas mon cas, et que les bio carburants, m\u00eame les prochains, de seconde g\u00e9n\u00e9ration, ne sont pas pour vous, alors l&rsquo;Enertia est ce qu&rsquo;il vous faut. Pour 12.000 $ vous pourrez vous offrir ce mod\u00e8le du [&hellip;]","twitter_image":"http:\/\/www.leblogmoto.com\/images\/2007\/12\/20\/_a6p6734.jpg","twitter_misc":{"\u00c9crit par":"benoit rieu"},"schema":{"@context":"https:\/\/schema.org","@graph":[{"@type":"WebPage","@id":"https:\/\/blogs.thesocialmedia.com\/leblogmoto\/2007\/12\/20\/portfolio-de-le\/","url":"https:\/\/blogs.thesocialmedia.com\/leblogmoto\/2007\/12\/20\/portfolio-de-le\/","name":"Portfolio de l'Enertia, moto \u00e9lectrique pr\u00e9vue pour 2008. - leblogmoto.com","isPartOf":{"@id":"https:\/\/blogs.thesocialmedia.com\/leblogmoto\/#website"},"primaryImageOfPage":{"@id":"https:\/\/blogs.thesocialmedia.com\/leblogmoto\/2007\/12\/20\/portfolio-de-le\/#primaryimage"},"image":{"@id":"https:\/\/blogs.thesocialmedia.com\/leblogmoto\/2007\/12\/20\/portfolio-de-le\/#primaryimage"},"thumbnailUrl":"http:\/\/www.leblogmoto.com\/images\/2007\/12\/20\/_a6p6734.jpg","datePublished":"2007-12-20T23:57:14+00:00","dateModified":"2012-07-11T15:06:40+00:00","author":{"@id":"https:\/\/blogs.thesocialmedia.com\/leblogmoto\/#\/schema\/person\/18bfe773e5725ed6d24f743da805362a"},"breadcrumb":{"@id":"https:\/\/blogs.thesocialmedia.com\/leblogmoto\/2007\/12\/20\/portfolio-de-le\/#breadcrumb"},"inLanguage":"fr-FR","potentialAction":[{"@type":"ReadAction","target":["https:\/\/blogs.thesocialmedia.com\/leblogmoto\/2007\/12\/20\/portfolio-de-le\/"]}]},{"@type":"ImageObject","inLanguage":"fr-FR","@id":"https:\/\/blogs.thesocialmedia.com\/leblogmoto\/2007\/12\/20\/portfolio-de-le\/#primaryimage","url":"http:\/\/www.leblogmoto.com\/images\/2007\/12\/20\/_a6p6734.jpg","contentUrl":"http:\/\/www.leblogmoto.com\/images\/2007\/12\/20\/_a6p6734.jpg"},{"@type":"BreadcrumbList","@id":"https:\/\/blogs.thesocialmedia.com\/leblogmoto\/2007\/12\/20\/portfolio-de-le\/#breadcrumb","itemListElement":[{"@type":"ListItem","position":1,"name":"Accueil","item":"https:\/\/blogs.thesocialmedia.com\/leblogmoto\/"},{"@type":"ListItem","position":2,"name":"Portfolio de l&rsquo;Enertia, moto \u00e9lectrique pr\u00e9vue pour 2008."}]},{"@type":"WebSite","@id":"https:\/\/blogs.thesocialmedia.com\/leblogmoto\/#website","url":"https:\/\/blogs.thesocialmedia.com\/leblogmoto\/","name":"leblogmoto","description":"Toute l&#039;actualit\u00e9 des 2 roues","potentialAction":[{"@type":"SearchAction","target":{"@type":"EntryPoint","urlTemplate":"https:\/\/blogs.thesocialmedia.com\/leblogmoto\/?s={search_term_string}"},"query-input":{"@type":"PropertyValueSpecification","valueRequired":true,"valueName":"search_term_string"}}],"inLanguage":"fr-FR"},{"@type":"Person","@id":"https:\/\/blogs.thesocialmedia.com\/leblogmoto\/#\/schema\/person\/18bfe773e5725ed6d24f743da805362a","name":"benoit rieu","image":{"@type":"ImageObject","inLanguage":"fr-FR","@id":"https:\/\/blogs.thesocialmedia.com\/leblogmoto\/#\/schema\/person\/image\/","url":"https:\/\/secure.gravatar.com\/avatar\/?s=96&d=mm&r=g","contentUrl":"https:\/\/secure.gravatar.com\/avatar\/?s=96&d=mm&r=g","caption":"benoit rieu"},"url":"https:\/\/blogs.thesocialmedia.com\/leblogmoto\/author\/benoit-rieu\/"}]}},"_links":{"self":[{"href":"https:\/\/blogs.thesocialmedia.com\/leblogmoto\/wp-json\/wp\/v2\/posts\/1008","targetHints":{"allow":["GET"]}}],"collection":[{"href":"https:\/\/blogs.thesocialmedia.com\/leblogmoto\/wp-json\/wp\/v2\/posts"}],"about":[{"href":"https:\/\/blogs.thesocialmedia.com\/leblogmoto\/wp-json\/wp\/v2\/types\/post"}],"author":[{"embeddable":true,"href":"https:\/\/blogs.thesocialmedia.com\/leblogmoto\/wp-json\/wp\/v2\/users\/324"}],"replies":[{"embeddable":true,"href":"https:\/\/blogs.thesocialmedia.com\/leblogmoto\/wp-json\/wp\/v2\/comments?post=1008"}],"version-history":[{"count":2,"href":"https:\/\/blogs.thesocialmedia.com\/leblogmoto\/wp-json\/wp\/v2\/posts\/1008\/revisions"}],"predecessor-version":[{"id":9484,"href":"https:\/\/blogs.thesocialmedia.com\/leblogmoto\/wp-json\/wp\/v2\/posts\/1008\/revisions\/9484"}],"wp:attachment":[{"href":"https:\/\/blogs.thesocialmedia.com\/leblogmoto\/wp-json\/wp\/v2\/media?parent=1008"}],"wp:term":[{"taxonomy":"category","embeddable":true,"href":"https:\/\/blogs.thesocialmedia.com\/leblogmoto\/wp-json\/wp\/v2\/categories?post=1008"},{"taxonomy":"post_tag","embeddable":true,"href":"https:\/\/blogs.thesocialmedia.com\/leblogmoto\/wp-json\/wp\/v2\/tags?post=1008"}],"curies":[{"name":"wp","href":"https:\/\/api.w.org\/{rel}","templated":true}]}}