{"id":101,"date":"2009-06-25T23:58:46","date_gmt":"2009-06-25T23:58:46","guid":{"rendered":"http:\/\/blogs.thesocialmedia.com\/leblogmoto\/2009\/06\/25\/nouvelle-honda-vfr\/"},"modified":"2012-07-11T17:32:48","modified_gmt":"2012-07-11T17:32:48","slug":"nouvelle-honda-vfr","status":"publish","type":"post","link":"https:\/\/blogs.thesocialmedia.com\/leblogmoto\/2009\/06\/25\/nouvelle-honda-vfr\/","title":{"rendered":"Se perdre en conjectures sur la nouvelle Honda VFR."},"content":{"rendered":"<p><a href=\"http:\/\/blogs.thesocialmedia.com\/leblogmoto\/files\/2012\/07\/6a00d83451b18369e20115706476a5970c-popup.png\"><img decoding=\"async\" alt=\"Moto Routi\u00e8re Honda VFR 4\" class=\"at-xid-6a00d83451b18369e20115706476a5970c \" src=\"http:\/\/blogs.thesocialmedia.com\/leblogmoto\/files\/2012\/07\/6a00d83451b18369e20115706476a5970c-500wi.jpg\" \/><\/a><\/p>\n<p>Nombreux sont&#160;les sites anglo-saxons \u00e0 publier depuis mercredi les nouvelles images distill\u00e9es par Honda sur leur nouvelle GT, avec <a href=\"http:\/\/www.motorcyclenews.com\/MCN\/News\/newsresults\/New-bikes\/2009\/June\/jun2409-honda-v4-spied-on-test\/\">MCN<\/a> tout d&#039;abord, suivi de Faster&amp;Faster&#160;et&#160;Left lane news. Tout ce battage&#160;se d\u00e9roule&#160;dans un mutisme de la marque au <a href=\"http:\/\/moto.honda.fr\/\">blason ail\u00e9<\/a>, un silence de bon aloi puisqu&#039;il augmente toujours le buzz sur&#160;une blogosph\u00e8re&#160;tr\u00e8s friande&#160;de ces fausses r\u00e9v\u00e9lations &#8211; vrais coups marketing. Sur le Blog Moto on ne va&#160;pas d\u00e9roger \u00e0&#160;cette r\u00e8gle, pour une fois.&#160;La moto est donc&#160;\u00e9quip\u00e9e d&#039;un monobras comme son a\u00efeule en 800cc. Mais l\u00e0 o\u00f9 les \u00e9chappements sous la selle&#160;de l&#039;ancienne sport-GT lui conf\u00e8rait une silhouette&#160;\u00e9lanc\u00e9e,&#160;la nouvelle&#160;ligne d&#039;\u00e9chappement bas ressemble au socle d&#039;une charrue. Il se murmure que le V4 de 1200cc&#160;ob\u00e9irait au doigt et \u00e0 l&#039;oeil&#160;gr\u00e2ce aux&#160;commandes \u00e9lectriques pour la &quot;poign\u00e9e&quot; de gaz et&#160;\u00e9galement pour le&#160;freinage,&#160;que la&#160;suspension&#160;serait&#160;ajustable \u00e9lectroniquement, et que la moto poss\u00e8derait un airbag. Sans que la firme japonaise soit capable ou non de confirmer ces supputations, \u00e9videmment. La r\u00e9ponse <em>de visu<\/em>, pour nous, dans les concessions en 2010.&#160;Dans la suite, <em>spyshots<\/em>&#160;et autres clich\u00e9s de la b\u00eate.<\/p>\n<\/p>\n<p><a href=\"http:\/\/clabedan.typepad.com\/.a\/6a00d83451b18369e2011570647fcd970c-popup\"><img decoding=\"async\" alt=\"Moto Routi\u00e8re Honda VFR 1\" class=\"at-xid-6a00d83451b18369e2011570647fcd970c \" src=\"http:\/\/blogs.thesocialmedia.com\/leblogmoto\/files\/2012\/07\/6a00d83451b18369e2011570647fcd970c-500wi.jpg\" \/><\/a><\/p>\n<p><a href=\"http:\/\/blogs.thesocialmedia.com\/leblogmoto\/files\/2012\/07\/6a00d83451b18369e201157159b9c5970b-popup.png\"><img decoding=\"async\" alt=\"Moto Routi\u00e8re Honda VFR 2\" class=\"at-xid-6a00d83451b18369e201157159b9c5970b \" src=\"http:\/\/blogs.thesocialmedia.com\/leblogmoto\/files\/2012\/07\/6a00d83451b18369e201157159b9c5970b-500wi.jpg\" \/><\/a><\/p>\n<p><a href=\"http:\/\/blogs.thesocialmedia.com\/leblogmoto\/files\/2012\/07\/6a00d83451b18369e201157159ba2a970b-popup.png\"><img decoding=\"async\" alt=\"Moto Routi\u00e8re Honda VFR 3\" class=\"at-xid-6a00d83451b18369e201157159ba2a970b \" src=\"http:\/\/blogs.thesocialmedia.com\/leblogmoto\/files\/2012\/07\/6a00d83451b18369e201157159ba2a970b-500wi.jpg\" \/><\/a><\/p>\n<p><a href=\"http:\/\/blogs.thesocialmedia.com\/leblogmoto\/files\/2012\/07\/6a00d83451b18369e201157159ba84970b-popup.png\"><img decoding=\"async\" alt=\"Moto Routi\u00e8re Honda VFR 4&#039;\" class=\"at-xid-6a00d83451b18369e201157159ba84970b \" src=\"http:\/\/blogs.thesocialmedia.com\/leblogmoto\/files\/2012\/07\/6a00d83451b18369e201157159ba84970b-500wi.jpg\" \/><\/a><\/p>\n<p><a href=\"http:\/\/blogs.thesocialmedia.com\/leblogmoto\/files\/2012\/07\/6a00d83451b18369e201157159bad9970b-popup.png\"><img decoding=\"async\" alt=\"Moto Routi\u00e8re Honda VFR 4&#039;&#039;\" class=\"at-xid-6a00d83451b18369e201157159bad9970b \" src=\"http:\/\/blogs.thesocialmedia.com\/leblogmoto\/files\/2012\/07\/6a00d83451b18369e201157159bad9970b-500wi.jpg\" \/><\/a><\/p>\n<p><a href=\"http:\/\/blogs.thesocialmedia.com\/leblogmoto\/files\/2012\/07\/6a00d83451b18369e20115706481c3970c-popup.png\"><img decoding=\"async\" alt=\"Moto Routi\u00e8re Honda VFR 5\" class=\"at-xid-6a00d83451b18369e20115706481c3970c \" src=\"http:\/\/blogs.thesocialmedia.com\/leblogmoto\/files\/2012\/07\/6a00d83451b18369e20115706481c3970c-500wi.jpg\" \/><\/a><\/p>\n<p><a href=\"http:\/\/blogs.thesocialmedia.com\/leblogmoto\/files\/2012\/07\/6a00d83451b18369e2011570648212970c-popup.png\"><img decoding=\"async\" alt=\"Moto Routi\u00e8re Honda VFR 6\" class=\"at-xid-6a00d83451b18369e2011570648212970c \" src=\"http:\/\/blogs.thesocialmedia.com\/leblogmoto\/files\/2012\/07\/6a00d83451b18369e2011570648212970c-500wi.jpg\" \/><\/a><\/p>\n<p><a href=\"http:\/\/blogs.thesocialmedia.com\/leblogmoto\/files\/2012\/07\/6a00d83451b18369e201157159bbf2970b-popup.png\"><img decoding=\"async\" alt=\"Moto Routi\u00e8re Honda VFR 7\" class=\"at-xid-6a00d83451b18369e201157159bbf2970b \" src=\"http:\/\/blogs.thesocialmedia.com\/leblogmoto\/files\/2012\/07\/6a00d83451b18369e201157159bbf2970b-500wi.jpg\" \/><\/a><\/p>\n<p><a href=\"http:\/\/blogs.thesocialmedia.com\/leblogmoto\/files\/2012\/07\/6a00d83451b18369e201157159bc86970b-popup.png\"><img decoding=\"async\" alt=\"Moto Routi\u00e8re Honda VFR 8\" class=\"at-xid-6a00d83451b18369e201157159bc86970b \" src=\"http:\/\/blogs.thesocialmedia.com\/leblogmoto\/files\/2012\/07\/6a00d83451b18369e201157159bc86970b-500wi.jpg\" \/><\/a><\/p>\n<p><a href=\"http:\/\/blogs.thesocialmedia.com\/leblogmoto\/files\/2012\/07\/6a00d83451b18369e201157159bcc1970b-popup.png\"><img decoding=\"async\" alt=\"Moto Routi\u00e8re Honda VFR 9\" class=\"at-xid-6a00d83451b18369e201157159bcc1970b \" src=\"http:\/\/blogs.thesocialmedia.com\/leblogmoto\/files\/2012\/07\/6a00d83451b18369e201157159bcc1970b-500wi.jpg\" \/><\/a><\/p>\n<p><a href=\"http:\/\/blogs.thesocialmedia.com\/leblogmoto\/files\/2012\/07\/6a00d83451b18369e201157159bd51970b-popup.png\"><img decoding=\"async\" alt=\"Moto Routi\u00e8re Honda VFR 10\" class=\"at-xid-6a00d83451b18369e201157159bd51970b \" src=\"http:\/\/blogs.thesocialmedia.com\/leblogmoto\/files\/2012\/07\/6a00d83451b18369e201157159bd51970b-500wi.jpg\" \/><\/a><\/p>\n","protected":false},"excerpt":{"rendered":"<p>Nombreux sont&#160;les sites anglo-saxons \u00e0 publier depuis mercredi les nouvelles images distill\u00e9es par Honda sur leur nouvelle GT, avec MCN tout d&#039;abord, suivi de Faster&amp;Faster&#160;et&#160;Left lane news. Tout ce battage&#160;se d\u00e9roule&#160;dans un mutisme de la marque au blason ail\u00e9, un silence de bon aloi puisqu&#039;il augmente toujours le buzz sur&#160;une blogosph\u00e8re&#160;tr\u00e8s friande&#160;de ces fausses r\u00e9v\u00e9lations [&hellip;]<\/p>\n","protected":false},"author":324,"featured_media":13844,"comment_status":"open","ping_status":"open","sticky":false,"template":"","format":"standard","meta":{"footnotes":""},"categories":[3,14],"tags":[],"class_list":["post-101","post","type-post","status-publish","format-standard","has-post-thumbnail","hentry","category-actualite","category-honda"],"yoast_head":"<!-- This site is optimized with the Yoast SEO plugin v26.0 - https:\/\/yoast.com\/wordpress\/plugins\/seo\/ -->\n<title>Se perdre en conjectures sur la nouvelle Honda VFR. - leblogmoto.com<\/title>\n<meta name=\"robots\" content=\"index, follow, max-snippet:-1, max-image-preview:large, max-video-preview:-1\" \/>\n<link rel=\"canonical\" href=\"https:\/\/blogs.thesocialmedia.com\/leblogmoto\/2009\/06\/25\/nouvelle-honda-vfr\/\" \/>\n<meta name=\"twitter:card\" content=\"summary_large_image\" \/>\n<meta name=\"twitter:title\" content=\"Se perdre en conjectures sur la nouvelle Honda VFR. - leblogmoto.com\" \/>\n<meta name=\"twitter:description\" content=\"Nombreux sont&#160;les sites anglo-saxons \u00e0 publier depuis mercredi les nouvelles images distill\u00e9es par Honda sur leur nouvelle GT, avec MCN tout d&#039;abord, suivi de Faster&amp;Faster&#160;et&#160;Left lane news. Tout ce battage&#160;se d\u00e9roule&#160;dans un mutisme de la marque au blason ail\u00e9, un silence de bon aloi puisqu&#039;il augmente toujours le buzz sur&#160;une blogosph\u00e8re&#160;tr\u00e8s friande&#160;de ces fausses r\u00e9v\u00e9lations [&hellip;]\" \/>\n<meta name=\"twitter:image\" content=\"https:\/\/blogs.thesocialmedia.com\/leblogmoto\/files\/2012\/07\/6a00d83451b18369e20115706476a5970c-500wi.jpg\" \/>\n<meta name=\"twitter:label1\" content=\"\u00c9crit par\" \/>\n\t<meta name=\"twitter:data1\" content=\"benoit rieu\" \/>\n\t<meta name=\"twitter:label2\" content=\"Dur\u00e9e de lecture estim\u00e9e\" \/>\n\t<meta name=\"twitter:data2\" content=\"1 minute\" \/>\n<script type=\"application\/ld+json\" class=\"yoast-schema-graph\">{\"@context\":\"https:\/\/schema.org\",\"@graph\":[{\"@type\":\"WebPage\",\"@id\":\"https:\/\/blogs.thesocialmedia.com\/leblogmoto\/2009\/06\/25\/nouvelle-honda-vfr\/\",\"url\":\"https:\/\/blogs.thesocialmedia.com\/leblogmoto\/2009\/06\/25\/nouvelle-honda-vfr\/\",\"name\":\"Se perdre en conjectures sur la nouvelle Honda VFR. - leblogmoto.com\",\"isPartOf\":{\"@id\":\"https:\/\/blogs.thesocialmedia.com\/leblogmoto\/#website\"},\"primaryImageOfPage\":{\"@id\":\"https:\/\/blogs.thesocialmedia.com\/leblogmoto\/2009\/06\/25\/nouvelle-honda-vfr\/#primaryimage\"},\"image\":{\"@id\":\"https:\/\/blogs.thesocialmedia.com\/leblogmoto\/2009\/06\/25\/nouvelle-honda-vfr\/#primaryimage\"},\"thumbnailUrl\":\"https:\/\/blogs.thesocialmedia.com\/leblogmoto\/files\/2012\/07\/6a00d83451b18369e20115706476a5970c-500wi.jpg\",\"datePublished\":\"2009-06-25T23:58:46+00:00\",\"dateModified\":\"2012-07-11T17:32:48+00:00\",\"author\":{\"@id\":\"https:\/\/blogs.thesocialmedia.com\/leblogmoto\/#\/schema\/person\/18bfe773e5725ed6d24f743da805362a\"},\"breadcrumb\":{\"@id\":\"https:\/\/blogs.thesocialmedia.com\/leblogmoto\/2009\/06\/25\/nouvelle-honda-vfr\/#breadcrumb\"},\"inLanguage\":\"fr-FR\",\"potentialAction\":[{\"@type\":\"ReadAction\",\"target\":[\"https:\/\/blogs.thesocialmedia.com\/leblogmoto\/2009\/06\/25\/nouvelle-honda-vfr\/\"]}]},{\"@type\":\"ImageObject\",\"inLanguage\":\"fr-FR\",\"@id\":\"https:\/\/blogs.thesocialmedia.com\/leblogmoto\/2009\/06\/25\/nouvelle-honda-vfr\/#primaryimage\",\"url\":\"https:\/\/blogs.thesocialmedia.com\/leblogmoto\/files\/2012\/07\/6a00d83451b18369e20115706476a5970c-500wi.jpg\",\"contentUrl\":\"https:\/\/blogs.thesocialmedia.com\/leblogmoto\/files\/2012\/07\/6a00d83451b18369e20115706476a5970c-500wi.jpg\",\"width\":\"500\",\"height\":\"381\"},{\"@type\":\"BreadcrumbList\",\"@id\":\"https:\/\/blogs.thesocialmedia.com\/leblogmoto\/2009\/06\/25\/nouvelle-honda-vfr\/#breadcrumb\",\"itemListElement\":[{\"@type\":\"ListItem\",\"position\":1,\"name\":\"Accueil\",\"item\":\"https:\/\/blogs.thesocialmedia.com\/leblogmoto\/\"},{\"@type\":\"ListItem\",\"position\":2,\"name\":\"Se perdre en conjectures sur la nouvelle Honda VFR.\"}]},{\"@type\":\"WebSite\",\"@id\":\"https:\/\/blogs.thesocialmedia.com\/leblogmoto\/#website\",\"url\":\"https:\/\/blogs.thesocialmedia.com\/leblogmoto\/\",\"name\":\"leblogmoto\",\"description\":\"Toute l&#039;actualit\u00e9 des 2 roues\",\"potentialAction\":[{\"@type\":\"SearchAction\",\"target\":{\"@type\":\"EntryPoint\",\"urlTemplate\":\"https:\/\/blogs.thesocialmedia.com\/leblogmoto\/?s={search_term_string}\"},\"query-input\":{\"@type\":\"PropertyValueSpecification\",\"valueRequired\":true,\"valueName\":\"search_term_string\"}}],\"inLanguage\":\"fr-FR\"},{\"@type\":\"Person\",\"@id\":\"https:\/\/blogs.thesocialmedia.com\/leblogmoto\/#\/schema\/person\/18bfe773e5725ed6d24f743da805362a\",\"name\":\"benoit rieu\",\"image\":{\"@type\":\"ImageObject\",\"inLanguage\":\"fr-FR\",\"@id\":\"https:\/\/blogs.thesocialmedia.com\/leblogmoto\/#\/schema\/person\/image\/\",\"url\":\"https:\/\/secure.gravatar.com\/avatar\/?s=96&d=mm&r=g\",\"contentUrl\":\"https:\/\/secure.gravatar.com\/avatar\/?s=96&d=mm&r=g\",\"caption\":\"benoit rieu\"},\"url\":\"https:\/\/blogs.thesocialmedia.com\/leblogmoto\/author\/benoit-rieu\/\"}]}<\/script>\n<!-- \/ Yoast SEO plugin. -->","yoast_head_json":{"title":"Se perdre en conjectures sur la nouvelle Honda VFR. - leblogmoto.com","robots":{"index":"index","follow":"follow","max-snippet":"max-snippet:-1","max-image-preview":"max-image-preview:large","max-video-preview":"max-video-preview:-1"},"canonical":"https:\/\/blogs.thesocialmedia.com\/leblogmoto\/2009\/06\/25\/nouvelle-honda-vfr\/","twitter_card":"summary_large_image","twitter_title":"Se perdre en conjectures sur la nouvelle Honda VFR. - leblogmoto.com","twitter_description":"Nombreux sont&#160;les sites anglo-saxons \u00e0 publier depuis mercredi les nouvelles images distill\u00e9es par Honda sur leur nouvelle GT, avec MCN tout d&#039;abord, suivi de Faster&amp;Faster&#160;et&#160;Left lane news. Tout ce battage&#160;se d\u00e9roule&#160;dans un mutisme de la marque au blason ail\u00e9, un silence de bon aloi puisqu&#039;il augmente toujours le buzz sur&#160;une blogosph\u00e8re&#160;tr\u00e8s friande&#160;de ces fausses r\u00e9v\u00e9lations [&hellip;]","twitter_image":"https:\/\/blogs.thesocialmedia.com\/leblogmoto\/files\/2012\/07\/6a00d83451b18369e20115706476a5970c-500wi.jpg","twitter_misc":{"\u00c9crit par":"benoit rieu","Dur\u00e9e de lecture estim\u00e9e":"1 minute"},"schema":{"@context":"https:\/\/schema.org","@graph":[{"@type":"WebPage","@id":"https:\/\/blogs.thesocialmedia.com\/leblogmoto\/2009\/06\/25\/nouvelle-honda-vfr\/","url":"https:\/\/blogs.thesocialmedia.com\/leblogmoto\/2009\/06\/25\/nouvelle-honda-vfr\/","name":"Se perdre en conjectures sur la nouvelle Honda VFR. - leblogmoto.com","isPartOf":{"@id":"https:\/\/blogs.thesocialmedia.com\/leblogmoto\/#website"},"primaryImageOfPage":{"@id":"https:\/\/blogs.thesocialmedia.com\/leblogmoto\/2009\/06\/25\/nouvelle-honda-vfr\/#primaryimage"},"image":{"@id":"https:\/\/blogs.thesocialmedia.com\/leblogmoto\/2009\/06\/25\/nouvelle-honda-vfr\/#primaryimage"},"thumbnailUrl":"https:\/\/blogs.thesocialmedia.com\/leblogmoto\/files\/2012\/07\/6a00d83451b18369e20115706476a5970c-500wi.jpg","datePublished":"2009-06-25T23:58:46+00:00","dateModified":"2012-07-11T17:32:48+00:00","author":{"@id":"https:\/\/blogs.thesocialmedia.com\/leblogmoto\/#\/schema\/person\/18bfe773e5725ed6d24f743da805362a"},"breadcrumb":{"@id":"https:\/\/blogs.thesocialmedia.com\/leblogmoto\/2009\/06\/25\/nouvelle-honda-vfr\/#breadcrumb"},"inLanguage":"fr-FR","potentialAction":[{"@type":"ReadAction","target":["https:\/\/blogs.thesocialmedia.com\/leblogmoto\/2009\/06\/25\/nouvelle-honda-vfr\/"]}]},{"@type":"ImageObject","inLanguage":"fr-FR","@id":"https:\/\/blogs.thesocialmedia.com\/leblogmoto\/2009\/06\/25\/nouvelle-honda-vfr\/#primaryimage","url":"https:\/\/blogs.thesocialmedia.com\/leblogmoto\/files\/2012\/07\/6a00d83451b18369e20115706476a5970c-500wi.jpg","contentUrl":"https:\/\/blogs.thesocialmedia.com\/leblogmoto\/files\/2012\/07\/6a00d83451b18369e20115706476a5970c-500wi.jpg","width":"500","height":"381"},{"@type":"BreadcrumbList","@id":"https:\/\/blogs.thesocialmedia.com\/leblogmoto\/2009\/06\/25\/nouvelle-honda-vfr\/#breadcrumb","itemListElement":[{"@type":"ListItem","position":1,"name":"Accueil","item":"https:\/\/blogs.thesocialmedia.com\/leblogmoto\/"},{"@type":"ListItem","position":2,"name":"Se perdre en conjectures sur la nouvelle Honda VFR."}]},{"@type":"WebSite","@id":"https:\/\/blogs.thesocialmedia.com\/leblogmoto\/#website","url":"https:\/\/blogs.thesocialmedia.com\/leblogmoto\/","name":"leblogmoto","description":"Toute l&#039;actualit\u00e9 des 2 roues","potentialAction":[{"@type":"SearchAction","target":{"@type":"EntryPoint","urlTemplate":"https:\/\/blogs.thesocialmedia.com\/leblogmoto\/?s={search_term_string}"},"query-input":{"@type":"PropertyValueSpecification","valueRequired":true,"valueName":"search_term_string"}}],"inLanguage":"fr-FR"},{"@type":"Person","@id":"https:\/\/blogs.thesocialmedia.com\/leblogmoto\/#\/schema\/person\/18bfe773e5725ed6d24f743da805362a","name":"benoit rieu","image":{"@type":"ImageObject","inLanguage":"fr-FR","@id":"https:\/\/blogs.thesocialmedia.com\/leblogmoto\/#\/schema\/person\/image\/","url":"https:\/\/secure.gravatar.com\/avatar\/?s=96&d=mm&r=g","contentUrl":"https:\/\/secure.gravatar.com\/avatar\/?s=96&d=mm&r=g","caption":"benoit rieu"},"url":"https:\/\/blogs.thesocialmedia.com\/leblogmoto\/author\/benoit-rieu\/"}]}},"_links":{"self":[{"href":"https:\/\/blogs.thesocialmedia.com\/leblogmoto\/wp-json\/wp\/v2\/posts\/101","targetHints":{"allow":["GET"]}}],"collection":[{"href":"https:\/\/blogs.thesocialmedia.com\/leblogmoto\/wp-json\/wp\/v2\/posts"}],"about":[{"href":"https:\/\/blogs.thesocialmedia.com\/leblogmoto\/wp-json\/wp\/v2\/types\/post"}],"author":[{"embeddable":true,"href":"https:\/\/blogs.thesocialmedia.com\/leblogmoto\/wp-json\/wp\/v2\/users\/324"}],"replies":[{"embeddable":true,"href":"https:\/\/blogs.thesocialmedia.com\/leblogmoto\/wp-json\/wp\/v2\/comments?post=101"}],"version-history":[{"count":2,"href":"https:\/\/blogs.thesocialmedia.com\/leblogmoto\/wp-json\/wp\/v2\/posts\/101\/revisions"}],"predecessor-version":[{"id":13867,"href":"https:\/\/blogs.thesocialmedia.com\/leblogmoto\/wp-json\/wp\/v2\/posts\/101\/revisions\/13867"}],"wp:featuredmedia":[{"embeddable":true,"href":"https:\/\/blogs.thesocialmedia.com\/leblogmoto\/wp-json\/wp\/v2\/media\/13844"}],"wp:attachment":[{"href":"https:\/\/blogs.thesocialmedia.com\/leblogmoto\/wp-json\/wp\/v2\/media?parent=101"}],"wp:term":[{"taxonomy":"category","embeddable":true,"href":"https:\/\/blogs.thesocialmedia.com\/leblogmoto\/wp-json\/wp\/v2\/categories?post=101"},{"taxonomy":"post_tag","embeddable":true,"href":"https:\/\/blogs.thesocialmedia.com\/leblogmoto\/wp-json\/wp\/v2\/tags?post=101"}],"curies":[{"name":"wp","href":"https:\/\/api.w.org\/{rel}","templated":true}]}}