{"id":1010,"date":"2007-12-20T07:45:55","date_gmt":"2007-12-20T07:45:55","guid":{"rendered":"http:\/\/blogs.thesocialmedia.com\/leblogmoto\/2007\/12\/20\/recherche-de-la\/"},"modified":"2012-07-11T15:05:58","modified_gmt":"2012-07-11T15:05:58","slug":"recherche-de-la","status":"publish","type":"post","link":"https:\/\/blogs.thesocialmedia.com\/leblogmoto\/2007\/12\/20\/recherche-de-la\/","title":{"rendered":"Rollie Free, 1948. La position a\u00e9rodynamique id\u00e9ale."},"content":{"rendered":"<p><a href=\"http:\/\/blogs.thesocialmedia.com\/leblogmoto\/files\/2012\/07\/moto_pilotes_rollie_free.jpg\"><img loading=\"lazy\" decoding=\"async\" width=\"470\" height=\"368\"  src=\"http:\/\/www.leblogmoto.com\/images\/2007\/12\/19\/moto_pilotes_rollie_free.jpg\" alt=\"Moto_pilotes_rollie_free\" \/><\/a> <\/p>\n<p>A mon entourage qui s&rsquo;int\u00e9resse un peu aux deux-roues (ou qui fait mine), j&rsquo;ai coutume de d\u00e9crire <a href=\"http:\/\/fr.wikipedia.org\/wiki\/Jarno_Saarinen\">Jarno Saarinen<\/a> comme le Fosbury de la moto. Le premier \u00e0 avoir pos\u00e9 ses &quot;demi-cannes&quot; sur la piste m&rsquo;a toujours fait penser \u00e0 l&rsquo;athl\u00e8te am\u00e9ricain, quand ce dernier \u00e9crasa tous les concours de saut en hauteur gr\u00e2ce \u00e0 son passage de barre sur le dos, style de franchissement r\u00e9volutionnaire \u00e0 l&rsquo;\u00e9poque. Je crois alors que Free peut \u00eatre compar\u00e9 \u00e0 Vuarnet, skieur auteur de &quot;l&rsquo;oeuf&quot; \u00e9ponyme. <\/p>\n<p><a href=\"http:\/\/clabedan.typepad.com\/.shared\/image.html?\/photos\/uncategorized\/2007\/12\/19\/ski_jean_vuarnet_et_sa_position_de_.jpg\"><img loading=\"lazy\" decoding=\"async\" width=\"180\" height=\"130\"  alt=\"Ski_jean_vuarnet_et_sa_position_de_\" src=\"http:\/\/www.leblogmoto.com\/images\/2007\/12\/19\/ski_jean_vuarnet_et_sa_position_de_.jpg\" style=\"margin: 0px 5px 5px 0px;float: left\" \/><\/a> L&rsquo;oeuf de Vuarnet est cette position tr\u00e8s ramass\u00e9e, invent\u00e9e par Jean V., ici en photo, qu&rsquo;adoptent tous les skieurs de descente et aussi de KL (kilom\u00e8tre lanc\u00e9) avec des variantes, car elle offre le meilleur Cx, coefficient de tra\u00een\u00e9e.<\/p>\n<p>Et c&rsquo;est cette recherche de la meilleure p\u00e9n\u00e9tration dans l&rsquo;air qui conduisit Free \u00e0 la photo ci-dessus. <\/p>\n<p>L&rsquo;histoire dit que, initialement, ce revendeur d&rsquo;Indian (la marque am\u00e9ricaine c\u00e9l\u00e8bre pour ses cruisers aux garde-boues jupes, une entreprise en pleine renaissance \u00e0 l&rsquo;heure actuelle) portait son ensemble en cuir qui l&#8217;emp\u00eachait d&rsquo;aller au del\u00e0 d&rsquo;un d\u00e9j\u00e0 fort honorable 147 mph (miles per hour), soit 236,6 de nos kilom\u00e8tres\/heure.<\/p>\n<p>Il prit l&rsquo;initiative (g\u00e9niale) et le risque (certain en cas de chute, mais calcul\u00e9) de s&rsquo;en d\u00e9barrasser, et de ne se v\u00eatir que d&rsquo;un bonnet de bain, d&rsquo;un maillot, de bain \u00e9galement, ainsi que d&rsquo;une paire de tennis. Ce qui lui permit d&rsquo;atteindre les 150,313 mph ou 241,9 km\/h, sur le c\u00e9l\u00e9brissime lac sal\u00e9 de Bonneville dans l&rsquo;Utah. <\/p>\n<p>Soit le &quot;Go your own way&quot;, slogan de Triumph conjugu\u00e9 au &quot;Think different&quot; d&rsquo;Apple (oui, j&rsquo;ai os\u00e9). Rollie Free \u00e9tablissait un nouveau record du monde de vitesse, c&rsquo;\u00e9tait il y a bient\u00f4t soixante ans, et c&rsquo;\u00e9tait sur une <a href=\"http:\/\/fr.wikipedia.org\/wiki\/Vincent_%28moto%29\">Vincent<\/a> HRD Black Lightning.<\/p>\n<p><em>cr\u00e9dit photos: Wikipedia et Encyclop\u00e9die Universalis.<\/em><\/p>\n","protected":false},"excerpt":{"rendered":"<p>A mon entourage qui s&rsquo;int\u00e9resse un peu aux deux-roues (ou qui fait mine), j&rsquo;ai coutume de d\u00e9crire Jarno Saarinen comme le Fosbury de la moto. Le premier \u00e0 avoir pos\u00e9 ses &quot;demi-cannes&quot; sur la piste m&rsquo;a toujours fait penser \u00e0 l&rsquo;athl\u00e8te am\u00e9ricain, quand ce dernier \u00e9crasa tous les concours de saut en hauteur gr\u00e2ce \u00e0 [&hellip;]<\/p>\n","protected":false},"author":324,"featured_media":0,"comment_status":"open","ping_status":"open","sticky":false,"template":"","format":"standard","meta":{"footnotes":""},"categories":[16,8,9],"tags":[],"class_list":["post-1010","post","type-post","status-publish","format-standard","hentry","category-art-moto","category-chaines-et-cuirs","category-historique"],"yoast_head":"<!-- This site is optimized with the Yoast SEO plugin v26.0 - https:\/\/yoast.com\/wordpress\/plugins\/seo\/ -->\n<title>Rollie Free, 1948. La position a\u00e9rodynamique id\u00e9ale. - leblogmoto.com<\/title>\n<meta name=\"robots\" content=\"index, follow, max-snippet:-1, max-image-preview:large, max-video-preview:-1\" \/>\n<link rel=\"canonical\" href=\"https:\/\/blogs.thesocialmedia.com\/leblogmoto\/2007\/12\/20\/recherche-de-la\/\" \/>\n<meta name=\"twitter:card\" content=\"summary_large_image\" \/>\n<meta name=\"twitter:title\" content=\"Rollie Free, 1948. La position a\u00e9rodynamique id\u00e9ale. - leblogmoto.com\" \/>\n<meta name=\"twitter:description\" content=\"A mon entourage qui s&rsquo;int\u00e9resse un peu aux deux-roues (ou qui fait mine), j&rsquo;ai coutume de d\u00e9crire Jarno Saarinen comme le Fosbury de la moto. Le premier \u00e0 avoir pos\u00e9 ses &quot;demi-cannes&quot; sur la piste m&rsquo;a toujours fait penser \u00e0 l&rsquo;athl\u00e8te am\u00e9ricain, quand ce dernier \u00e9crasa tous les concours de saut en hauteur gr\u00e2ce \u00e0 [&hellip;]\" \/>\n<meta name=\"twitter:image\" content=\"http:\/\/www.leblogmoto.com\/images\/2007\/12\/19\/moto_pilotes_rollie_free.jpg\" \/>\n<meta name=\"twitter:label1\" content=\"\u00c9crit par\" \/>\n\t<meta name=\"twitter:data1\" content=\"benoit rieu\" \/>\n\t<meta name=\"twitter:label2\" content=\"Dur\u00e9e de lecture estim\u00e9e\" \/>\n\t<meta name=\"twitter:data2\" content=\"2 minutes\" \/>\n<script type=\"application\/ld+json\" class=\"yoast-schema-graph\">{\"@context\":\"https:\/\/schema.org\",\"@graph\":[{\"@type\":\"WebPage\",\"@id\":\"https:\/\/blogs.thesocialmedia.com\/leblogmoto\/2007\/12\/20\/recherche-de-la\/\",\"url\":\"https:\/\/blogs.thesocialmedia.com\/leblogmoto\/2007\/12\/20\/recherche-de-la\/\",\"name\":\"Rollie Free, 1948. La position a\u00e9rodynamique id\u00e9ale. - leblogmoto.com\",\"isPartOf\":{\"@id\":\"https:\/\/blogs.thesocialmedia.com\/leblogmoto\/#website\"},\"primaryImageOfPage\":{\"@id\":\"https:\/\/blogs.thesocialmedia.com\/leblogmoto\/2007\/12\/20\/recherche-de-la\/#primaryimage\"},\"image\":{\"@id\":\"https:\/\/blogs.thesocialmedia.com\/leblogmoto\/2007\/12\/20\/recherche-de-la\/#primaryimage\"},\"thumbnailUrl\":\"http:\/\/www.leblogmoto.com\/images\/2007\/12\/19\/moto_pilotes_rollie_free.jpg\",\"datePublished\":\"2007-12-20T07:45:55+00:00\",\"dateModified\":\"2012-07-11T15:05:58+00:00\",\"author\":{\"@id\":\"https:\/\/blogs.thesocialmedia.com\/leblogmoto\/#\/schema\/person\/18bfe773e5725ed6d24f743da805362a\"},\"breadcrumb\":{\"@id\":\"https:\/\/blogs.thesocialmedia.com\/leblogmoto\/2007\/12\/20\/recherche-de-la\/#breadcrumb\"},\"inLanguage\":\"fr-FR\",\"potentialAction\":[{\"@type\":\"ReadAction\",\"target\":[\"https:\/\/blogs.thesocialmedia.com\/leblogmoto\/2007\/12\/20\/recherche-de-la\/\"]}]},{\"@type\":\"ImageObject\",\"inLanguage\":\"fr-FR\",\"@id\":\"https:\/\/blogs.thesocialmedia.com\/leblogmoto\/2007\/12\/20\/recherche-de-la\/#primaryimage\",\"url\":\"http:\/\/www.leblogmoto.com\/images\/2007\/12\/19\/moto_pilotes_rollie_free.jpg\",\"contentUrl\":\"http:\/\/www.leblogmoto.com\/images\/2007\/12\/19\/moto_pilotes_rollie_free.jpg\"},{\"@type\":\"BreadcrumbList\",\"@id\":\"https:\/\/blogs.thesocialmedia.com\/leblogmoto\/2007\/12\/20\/recherche-de-la\/#breadcrumb\",\"itemListElement\":[{\"@type\":\"ListItem\",\"position\":1,\"name\":\"Accueil\",\"item\":\"https:\/\/blogs.thesocialmedia.com\/leblogmoto\/\"},{\"@type\":\"ListItem\",\"position\":2,\"name\":\"Rollie Free, 1948. La position a\u00e9rodynamique id\u00e9ale.\"}]},{\"@type\":\"WebSite\",\"@id\":\"https:\/\/blogs.thesocialmedia.com\/leblogmoto\/#website\",\"url\":\"https:\/\/blogs.thesocialmedia.com\/leblogmoto\/\",\"name\":\"leblogmoto\",\"description\":\"Toute l&#039;actualit\u00e9 des 2 roues\",\"potentialAction\":[{\"@type\":\"SearchAction\",\"target\":{\"@type\":\"EntryPoint\",\"urlTemplate\":\"https:\/\/blogs.thesocialmedia.com\/leblogmoto\/?s={search_term_string}\"},\"query-input\":{\"@type\":\"PropertyValueSpecification\",\"valueRequired\":true,\"valueName\":\"search_term_string\"}}],\"inLanguage\":\"fr-FR\"},{\"@type\":\"Person\",\"@id\":\"https:\/\/blogs.thesocialmedia.com\/leblogmoto\/#\/schema\/person\/18bfe773e5725ed6d24f743da805362a\",\"name\":\"benoit rieu\",\"image\":{\"@type\":\"ImageObject\",\"inLanguage\":\"fr-FR\",\"@id\":\"https:\/\/blogs.thesocialmedia.com\/leblogmoto\/#\/schema\/person\/image\/\",\"url\":\"https:\/\/secure.gravatar.com\/avatar\/?s=96&d=mm&r=g\",\"contentUrl\":\"https:\/\/secure.gravatar.com\/avatar\/?s=96&d=mm&r=g\",\"caption\":\"benoit rieu\"},\"url\":\"https:\/\/blogs.thesocialmedia.com\/leblogmoto\/author\/benoit-rieu\/\"}]}<\/script>\n<!-- \/ Yoast SEO plugin. -->","yoast_head_json":{"title":"Rollie Free, 1948. La position a\u00e9rodynamique id\u00e9ale. - leblogmoto.com","robots":{"index":"index","follow":"follow","max-snippet":"max-snippet:-1","max-image-preview":"max-image-preview:large","max-video-preview":"max-video-preview:-1"},"canonical":"https:\/\/blogs.thesocialmedia.com\/leblogmoto\/2007\/12\/20\/recherche-de-la\/","twitter_card":"summary_large_image","twitter_title":"Rollie Free, 1948. La position a\u00e9rodynamique id\u00e9ale. - leblogmoto.com","twitter_description":"A mon entourage qui s&rsquo;int\u00e9resse un peu aux deux-roues (ou qui fait mine), j&rsquo;ai coutume de d\u00e9crire Jarno Saarinen comme le Fosbury de la moto. Le premier \u00e0 avoir pos\u00e9 ses &quot;demi-cannes&quot; sur la piste m&rsquo;a toujours fait penser \u00e0 l&rsquo;athl\u00e8te am\u00e9ricain, quand ce dernier \u00e9crasa tous les concours de saut en hauteur gr\u00e2ce \u00e0 [&hellip;]","twitter_image":"http:\/\/www.leblogmoto.com\/images\/2007\/12\/19\/moto_pilotes_rollie_free.jpg","twitter_misc":{"\u00c9crit par":"benoit rieu","Dur\u00e9e de lecture estim\u00e9e":"2 minutes"},"schema":{"@context":"https:\/\/schema.org","@graph":[{"@type":"WebPage","@id":"https:\/\/blogs.thesocialmedia.com\/leblogmoto\/2007\/12\/20\/recherche-de-la\/","url":"https:\/\/blogs.thesocialmedia.com\/leblogmoto\/2007\/12\/20\/recherche-de-la\/","name":"Rollie Free, 1948. La position a\u00e9rodynamique id\u00e9ale. - leblogmoto.com","isPartOf":{"@id":"https:\/\/blogs.thesocialmedia.com\/leblogmoto\/#website"},"primaryImageOfPage":{"@id":"https:\/\/blogs.thesocialmedia.com\/leblogmoto\/2007\/12\/20\/recherche-de-la\/#primaryimage"},"image":{"@id":"https:\/\/blogs.thesocialmedia.com\/leblogmoto\/2007\/12\/20\/recherche-de-la\/#primaryimage"},"thumbnailUrl":"http:\/\/www.leblogmoto.com\/images\/2007\/12\/19\/moto_pilotes_rollie_free.jpg","datePublished":"2007-12-20T07:45:55+00:00","dateModified":"2012-07-11T15:05:58+00:00","author":{"@id":"https:\/\/blogs.thesocialmedia.com\/leblogmoto\/#\/schema\/person\/18bfe773e5725ed6d24f743da805362a"},"breadcrumb":{"@id":"https:\/\/blogs.thesocialmedia.com\/leblogmoto\/2007\/12\/20\/recherche-de-la\/#breadcrumb"},"inLanguage":"fr-FR","potentialAction":[{"@type":"ReadAction","target":["https:\/\/blogs.thesocialmedia.com\/leblogmoto\/2007\/12\/20\/recherche-de-la\/"]}]},{"@type":"ImageObject","inLanguage":"fr-FR","@id":"https:\/\/blogs.thesocialmedia.com\/leblogmoto\/2007\/12\/20\/recherche-de-la\/#primaryimage","url":"http:\/\/www.leblogmoto.com\/images\/2007\/12\/19\/moto_pilotes_rollie_free.jpg","contentUrl":"http:\/\/www.leblogmoto.com\/images\/2007\/12\/19\/moto_pilotes_rollie_free.jpg"},{"@type":"BreadcrumbList","@id":"https:\/\/blogs.thesocialmedia.com\/leblogmoto\/2007\/12\/20\/recherche-de-la\/#breadcrumb","itemListElement":[{"@type":"ListItem","position":1,"name":"Accueil","item":"https:\/\/blogs.thesocialmedia.com\/leblogmoto\/"},{"@type":"ListItem","position":2,"name":"Rollie Free, 1948. La position a\u00e9rodynamique id\u00e9ale."}]},{"@type":"WebSite","@id":"https:\/\/blogs.thesocialmedia.com\/leblogmoto\/#website","url":"https:\/\/blogs.thesocialmedia.com\/leblogmoto\/","name":"leblogmoto","description":"Toute l&#039;actualit\u00e9 des 2 roues","potentialAction":[{"@type":"SearchAction","target":{"@type":"EntryPoint","urlTemplate":"https:\/\/blogs.thesocialmedia.com\/leblogmoto\/?s={search_term_string}"},"query-input":{"@type":"PropertyValueSpecification","valueRequired":true,"valueName":"search_term_string"}}],"inLanguage":"fr-FR"},{"@type":"Person","@id":"https:\/\/blogs.thesocialmedia.com\/leblogmoto\/#\/schema\/person\/18bfe773e5725ed6d24f743da805362a","name":"benoit rieu","image":{"@type":"ImageObject","inLanguage":"fr-FR","@id":"https:\/\/blogs.thesocialmedia.com\/leblogmoto\/#\/schema\/person\/image\/","url":"https:\/\/secure.gravatar.com\/avatar\/?s=96&d=mm&r=g","contentUrl":"https:\/\/secure.gravatar.com\/avatar\/?s=96&d=mm&r=g","caption":"benoit rieu"},"url":"https:\/\/blogs.thesocialmedia.com\/leblogmoto\/author\/benoit-rieu\/"}]}},"_links":{"self":[{"href":"https:\/\/blogs.thesocialmedia.com\/leblogmoto\/wp-json\/wp\/v2\/posts\/1010","targetHints":{"allow":["GET"]}}],"collection":[{"href":"https:\/\/blogs.thesocialmedia.com\/leblogmoto\/wp-json\/wp\/v2\/posts"}],"about":[{"href":"https:\/\/blogs.thesocialmedia.com\/leblogmoto\/wp-json\/wp\/v2\/types\/post"}],"author":[{"embeddable":true,"href":"https:\/\/blogs.thesocialmedia.com\/leblogmoto\/wp-json\/wp\/v2\/users\/324"}],"replies":[{"embeddable":true,"href":"https:\/\/blogs.thesocialmedia.com\/leblogmoto\/wp-json\/wp\/v2\/comments?post=1010"}],"version-history":[{"count":2,"href":"https:\/\/blogs.thesocialmedia.com\/leblogmoto\/wp-json\/wp\/v2\/posts\/1010\/revisions"}],"predecessor-version":[{"id":9471,"href":"https:\/\/blogs.thesocialmedia.com\/leblogmoto\/wp-json\/wp\/v2\/posts\/1010\/revisions\/9471"}],"wp:attachment":[{"href":"https:\/\/blogs.thesocialmedia.com\/leblogmoto\/wp-json\/wp\/v2\/media?parent=1010"}],"wp:term":[{"taxonomy":"category","embeddable":true,"href":"https:\/\/blogs.thesocialmedia.com\/leblogmoto\/wp-json\/wp\/v2\/categories?post=1010"},{"taxonomy":"post_tag","embeddable":true,"href":"https:\/\/blogs.thesocialmedia.com\/leblogmoto\/wp-json\/wp\/v2\/tags?post=1010"}],"curies":[{"name":"wp","href":"https:\/\/api.w.org\/{rel}","templated":true}]}}