{"id":1014,"date":"2007-12-18T05:12:03","date_gmt":"2007-12-18T05:12:03","guid":{"rendered":"http:\/\/blogs.thesocialmedia.com\/leblogmoto\/2007\/12\/18\/votre-droit-de\/"},"modified":"2012-07-11T15:05:29","modified_gmt":"2012-07-11T15:05:29","slug":"votre-droit-de","status":"publish","type":"post","link":"https:\/\/blogs.thesocialmedia.com\/leblogmoto\/2007\/12\/18\/votre-droit-de\/","title":{"rendered":"Votre droit de vote. La moto de l&rsquo;ann\u00e9e"},"content":{"rendered":"<p><a href=\"http:\/\/blogs.thesocialmedia.com\/leblogmoto\/files\/2012\/07\/iboty.jpg\"><img loading=\"lazy\" decoding=\"async\" width=\"250\" height=\"185\"  src=\"http:\/\/www.leblogmoto.com\/images\/2007\/12\/17\/iboty.jpg\" alt=\"Iboty\" style=\"margin: 0px 5px 5px 0px;float: left\" \/><\/a> Depuis 20 ans, les journalistes de la presse \u00e9crite motos sont invit\u00e9s \u00e0 choisir parmi les motos essay\u00e9es celles qui ressortent du lot. Les votes sont compil\u00e9s puis la gagnante c\u00e9l\u00e9br\u00e9e. Mais maintenant, vous avez la chance d&rsquo;ajouter votre grain de sel, car un prix du public a \u00e9t\u00e9 instaur\u00e9. Il suffit de se rendre sur le <a href=\"http:\/\/www.iboty.com\/\">site de la chose<\/a>, ne pas \u00eatre trop tatillons sur leur fa\u00e7on de g\u00e9rer les langues, puis de choisir dans un menu d\u00e9roulant ses trois coups de coeur de l&rsquo;ann\u00e9e.<br \/>Et, dans un esprit de transparence et d&rsquo;impartialit\u00e9 qui m&rsquo;honore, je me retiens d&rsquo;\u00e9noncer ici mes choix, mais j&rsquo;invite les curieux \u00e0 faire le d\u00e9tour par <a href=\"http:\/\/www.chacoura.net\/2007\/08\/13\/lepouse-la-maitresse-et-laventure-exotique\/\">ici<\/a>, o\u00f9 il y a 4 mois, je ne faisais rien d&rsquo;autre que ce dont il est question.<br \/>Voil\u00e0, allez faire votre devoir de bon citoyen motard, votez, puis revenez nous dire vos choix dans les commentaires.<\/p>\n","protected":false},"excerpt":{"rendered":"<p>Depuis 20 ans, les journalistes de la presse \u00e9crite motos sont invit\u00e9s \u00e0 choisir parmi les motos essay\u00e9es celles qui ressortent du lot. Les votes sont compil\u00e9s puis la gagnante c\u00e9l\u00e9br\u00e9e. Mais maintenant, vous avez la chance d&rsquo;ajouter votre grain de sel, car un prix du public a \u00e9t\u00e9 instaur\u00e9. Il suffit de se rendre [&hellip;]<\/p>\n","protected":false},"author":325,"featured_media":0,"comment_status":"open","ping_status":"open","sticky":false,"template":"","format":"standard","meta":{"footnotes":""},"categories":[3,37],"tags":[],"class_list":["post-1014","post","type-post","status-publish","format-standard","hentry","category-actualite","category-essais"],"yoast_head":"<!-- This site is optimized with the Yoast SEO plugin v26.0 - https:\/\/yoast.com\/wordpress\/plugins\/seo\/ -->\n<title>Votre droit de vote. La moto de l&#039;ann\u00e9e - leblogmoto.com<\/title>\n<meta name=\"robots\" content=\"index, follow, max-snippet:-1, max-image-preview:large, max-video-preview:-1\" \/>\n<link rel=\"canonical\" href=\"https:\/\/blogs.thesocialmedia.com\/leblogmoto\/2007\/12\/18\/votre-droit-de\/\" \/>\n<meta name=\"twitter:card\" content=\"summary_large_image\" \/>\n<meta name=\"twitter:title\" content=\"Votre droit de vote. La moto de l&#039;ann\u00e9e - leblogmoto.com\" \/>\n<meta name=\"twitter:description\" content=\"Depuis 20 ans, les journalistes de la presse \u00e9crite motos sont invit\u00e9s \u00e0 choisir parmi les motos essay\u00e9es celles qui ressortent du lot. Les votes sont compil\u00e9s puis la gagnante c\u00e9l\u00e9br\u00e9e. Mais maintenant, vous avez la chance d&rsquo;ajouter votre grain de sel, car un prix du public a \u00e9t\u00e9 instaur\u00e9. Il suffit de se rendre [&hellip;]\" \/>\n<meta name=\"twitter:image\" content=\"http:\/\/www.leblogmoto.com\/images\/2007\/12\/17\/iboty.jpg\" \/>\n<meta name=\"twitter:label1\" content=\"\u00c9crit par\" \/>\n\t<meta name=\"twitter:data1\" content=\"jacques lesage\" \/>\n\t<meta name=\"twitter:label2\" content=\"Dur\u00e9e de lecture estim\u00e9e\" \/>\n\t<meta name=\"twitter:data2\" content=\"1 minute\" \/>\n<script type=\"application\/ld+json\" class=\"yoast-schema-graph\">{\"@context\":\"https:\/\/schema.org\",\"@graph\":[{\"@type\":\"WebPage\",\"@id\":\"https:\/\/blogs.thesocialmedia.com\/leblogmoto\/2007\/12\/18\/votre-droit-de\/\",\"url\":\"https:\/\/blogs.thesocialmedia.com\/leblogmoto\/2007\/12\/18\/votre-droit-de\/\",\"name\":\"Votre droit de vote. La moto de l'ann\u00e9e - leblogmoto.com\",\"isPartOf\":{\"@id\":\"https:\/\/blogs.thesocialmedia.com\/leblogmoto\/#website\"},\"primaryImageOfPage\":{\"@id\":\"https:\/\/blogs.thesocialmedia.com\/leblogmoto\/2007\/12\/18\/votre-droit-de\/#primaryimage\"},\"image\":{\"@id\":\"https:\/\/blogs.thesocialmedia.com\/leblogmoto\/2007\/12\/18\/votre-droit-de\/#primaryimage\"},\"thumbnailUrl\":\"http:\/\/www.leblogmoto.com\/images\/2007\/12\/17\/iboty.jpg\",\"datePublished\":\"2007-12-18T05:12:03+00:00\",\"dateModified\":\"2012-07-11T15:05:29+00:00\",\"author\":{\"@id\":\"https:\/\/blogs.thesocialmedia.com\/leblogmoto\/#\/schema\/person\/e82a0ca8a9a63d031586097a3ed58526\"},\"breadcrumb\":{\"@id\":\"https:\/\/blogs.thesocialmedia.com\/leblogmoto\/2007\/12\/18\/votre-droit-de\/#breadcrumb\"},\"inLanguage\":\"fr-FR\",\"potentialAction\":[{\"@type\":\"ReadAction\",\"target\":[\"https:\/\/blogs.thesocialmedia.com\/leblogmoto\/2007\/12\/18\/votre-droit-de\/\"]}]},{\"@type\":\"ImageObject\",\"inLanguage\":\"fr-FR\",\"@id\":\"https:\/\/blogs.thesocialmedia.com\/leblogmoto\/2007\/12\/18\/votre-droit-de\/#primaryimage\",\"url\":\"http:\/\/www.leblogmoto.com\/images\/2007\/12\/17\/iboty.jpg\",\"contentUrl\":\"http:\/\/www.leblogmoto.com\/images\/2007\/12\/17\/iboty.jpg\"},{\"@type\":\"BreadcrumbList\",\"@id\":\"https:\/\/blogs.thesocialmedia.com\/leblogmoto\/2007\/12\/18\/votre-droit-de\/#breadcrumb\",\"itemListElement\":[{\"@type\":\"ListItem\",\"position\":1,\"name\":\"Accueil\",\"item\":\"https:\/\/blogs.thesocialmedia.com\/leblogmoto\/\"},{\"@type\":\"ListItem\",\"position\":2,\"name\":\"Votre droit de vote. La moto de l&rsquo;ann\u00e9e\"}]},{\"@type\":\"WebSite\",\"@id\":\"https:\/\/blogs.thesocialmedia.com\/leblogmoto\/#website\",\"url\":\"https:\/\/blogs.thesocialmedia.com\/leblogmoto\/\",\"name\":\"leblogmoto\",\"description\":\"Toute l&#039;actualit\u00e9 des 2 roues\",\"potentialAction\":[{\"@type\":\"SearchAction\",\"target\":{\"@type\":\"EntryPoint\",\"urlTemplate\":\"https:\/\/blogs.thesocialmedia.com\/leblogmoto\/?s={search_term_string}\"},\"query-input\":{\"@type\":\"PropertyValueSpecification\",\"valueRequired\":true,\"valueName\":\"search_term_string\"}}],\"inLanguage\":\"fr-FR\"},{\"@type\":\"Person\",\"@id\":\"https:\/\/blogs.thesocialmedia.com\/leblogmoto\/#\/schema\/person\/e82a0ca8a9a63d031586097a3ed58526\",\"name\":\"jacques lesage\",\"image\":{\"@type\":\"ImageObject\",\"inLanguage\":\"fr-FR\",\"@id\":\"https:\/\/blogs.thesocialmedia.com\/leblogmoto\/#\/schema\/person\/image\/\",\"url\":\"https:\/\/secure.gravatar.com\/avatar\/?s=96&d=mm&r=g\",\"contentUrl\":\"https:\/\/secure.gravatar.com\/avatar\/?s=96&d=mm&r=g\",\"caption\":\"jacques lesage\"},\"url\":\"https:\/\/blogs.thesocialmedia.com\/leblogmoto\/author\/jacques-lesage\/\"}]}<\/script>\n<!-- \/ Yoast SEO plugin. -->","yoast_head_json":{"title":"Votre droit de vote. La moto de l'ann\u00e9e - leblogmoto.com","robots":{"index":"index","follow":"follow","max-snippet":"max-snippet:-1","max-image-preview":"max-image-preview:large","max-video-preview":"max-video-preview:-1"},"canonical":"https:\/\/blogs.thesocialmedia.com\/leblogmoto\/2007\/12\/18\/votre-droit-de\/","twitter_card":"summary_large_image","twitter_title":"Votre droit de vote. La moto de l'ann\u00e9e - leblogmoto.com","twitter_description":"Depuis 20 ans, les journalistes de la presse \u00e9crite motos sont invit\u00e9s \u00e0 choisir parmi les motos essay\u00e9es celles qui ressortent du lot. Les votes sont compil\u00e9s puis la gagnante c\u00e9l\u00e9br\u00e9e. Mais maintenant, vous avez la chance d&rsquo;ajouter votre grain de sel, car un prix du public a \u00e9t\u00e9 instaur\u00e9. Il suffit de se rendre [&hellip;]","twitter_image":"http:\/\/www.leblogmoto.com\/images\/2007\/12\/17\/iboty.jpg","twitter_misc":{"\u00c9crit par":"jacques lesage","Dur\u00e9e de lecture estim\u00e9e":"1 minute"},"schema":{"@context":"https:\/\/schema.org","@graph":[{"@type":"WebPage","@id":"https:\/\/blogs.thesocialmedia.com\/leblogmoto\/2007\/12\/18\/votre-droit-de\/","url":"https:\/\/blogs.thesocialmedia.com\/leblogmoto\/2007\/12\/18\/votre-droit-de\/","name":"Votre droit de vote. La moto de l'ann\u00e9e - leblogmoto.com","isPartOf":{"@id":"https:\/\/blogs.thesocialmedia.com\/leblogmoto\/#website"},"primaryImageOfPage":{"@id":"https:\/\/blogs.thesocialmedia.com\/leblogmoto\/2007\/12\/18\/votre-droit-de\/#primaryimage"},"image":{"@id":"https:\/\/blogs.thesocialmedia.com\/leblogmoto\/2007\/12\/18\/votre-droit-de\/#primaryimage"},"thumbnailUrl":"http:\/\/www.leblogmoto.com\/images\/2007\/12\/17\/iboty.jpg","datePublished":"2007-12-18T05:12:03+00:00","dateModified":"2012-07-11T15:05:29+00:00","author":{"@id":"https:\/\/blogs.thesocialmedia.com\/leblogmoto\/#\/schema\/person\/e82a0ca8a9a63d031586097a3ed58526"},"breadcrumb":{"@id":"https:\/\/blogs.thesocialmedia.com\/leblogmoto\/2007\/12\/18\/votre-droit-de\/#breadcrumb"},"inLanguage":"fr-FR","potentialAction":[{"@type":"ReadAction","target":["https:\/\/blogs.thesocialmedia.com\/leblogmoto\/2007\/12\/18\/votre-droit-de\/"]}]},{"@type":"ImageObject","inLanguage":"fr-FR","@id":"https:\/\/blogs.thesocialmedia.com\/leblogmoto\/2007\/12\/18\/votre-droit-de\/#primaryimage","url":"http:\/\/www.leblogmoto.com\/images\/2007\/12\/17\/iboty.jpg","contentUrl":"http:\/\/www.leblogmoto.com\/images\/2007\/12\/17\/iboty.jpg"},{"@type":"BreadcrumbList","@id":"https:\/\/blogs.thesocialmedia.com\/leblogmoto\/2007\/12\/18\/votre-droit-de\/#breadcrumb","itemListElement":[{"@type":"ListItem","position":1,"name":"Accueil","item":"https:\/\/blogs.thesocialmedia.com\/leblogmoto\/"},{"@type":"ListItem","position":2,"name":"Votre droit de vote. La moto de l&rsquo;ann\u00e9e"}]},{"@type":"WebSite","@id":"https:\/\/blogs.thesocialmedia.com\/leblogmoto\/#website","url":"https:\/\/blogs.thesocialmedia.com\/leblogmoto\/","name":"leblogmoto","description":"Toute l&#039;actualit\u00e9 des 2 roues","potentialAction":[{"@type":"SearchAction","target":{"@type":"EntryPoint","urlTemplate":"https:\/\/blogs.thesocialmedia.com\/leblogmoto\/?s={search_term_string}"},"query-input":{"@type":"PropertyValueSpecification","valueRequired":true,"valueName":"search_term_string"}}],"inLanguage":"fr-FR"},{"@type":"Person","@id":"https:\/\/blogs.thesocialmedia.com\/leblogmoto\/#\/schema\/person\/e82a0ca8a9a63d031586097a3ed58526","name":"jacques lesage","image":{"@type":"ImageObject","inLanguage":"fr-FR","@id":"https:\/\/blogs.thesocialmedia.com\/leblogmoto\/#\/schema\/person\/image\/","url":"https:\/\/secure.gravatar.com\/avatar\/?s=96&d=mm&r=g","contentUrl":"https:\/\/secure.gravatar.com\/avatar\/?s=96&d=mm&r=g","caption":"jacques lesage"},"url":"https:\/\/blogs.thesocialmedia.com\/leblogmoto\/author\/jacques-lesage\/"}]}},"_links":{"self":[{"href":"https:\/\/blogs.thesocialmedia.com\/leblogmoto\/wp-json\/wp\/v2\/posts\/1014","targetHints":{"allow":["GET"]}}],"collection":[{"href":"https:\/\/blogs.thesocialmedia.com\/leblogmoto\/wp-json\/wp\/v2\/posts"}],"about":[{"href":"https:\/\/blogs.thesocialmedia.com\/leblogmoto\/wp-json\/wp\/v2\/types\/post"}],"author":[{"embeddable":true,"href":"https:\/\/blogs.thesocialmedia.com\/leblogmoto\/wp-json\/wp\/v2\/users\/325"}],"replies":[{"embeddable":true,"href":"https:\/\/blogs.thesocialmedia.com\/leblogmoto\/wp-json\/wp\/v2\/comments?post=1014"}],"version-history":[{"count":2,"href":"https:\/\/blogs.thesocialmedia.com\/leblogmoto\/wp-json\/wp\/v2\/posts\/1014\/revisions"}],"predecessor-version":[{"id":9457,"href":"https:\/\/blogs.thesocialmedia.com\/leblogmoto\/wp-json\/wp\/v2\/posts\/1014\/revisions\/9457"}],"wp:attachment":[{"href":"https:\/\/blogs.thesocialmedia.com\/leblogmoto\/wp-json\/wp\/v2\/media?parent=1014"}],"wp:term":[{"taxonomy":"category","embeddable":true,"href":"https:\/\/blogs.thesocialmedia.com\/leblogmoto\/wp-json\/wp\/v2\/categories?post=1014"},{"taxonomy":"post_tag","embeddable":true,"href":"https:\/\/blogs.thesocialmedia.com\/leblogmoto\/wp-json\/wp\/v2\/tags?post=1014"}],"curies":[{"name":"wp","href":"https:\/\/api.w.org\/{rel}","templated":true}]}}