{"id":1015,"date":"2007-12-16T19:20:36","date_gmt":"2007-12-16T19:20:36","guid":{"rendered":"http:\/\/blogs.thesocialmedia.com\/leblogmoto\/2007\/12\/16\/port-du-casque\/"},"modified":"2012-07-11T15:05:28","modified_gmt":"2012-07-11T15:05:28","slug":"port-du-casque","status":"publish","type":"post","link":"https:\/\/blogs.thesocialmedia.com\/leblogmoto\/2007\/12\/16\/port-du-casque\/","title":{"rendered":"Port du casque obligatoire au Vietnam"},"content":{"rendered":"<p><a href=\"http:\/\/blogs.thesocialmedia.com\/leblogmoto\/files\/2012\/07\/07vietnam.jpg\"><img loading=\"lazy\" decoding=\"async\" width=\"470\" height=\"219\"  src=\"http:\/\/www.leblogmoto.com\/images\/2007\/12\/16\/07vietnam.jpg\" alt=\"07vietnam\" \/><\/a> <\/p>\n<p>Depuis hier, le <a href=\"http:\/\/news.bbc.co.uk\/2\/hi\/asia-pacific\/1336394.stm\">port du casque<\/a> est obligatoire au Vietnam, sur toutes les routes et en toutes circonstances. Avec de 20 \u00e0 30 d\u00e9c\u00e8s sur la route chaque jour, le bilan n&rsquo;est pas trop reluisant. Mais les habitudes ont la vie dure, et <a href=\"http:\/\/khongcoai.com\/2007\/09\/16\/port-du-casque-au-vietnam\/\">l&rsquo;acceptation<\/a> du port du casque ne se fait pas sans heurts. Avec un maigre 3% de port de casque, le chaos dans les rues et aux intersections, il faudra plus que des mesures r\u00e9pressives pour en faire accepter l&rsquo;usage. Qualifi\u00e9 de <a href=\"http:\/\/fr.wikipedia.org\/wiki\/Cuiseur_de_riz\">cuiseur de riz<\/a>, le casque est trouv\u00e9 trop chaud et inconfortable, et avec l&rsquo;entr\u00e9e en vigueur de la loi, la qualit\u00e9 des casques sur le march\u00e9 est \u00e0 la baisse avec les prix \u00e0 la hausse. On y trouve m\u00eame des imitations en plastiques venant de Chine, ce qui, avec un march\u00e9 d&rsquo;environ 7 millions de motards, est une belle opportunit\u00e9 d&rsquo;affaire, qui se fera au d\u00e9triment de la s\u00e9curit\u00e9 des usagers. <\/p>\n<p>Ci-dessous, deux vid\u00e9os illustrant bien la n\u00e9cessit\u00e9 du port d&rsquo;\u00e9quipement de s\u00e9curit\u00e9 dans les rues encombr\u00e9es du Vietnam.<\/p>\n<p><object width=\"425\" height=\"373\"><param value=\"http:\/\/www.youtube.com\/v\/FRadzQsDBfc&amp;rel=0&amp;color1=0xd6d6d6&amp;color2=0xf0f0f0&amp;border=1\" name=\"movie\" \/><param value=\"transparent\" name=\"wmode\" \/><embed width=\"425\" height=\"373\" type=\"application\/x-shockwave-flash\" src=\"http:\/\/www.youtube.com\/v\/FRadzQsDBfc&amp;rel=0&amp;color1=0xd6d6d6&amp;color2=0xf0f0f0&amp;border=1\"><\/embed><\/object><\/p>\n<p><object width=\"425\" height=\"373\"><param value=\"http:\/\/www.youtube.com\/v\/XFoP2TxvbRw&amp;rel=0&amp;color1=0xd6d6d6&amp;color2=0xf0f0f0&amp;border=1\" name=\"movie\" \/><param value=\"transparent\" name=\"wmode\" \/><embed width=\"425\" height=\"373\" type=\"application\/x-shockwave-flash\" src=\"http:\/\/www.youtube.com\/v\/XFoP2TxvbRw&amp;rel=0&amp;color1=0xd6d6d6&amp;color2=0xf0f0f0&amp;border=1\"><\/embed><\/object><em><\/p>\n<p>Photo: Peter Kneffel<\/em><\/p>\n","protected":false},"excerpt":{"rendered":"<p>Depuis hier, le port du casque est obligatoire au Vietnam, sur toutes les routes et en toutes circonstances. Avec de 20 \u00e0 30 d\u00e9c\u00e8s sur la route chaque jour, le bilan n&rsquo;est pas trop reluisant. Mais les habitudes ont la vie dure, et l&rsquo;acceptation du port du casque ne se fait pas sans heurts. Avec [&hellip;]<\/p>\n","protected":false},"author":325,"featured_media":0,"comment_status":"open","ping_status":"open","sticky":false,"template":"","format":"standard","meta":{"footnotes":""},"categories":[3,27,12],"tags":[],"class_list":["post-1015","post","type-post","status-publish","format-standard","hentry","category-actualite","category-securite","category-videos"],"yoast_head":"<!-- This site is optimized with the Yoast SEO plugin v26.0 - https:\/\/yoast.com\/wordpress\/plugins\/seo\/ -->\n<title>Port du casque obligatoire au Vietnam - leblogmoto.com<\/title>\n<meta name=\"robots\" content=\"index, follow, max-snippet:-1, max-image-preview:large, max-video-preview:-1\" \/>\n<link rel=\"canonical\" href=\"https:\/\/blogs.thesocialmedia.com\/leblogmoto\/2007\/12\/16\/port-du-casque\/\" \/>\n<meta name=\"twitter:card\" content=\"summary_large_image\" \/>\n<meta name=\"twitter:title\" content=\"Port du casque obligatoire au Vietnam - leblogmoto.com\" \/>\n<meta name=\"twitter:description\" content=\"Depuis hier, le port du casque est obligatoire au Vietnam, sur toutes les routes et en toutes circonstances. Avec de 20 \u00e0 30 d\u00e9c\u00e8s sur la route chaque jour, le bilan n&rsquo;est pas trop reluisant. Mais les habitudes ont la vie dure, et l&rsquo;acceptation du port du casque ne se fait pas sans heurts. Avec [&hellip;]\" \/>\n<meta name=\"twitter:image\" content=\"http:\/\/www.leblogmoto.com\/images\/2007\/12\/16\/07vietnam.jpg\" \/>\n<meta name=\"twitter:label1\" content=\"\u00c9crit par\" \/>\n\t<meta name=\"twitter:data1\" content=\"jacques lesage\" \/>\n\t<meta name=\"twitter:label2\" content=\"Dur\u00e9e de lecture estim\u00e9e\" \/>\n\t<meta name=\"twitter:data2\" content=\"1 minute\" \/>\n<script type=\"application\/ld+json\" class=\"yoast-schema-graph\">{\"@context\":\"https:\/\/schema.org\",\"@graph\":[{\"@type\":\"WebPage\",\"@id\":\"https:\/\/blogs.thesocialmedia.com\/leblogmoto\/2007\/12\/16\/port-du-casque\/\",\"url\":\"https:\/\/blogs.thesocialmedia.com\/leblogmoto\/2007\/12\/16\/port-du-casque\/\",\"name\":\"Port du casque obligatoire au Vietnam - leblogmoto.com\",\"isPartOf\":{\"@id\":\"https:\/\/blogs.thesocialmedia.com\/leblogmoto\/#website\"},\"primaryImageOfPage\":{\"@id\":\"https:\/\/blogs.thesocialmedia.com\/leblogmoto\/2007\/12\/16\/port-du-casque\/#primaryimage\"},\"image\":{\"@id\":\"https:\/\/blogs.thesocialmedia.com\/leblogmoto\/2007\/12\/16\/port-du-casque\/#primaryimage\"},\"thumbnailUrl\":\"http:\/\/www.leblogmoto.com\/images\/2007\/12\/16\/07vietnam.jpg\",\"datePublished\":\"2007-12-16T19:20:36+00:00\",\"dateModified\":\"2012-07-11T15:05:28+00:00\",\"author\":{\"@id\":\"https:\/\/blogs.thesocialmedia.com\/leblogmoto\/#\/schema\/person\/e82a0ca8a9a63d031586097a3ed58526\"},\"breadcrumb\":{\"@id\":\"https:\/\/blogs.thesocialmedia.com\/leblogmoto\/2007\/12\/16\/port-du-casque\/#breadcrumb\"},\"inLanguage\":\"fr-FR\",\"potentialAction\":[{\"@type\":\"ReadAction\",\"target\":[\"https:\/\/blogs.thesocialmedia.com\/leblogmoto\/2007\/12\/16\/port-du-casque\/\"]}]},{\"@type\":\"ImageObject\",\"inLanguage\":\"fr-FR\",\"@id\":\"https:\/\/blogs.thesocialmedia.com\/leblogmoto\/2007\/12\/16\/port-du-casque\/#primaryimage\",\"url\":\"http:\/\/www.leblogmoto.com\/images\/2007\/12\/16\/07vietnam.jpg\",\"contentUrl\":\"http:\/\/www.leblogmoto.com\/images\/2007\/12\/16\/07vietnam.jpg\"},{\"@type\":\"BreadcrumbList\",\"@id\":\"https:\/\/blogs.thesocialmedia.com\/leblogmoto\/2007\/12\/16\/port-du-casque\/#breadcrumb\",\"itemListElement\":[{\"@type\":\"ListItem\",\"position\":1,\"name\":\"Accueil\",\"item\":\"https:\/\/blogs.thesocialmedia.com\/leblogmoto\/\"},{\"@type\":\"ListItem\",\"position\":2,\"name\":\"Port du casque obligatoire au Vietnam\"}]},{\"@type\":\"WebSite\",\"@id\":\"https:\/\/blogs.thesocialmedia.com\/leblogmoto\/#website\",\"url\":\"https:\/\/blogs.thesocialmedia.com\/leblogmoto\/\",\"name\":\"leblogmoto\",\"description\":\"Toute l&#039;actualit\u00e9 des 2 roues\",\"potentialAction\":[{\"@type\":\"SearchAction\",\"target\":{\"@type\":\"EntryPoint\",\"urlTemplate\":\"https:\/\/blogs.thesocialmedia.com\/leblogmoto\/?s={search_term_string}\"},\"query-input\":{\"@type\":\"PropertyValueSpecification\",\"valueRequired\":true,\"valueName\":\"search_term_string\"}}],\"inLanguage\":\"fr-FR\"},{\"@type\":\"Person\",\"@id\":\"https:\/\/blogs.thesocialmedia.com\/leblogmoto\/#\/schema\/person\/e82a0ca8a9a63d031586097a3ed58526\",\"name\":\"jacques lesage\",\"image\":{\"@type\":\"ImageObject\",\"inLanguage\":\"fr-FR\",\"@id\":\"https:\/\/blogs.thesocialmedia.com\/leblogmoto\/#\/schema\/person\/image\/\",\"url\":\"https:\/\/secure.gravatar.com\/avatar\/?s=96&d=mm&r=g\",\"contentUrl\":\"https:\/\/secure.gravatar.com\/avatar\/?s=96&d=mm&r=g\",\"caption\":\"jacques lesage\"},\"url\":\"https:\/\/blogs.thesocialmedia.com\/leblogmoto\/author\/jacques-lesage\/\"}]}<\/script>\n<!-- \/ Yoast SEO plugin. -->","yoast_head_json":{"title":"Port du casque obligatoire au Vietnam - leblogmoto.com","robots":{"index":"index","follow":"follow","max-snippet":"max-snippet:-1","max-image-preview":"max-image-preview:large","max-video-preview":"max-video-preview:-1"},"canonical":"https:\/\/blogs.thesocialmedia.com\/leblogmoto\/2007\/12\/16\/port-du-casque\/","twitter_card":"summary_large_image","twitter_title":"Port du casque obligatoire au Vietnam - leblogmoto.com","twitter_description":"Depuis hier, le port du casque est obligatoire au Vietnam, sur toutes les routes et en toutes circonstances. Avec de 20 \u00e0 30 d\u00e9c\u00e8s sur la route chaque jour, le bilan n&rsquo;est pas trop reluisant. Mais les habitudes ont la vie dure, et l&rsquo;acceptation du port du casque ne se fait pas sans heurts. Avec [&hellip;]","twitter_image":"http:\/\/www.leblogmoto.com\/images\/2007\/12\/16\/07vietnam.jpg","twitter_misc":{"\u00c9crit par":"jacques lesage","Dur\u00e9e de lecture estim\u00e9e":"1 minute"},"schema":{"@context":"https:\/\/schema.org","@graph":[{"@type":"WebPage","@id":"https:\/\/blogs.thesocialmedia.com\/leblogmoto\/2007\/12\/16\/port-du-casque\/","url":"https:\/\/blogs.thesocialmedia.com\/leblogmoto\/2007\/12\/16\/port-du-casque\/","name":"Port du casque obligatoire au Vietnam - leblogmoto.com","isPartOf":{"@id":"https:\/\/blogs.thesocialmedia.com\/leblogmoto\/#website"},"primaryImageOfPage":{"@id":"https:\/\/blogs.thesocialmedia.com\/leblogmoto\/2007\/12\/16\/port-du-casque\/#primaryimage"},"image":{"@id":"https:\/\/blogs.thesocialmedia.com\/leblogmoto\/2007\/12\/16\/port-du-casque\/#primaryimage"},"thumbnailUrl":"http:\/\/www.leblogmoto.com\/images\/2007\/12\/16\/07vietnam.jpg","datePublished":"2007-12-16T19:20:36+00:00","dateModified":"2012-07-11T15:05:28+00:00","author":{"@id":"https:\/\/blogs.thesocialmedia.com\/leblogmoto\/#\/schema\/person\/e82a0ca8a9a63d031586097a3ed58526"},"breadcrumb":{"@id":"https:\/\/blogs.thesocialmedia.com\/leblogmoto\/2007\/12\/16\/port-du-casque\/#breadcrumb"},"inLanguage":"fr-FR","potentialAction":[{"@type":"ReadAction","target":["https:\/\/blogs.thesocialmedia.com\/leblogmoto\/2007\/12\/16\/port-du-casque\/"]}]},{"@type":"ImageObject","inLanguage":"fr-FR","@id":"https:\/\/blogs.thesocialmedia.com\/leblogmoto\/2007\/12\/16\/port-du-casque\/#primaryimage","url":"http:\/\/www.leblogmoto.com\/images\/2007\/12\/16\/07vietnam.jpg","contentUrl":"http:\/\/www.leblogmoto.com\/images\/2007\/12\/16\/07vietnam.jpg"},{"@type":"BreadcrumbList","@id":"https:\/\/blogs.thesocialmedia.com\/leblogmoto\/2007\/12\/16\/port-du-casque\/#breadcrumb","itemListElement":[{"@type":"ListItem","position":1,"name":"Accueil","item":"https:\/\/blogs.thesocialmedia.com\/leblogmoto\/"},{"@type":"ListItem","position":2,"name":"Port du casque obligatoire au Vietnam"}]},{"@type":"WebSite","@id":"https:\/\/blogs.thesocialmedia.com\/leblogmoto\/#website","url":"https:\/\/blogs.thesocialmedia.com\/leblogmoto\/","name":"leblogmoto","description":"Toute l&#039;actualit\u00e9 des 2 roues","potentialAction":[{"@type":"SearchAction","target":{"@type":"EntryPoint","urlTemplate":"https:\/\/blogs.thesocialmedia.com\/leblogmoto\/?s={search_term_string}"},"query-input":{"@type":"PropertyValueSpecification","valueRequired":true,"valueName":"search_term_string"}}],"inLanguage":"fr-FR"},{"@type":"Person","@id":"https:\/\/blogs.thesocialmedia.com\/leblogmoto\/#\/schema\/person\/e82a0ca8a9a63d031586097a3ed58526","name":"jacques lesage","image":{"@type":"ImageObject","inLanguage":"fr-FR","@id":"https:\/\/blogs.thesocialmedia.com\/leblogmoto\/#\/schema\/person\/image\/","url":"https:\/\/secure.gravatar.com\/avatar\/?s=96&d=mm&r=g","contentUrl":"https:\/\/secure.gravatar.com\/avatar\/?s=96&d=mm&r=g","caption":"jacques lesage"},"url":"https:\/\/blogs.thesocialmedia.com\/leblogmoto\/author\/jacques-lesage\/"}]}},"_links":{"self":[{"href":"https:\/\/blogs.thesocialmedia.com\/leblogmoto\/wp-json\/wp\/v2\/posts\/1015","targetHints":{"allow":["GET"]}}],"collection":[{"href":"https:\/\/blogs.thesocialmedia.com\/leblogmoto\/wp-json\/wp\/v2\/posts"}],"about":[{"href":"https:\/\/blogs.thesocialmedia.com\/leblogmoto\/wp-json\/wp\/v2\/types\/post"}],"author":[{"embeddable":true,"href":"https:\/\/blogs.thesocialmedia.com\/leblogmoto\/wp-json\/wp\/v2\/users\/325"}],"replies":[{"embeddable":true,"href":"https:\/\/blogs.thesocialmedia.com\/leblogmoto\/wp-json\/wp\/v2\/comments?post=1015"}],"version-history":[{"count":2,"href":"https:\/\/blogs.thesocialmedia.com\/leblogmoto\/wp-json\/wp\/v2\/posts\/1015\/revisions"}],"predecessor-version":[{"id":9455,"href":"https:\/\/blogs.thesocialmedia.com\/leblogmoto\/wp-json\/wp\/v2\/posts\/1015\/revisions\/9455"}],"wp:attachment":[{"href":"https:\/\/blogs.thesocialmedia.com\/leblogmoto\/wp-json\/wp\/v2\/media?parent=1015"}],"wp:term":[{"taxonomy":"category","embeddable":true,"href":"https:\/\/blogs.thesocialmedia.com\/leblogmoto\/wp-json\/wp\/v2\/categories?post=1015"},{"taxonomy":"post_tag","embeddable":true,"href":"https:\/\/blogs.thesocialmedia.com\/leblogmoto\/wp-json\/wp\/v2\/tags?post=1015"}],"curies":[{"name":"wp","href":"https:\/\/api.w.org\/{rel}","templated":true}]}}