{"id":102,"date":"2009-06-25T23:57:05","date_gmt":"2009-06-25T23:57:05","guid":{"rendered":"http:\/\/blogs.thesocialmedia.com\/leblogmoto\/2009\/06\/25\/de-la-place-des-deuxroues-au-mali-et-au-burkinafaso\/"},"modified":"2012-07-11T17:32:22","modified_gmt":"2012-07-11T17:32:22","slug":"de-la-place-des-deuxroues-au-mali-et-au-burkinafaso","status":"publish","type":"post","link":"https:\/\/blogs.thesocialmedia.com\/leblogmoto\/2009\/06\/25\/de-la-place-des-deuxroues-au-mali-et-au-burkinafaso\/","title":{"rendered":"De la place du deux-roues au Mali."},"content":{"rendered":"<p><a href=\"http:\/\/blogs.thesocialmedia.com\/leblogmoto\/files\/2012\/07\/6a00d83451b18369e201157159dde0970b-popup.png\"><img decoding=\"async\" alt=\"Moto Voyages Bamako 5\" class=\"at-xid-6a00d83451b18369e201157159dde0970b \" src=\"http:\/\/blogs.thesocialmedia.com\/leblogmoto\/files\/2012\/07\/6a00d83451b18369e201157159dde0970b-500wi.jpg\" \/><\/a><\/p>\n<p>Loin de l&#039;image h\u00e9ro\u00efque des Riders&#160;for Health, voici un reportage au coeur du quotidien de Bamako, la capitale du Mali mis en ligne par <a href=\"http:\/\/www.jpgmag.com\/people\/bwcary\/stories\">B.W Cary<\/a>, le 19 mars dernier sur JPGmag. Comme l&#039;affirme le photographe du&#160;portfolio &quot;Getting around in Bamako&quot; (&quot;Se d\u00e9placer \u00e0 B.&quot;),&#160;la moto est le plus pratique des moyens de transport dans la capitale malienne.&#160;Des routes o\u00f9 la protection minimale, le casque, n&#039;est m\u00eame plus facultative, mais r\u00e9dhibitoire dirait-on. Seuls quelques masques pour se prot\u00e9ger de la poussi\u00e8re et&#160;de la pollution se montrent. Vous vous rappelez peut-\u00eatre de cette <a href=\"http:\/\/www.huffingtonpost.com\/2009\/01\/06\/nigerian-motorcyclists-do_n_155756.html\">d\u00e9p\u00eache&#160;de d\u00e9but d&#039;ann\u00e9e<\/a>, relatant qu&#039;au Nig\u00e9ria les conducteurs de moto-taxi se coiffaient de past\u00e8ques \u00e9vid\u00e9es,&#160;de calebasses,&#160;ou de caoutchouc provenant de pneus,&#160;en signe de protestation&#160;contre une loi les obligeant ainsi que leurs clients \u00e0 porter un casque. Les conducteurs pestaient contre les prix de ces couvre-chefs face \u00e0 des vendeurs \u00e2pres au gain, et leurs passagers craignaient d&#039;attraper des maladies ou qu&#039;on ne leur jette un sort.&#160;En oubliant de dire que m\u00eame \u00e0 faible vitesse, les lois de la cin\u00e9tique et les constations&#160;de&#160;la&#160;traumatologie,&#160;sont les m\u00eames pour tout&#160;le monde.<\/p>\n<\/p>\n<p><a href=\"http:\/\/clabedan.typepad.com\/.a\/6a00d83451b18369e201157064a5cb970c-popup\"><img decoding=\"async\" alt=\"Moto Voyages Bamako 6\" class=\"at-xid-6a00d83451b18369e201157064a5cb970c \" src=\"http:\/\/blogs.thesocialmedia.com\/leblogmoto\/files\/2012\/07\/6a00d83451b18369e201157064a5cb970c-500wi.jpg\" \/><\/a>&#160;<\/p>\n<p><a href=\"http:\/\/blogs.thesocialmedia.com\/leblogmoto\/files\/2012\/07\/6a00d83451b18369e201157159df8a970b-popup.png\"><img decoding=\"async\" alt=\"Moto Voyages Bamako 7\" class=\"at-xid-6a00d83451b18369e201157159df8a970b \" src=\"http:\/\/blogs.thesocialmedia.com\/leblogmoto\/files\/2012\/07\/6a00d83451b18369e201157159df8a970b-500wi.jpg\" \/><\/a>&#160;<\/p>\n<p><a href=\"http:\/\/blogs.thesocialmedia.com\/leblogmoto\/files\/2012\/07\/6a00d83451b18369e201157159e052970b-popup.png\"><img decoding=\"async\" alt=\"Moto Voyages Bamako 8\" class=\"at-xid-6a00d83451b18369e201157159e052970b \" src=\"http:\/\/blogs.thesocialmedia.com\/leblogmoto\/files\/2012\/07\/6a00d83451b18369e201157159e052970b-500wi.jpg\" \/><\/a>&#160;<\/p>\n<p><a href=\"http:\/\/blogs.thesocialmedia.com\/leblogmoto\/files\/2012\/07\/6a00d83451b18369e201157159e0b6970b-popup.png\"><img decoding=\"async\" alt=\"Moto Voyages Bamako 9\" class=\"at-xid-6a00d83451b18369e201157159e0b6970b \" src=\"http:\/\/blogs.thesocialmedia.com\/leblogmoto\/files\/2012\/07\/6a00d83451b18369e201157159e0b6970b-500wi.jpg\" \/><\/a>&#160;<\/p>\n<p><a href=\"http:\/\/blogs.thesocialmedia.com\/leblogmoto\/files\/2012\/07\/6a00d83451b18369e201157064a81f970c-popup.png\"><img decoding=\"async\" alt=\"Moto Voyages Bamako 10\" class=\"at-xid-6a00d83451b18369e201157064a81f970c \" src=\"http:\/\/blogs.thesocialmedia.com\/leblogmoto\/files\/2012\/07\/6a00d83451b18369e201157064a81f970c-500wi.jpg\" \/><\/a>&#160;<\/p>\n<p><a href=\"http:\/\/blogs.thesocialmedia.com\/leblogmoto\/files\/2012\/07\/6a00d83451b18369e201157159e1ed970b-popup.png\"><img decoding=\"async\" alt=\"Moto Voyages Bamako 1\" class=\"at-xid-6a00d83451b18369e201157159e1ed970b \" src=\"http:\/\/blogs.thesocialmedia.com\/leblogmoto\/files\/2012\/07\/6a00d83451b18369e201157159e1ed970b-500wi.jpg\" \/><\/a>&#160;<\/p>\n<p><a href=\"http:\/\/blogs.thesocialmedia.com\/leblogmoto\/files\/2012\/07\/6a00d83451b18369e201157159e292970b-popup.png\"><img decoding=\"async\" alt=\"Moto Voyages Bamako 2\" class=\"at-xid-6a00d83451b18369e201157159e292970b \" src=\"http:\/\/blogs.thesocialmedia.com\/leblogmoto\/files\/2012\/07\/6a00d83451b18369e201157159e292970b-500wi.jpg\" \/><\/a>&#160;<\/p>\n<p><a href=\"http:\/\/blogs.thesocialmedia.com\/leblogmoto\/files\/2012\/07\/6a00d83451b18369e201157159e36c970b-popup.png\"><img decoding=\"async\" alt=\"Moto Voyages Bamako 3\" class=\"at-xid-6a00d83451b18369e201157159e36c970b \" src=\"http:\/\/blogs.thesocialmedia.com\/leblogmoto\/files\/2012\/07\/6a00d83451b18369e201157159e36c970b-500wi.jpg\" \/><\/a>&#160;<\/p>\n<p><a href=\"http:\/\/blogs.thesocialmedia.com\/leblogmoto\/files\/2012\/07\/6a00d83451b18369e201157159e40a970b-popup.png\"><img decoding=\"async\" alt=\"Moto Voyages Bamako 4\" class=\"at-xid-6a00d83451b18369e201157159e40a970b \" src=\"http:\/\/blogs.thesocialmedia.com\/leblogmoto\/files\/2012\/07\/6a00d83451b18369e201157159e40a970b-500wi.jpg\" \/><\/a> <\/p>\n","protected":false},"excerpt":{"rendered":"<p>Loin de l&#039;image h\u00e9ro\u00efque des Riders&#160;for Health, voici un reportage au coeur du quotidien de Bamako, la capitale du Mali mis en ligne par B.W Cary, le 19 mars dernier sur JPGmag. Comme l&#039;affirme le photographe du&#160;portfolio &quot;Getting around in Bamako&quot; (&quot;Se d\u00e9placer \u00e0 B.&quot;),&#160;la moto est le plus pratique des moyens de transport dans [&hellip;]<\/p>\n","protected":false},"author":324,"featured_media":13824,"comment_status":"open","ping_status":"open","sticky":false,"template":"","format":"standard","meta":{"footnotes":""},"categories":[16,62],"tags":[],"class_list":["post-102","post","type-post","status-publish","format-standard","has-post-thumbnail","hentry","category-art-moto","category-voyages"],"yoast_head":"<!-- This site is optimized with the Yoast SEO plugin v26.0 - https:\/\/yoast.com\/wordpress\/plugins\/seo\/ -->\n<title>De la place du deux-roues au Mali. - leblogmoto.com<\/title>\n<meta name=\"robots\" content=\"index, follow, max-snippet:-1, max-image-preview:large, max-video-preview:-1\" \/>\n<link rel=\"canonical\" href=\"https:\/\/blogs.thesocialmedia.com\/leblogmoto\/2009\/06\/25\/de-la-place-des-deuxroues-au-mali-et-au-burkinafaso\/\" \/>\n<meta name=\"twitter:card\" content=\"summary_large_image\" \/>\n<meta name=\"twitter:title\" content=\"De la place du deux-roues au Mali. - leblogmoto.com\" \/>\n<meta name=\"twitter:description\" content=\"Loin de l&#039;image h\u00e9ro\u00efque des Riders&#160;for Health, voici un reportage au coeur du quotidien de Bamako, la capitale du Mali mis en ligne par B.W Cary, le 19 mars dernier sur JPGmag. Comme l&#039;affirme le photographe du&#160;portfolio &quot;Getting around in Bamako&quot; (&quot;Se d\u00e9placer \u00e0 B.&quot;),&#160;la moto est le plus pratique des moyens de transport dans [&hellip;]\" \/>\n<meta name=\"twitter:image\" content=\"https:\/\/blogs.thesocialmedia.com\/leblogmoto\/files\/2012\/07\/6a00d83451b18369e201157159dde0970b-500wi.jpg\" \/>\n<meta name=\"twitter:label1\" content=\"\u00c9crit par\" \/>\n\t<meta name=\"twitter:data1\" content=\"benoit rieu\" \/>\n\t<meta name=\"twitter:label2\" content=\"Dur\u00e9e de lecture estim\u00e9e\" \/>\n\t<meta name=\"twitter:data2\" content=\"1 minute\" \/>\n<script type=\"application\/ld+json\" class=\"yoast-schema-graph\">{\"@context\":\"https:\/\/schema.org\",\"@graph\":[{\"@type\":\"WebPage\",\"@id\":\"https:\/\/blogs.thesocialmedia.com\/leblogmoto\/2009\/06\/25\/de-la-place-des-deuxroues-au-mali-et-au-burkinafaso\/\",\"url\":\"https:\/\/blogs.thesocialmedia.com\/leblogmoto\/2009\/06\/25\/de-la-place-des-deuxroues-au-mali-et-au-burkinafaso\/\",\"name\":\"De la place du deux-roues au Mali. - leblogmoto.com\",\"isPartOf\":{\"@id\":\"https:\/\/blogs.thesocialmedia.com\/leblogmoto\/#website\"},\"primaryImageOfPage\":{\"@id\":\"https:\/\/blogs.thesocialmedia.com\/leblogmoto\/2009\/06\/25\/de-la-place-des-deuxroues-au-mali-et-au-burkinafaso\/#primaryimage\"},\"image\":{\"@id\":\"https:\/\/blogs.thesocialmedia.com\/leblogmoto\/2009\/06\/25\/de-la-place-des-deuxroues-au-mali-et-au-burkinafaso\/#primaryimage\"},\"thumbnailUrl\":\"https:\/\/blogs.thesocialmedia.com\/leblogmoto\/files\/2012\/07\/6a00d83451b18369e201157159dde0970b-500wi.jpg\",\"datePublished\":\"2009-06-25T23:57:05+00:00\",\"dateModified\":\"2012-07-11T17:32:22+00:00\",\"author\":{\"@id\":\"https:\/\/blogs.thesocialmedia.com\/leblogmoto\/#\/schema\/person\/18bfe773e5725ed6d24f743da805362a\"},\"breadcrumb\":{\"@id\":\"https:\/\/blogs.thesocialmedia.com\/leblogmoto\/2009\/06\/25\/de-la-place-des-deuxroues-au-mali-et-au-burkinafaso\/#breadcrumb\"},\"inLanguage\":\"fr-FR\",\"potentialAction\":[{\"@type\":\"ReadAction\",\"target\":[\"https:\/\/blogs.thesocialmedia.com\/leblogmoto\/2009\/06\/25\/de-la-place-des-deuxroues-au-mali-et-au-burkinafaso\/\"]}]},{\"@type\":\"ImageObject\",\"inLanguage\":\"fr-FR\",\"@id\":\"https:\/\/blogs.thesocialmedia.com\/leblogmoto\/2009\/06\/25\/de-la-place-des-deuxroues-au-mali-et-au-burkinafaso\/#primaryimage\",\"url\":\"https:\/\/blogs.thesocialmedia.com\/leblogmoto\/files\/2012\/07\/6a00d83451b18369e201157159dde0970b-500wi.jpg\",\"contentUrl\":\"https:\/\/blogs.thesocialmedia.com\/leblogmoto\/files\/2012\/07\/6a00d83451b18369e201157159dde0970b-500wi.jpg\",\"width\":\"500\",\"height\":\"334\"},{\"@type\":\"BreadcrumbList\",\"@id\":\"https:\/\/blogs.thesocialmedia.com\/leblogmoto\/2009\/06\/25\/de-la-place-des-deuxroues-au-mali-et-au-burkinafaso\/#breadcrumb\",\"itemListElement\":[{\"@type\":\"ListItem\",\"position\":1,\"name\":\"Accueil\",\"item\":\"https:\/\/blogs.thesocialmedia.com\/leblogmoto\/\"},{\"@type\":\"ListItem\",\"position\":2,\"name\":\"De la place du deux-roues au Mali.\"}]},{\"@type\":\"WebSite\",\"@id\":\"https:\/\/blogs.thesocialmedia.com\/leblogmoto\/#website\",\"url\":\"https:\/\/blogs.thesocialmedia.com\/leblogmoto\/\",\"name\":\"leblogmoto\",\"description\":\"Toute l&#039;actualit\u00e9 des 2 roues\",\"potentialAction\":[{\"@type\":\"SearchAction\",\"target\":{\"@type\":\"EntryPoint\",\"urlTemplate\":\"https:\/\/blogs.thesocialmedia.com\/leblogmoto\/?s={search_term_string}\"},\"query-input\":{\"@type\":\"PropertyValueSpecification\",\"valueRequired\":true,\"valueName\":\"search_term_string\"}}],\"inLanguage\":\"fr-FR\"},{\"@type\":\"Person\",\"@id\":\"https:\/\/blogs.thesocialmedia.com\/leblogmoto\/#\/schema\/person\/18bfe773e5725ed6d24f743da805362a\",\"name\":\"benoit rieu\",\"image\":{\"@type\":\"ImageObject\",\"inLanguage\":\"fr-FR\",\"@id\":\"https:\/\/blogs.thesocialmedia.com\/leblogmoto\/#\/schema\/person\/image\/\",\"url\":\"https:\/\/secure.gravatar.com\/avatar\/?s=96&d=mm&r=g\",\"contentUrl\":\"https:\/\/secure.gravatar.com\/avatar\/?s=96&d=mm&r=g\",\"caption\":\"benoit rieu\"},\"url\":\"https:\/\/blogs.thesocialmedia.com\/leblogmoto\/author\/benoit-rieu\/\"}]}<\/script>\n<!-- \/ Yoast SEO plugin. -->","yoast_head_json":{"title":"De la place du deux-roues au Mali. - leblogmoto.com","robots":{"index":"index","follow":"follow","max-snippet":"max-snippet:-1","max-image-preview":"max-image-preview:large","max-video-preview":"max-video-preview:-1"},"canonical":"https:\/\/blogs.thesocialmedia.com\/leblogmoto\/2009\/06\/25\/de-la-place-des-deuxroues-au-mali-et-au-burkinafaso\/","twitter_card":"summary_large_image","twitter_title":"De la place du deux-roues au Mali. - leblogmoto.com","twitter_description":"Loin de l&#039;image h\u00e9ro\u00efque des Riders&#160;for Health, voici un reportage au coeur du quotidien de Bamako, la capitale du Mali mis en ligne par B.W Cary, le 19 mars dernier sur JPGmag. Comme l&#039;affirme le photographe du&#160;portfolio &quot;Getting around in Bamako&quot; (&quot;Se d\u00e9placer \u00e0 B.&quot;),&#160;la moto est le plus pratique des moyens de transport dans [&hellip;]","twitter_image":"https:\/\/blogs.thesocialmedia.com\/leblogmoto\/files\/2012\/07\/6a00d83451b18369e201157159dde0970b-500wi.jpg","twitter_misc":{"\u00c9crit par":"benoit rieu","Dur\u00e9e de lecture estim\u00e9e":"1 minute"},"schema":{"@context":"https:\/\/schema.org","@graph":[{"@type":"WebPage","@id":"https:\/\/blogs.thesocialmedia.com\/leblogmoto\/2009\/06\/25\/de-la-place-des-deuxroues-au-mali-et-au-burkinafaso\/","url":"https:\/\/blogs.thesocialmedia.com\/leblogmoto\/2009\/06\/25\/de-la-place-des-deuxroues-au-mali-et-au-burkinafaso\/","name":"De la place du deux-roues au Mali. - leblogmoto.com","isPartOf":{"@id":"https:\/\/blogs.thesocialmedia.com\/leblogmoto\/#website"},"primaryImageOfPage":{"@id":"https:\/\/blogs.thesocialmedia.com\/leblogmoto\/2009\/06\/25\/de-la-place-des-deuxroues-au-mali-et-au-burkinafaso\/#primaryimage"},"image":{"@id":"https:\/\/blogs.thesocialmedia.com\/leblogmoto\/2009\/06\/25\/de-la-place-des-deuxroues-au-mali-et-au-burkinafaso\/#primaryimage"},"thumbnailUrl":"https:\/\/blogs.thesocialmedia.com\/leblogmoto\/files\/2012\/07\/6a00d83451b18369e201157159dde0970b-500wi.jpg","datePublished":"2009-06-25T23:57:05+00:00","dateModified":"2012-07-11T17:32:22+00:00","author":{"@id":"https:\/\/blogs.thesocialmedia.com\/leblogmoto\/#\/schema\/person\/18bfe773e5725ed6d24f743da805362a"},"breadcrumb":{"@id":"https:\/\/blogs.thesocialmedia.com\/leblogmoto\/2009\/06\/25\/de-la-place-des-deuxroues-au-mali-et-au-burkinafaso\/#breadcrumb"},"inLanguage":"fr-FR","potentialAction":[{"@type":"ReadAction","target":["https:\/\/blogs.thesocialmedia.com\/leblogmoto\/2009\/06\/25\/de-la-place-des-deuxroues-au-mali-et-au-burkinafaso\/"]}]},{"@type":"ImageObject","inLanguage":"fr-FR","@id":"https:\/\/blogs.thesocialmedia.com\/leblogmoto\/2009\/06\/25\/de-la-place-des-deuxroues-au-mali-et-au-burkinafaso\/#primaryimage","url":"https:\/\/blogs.thesocialmedia.com\/leblogmoto\/files\/2012\/07\/6a00d83451b18369e201157159dde0970b-500wi.jpg","contentUrl":"https:\/\/blogs.thesocialmedia.com\/leblogmoto\/files\/2012\/07\/6a00d83451b18369e201157159dde0970b-500wi.jpg","width":"500","height":"334"},{"@type":"BreadcrumbList","@id":"https:\/\/blogs.thesocialmedia.com\/leblogmoto\/2009\/06\/25\/de-la-place-des-deuxroues-au-mali-et-au-burkinafaso\/#breadcrumb","itemListElement":[{"@type":"ListItem","position":1,"name":"Accueil","item":"https:\/\/blogs.thesocialmedia.com\/leblogmoto\/"},{"@type":"ListItem","position":2,"name":"De la place du deux-roues au Mali."}]},{"@type":"WebSite","@id":"https:\/\/blogs.thesocialmedia.com\/leblogmoto\/#website","url":"https:\/\/blogs.thesocialmedia.com\/leblogmoto\/","name":"leblogmoto","description":"Toute l&#039;actualit\u00e9 des 2 roues","potentialAction":[{"@type":"SearchAction","target":{"@type":"EntryPoint","urlTemplate":"https:\/\/blogs.thesocialmedia.com\/leblogmoto\/?s={search_term_string}"},"query-input":{"@type":"PropertyValueSpecification","valueRequired":true,"valueName":"search_term_string"}}],"inLanguage":"fr-FR"},{"@type":"Person","@id":"https:\/\/blogs.thesocialmedia.com\/leblogmoto\/#\/schema\/person\/18bfe773e5725ed6d24f743da805362a","name":"benoit rieu","image":{"@type":"ImageObject","inLanguage":"fr-FR","@id":"https:\/\/blogs.thesocialmedia.com\/leblogmoto\/#\/schema\/person\/image\/","url":"https:\/\/secure.gravatar.com\/avatar\/?s=96&d=mm&r=g","contentUrl":"https:\/\/secure.gravatar.com\/avatar\/?s=96&d=mm&r=g","caption":"benoit rieu"},"url":"https:\/\/blogs.thesocialmedia.com\/leblogmoto\/author\/benoit-rieu\/"}]}},"_links":{"self":[{"href":"https:\/\/blogs.thesocialmedia.com\/leblogmoto\/wp-json\/wp\/v2\/posts\/102","targetHints":{"allow":["GET"]}}],"collection":[{"href":"https:\/\/blogs.thesocialmedia.com\/leblogmoto\/wp-json\/wp\/v2\/posts"}],"about":[{"href":"https:\/\/blogs.thesocialmedia.com\/leblogmoto\/wp-json\/wp\/v2\/types\/post"}],"author":[{"embeddable":true,"href":"https:\/\/blogs.thesocialmedia.com\/leblogmoto\/wp-json\/wp\/v2\/users\/324"}],"replies":[{"embeddable":true,"href":"https:\/\/blogs.thesocialmedia.com\/leblogmoto\/wp-json\/wp\/v2\/comments?post=102"}],"version-history":[{"count":2,"href":"https:\/\/blogs.thesocialmedia.com\/leblogmoto\/wp-json\/wp\/v2\/posts\/102\/revisions"}],"predecessor-version":[{"id":13843,"href":"https:\/\/blogs.thesocialmedia.com\/leblogmoto\/wp-json\/wp\/v2\/posts\/102\/revisions\/13843"}],"wp:featuredmedia":[{"embeddable":true,"href":"https:\/\/blogs.thesocialmedia.com\/leblogmoto\/wp-json\/wp\/v2\/media\/13824"}],"wp:attachment":[{"href":"https:\/\/blogs.thesocialmedia.com\/leblogmoto\/wp-json\/wp\/v2\/media?parent=102"}],"wp:term":[{"taxonomy":"category","embeddable":true,"href":"https:\/\/blogs.thesocialmedia.com\/leblogmoto\/wp-json\/wp\/v2\/categories?post=102"},{"taxonomy":"post_tag","embeddable":true,"href":"https:\/\/blogs.thesocialmedia.com\/leblogmoto\/wp-json\/wp\/v2\/tags?post=102"}],"curies":[{"name":"wp","href":"https:\/\/api.w.org\/{rel}","templated":true}]}}