{"id":1022,"date":"2007-12-13T20:23:02","date_gmt":"2007-12-13T20:23:02","guid":{"rendered":"http:\/\/blogs.thesocialmedia.com\/leblogmoto\/2007\/12\/13\/ide-cadeau-le-c\/"},"modified":"2012-07-11T15:04:14","modified_gmt":"2012-07-11T15:04:14","slug":"ide-cadeau-le-c","status":"publish","type":"post","link":"https:\/\/blogs.thesocialmedia.com\/leblogmoto\/2007\/12\/13\/ide-cadeau-le-c\/","title":{"rendered":"Id\u00e9e cadeau, le casque Jet X60 Denim de chez Nexx."},"content":{"rendered":"<p><a href=\"http:\/\/blogs.thesocialmedia.com\/leblogmoto\/files\/2012\/07\/moto_casques_nexx_denim.jpg\"><img loading=\"lazy\" decoding=\"async\" width=\"470\" height=\"356\"  alt=\"Moto_casques_nexx_denim\" src=\"http:\/\/www.leblogmoto.com\/images\/2007\/12\/13\/moto_casques_nexx_denim.jpg\" \/><\/a> <\/p>\n<p>La marque portugaise <a href=\"http:\/\/www.nexx-helmets.com\/def1.htm?lang=fr\">Nexx<\/a> propose des casques au rev\u00eatement ext\u00e9rieur original, une toile de jeans <em>Denim<\/em>. J&rsquo;ai toujours \u00e9t\u00e9 tr\u00e8s r\u00e9serv\u00e9 sur l&rsquo;usage des casques Jet \u00e0 Moto, et je reste persuad\u00e9 qu&rsquo;un casque modulable (de pr\u00e9f\u00e9rence <a href=\"http:\/\/www.leblogmoto.com\/2007\/11\/le-evoline-de-s.html\">homologu\u00e9 Jet <u>et<\/u> Int\u00e9gral<\/a>) est adapt\u00e9 au changement d&rsquo;environnements et de vitesses du motard (passage de la circulation en ville, \u00e0 une rocade\/p\u00e9riph&rsquo;\/autoroute). Mais l\u00e0, pour offrir \u00e0 une scooteriste, je veux bien faire une exception.<\/p>\n<p>M\u00eame si les modulables ne sont souvent pas d\u00e9pourvus de d\u00e9fauts (des rossignols* par exemple lorsque certaines vitesses sont atteintes), un int\u00e9gral bien ventil\u00e9 \u00e9tant la panac\u00e9e.<\/p>\n<p>Chouette casque en tout cas et original en plus, qui compte m\u00eame un <em>red tab<\/em> (l&rsquo;\u00e9tiquette rouge) fa\u00e7on Levi&rsquo;s sur la poche gauche, des rivets sur les coutures et un insert en cuir large au dessus de la nuque, comme les vrais jeans en ont au niveau de la ceinture.<\/p>\n<p>L&rsquo;int\u00e9rieur est bien entendu d\u00e9montable et lavable et la visi\u00e8re est en Lexan, mat\u00e9riau extr\u00eamement r\u00e9sistant et ici l\u00e9g\u00e8rement fum\u00e9 pour vous prot\u00e9ger (tr\u00e8s partiellement) des rayons du soleil, si rasant dans la saison actuelle.<\/p>\n<p>Il est vendu autour de 180 \u20ac, et la marque est distribu\u00e9e en France et vendue sur le net. Un autre casque de chez Nexx dans la suite, toujours un X60 d\u00e9clin\u00e9, le <em>Samurai<\/em>.<br \/><em><br \/>*bruits de sifflement \u00e0 vitesse \u00e9lev\u00e9e g\u00e9n\u00e9r\u00e9s par l&rsquo;entr\u00e9e d&rsquo;air dans le casque, terme employ\u00e9 \u00e0 l&rsquo;origine pour d\u00e9signer ces bruits dans l&rsquo;habitacle des voitures.<\/em><\/p>\n<p><a href=\"http:\/\/clabedan.typepad.com\/.shared\/image.html?\/photos\/uncategorized\/2007\/12\/13\/moto_casques_nex_samurai.jpg\"><img loading=\"lazy\" decoding=\"async\" width=\"470\" height=\"355\"  alt=\"Moto_casques_nex_samurai\" src=\"http:\/\/www.leblogmoto.com\/images\/2007\/12\/13\/moto_casques_nex_samurai.jpg\" \/><\/a><a href=\"http:\/\/clabedan.typepad.com\/.shared\/image.html?\/photos\/uncategorized\/2007\/12\/13\/moto_casques_nex_samurai.jpg\"><em><\/em><\/a><\/p>\n","protected":false},"excerpt":{"rendered":"<p>La marque portugaise Nexx propose des casques au rev\u00eatement ext\u00e9rieur original, une toile de jeans Denim. J&rsquo;ai toujours \u00e9t\u00e9 tr\u00e8s r\u00e9serv\u00e9 sur l&rsquo;usage des casques Jet \u00e0 Moto, et je reste persuad\u00e9 qu&rsquo;un casque modulable (de pr\u00e9f\u00e9rence homologu\u00e9 Jet et Int\u00e9gral) est adapt\u00e9 au changement d&rsquo;environnements et de vitesses du motard (passage de la circulation [&hellip;]<\/p>\n","protected":false},"author":324,"featured_media":0,"comment_status":"open","ping_status":"open","sticky":false,"template":"","format":"standard","meta":{"footnotes":""},"categories":[3,8],"tags":[],"class_list":["post-1022","post","type-post","status-publish","format-standard","hentry","category-actualite","category-chaines-et-cuirs"],"yoast_head":"<!-- This site is optimized with the Yoast SEO plugin v26.0 - https:\/\/yoast.com\/wordpress\/plugins\/seo\/ -->\n<title>Id\u00e9e cadeau, le casque Jet X60 Denim de chez Nexx. - leblogmoto.com<\/title>\n<meta name=\"robots\" content=\"index, follow, max-snippet:-1, max-image-preview:large, max-video-preview:-1\" \/>\n<link rel=\"canonical\" href=\"https:\/\/blogs.thesocialmedia.com\/leblogmoto\/2007\/12\/13\/ide-cadeau-le-c\/\" \/>\n<meta name=\"twitter:card\" content=\"summary_large_image\" \/>\n<meta name=\"twitter:title\" content=\"Id\u00e9e cadeau, le casque Jet X60 Denim de chez Nexx. - leblogmoto.com\" \/>\n<meta name=\"twitter:description\" content=\"La marque portugaise Nexx propose des casques au rev\u00eatement ext\u00e9rieur original, une toile de jeans Denim. J&rsquo;ai toujours \u00e9t\u00e9 tr\u00e8s r\u00e9serv\u00e9 sur l&rsquo;usage des casques Jet \u00e0 Moto, et je reste persuad\u00e9 qu&rsquo;un casque modulable (de pr\u00e9f\u00e9rence homologu\u00e9 Jet et Int\u00e9gral) est adapt\u00e9 au changement d&rsquo;environnements et de vitesses du motard (passage de la circulation [&hellip;]\" \/>\n<meta name=\"twitter:image\" content=\"http:\/\/www.leblogmoto.com\/images\/2007\/12\/13\/moto_casques_nexx_denim.jpg\" \/>\n<meta name=\"twitter:label1\" content=\"\u00c9crit par\" \/>\n\t<meta name=\"twitter:data1\" content=\"benoit rieu\" \/>\n\t<meta name=\"twitter:label2\" content=\"Dur\u00e9e de lecture estim\u00e9e\" \/>\n\t<meta name=\"twitter:data2\" content=\"1 minute\" \/>\n<script type=\"application\/ld+json\" class=\"yoast-schema-graph\">{\"@context\":\"https:\/\/schema.org\",\"@graph\":[{\"@type\":\"WebPage\",\"@id\":\"https:\/\/blogs.thesocialmedia.com\/leblogmoto\/2007\/12\/13\/ide-cadeau-le-c\/\",\"url\":\"https:\/\/blogs.thesocialmedia.com\/leblogmoto\/2007\/12\/13\/ide-cadeau-le-c\/\",\"name\":\"Id\u00e9e cadeau, le casque Jet X60 Denim de chez Nexx. - leblogmoto.com\",\"isPartOf\":{\"@id\":\"https:\/\/blogs.thesocialmedia.com\/leblogmoto\/#website\"},\"primaryImageOfPage\":{\"@id\":\"https:\/\/blogs.thesocialmedia.com\/leblogmoto\/2007\/12\/13\/ide-cadeau-le-c\/#primaryimage\"},\"image\":{\"@id\":\"https:\/\/blogs.thesocialmedia.com\/leblogmoto\/2007\/12\/13\/ide-cadeau-le-c\/#primaryimage\"},\"thumbnailUrl\":\"http:\/\/www.leblogmoto.com\/images\/2007\/12\/13\/moto_casques_nexx_denim.jpg\",\"datePublished\":\"2007-12-13T20:23:02+00:00\",\"dateModified\":\"2012-07-11T15:04:14+00:00\",\"author\":{\"@id\":\"https:\/\/blogs.thesocialmedia.com\/leblogmoto\/#\/schema\/person\/18bfe773e5725ed6d24f743da805362a\"},\"breadcrumb\":{\"@id\":\"https:\/\/blogs.thesocialmedia.com\/leblogmoto\/2007\/12\/13\/ide-cadeau-le-c\/#breadcrumb\"},\"inLanguage\":\"fr-FR\",\"potentialAction\":[{\"@type\":\"ReadAction\",\"target\":[\"https:\/\/blogs.thesocialmedia.com\/leblogmoto\/2007\/12\/13\/ide-cadeau-le-c\/\"]}]},{\"@type\":\"ImageObject\",\"inLanguage\":\"fr-FR\",\"@id\":\"https:\/\/blogs.thesocialmedia.com\/leblogmoto\/2007\/12\/13\/ide-cadeau-le-c\/#primaryimage\",\"url\":\"http:\/\/www.leblogmoto.com\/images\/2007\/12\/13\/moto_casques_nexx_denim.jpg\",\"contentUrl\":\"http:\/\/www.leblogmoto.com\/images\/2007\/12\/13\/moto_casques_nexx_denim.jpg\"},{\"@type\":\"BreadcrumbList\",\"@id\":\"https:\/\/blogs.thesocialmedia.com\/leblogmoto\/2007\/12\/13\/ide-cadeau-le-c\/#breadcrumb\",\"itemListElement\":[{\"@type\":\"ListItem\",\"position\":1,\"name\":\"Accueil\",\"item\":\"https:\/\/blogs.thesocialmedia.com\/leblogmoto\/\"},{\"@type\":\"ListItem\",\"position\":2,\"name\":\"Id\u00e9e cadeau, le casque Jet X60 Denim de chez Nexx.\"}]},{\"@type\":\"WebSite\",\"@id\":\"https:\/\/blogs.thesocialmedia.com\/leblogmoto\/#website\",\"url\":\"https:\/\/blogs.thesocialmedia.com\/leblogmoto\/\",\"name\":\"leblogmoto\",\"description\":\"Toute l&#039;actualit\u00e9 des 2 roues\",\"potentialAction\":[{\"@type\":\"SearchAction\",\"target\":{\"@type\":\"EntryPoint\",\"urlTemplate\":\"https:\/\/blogs.thesocialmedia.com\/leblogmoto\/?s={search_term_string}\"},\"query-input\":{\"@type\":\"PropertyValueSpecification\",\"valueRequired\":true,\"valueName\":\"search_term_string\"}}],\"inLanguage\":\"fr-FR\"},{\"@type\":\"Person\",\"@id\":\"https:\/\/blogs.thesocialmedia.com\/leblogmoto\/#\/schema\/person\/18bfe773e5725ed6d24f743da805362a\",\"name\":\"benoit rieu\",\"image\":{\"@type\":\"ImageObject\",\"inLanguage\":\"fr-FR\",\"@id\":\"https:\/\/blogs.thesocialmedia.com\/leblogmoto\/#\/schema\/person\/image\/\",\"url\":\"https:\/\/secure.gravatar.com\/avatar\/?s=96&d=mm&r=g\",\"contentUrl\":\"https:\/\/secure.gravatar.com\/avatar\/?s=96&d=mm&r=g\",\"caption\":\"benoit rieu\"},\"url\":\"https:\/\/blogs.thesocialmedia.com\/leblogmoto\/author\/benoit-rieu\/\"}]}<\/script>\n<!-- \/ Yoast SEO plugin. -->","yoast_head_json":{"title":"Id\u00e9e cadeau, le casque Jet X60 Denim de chez Nexx. - leblogmoto.com","robots":{"index":"index","follow":"follow","max-snippet":"max-snippet:-1","max-image-preview":"max-image-preview:large","max-video-preview":"max-video-preview:-1"},"canonical":"https:\/\/blogs.thesocialmedia.com\/leblogmoto\/2007\/12\/13\/ide-cadeau-le-c\/","twitter_card":"summary_large_image","twitter_title":"Id\u00e9e cadeau, le casque Jet X60 Denim de chez Nexx. - leblogmoto.com","twitter_description":"La marque portugaise Nexx propose des casques au rev\u00eatement ext\u00e9rieur original, une toile de jeans Denim. J&rsquo;ai toujours \u00e9t\u00e9 tr\u00e8s r\u00e9serv\u00e9 sur l&rsquo;usage des casques Jet \u00e0 Moto, et je reste persuad\u00e9 qu&rsquo;un casque modulable (de pr\u00e9f\u00e9rence homologu\u00e9 Jet et Int\u00e9gral) est adapt\u00e9 au changement d&rsquo;environnements et de vitesses du motard (passage de la circulation [&hellip;]","twitter_image":"http:\/\/www.leblogmoto.com\/images\/2007\/12\/13\/moto_casques_nexx_denim.jpg","twitter_misc":{"\u00c9crit par":"benoit rieu","Dur\u00e9e de lecture estim\u00e9e":"1 minute"},"schema":{"@context":"https:\/\/schema.org","@graph":[{"@type":"WebPage","@id":"https:\/\/blogs.thesocialmedia.com\/leblogmoto\/2007\/12\/13\/ide-cadeau-le-c\/","url":"https:\/\/blogs.thesocialmedia.com\/leblogmoto\/2007\/12\/13\/ide-cadeau-le-c\/","name":"Id\u00e9e cadeau, le casque Jet X60 Denim de chez Nexx. - leblogmoto.com","isPartOf":{"@id":"https:\/\/blogs.thesocialmedia.com\/leblogmoto\/#website"},"primaryImageOfPage":{"@id":"https:\/\/blogs.thesocialmedia.com\/leblogmoto\/2007\/12\/13\/ide-cadeau-le-c\/#primaryimage"},"image":{"@id":"https:\/\/blogs.thesocialmedia.com\/leblogmoto\/2007\/12\/13\/ide-cadeau-le-c\/#primaryimage"},"thumbnailUrl":"http:\/\/www.leblogmoto.com\/images\/2007\/12\/13\/moto_casques_nexx_denim.jpg","datePublished":"2007-12-13T20:23:02+00:00","dateModified":"2012-07-11T15:04:14+00:00","author":{"@id":"https:\/\/blogs.thesocialmedia.com\/leblogmoto\/#\/schema\/person\/18bfe773e5725ed6d24f743da805362a"},"breadcrumb":{"@id":"https:\/\/blogs.thesocialmedia.com\/leblogmoto\/2007\/12\/13\/ide-cadeau-le-c\/#breadcrumb"},"inLanguage":"fr-FR","potentialAction":[{"@type":"ReadAction","target":["https:\/\/blogs.thesocialmedia.com\/leblogmoto\/2007\/12\/13\/ide-cadeau-le-c\/"]}]},{"@type":"ImageObject","inLanguage":"fr-FR","@id":"https:\/\/blogs.thesocialmedia.com\/leblogmoto\/2007\/12\/13\/ide-cadeau-le-c\/#primaryimage","url":"http:\/\/www.leblogmoto.com\/images\/2007\/12\/13\/moto_casques_nexx_denim.jpg","contentUrl":"http:\/\/www.leblogmoto.com\/images\/2007\/12\/13\/moto_casques_nexx_denim.jpg"},{"@type":"BreadcrumbList","@id":"https:\/\/blogs.thesocialmedia.com\/leblogmoto\/2007\/12\/13\/ide-cadeau-le-c\/#breadcrumb","itemListElement":[{"@type":"ListItem","position":1,"name":"Accueil","item":"https:\/\/blogs.thesocialmedia.com\/leblogmoto\/"},{"@type":"ListItem","position":2,"name":"Id\u00e9e cadeau, le casque Jet X60 Denim de chez Nexx."}]},{"@type":"WebSite","@id":"https:\/\/blogs.thesocialmedia.com\/leblogmoto\/#website","url":"https:\/\/blogs.thesocialmedia.com\/leblogmoto\/","name":"leblogmoto","description":"Toute l&#039;actualit\u00e9 des 2 roues","potentialAction":[{"@type":"SearchAction","target":{"@type":"EntryPoint","urlTemplate":"https:\/\/blogs.thesocialmedia.com\/leblogmoto\/?s={search_term_string}"},"query-input":{"@type":"PropertyValueSpecification","valueRequired":true,"valueName":"search_term_string"}}],"inLanguage":"fr-FR"},{"@type":"Person","@id":"https:\/\/blogs.thesocialmedia.com\/leblogmoto\/#\/schema\/person\/18bfe773e5725ed6d24f743da805362a","name":"benoit rieu","image":{"@type":"ImageObject","inLanguage":"fr-FR","@id":"https:\/\/blogs.thesocialmedia.com\/leblogmoto\/#\/schema\/person\/image\/","url":"https:\/\/secure.gravatar.com\/avatar\/?s=96&d=mm&r=g","contentUrl":"https:\/\/secure.gravatar.com\/avatar\/?s=96&d=mm&r=g","caption":"benoit rieu"},"url":"https:\/\/blogs.thesocialmedia.com\/leblogmoto\/author\/benoit-rieu\/"}]}},"_links":{"self":[{"href":"https:\/\/blogs.thesocialmedia.com\/leblogmoto\/wp-json\/wp\/v2\/posts\/1022","targetHints":{"allow":["GET"]}}],"collection":[{"href":"https:\/\/blogs.thesocialmedia.com\/leblogmoto\/wp-json\/wp\/v2\/posts"}],"about":[{"href":"https:\/\/blogs.thesocialmedia.com\/leblogmoto\/wp-json\/wp\/v2\/types\/post"}],"author":[{"embeddable":true,"href":"https:\/\/blogs.thesocialmedia.com\/leblogmoto\/wp-json\/wp\/v2\/users\/324"}],"replies":[{"embeddable":true,"href":"https:\/\/blogs.thesocialmedia.com\/leblogmoto\/wp-json\/wp\/v2\/comments?post=1022"}],"version-history":[{"count":2,"href":"https:\/\/blogs.thesocialmedia.com\/leblogmoto\/wp-json\/wp\/v2\/posts\/1022\/revisions"}],"predecessor-version":[{"id":9412,"href":"https:\/\/blogs.thesocialmedia.com\/leblogmoto\/wp-json\/wp\/v2\/posts\/1022\/revisions\/9412"}],"wp:attachment":[{"href":"https:\/\/blogs.thesocialmedia.com\/leblogmoto\/wp-json\/wp\/v2\/media?parent=1022"}],"wp:term":[{"taxonomy":"category","embeddable":true,"href":"https:\/\/blogs.thesocialmedia.com\/leblogmoto\/wp-json\/wp\/v2\/categories?post=1022"},{"taxonomy":"post_tag","embeddable":true,"href":"https:\/\/blogs.thesocialmedia.com\/leblogmoto\/wp-json\/wp\/v2\/tags?post=1022"}],"curies":[{"name":"wp","href":"https:\/\/api.w.org\/{rel}","templated":true}]}}