{"id":1026,"date":"2007-12-11T07:20:31","date_gmt":"2007-12-11T07:20:31","guid":{"rendered":"http:\/\/blogs.thesocialmedia.com\/leblogmoto\/2007\/12\/11\/numro-dquilibri\/"},"modified":"2012-07-11T15:03:22","modified_gmt":"2012-07-11T15:03:22","slug":"numro-dquilibri","status":"publish","type":"post","link":"https:\/\/blogs.thesocialmedia.com\/leblogmoto\/2007\/12\/11\/numro-dquilibri\/","title":{"rendered":"Surr\u00e9alistes num\u00e9ros d&rsquo;\u00e9quilibristes en MotoGP."},"content":{"rendered":"<p><a href=\"http:\/\/blogs.thesocialmedia.com\/leblogmoto\/files\/2012\/07\/moto_motogp.jpg\"><img loading=\"lazy\" decoding=\"async\" width=\"470\" height=\"303\"  alt=\"Moto_motogp\" src=\"http:\/\/www.leblogmoto.com\/images\/2007\/12\/10\/moto_motogp.jpg\" \/><\/a><\/p>\n<p>Etonnant ce que l&rsquo;on trouve sur <a href=\"http:\/\/flickr.com\/\">Flickr<\/a> de temps en temps. Alors que j&rsquo;uploadais des photos pour les partager avec mes proches hier, je suis tomb\u00e9 avec un peu de chance, sur ces spectaculaires <a href=\"http:\/\/flickr.com\/photos\/phillc\/sets\/72057594092893390\/\">images du crash de Catalunya en 2006<\/a>, ressorties de derri\u00e8re les fagots comme l&rsquo;on dit chez nous. La course s&rsquo;\u00e9tait alors jou\u00e9e d\u00e8s le d\u00e9part, les Ducati de Sete Gibernau et de Loris Capirossi se touchant au premier freinage. Emportant la Honda n\u00b033 de Marco Melandri dans la chute. <\/p>\n<p>Alors que la photo suivante nous montre Dani Pedrosa et John Hopkins tracer de fa\u00e7on irr\u00e9elle sur le gravier au milieu d&rsquo;un carnage de car\u00e9nages \u00e9carlates.<\/p>\n<p>Un des tournants du championnat \u00e0 n&rsquo;en pas douter, les pilotes impliqu\u00e9s dans cet accident ne participeront que de fa\u00e7on sporadique aux Grands Prix suivants ou alors s&rsquo;en avoir retrouv\u00e9 leur meilleur niveau: la clavicule gauche bris\u00e9e de Sete pr\u00e9cipitera par exemple sa retraite en novembre de la m\u00eame ann\u00e9e. <\/p>\n<p>Valentino Rossi remportera l&rsquo;\u00e9preuve, un faux semblant car le strike barcelonais permettra \u00e0 un Nicky Hayden tr\u00e8s solide et r\u00e9gulier d&rsquo;accentuer son avance au classement avant son couronnement final.<\/p>\n<p><a href=\"http:\/\/clabedan.typepad.com\/.shared\/image.html?\/photos\/uncategorized\/2007\/12\/10\/moto_motogp_catalunya_2006_3.jpg\"><img loading=\"lazy\" decoding=\"async\" width=\"395\" height=\"500\"  src=\"http:\/\/www.leblogmoto.com\/images\/2007\/12\/10\/moto_motogp_catalunya_2006_3.jpg\" alt=\"Moto_motogp_catalunya_2006_3\" \/><\/a> <\/p>\n<p><a href=\"http:\/\/blogs.thesocialmedia.com\/leblogmoto\/files\/2012\/07\/moto_motogp_catalunya_2006_c.jpg\"><img loading=\"lazy\" decoding=\"async\" width=\"470\" height=\"286\"  alt=\"Moto_motogp_catalunya_2006_c\" src=\"http:\/\/www.leblogmoto.com\/images\/2007\/12\/10\/moto_motogp_catalunya_2006_c.jpg\" \/><\/a><\/p>\n<p><em>source: flickr.com<\/em> <\/p>\n","protected":false},"excerpt":{"rendered":"<p>Etonnant ce que l&rsquo;on trouve sur Flickr de temps en temps. Alors que j&rsquo;uploadais des photos pour les partager avec mes proches hier, je suis tomb\u00e9 avec un peu de chance, sur ces spectaculaires images du crash de Catalunya en 2006, ressorties de derri\u00e8re les fagots comme l&rsquo;on dit chez nous. La course s&rsquo;\u00e9tait alors [&hellip;]<\/p>\n","protected":false},"author":324,"featured_media":0,"comment_status":"open","ping_status":"open","sticky":false,"template":"","format":"standard","meta":{"footnotes":""},"categories":[16,58,22],"tags":[],"class_list":["post-1026","post","type-post","status-publish","format-standard","hentry","category-art-moto","category-insolite","category-motogp"],"yoast_head":"<!-- This site is optimized with the Yoast SEO plugin v26.0 - https:\/\/yoast.com\/wordpress\/plugins\/seo\/ -->\n<title>Surr\u00e9alistes num\u00e9ros d&#039;\u00e9quilibristes en MotoGP. - leblogmoto.com<\/title>\n<meta name=\"robots\" content=\"index, follow, max-snippet:-1, max-image-preview:large, max-video-preview:-1\" \/>\n<link rel=\"canonical\" href=\"https:\/\/blogs.thesocialmedia.com\/leblogmoto\/2007\/12\/11\/numro-dquilibri\/\" \/>\n<meta name=\"twitter:card\" content=\"summary_large_image\" \/>\n<meta name=\"twitter:title\" content=\"Surr\u00e9alistes num\u00e9ros d&#039;\u00e9quilibristes en MotoGP. - leblogmoto.com\" \/>\n<meta name=\"twitter:description\" content=\"Etonnant ce que l&rsquo;on trouve sur Flickr de temps en temps. Alors que j&rsquo;uploadais des photos pour les partager avec mes proches hier, je suis tomb\u00e9 avec un peu de chance, sur ces spectaculaires images du crash de Catalunya en 2006, ressorties de derri\u00e8re les fagots comme l&rsquo;on dit chez nous. La course s&rsquo;\u00e9tait alors [&hellip;]\" \/>\n<meta name=\"twitter:image\" content=\"http:\/\/www.leblogmoto.com\/images\/2007\/12\/10\/moto_motogp.jpg\" \/>\n<meta name=\"twitter:label1\" content=\"\u00c9crit par\" \/>\n\t<meta name=\"twitter:data1\" content=\"benoit rieu\" \/>\n\t<meta name=\"twitter:label2\" content=\"Dur\u00e9e de lecture estim\u00e9e\" \/>\n\t<meta name=\"twitter:data2\" content=\"1 minute\" \/>\n<script type=\"application\/ld+json\" class=\"yoast-schema-graph\">{\"@context\":\"https:\/\/schema.org\",\"@graph\":[{\"@type\":\"WebPage\",\"@id\":\"https:\/\/blogs.thesocialmedia.com\/leblogmoto\/2007\/12\/11\/numro-dquilibri\/\",\"url\":\"https:\/\/blogs.thesocialmedia.com\/leblogmoto\/2007\/12\/11\/numro-dquilibri\/\",\"name\":\"Surr\u00e9alistes num\u00e9ros d'\u00e9quilibristes en MotoGP. - leblogmoto.com\",\"isPartOf\":{\"@id\":\"https:\/\/blogs.thesocialmedia.com\/leblogmoto\/#website\"},\"primaryImageOfPage\":{\"@id\":\"https:\/\/blogs.thesocialmedia.com\/leblogmoto\/2007\/12\/11\/numro-dquilibri\/#primaryimage\"},\"image\":{\"@id\":\"https:\/\/blogs.thesocialmedia.com\/leblogmoto\/2007\/12\/11\/numro-dquilibri\/#primaryimage\"},\"thumbnailUrl\":\"http:\/\/www.leblogmoto.com\/images\/2007\/12\/10\/moto_motogp.jpg\",\"datePublished\":\"2007-12-11T07:20:31+00:00\",\"dateModified\":\"2012-07-11T15:03:22+00:00\",\"author\":{\"@id\":\"https:\/\/blogs.thesocialmedia.com\/leblogmoto\/#\/schema\/person\/18bfe773e5725ed6d24f743da805362a\"},\"breadcrumb\":{\"@id\":\"https:\/\/blogs.thesocialmedia.com\/leblogmoto\/2007\/12\/11\/numro-dquilibri\/#breadcrumb\"},\"inLanguage\":\"fr-FR\",\"potentialAction\":[{\"@type\":\"ReadAction\",\"target\":[\"https:\/\/blogs.thesocialmedia.com\/leblogmoto\/2007\/12\/11\/numro-dquilibri\/\"]}]},{\"@type\":\"ImageObject\",\"inLanguage\":\"fr-FR\",\"@id\":\"https:\/\/blogs.thesocialmedia.com\/leblogmoto\/2007\/12\/11\/numro-dquilibri\/#primaryimage\",\"url\":\"http:\/\/www.leblogmoto.com\/images\/2007\/12\/10\/moto_motogp.jpg\",\"contentUrl\":\"http:\/\/www.leblogmoto.com\/images\/2007\/12\/10\/moto_motogp.jpg\"},{\"@type\":\"BreadcrumbList\",\"@id\":\"https:\/\/blogs.thesocialmedia.com\/leblogmoto\/2007\/12\/11\/numro-dquilibri\/#breadcrumb\",\"itemListElement\":[{\"@type\":\"ListItem\",\"position\":1,\"name\":\"Accueil\",\"item\":\"https:\/\/blogs.thesocialmedia.com\/leblogmoto\/\"},{\"@type\":\"ListItem\",\"position\":2,\"name\":\"Surr\u00e9alistes num\u00e9ros d&rsquo;\u00e9quilibristes en MotoGP.\"}]},{\"@type\":\"WebSite\",\"@id\":\"https:\/\/blogs.thesocialmedia.com\/leblogmoto\/#website\",\"url\":\"https:\/\/blogs.thesocialmedia.com\/leblogmoto\/\",\"name\":\"leblogmoto\",\"description\":\"Toute l&#039;actualit\u00e9 des 2 roues\",\"potentialAction\":[{\"@type\":\"SearchAction\",\"target\":{\"@type\":\"EntryPoint\",\"urlTemplate\":\"https:\/\/blogs.thesocialmedia.com\/leblogmoto\/?s={search_term_string}\"},\"query-input\":{\"@type\":\"PropertyValueSpecification\",\"valueRequired\":true,\"valueName\":\"search_term_string\"}}],\"inLanguage\":\"fr-FR\"},{\"@type\":\"Person\",\"@id\":\"https:\/\/blogs.thesocialmedia.com\/leblogmoto\/#\/schema\/person\/18bfe773e5725ed6d24f743da805362a\",\"name\":\"benoit rieu\",\"image\":{\"@type\":\"ImageObject\",\"inLanguage\":\"fr-FR\",\"@id\":\"https:\/\/blogs.thesocialmedia.com\/leblogmoto\/#\/schema\/person\/image\/\",\"url\":\"https:\/\/secure.gravatar.com\/avatar\/?s=96&d=mm&r=g\",\"contentUrl\":\"https:\/\/secure.gravatar.com\/avatar\/?s=96&d=mm&r=g\",\"caption\":\"benoit rieu\"},\"url\":\"https:\/\/blogs.thesocialmedia.com\/leblogmoto\/author\/benoit-rieu\/\"}]}<\/script>\n<!-- \/ Yoast SEO plugin. -->","yoast_head_json":{"title":"Surr\u00e9alistes num\u00e9ros d'\u00e9quilibristes en MotoGP. - leblogmoto.com","robots":{"index":"index","follow":"follow","max-snippet":"max-snippet:-1","max-image-preview":"max-image-preview:large","max-video-preview":"max-video-preview:-1"},"canonical":"https:\/\/blogs.thesocialmedia.com\/leblogmoto\/2007\/12\/11\/numro-dquilibri\/","twitter_card":"summary_large_image","twitter_title":"Surr\u00e9alistes num\u00e9ros d'\u00e9quilibristes en MotoGP. - leblogmoto.com","twitter_description":"Etonnant ce que l&rsquo;on trouve sur Flickr de temps en temps. Alors que j&rsquo;uploadais des photos pour les partager avec mes proches hier, je suis tomb\u00e9 avec un peu de chance, sur ces spectaculaires images du crash de Catalunya en 2006, ressorties de derri\u00e8re les fagots comme l&rsquo;on dit chez nous. La course s&rsquo;\u00e9tait alors [&hellip;]","twitter_image":"http:\/\/www.leblogmoto.com\/images\/2007\/12\/10\/moto_motogp.jpg","twitter_misc":{"\u00c9crit par":"benoit rieu","Dur\u00e9e de lecture estim\u00e9e":"1 minute"},"schema":{"@context":"https:\/\/schema.org","@graph":[{"@type":"WebPage","@id":"https:\/\/blogs.thesocialmedia.com\/leblogmoto\/2007\/12\/11\/numro-dquilibri\/","url":"https:\/\/blogs.thesocialmedia.com\/leblogmoto\/2007\/12\/11\/numro-dquilibri\/","name":"Surr\u00e9alistes num\u00e9ros d'\u00e9quilibristes en MotoGP. - leblogmoto.com","isPartOf":{"@id":"https:\/\/blogs.thesocialmedia.com\/leblogmoto\/#website"},"primaryImageOfPage":{"@id":"https:\/\/blogs.thesocialmedia.com\/leblogmoto\/2007\/12\/11\/numro-dquilibri\/#primaryimage"},"image":{"@id":"https:\/\/blogs.thesocialmedia.com\/leblogmoto\/2007\/12\/11\/numro-dquilibri\/#primaryimage"},"thumbnailUrl":"http:\/\/www.leblogmoto.com\/images\/2007\/12\/10\/moto_motogp.jpg","datePublished":"2007-12-11T07:20:31+00:00","dateModified":"2012-07-11T15:03:22+00:00","author":{"@id":"https:\/\/blogs.thesocialmedia.com\/leblogmoto\/#\/schema\/person\/18bfe773e5725ed6d24f743da805362a"},"breadcrumb":{"@id":"https:\/\/blogs.thesocialmedia.com\/leblogmoto\/2007\/12\/11\/numro-dquilibri\/#breadcrumb"},"inLanguage":"fr-FR","potentialAction":[{"@type":"ReadAction","target":["https:\/\/blogs.thesocialmedia.com\/leblogmoto\/2007\/12\/11\/numro-dquilibri\/"]}]},{"@type":"ImageObject","inLanguage":"fr-FR","@id":"https:\/\/blogs.thesocialmedia.com\/leblogmoto\/2007\/12\/11\/numro-dquilibri\/#primaryimage","url":"http:\/\/www.leblogmoto.com\/images\/2007\/12\/10\/moto_motogp.jpg","contentUrl":"http:\/\/www.leblogmoto.com\/images\/2007\/12\/10\/moto_motogp.jpg"},{"@type":"BreadcrumbList","@id":"https:\/\/blogs.thesocialmedia.com\/leblogmoto\/2007\/12\/11\/numro-dquilibri\/#breadcrumb","itemListElement":[{"@type":"ListItem","position":1,"name":"Accueil","item":"https:\/\/blogs.thesocialmedia.com\/leblogmoto\/"},{"@type":"ListItem","position":2,"name":"Surr\u00e9alistes num\u00e9ros d&rsquo;\u00e9quilibristes en MotoGP."}]},{"@type":"WebSite","@id":"https:\/\/blogs.thesocialmedia.com\/leblogmoto\/#website","url":"https:\/\/blogs.thesocialmedia.com\/leblogmoto\/","name":"leblogmoto","description":"Toute l&#039;actualit\u00e9 des 2 roues","potentialAction":[{"@type":"SearchAction","target":{"@type":"EntryPoint","urlTemplate":"https:\/\/blogs.thesocialmedia.com\/leblogmoto\/?s={search_term_string}"},"query-input":{"@type":"PropertyValueSpecification","valueRequired":true,"valueName":"search_term_string"}}],"inLanguage":"fr-FR"},{"@type":"Person","@id":"https:\/\/blogs.thesocialmedia.com\/leblogmoto\/#\/schema\/person\/18bfe773e5725ed6d24f743da805362a","name":"benoit rieu","image":{"@type":"ImageObject","inLanguage":"fr-FR","@id":"https:\/\/blogs.thesocialmedia.com\/leblogmoto\/#\/schema\/person\/image\/","url":"https:\/\/secure.gravatar.com\/avatar\/?s=96&d=mm&r=g","contentUrl":"https:\/\/secure.gravatar.com\/avatar\/?s=96&d=mm&r=g","caption":"benoit rieu"},"url":"https:\/\/blogs.thesocialmedia.com\/leblogmoto\/author\/benoit-rieu\/"}]}},"_links":{"self":[{"href":"https:\/\/blogs.thesocialmedia.com\/leblogmoto\/wp-json\/wp\/v2\/posts\/1026","targetHints":{"allow":["GET"]}}],"collection":[{"href":"https:\/\/blogs.thesocialmedia.com\/leblogmoto\/wp-json\/wp\/v2\/posts"}],"about":[{"href":"https:\/\/blogs.thesocialmedia.com\/leblogmoto\/wp-json\/wp\/v2\/types\/post"}],"author":[{"embeddable":true,"href":"https:\/\/blogs.thesocialmedia.com\/leblogmoto\/wp-json\/wp\/v2\/users\/324"}],"replies":[{"embeddable":true,"href":"https:\/\/blogs.thesocialmedia.com\/leblogmoto\/wp-json\/wp\/v2\/comments?post=1026"}],"version-history":[{"count":2,"href":"https:\/\/blogs.thesocialmedia.com\/leblogmoto\/wp-json\/wp\/v2\/posts\/1026\/revisions"}],"predecessor-version":[{"id":9391,"href":"https:\/\/blogs.thesocialmedia.com\/leblogmoto\/wp-json\/wp\/v2\/posts\/1026\/revisions\/9391"}],"wp:attachment":[{"href":"https:\/\/blogs.thesocialmedia.com\/leblogmoto\/wp-json\/wp\/v2\/media?parent=1026"}],"wp:term":[{"taxonomy":"category","embeddable":true,"href":"https:\/\/blogs.thesocialmedia.com\/leblogmoto\/wp-json\/wp\/v2\/categories?post=1026"},{"taxonomy":"post_tag","embeddable":true,"href":"https:\/\/blogs.thesocialmedia.com\/leblogmoto\/wp-json\/wp\/v2\/tags?post=1026"}],"curies":[{"name":"wp","href":"https:\/\/api.w.org\/{rel}","templated":true}]}}