{"id":1029,"date":"2007-12-11T05:41:52","date_gmt":"2007-12-11T05:41:52","guid":{"rendered":"http:\/\/blogs.thesocialmedia.com\/leblogmoto\/2007\/12\/11\/evel-knievel-la\/"},"modified":"2012-07-11T15:03:12","modified_gmt":"2012-07-11T15:03:12","slug":"evel-knievel-la","status":"publish","type":"post","link":"https:\/\/blogs.thesocialmedia.com\/leblogmoto\/2007\/12\/11\/evel-knievel-la\/","title":{"rendered":"Evel Knievel, la derni\u00e8re envol\u00e9e"},"content":{"rendered":"<p><a href=\"http:\/\/blogs.thesocialmedia.com\/leblogmoto\/files\/2012\/07\/evel1.jpg\"><img loading=\"lazy\" decoding=\"async\" width=\"470\" height=\"160\"  src=\"http:\/\/www.leblogmoto.com\/images\/2007\/12\/10\/evel1.jpg\" alt=\"Evel1\" \/><\/a> <\/p>\n<p>Ils \u00e9taient plus de cinq mille personnes venues rendre un dernier hommage \u00e0 Evel Knievel, chez lui, \u00e0 Butte (Montana) hier. L&rsquo;acteur <a href=\"http:\/\/en.wikipedia.org\/wiki\/Matthew_McConaughey\">Matthew McConaughey<\/a> \u00e9tait du lot, d\u00e9clarant que le cascadeur volait maintenant pour toujours, sans craindre un atterrissage difficile, alors que dans le ciel, \u00e9clatait un feu d&rsquo;artifice aux couleurs du drapeau am\u00e9ricain.<br \/>Pour un reportage complet, le <a href=\"http:\/\/www.mtstandard.com\/\">Montana Standard<\/a> est un must.<\/p>\n<p><em>Images AFP<\/em><br \/><a href=\"http:\/\/clabedan.typepad.com\/.shared\/image.html?\/photos\/uncategorized\/2007\/12\/10\/evel2.jpg\"><img loading=\"lazy\" decoding=\"async\" width=\"470\" height=\"386\"  src=\"http:\/\/www.leblogmoto.com\/images\/2007\/12\/10\/evel2.jpg\" alt=\"Evel2\" \/><\/a> <\/p>\n","protected":false},"excerpt":{"rendered":"<p>Ils \u00e9taient plus de cinq mille personnes venues rendre un dernier hommage \u00e0 Evel Knievel, chez lui, \u00e0 Butte (Montana) hier. L&rsquo;acteur Matthew McConaughey \u00e9tait du lot, d\u00e9clarant que le cascadeur volait maintenant pour toujours, sans craindre un atterrissage difficile, alors que dans le ciel, \u00e9clatait un feu d&rsquo;artifice aux couleurs du drapeau am\u00e9ricain.Pour un [&hellip;]<\/p>\n","protected":false},"author":325,"featured_media":0,"comment_status":"open","ping_status":"open","sticky":false,"template":"","format":"standard","meta":{"footnotes":""},"categories":[3],"tags":[],"class_list":["post-1029","post","type-post","status-publish","format-standard","hentry","category-actualite"],"yoast_head":"<!-- This site is optimized with the Yoast SEO plugin v26.0 - https:\/\/yoast.com\/wordpress\/plugins\/seo\/ -->\n<title>Evel Knievel, la derni\u00e8re envol\u00e9e - leblogmoto.com<\/title>\n<meta name=\"robots\" content=\"index, follow, max-snippet:-1, max-image-preview:large, max-video-preview:-1\" \/>\n<link rel=\"canonical\" href=\"https:\/\/blogs.thesocialmedia.com\/leblogmoto\/2007\/12\/11\/evel-knievel-la\/\" \/>\n<meta name=\"twitter:card\" content=\"summary_large_image\" \/>\n<meta name=\"twitter:title\" content=\"Evel Knievel, la derni\u00e8re envol\u00e9e - leblogmoto.com\" \/>\n<meta name=\"twitter:description\" content=\"Ils \u00e9taient plus de cinq mille personnes venues rendre un dernier hommage \u00e0 Evel Knievel, chez lui, \u00e0 Butte (Montana) hier. L&rsquo;acteur Matthew McConaughey \u00e9tait du lot, d\u00e9clarant que le cascadeur volait maintenant pour toujours, sans craindre un atterrissage difficile, alors que dans le ciel, \u00e9clatait un feu d&rsquo;artifice aux couleurs du drapeau am\u00e9ricain.Pour un [&hellip;]\" \/>\n<meta name=\"twitter:image\" content=\"http:\/\/www.leblogmoto.com\/images\/2007\/12\/10\/evel1.jpg\" \/>\n<meta name=\"twitter:label1\" content=\"\u00c9crit par\" \/>\n\t<meta name=\"twitter:data1\" content=\"jacques lesage\" \/>\n<script type=\"application\/ld+json\" class=\"yoast-schema-graph\">{\"@context\":\"https:\/\/schema.org\",\"@graph\":[{\"@type\":\"WebPage\",\"@id\":\"https:\/\/blogs.thesocialmedia.com\/leblogmoto\/2007\/12\/11\/evel-knievel-la\/\",\"url\":\"https:\/\/blogs.thesocialmedia.com\/leblogmoto\/2007\/12\/11\/evel-knievel-la\/\",\"name\":\"Evel Knievel, la derni\u00e8re envol\u00e9e - leblogmoto.com\",\"isPartOf\":{\"@id\":\"https:\/\/blogs.thesocialmedia.com\/leblogmoto\/#website\"},\"primaryImageOfPage\":{\"@id\":\"https:\/\/blogs.thesocialmedia.com\/leblogmoto\/2007\/12\/11\/evel-knievel-la\/#primaryimage\"},\"image\":{\"@id\":\"https:\/\/blogs.thesocialmedia.com\/leblogmoto\/2007\/12\/11\/evel-knievel-la\/#primaryimage\"},\"thumbnailUrl\":\"http:\/\/www.leblogmoto.com\/images\/2007\/12\/10\/evel1.jpg\",\"datePublished\":\"2007-12-11T05:41:52+00:00\",\"dateModified\":\"2012-07-11T15:03:12+00:00\",\"author\":{\"@id\":\"https:\/\/blogs.thesocialmedia.com\/leblogmoto\/#\/schema\/person\/e82a0ca8a9a63d031586097a3ed58526\"},\"breadcrumb\":{\"@id\":\"https:\/\/blogs.thesocialmedia.com\/leblogmoto\/2007\/12\/11\/evel-knievel-la\/#breadcrumb\"},\"inLanguage\":\"fr-FR\",\"potentialAction\":[{\"@type\":\"ReadAction\",\"target\":[\"https:\/\/blogs.thesocialmedia.com\/leblogmoto\/2007\/12\/11\/evel-knievel-la\/\"]}]},{\"@type\":\"ImageObject\",\"inLanguage\":\"fr-FR\",\"@id\":\"https:\/\/blogs.thesocialmedia.com\/leblogmoto\/2007\/12\/11\/evel-knievel-la\/#primaryimage\",\"url\":\"http:\/\/www.leblogmoto.com\/images\/2007\/12\/10\/evel1.jpg\",\"contentUrl\":\"http:\/\/www.leblogmoto.com\/images\/2007\/12\/10\/evel1.jpg\"},{\"@type\":\"BreadcrumbList\",\"@id\":\"https:\/\/blogs.thesocialmedia.com\/leblogmoto\/2007\/12\/11\/evel-knievel-la\/#breadcrumb\",\"itemListElement\":[{\"@type\":\"ListItem\",\"position\":1,\"name\":\"Accueil\",\"item\":\"https:\/\/blogs.thesocialmedia.com\/leblogmoto\/\"},{\"@type\":\"ListItem\",\"position\":2,\"name\":\"Evel Knievel, la derni\u00e8re envol\u00e9e\"}]},{\"@type\":\"WebSite\",\"@id\":\"https:\/\/blogs.thesocialmedia.com\/leblogmoto\/#website\",\"url\":\"https:\/\/blogs.thesocialmedia.com\/leblogmoto\/\",\"name\":\"leblogmoto\",\"description\":\"Toute l&#039;actualit\u00e9 des 2 roues\",\"potentialAction\":[{\"@type\":\"SearchAction\",\"target\":{\"@type\":\"EntryPoint\",\"urlTemplate\":\"https:\/\/blogs.thesocialmedia.com\/leblogmoto\/?s={search_term_string}\"},\"query-input\":{\"@type\":\"PropertyValueSpecification\",\"valueRequired\":true,\"valueName\":\"search_term_string\"}}],\"inLanguage\":\"fr-FR\"},{\"@type\":\"Person\",\"@id\":\"https:\/\/blogs.thesocialmedia.com\/leblogmoto\/#\/schema\/person\/e82a0ca8a9a63d031586097a3ed58526\",\"name\":\"jacques lesage\",\"image\":{\"@type\":\"ImageObject\",\"inLanguage\":\"fr-FR\",\"@id\":\"https:\/\/blogs.thesocialmedia.com\/leblogmoto\/#\/schema\/person\/image\/\",\"url\":\"https:\/\/secure.gravatar.com\/avatar\/?s=96&d=mm&r=g\",\"contentUrl\":\"https:\/\/secure.gravatar.com\/avatar\/?s=96&d=mm&r=g\",\"caption\":\"jacques lesage\"},\"url\":\"https:\/\/blogs.thesocialmedia.com\/leblogmoto\/author\/jacques-lesage\/\"}]}<\/script>\n<!-- \/ Yoast SEO plugin. -->","yoast_head_json":{"title":"Evel Knievel, la derni\u00e8re envol\u00e9e - leblogmoto.com","robots":{"index":"index","follow":"follow","max-snippet":"max-snippet:-1","max-image-preview":"max-image-preview:large","max-video-preview":"max-video-preview:-1"},"canonical":"https:\/\/blogs.thesocialmedia.com\/leblogmoto\/2007\/12\/11\/evel-knievel-la\/","twitter_card":"summary_large_image","twitter_title":"Evel Knievel, la derni\u00e8re envol\u00e9e - leblogmoto.com","twitter_description":"Ils \u00e9taient plus de cinq mille personnes venues rendre un dernier hommage \u00e0 Evel Knievel, chez lui, \u00e0 Butte (Montana) hier. L&rsquo;acteur Matthew McConaughey \u00e9tait du lot, d\u00e9clarant que le cascadeur volait maintenant pour toujours, sans craindre un atterrissage difficile, alors que dans le ciel, \u00e9clatait un feu d&rsquo;artifice aux couleurs du drapeau am\u00e9ricain.Pour un [&hellip;]","twitter_image":"http:\/\/www.leblogmoto.com\/images\/2007\/12\/10\/evel1.jpg","twitter_misc":{"\u00c9crit par":"jacques lesage"},"schema":{"@context":"https:\/\/schema.org","@graph":[{"@type":"WebPage","@id":"https:\/\/blogs.thesocialmedia.com\/leblogmoto\/2007\/12\/11\/evel-knievel-la\/","url":"https:\/\/blogs.thesocialmedia.com\/leblogmoto\/2007\/12\/11\/evel-knievel-la\/","name":"Evel Knievel, la derni\u00e8re envol\u00e9e - leblogmoto.com","isPartOf":{"@id":"https:\/\/blogs.thesocialmedia.com\/leblogmoto\/#website"},"primaryImageOfPage":{"@id":"https:\/\/blogs.thesocialmedia.com\/leblogmoto\/2007\/12\/11\/evel-knievel-la\/#primaryimage"},"image":{"@id":"https:\/\/blogs.thesocialmedia.com\/leblogmoto\/2007\/12\/11\/evel-knievel-la\/#primaryimage"},"thumbnailUrl":"http:\/\/www.leblogmoto.com\/images\/2007\/12\/10\/evel1.jpg","datePublished":"2007-12-11T05:41:52+00:00","dateModified":"2012-07-11T15:03:12+00:00","author":{"@id":"https:\/\/blogs.thesocialmedia.com\/leblogmoto\/#\/schema\/person\/e82a0ca8a9a63d031586097a3ed58526"},"breadcrumb":{"@id":"https:\/\/blogs.thesocialmedia.com\/leblogmoto\/2007\/12\/11\/evel-knievel-la\/#breadcrumb"},"inLanguage":"fr-FR","potentialAction":[{"@type":"ReadAction","target":["https:\/\/blogs.thesocialmedia.com\/leblogmoto\/2007\/12\/11\/evel-knievel-la\/"]}]},{"@type":"ImageObject","inLanguage":"fr-FR","@id":"https:\/\/blogs.thesocialmedia.com\/leblogmoto\/2007\/12\/11\/evel-knievel-la\/#primaryimage","url":"http:\/\/www.leblogmoto.com\/images\/2007\/12\/10\/evel1.jpg","contentUrl":"http:\/\/www.leblogmoto.com\/images\/2007\/12\/10\/evel1.jpg"},{"@type":"BreadcrumbList","@id":"https:\/\/blogs.thesocialmedia.com\/leblogmoto\/2007\/12\/11\/evel-knievel-la\/#breadcrumb","itemListElement":[{"@type":"ListItem","position":1,"name":"Accueil","item":"https:\/\/blogs.thesocialmedia.com\/leblogmoto\/"},{"@type":"ListItem","position":2,"name":"Evel Knievel, la derni\u00e8re envol\u00e9e"}]},{"@type":"WebSite","@id":"https:\/\/blogs.thesocialmedia.com\/leblogmoto\/#website","url":"https:\/\/blogs.thesocialmedia.com\/leblogmoto\/","name":"leblogmoto","description":"Toute l&#039;actualit\u00e9 des 2 roues","potentialAction":[{"@type":"SearchAction","target":{"@type":"EntryPoint","urlTemplate":"https:\/\/blogs.thesocialmedia.com\/leblogmoto\/?s={search_term_string}"},"query-input":{"@type":"PropertyValueSpecification","valueRequired":true,"valueName":"search_term_string"}}],"inLanguage":"fr-FR"},{"@type":"Person","@id":"https:\/\/blogs.thesocialmedia.com\/leblogmoto\/#\/schema\/person\/e82a0ca8a9a63d031586097a3ed58526","name":"jacques lesage","image":{"@type":"ImageObject","inLanguage":"fr-FR","@id":"https:\/\/blogs.thesocialmedia.com\/leblogmoto\/#\/schema\/person\/image\/","url":"https:\/\/secure.gravatar.com\/avatar\/?s=96&d=mm&r=g","contentUrl":"https:\/\/secure.gravatar.com\/avatar\/?s=96&d=mm&r=g","caption":"jacques lesage"},"url":"https:\/\/blogs.thesocialmedia.com\/leblogmoto\/author\/jacques-lesage\/"}]}},"_links":{"self":[{"href":"https:\/\/blogs.thesocialmedia.com\/leblogmoto\/wp-json\/wp\/v2\/posts\/1029","targetHints":{"allow":["GET"]}}],"collection":[{"href":"https:\/\/blogs.thesocialmedia.com\/leblogmoto\/wp-json\/wp\/v2\/posts"}],"about":[{"href":"https:\/\/blogs.thesocialmedia.com\/leblogmoto\/wp-json\/wp\/v2\/types\/post"}],"author":[{"embeddable":true,"href":"https:\/\/blogs.thesocialmedia.com\/leblogmoto\/wp-json\/wp\/v2\/users\/325"}],"replies":[{"embeddable":true,"href":"https:\/\/blogs.thesocialmedia.com\/leblogmoto\/wp-json\/wp\/v2\/comments?post=1029"}],"version-history":[{"count":2,"href":"https:\/\/blogs.thesocialmedia.com\/leblogmoto\/wp-json\/wp\/v2\/posts\/1029\/revisions"}],"predecessor-version":[{"id":9383,"href":"https:\/\/blogs.thesocialmedia.com\/leblogmoto\/wp-json\/wp\/v2\/posts\/1029\/revisions\/9383"}],"wp:attachment":[{"href":"https:\/\/blogs.thesocialmedia.com\/leblogmoto\/wp-json\/wp\/v2\/media?parent=1029"}],"wp:term":[{"taxonomy":"category","embeddable":true,"href":"https:\/\/blogs.thesocialmedia.com\/leblogmoto\/wp-json\/wp\/v2\/categories?post=1029"},{"taxonomy":"post_tag","embeddable":true,"href":"https:\/\/blogs.thesocialmedia.com\/leblogmoto\/wp-json\/wp\/v2\/tags?post=1029"}],"curies":[{"name":"wp","href":"https:\/\/api.w.org\/{rel}","templated":true}]}}