{"id":1031,"date":"2007-12-09T22:13:42","date_gmt":"2007-12-09T22:13:42","guid":{"rendered":"http:\/\/blogs.thesocialmedia.com\/leblogmoto\/2007\/12\/09\/moto-x-et-y-et\/"},"modified":"2012-07-11T15:02:58","modified_gmt":"2012-07-11T15:02:58","slug":"moto-x-et-y-et","status":"publish","type":"post","link":"https:\/\/blogs.thesocialmedia.com\/leblogmoto\/2007\/12\/09\/moto-x-et-y-et\/","title":{"rendered":"Moto X, et Y, et tant qu&rsquo;\u00e0 y \u00eatre, Z aussi"},"content":{"rendered":"<p><a href=\"http:\/\/blogs.thesocialmedia.com\/leblogmoto\/files\/2012\/07\/trailx4.jpg\"><img loading=\"lazy\" decoding=\"async\" width=\"470\" height=\"315\"  src=\"http:\/\/www.leblogmoto.com\/images\/2007\/12\/09\/trailx4.jpg\" alt=\"Trailx4\" \/><\/a> <\/p>\n<p>Pour la majorit\u00e9 des motards, demeurer sur deux roues sans rien casser est le but \u00e0 atteindre. Mais pour d&rsquo;autres, la gravit\u00e9 semble une ennemie \u00e0 laquelle tout est bon pour tenter d&rsquo;y \u00e9chapper. Le Lyonnais <a href=\"http:\/\/www.dupontandco.org\/\">Julien Dupont<\/a> est un de ceux-l\u00e0. Avec son Trial, il quitte la montagne et d\u00e9barque en ville, mais l&rsquo;id\u00e9e est la m\u00eame, l&rsquo;obstacle n&rsquo;est pas l\u00e0 pour \u00eatre contourn\u00e9, mais surmont\u00e9, au propre comme au figur\u00e9. Quitter le sol, faire en sorte que ce fragile instant o\u00f9 la moto est suspendue entre ciel et terre semble une \u00e9ternit\u00e9, tel est la finalit\u00e9 du geste.<\/p>\n<p><a href=\"http:\/\/clabedan.typepad.com\/.shared\/image.html?\/photos\/uncategorized\/2007\/12\/09\/trailx2.jpg\"><img loading=\"lazy\" decoding=\"async\" width=\"470\" height=\"312\"  alt=\"Trailx2\" src=\"http:\/\/www.leblogmoto.com\/images\/2007\/12\/09\/trailx2.jpg\" \/><\/a> <\/p>\n<p>Et pourtant, \u00e0 l&rsquo;autre bout du spectre, d&rsquo;autres casse-cou avec la m\u00eame id\u00e9e de l\u00e9g\u00e8ret\u00e9 en t\u00eate prennent des moyens diam\u00e9tralement oppos\u00e9s. ici, la lourdeur du processus est l&rsquo;amie \u00e0 satisfaire. Autant le Trial est poids plume, autant les GSXR, Ninja et autres Buell Lightning sont lourdes en comparaison, mais c&rsquo;est d&rsquo;une caresse des doigts, parfois m\u00eame sans y toucher que la magie du spectaculaire op\u00e8re.<\/p>\n<p><a href=\"http:\/\/blogs.thesocialmedia.com\/leblogmoto\/files\/2012\/07\/wheell.jpg\"><img loading=\"lazy\" decoding=\"async\" width=\"470\" height=\"171\"  alt=\"Wheell\" src=\"http:\/\/www.leblogmoto.com\/images\/2007\/12\/09\/wheell.jpg\" \/><\/a> <\/p>\n<p>La rue est le terrain de jeu par excellence, c&rsquo;est l\u00e0 que tout commence.<br \/>Et \u00e7a ne date pas d&rsquo;hier. Car <a href=\"http:\/\/www.youtube.com\/watch?v=NHMxLCr2sfk\">ce vid\u00e9o<\/a> datant de 1938 et montrant certains membre du Westside Motorcycle Club d&rsquo;Eugene en Oregon, faire sur la voie publique ce que bien d&rsquo;autres font toujours aujourd&rsquo;hui. Le style a \u00e9volu\u00e9, mais la base est l\u00e0.<\/p>\n<p>Ce sont les jeux du cirque, et il y a toujours une b\u00eate \u00e0 mater. Parfois c&rsquo;est elle qui mord, mais quand elle ob\u00e9it&#8230;<\/p>\n<p>Deux vid\u00e9os, celui par qui la vague d\u00e9ferla aux \u00c9tats-Unis avec <a href=\"http:\/\/www.superstreetbike.com\/scenes\/interview_wink_1100\/index.html\">Wink 1100<\/a> pour DMX, et la r\u00e9cup\u00e9ration commerciale avec enthousiasmes pour cam\u00e9ra seulement par Buell. <\/p>\n<p><object width=\"425\" height=\"373\"><param value=\"http:\/\/www.youtube.com\/v\/B2m3fHV0GhQ&amp;rel=0&amp;color1=0xd6d6d6&amp;color2=0xf0f0f0&amp;border=1\" name=\"movie\" \/><param value=\"transparent\" name=\"wmode\" \/><embed width=\"425\" height=\"373\" type=\"application\/x-shockwave-flash\" src=\"http:\/\/www.youtube.com\/v\/B2m3fHV0GhQ&amp;rel=0&amp;color1=0xd6d6d6&amp;color2=0xf0f0f0&amp;border=1\"><\/embed><\/object><\/p>\n<p><object width=\"425\" height=\"373\"><param value=\"http:\/\/www.youtube.com\/v\/I_SpU5T0YpQ&amp;rel=0&amp;color1=0xd6d6d6&amp;color2=0xf0f0f0&amp;border=1\" name=\"movie\" \/><param value=\"transparent\" name=\"wmode\" \/><embed width=\"425\" height=\"373\" type=\"application\/x-shockwave-flash\" src=\"http:\/\/www.youtube.com\/v\/I_SpU5T0YpQ&amp;rel=0&amp;color1=0xd6d6d6&amp;color2=0xf0f0f0&amp;border=1\"><\/embed><\/object><\/p>\n<p><em>Images: Yan Ross et <a href=\"http:\/\/stunt.ca\/\">Stunt.ca<\/a> <\/em><\/p>\n","protected":false},"excerpt":{"rendered":"<p>Pour la majorit\u00e9 des motards, demeurer sur deux roues sans rien casser est le but \u00e0 atteindre. Mais pour d&rsquo;autres, la gravit\u00e9 semble une ennemie \u00e0 laquelle tout est bon pour tenter d&rsquo;y \u00e9chapper. Le Lyonnais Julien Dupont est un de ceux-l\u00e0. Avec son Trial, il quitte la montagne et d\u00e9barque en ville, mais l&rsquo;id\u00e9e [&hellip;]<\/p>\n","protected":false},"author":325,"featured_media":0,"comment_status":"open","ping_status":"open","sticky":false,"template":"","format":"standard","meta":{"footnotes":""},"categories":[13,58,12],"tags":[],"class_list":["post-1031","post","type-post","status-publish","format-standard","hentry","category-aventure","category-insolite","category-videos"],"yoast_head":"<!-- This site is optimized with the Yoast SEO plugin v26.0 - https:\/\/yoast.com\/wordpress\/plugins\/seo\/ -->\n<title>Moto X, et Y, et tant qu&#039;\u00e0 y \u00eatre, Z aussi - leblogmoto.com<\/title>\n<meta name=\"robots\" content=\"index, follow, max-snippet:-1, max-image-preview:large, max-video-preview:-1\" \/>\n<link rel=\"canonical\" href=\"https:\/\/blogs.thesocialmedia.com\/leblogmoto\/2007\/12\/09\/moto-x-et-y-et\/\" \/>\n<meta name=\"twitter:card\" content=\"summary_large_image\" \/>\n<meta name=\"twitter:title\" content=\"Moto X, et Y, et tant qu&#039;\u00e0 y \u00eatre, Z aussi - leblogmoto.com\" \/>\n<meta name=\"twitter:description\" content=\"Pour la majorit\u00e9 des motards, demeurer sur deux roues sans rien casser est le but \u00e0 atteindre. Mais pour d&rsquo;autres, la gravit\u00e9 semble une ennemie \u00e0 laquelle tout est bon pour tenter d&rsquo;y \u00e9chapper. Le Lyonnais Julien Dupont est un de ceux-l\u00e0. Avec son Trial, il quitte la montagne et d\u00e9barque en ville, mais l&rsquo;id\u00e9e [&hellip;]\" \/>\n<meta name=\"twitter:image\" content=\"http:\/\/www.leblogmoto.com\/images\/2007\/12\/09\/trailx4.jpg\" \/>\n<meta name=\"twitter:label1\" content=\"\u00c9crit par\" \/>\n\t<meta name=\"twitter:data1\" content=\"jacques lesage\" \/>\n\t<meta name=\"twitter:label2\" content=\"Dur\u00e9e de lecture estim\u00e9e\" \/>\n\t<meta name=\"twitter:data2\" content=\"1 minute\" \/>\n<script type=\"application\/ld+json\" class=\"yoast-schema-graph\">{\"@context\":\"https:\/\/schema.org\",\"@graph\":[{\"@type\":\"WebPage\",\"@id\":\"https:\/\/blogs.thesocialmedia.com\/leblogmoto\/2007\/12\/09\/moto-x-et-y-et\/\",\"url\":\"https:\/\/blogs.thesocialmedia.com\/leblogmoto\/2007\/12\/09\/moto-x-et-y-et\/\",\"name\":\"Moto X, et Y, et tant qu'\u00e0 y \u00eatre, Z aussi - leblogmoto.com\",\"isPartOf\":{\"@id\":\"https:\/\/blogs.thesocialmedia.com\/leblogmoto\/#website\"},\"primaryImageOfPage\":{\"@id\":\"https:\/\/blogs.thesocialmedia.com\/leblogmoto\/2007\/12\/09\/moto-x-et-y-et\/#primaryimage\"},\"image\":{\"@id\":\"https:\/\/blogs.thesocialmedia.com\/leblogmoto\/2007\/12\/09\/moto-x-et-y-et\/#primaryimage\"},\"thumbnailUrl\":\"http:\/\/www.leblogmoto.com\/images\/2007\/12\/09\/trailx4.jpg\",\"datePublished\":\"2007-12-09T22:13:42+00:00\",\"dateModified\":\"2012-07-11T15:02:58+00:00\",\"author\":{\"@id\":\"https:\/\/blogs.thesocialmedia.com\/leblogmoto\/#\/schema\/person\/e82a0ca8a9a63d031586097a3ed58526\"},\"breadcrumb\":{\"@id\":\"https:\/\/blogs.thesocialmedia.com\/leblogmoto\/2007\/12\/09\/moto-x-et-y-et\/#breadcrumb\"},\"inLanguage\":\"fr-FR\",\"potentialAction\":[{\"@type\":\"ReadAction\",\"target\":[\"https:\/\/blogs.thesocialmedia.com\/leblogmoto\/2007\/12\/09\/moto-x-et-y-et\/\"]}]},{\"@type\":\"ImageObject\",\"inLanguage\":\"fr-FR\",\"@id\":\"https:\/\/blogs.thesocialmedia.com\/leblogmoto\/2007\/12\/09\/moto-x-et-y-et\/#primaryimage\",\"url\":\"http:\/\/www.leblogmoto.com\/images\/2007\/12\/09\/trailx4.jpg\",\"contentUrl\":\"http:\/\/www.leblogmoto.com\/images\/2007\/12\/09\/trailx4.jpg\"},{\"@type\":\"BreadcrumbList\",\"@id\":\"https:\/\/blogs.thesocialmedia.com\/leblogmoto\/2007\/12\/09\/moto-x-et-y-et\/#breadcrumb\",\"itemListElement\":[{\"@type\":\"ListItem\",\"position\":1,\"name\":\"Accueil\",\"item\":\"https:\/\/blogs.thesocialmedia.com\/leblogmoto\/\"},{\"@type\":\"ListItem\",\"position\":2,\"name\":\"Moto X, et Y, et tant qu&rsquo;\u00e0 y \u00eatre, Z aussi\"}]},{\"@type\":\"WebSite\",\"@id\":\"https:\/\/blogs.thesocialmedia.com\/leblogmoto\/#website\",\"url\":\"https:\/\/blogs.thesocialmedia.com\/leblogmoto\/\",\"name\":\"leblogmoto\",\"description\":\"Toute l&#039;actualit\u00e9 des 2 roues\",\"potentialAction\":[{\"@type\":\"SearchAction\",\"target\":{\"@type\":\"EntryPoint\",\"urlTemplate\":\"https:\/\/blogs.thesocialmedia.com\/leblogmoto\/?s={search_term_string}\"},\"query-input\":{\"@type\":\"PropertyValueSpecification\",\"valueRequired\":true,\"valueName\":\"search_term_string\"}}],\"inLanguage\":\"fr-FR\"},{\"@type\":\"Person\",\"@id\":\"https:\/\/blogs.thesocialmedia.com\/leblogmoto\/#\/schema\/person\/e82a0ca8a9a63d031586097a3ed58526\",\"name\":\"jacques lesage\",\"image\":{\"@type\":\"ImageObject\",\"inLanguage\":\"fr-FR\",\"@id\":\"https:\/\/blogs.thesocialmedia.com\/leblogmoto\/#\/schema\/person\/image\/\",\"url\":\"https:\/\/secure.gravatar.com\/avatar\/?s=96&d=mm&r=g\",\"contentUrl\":\"https:\/\/secure.gravatar.com\/avatar\/?s=96&d=mm&r=g\",\"caption\":\"jacques lesage\"},\"url\":\"https:\/\/blogs.thesocialmedia.com\/leblogmoto\/author\/jacques-lesage\/\"}]}<\/script>\n<!-- \/ Yoast SEO plugin. -->","yoast_head_json":{"title":"Moto X, et Y, et tant qu'\u00e0 y \u00eatre, Z aussi - leblogmoto.com","robots":{"index":"index","follow":"follow","max-snippet":"max-snippet:-1","max-image-preview":"max-image-preview:large","max-video-preview":"max-video-preview:-1"},"canonical":"https:\/\/blogs.thesocialmedia.com\/leblogmoto\/2007\/12\/09\/moto-x-et-y-et\/","twitter_card":"summary_large_image","twitter_title":"Moto X, et Y, et tant qu'\u00e0 y \u00eatre, Z aussi - leblogmoto.com","twitter_description":"Pour la majorit\u00e9 des motards, demeurer sur deux roues sans rien casser est le but \u00e0 atteindre. Mais pour d&rsquo;autres, la gravit\u00e9 semble une ennemie \u00e0 laquelle tout est bon pour tenter d&rsquo;y \u00e9chapper. Le Lyonnais Julien Dupont est un de ceux-l\u00e0. Avec son Trial, il quitte la montagne et d\u00e9barque en ville, mais l&rsquo;id\u00e9e [&hellip;]","twitter_image":"http:\/\/www.leblogmoto.com\/images\/2007\/12\/09\/trailx4.jpg","twitter_misc":{"\u00c9crit par":"jacques lesage","Dur\u00e9e de lecture estim\u00e9e":"1 minute"},"schema":{"@context":"https:\/\/schema.org","@graph":[{"@type":"WebPage","@id":"https:\/\/blogs.thesocialmedia.com\/leblogmoto\/2007\/12\/09\/moto-x-et-y-et\/","url":"https:\/\/blogs.thesocialmedia.com\/leblogmoto\/2007\/12\/09\/moto-x-et-y-et\/","name":"Moto X, et Y, et tant qu'\u00e0 y \u00eatre, Z aussi - leblogmoto.com","isPartOf":{"@id":"https:\/\/blogs.thesocialmedia.com\/leblogmoto\/#website"},"primaryImageOfPage":{"@id":"https:\/\/blogs.thesocialmedia.com\/leblogmoto\/2007\/12\/09\/moto-x-et-y-et\/#primaryimage"},"image":{"@id":"https:\/\/blogs.thesocialmedia.com\/leblogmoto\/2007\/12\/09\/moto-x-et-y-et\/#primaryimage"},"thumbnailUrl":"http:\/\/www.leblogmoto.com\/images\/2007\/12\/09\/trailx4.jpg","datePublished":"2007-12-09T22:13:42+00:00","dateModified":"2012-07-11T15:02:58+00:00","author":{"@id":"https:\/\/blogs.thesocialmedia.com\/leblogmoto\/#\/schema\/person\/e82a0ca8a9a63d031586097a3ed58526"},"breadcrumb":{"@id":"https:\/\/blogs.thesocialmedia.com\/leblogmoto\/2007\/12\/09\/moto-x-et-y-et\/#breadcrumb"},"inLanguage":"fr-FR","potentialAction":[{"@type":"ReadAction","target":["https:\/\/blogs.thesocialmedia.com\/leblogmoto\/2007\/12\/09\/moto-x-et-y-et\/"]}]},{"@type":"ImageObject","inLanguage":"fr-FR","@id":"https:\/\/blogs.thesocialmedia.com\/leblogmoto\/2007\/12\/09\/moto-x-et-y-et\/#primaryimage","url":"http:\/\/www.leblogmoto.com\/images\/2007\/12\/09\/trailx4.jpg","contentUrl":"http:\/\/www.leblogmoto.com\/images\/2007\/12\/09\/trailx4.jpg"},{"@type":"BreadcrumbList","@id":"https:\/\/blogs.thesocialmedia.com\/leblogmoto\/2007\/12\/09\/moto-x-et-y-et\/#breadcrumb","itemListElement":[{"@type":"ListItem","position":1,"name":"Accueil","item":"https:\/\/blogs.thesocialmedia.com\/leblogmoto\/"},{"@type":"ListItem","position":2,"name":"Moto X, et Y, et tant qu&rsquo;\u00e0 y \u00eatre, Z aussi"}]},{"@type":"WebSite","@id":"https:\/\/blogs.thesocialmedia.com\/leblogmoto\/#website","url":"https:\/\/blogs.thesocialmedia.com\/leblogmoto\/","name":"leblogmoto","description":"Toute l&#039;actualit\u00e9 des 2 roues","potentialAction":[{"@type":"SearchAction","target":{"@type":"EntryPoint","urlTemplate":"https:\/\/blogs.thesocialmedia.com\/leblogmoto\/?s={search_term_string}"},"query-input":{"@type":"PropertyValueSpecification","valueRequired":true,"valueName":"search_term_string"}}],"inLanguage":"fr-FR"},{"@type":"Person","@id":"https:\/\/blogs.thesocialmedia.com\/leblogmoto\/#\/schema\/person\/e82a0ca8a9a63d031586097a3ed58526","name":"jacques lesage","image":{"@type":"ImageObject","inLanguage":"fr-FR","@id":"https:\/\/blogs.thesocialmedia.com\/leblogmoto\/#\/schema\/person\/image\/","url":"https:\/\/secure.gravatar.com\/avatar\/?s=96&d=mm&r=g","contentUrl":"https:\/\/secure.gravatar.com\/avatar\/?s=96&d=mm&r=g","caption":"jacques lesage"},"url":"https:\/\/blogs.thesocialmedia.com\/leblogmoto\/author\/jacques-lesage\/"}]}},"_links":{"self":[{"href":"https:\/\/blogs.thesocialmedia.com\/leblogmoto\/wp-json\/wp\/v2\/posts\/1031","targetHints":{"allow":["GET"]}}],"collection":[{"href":"https:\/\/blogs.thesocialmedia.com\/leblogmoto\/wp-json\/wp\/v2\/posts"}],"about":[{"href":"https:\/\/blogs.thesocialmedia.com\/leblogmoto\/wp-json\/wp\/v2\/types\/post"}],"author":[{"embeddable":true,"href":"https:\/\/blogs.thesocialmedia.com\/leblogmoto\/wp-json\/wp\/v2\/users\/325"}],"replies":[{"embeddable":true,"href":"https:\/\/blogs.thesocialmedia.com\/leblogmoto\/wp-json\/wp\/v2\/comments?post=1031"}],"version-history":[{"count":2,"href":"https:\/\/blogs.thesocialmedia.com\/leblogmoto\/wp-json\/wp\/v2\/posts\/1031\/revisions"}],"predecessor-version":[{"id":9373,"href":"https:\/\/blogs.thesocialmedia.com\/leblogmoto\/wp-json\/wp\/v2\/posts\/1031\/revisions\/9373"}],"wp:attachment":[{"href":"https:\/\/blogs.thesocialmedia.com\/leblogmoto\/wp-json\/wp\/v2\/media?parent=1031"}],"wp:term":[{"taxonomy":"category","embeddable":true,"href":"https:\/\/blogs.thesocialmedia.com\/leblogmoto\/wp-json\/wp\/v2\/categories?post=1031"},{"taxonomy":"post_tag","embeddable":true,"href":"https:\/\/blogs.thesocialmedia.com\/leblogmoto\/wp-json\/wp\/v2\/tags?post=1031"}],"curies":[{"name":"wp","href":"https:\/\/api.w.org\/{rel}","templated":true}]}}