{"id":1033,"date":"2007-12-07T23:56:16","date_gmt":"2007-12-07T23:56:16","guid":{"rendered":"http:\/\/blogs.thesocialmedia.com\/leblogmoto\/2007\/12\/07\/le-cuir-de-la-s-5\/"},"modified":"2012-07-11T15:02:50","modified_gmt":"2012-07-11T15:02:50","slug":"le-cuir-de-la-s-5","status":"publish","type":"post","link":"https:\/\/blogs.thesocialmedia.com\/leblogmoto\/2007\/12\/07\/le-cuir-de-la-s-5\/","title":{"rendered":"Le cuir de la semaine: Un \u00ab\u00a0total look\u00a0\u00bb Dainese en Gore-tex"},"content":{"rendered":"<p><a href=\"http:\/\/blogs.thesocialmedia.com\/leblogmoto\/files\/2012\/07\/moto_cuir_dainese_total_look_tour_3.jpg\"><img loading=\"lazy\" decoding=\"async\" width=\"469\" height=\"305\"  src=\"http:\/\/www.leblogmoto.com\/images\/2007\/12\/06\/moto_cuir_dainese_total_look_tour_3.jpg\" alt=\"Moto_cuir_dainese_total_look_tour_3\" \/><\/a><\/p>\n<p>En cette p\u00e9riode de pluies et de froid on va s&rsquo;\u00e9carter des <a href=\"http:\/\/blogs.thesocialmedia.com\/leblogmoto\/files\/2012\/07\/le-blouson-de-l.html_.png\">mod\u00e8les pr\u00e9c\u00e9dents<\/a> tr\u00e8s orient\u00e9s <a href=\"http:\/\/www.leblogmoto.com\/2007\/11\/le-cuir-de-la-s.html\">racing<\/a>, en passant aux lignes plus conventionnelles pour les courtes ballades et les longs trajets de ce &quot;cuir&quot;&#8230; en Gore-Tex. Un tissu qui pr\u00e9sente le double avantage d&rsquo;\u00eatre imperm\u00e9able et respirant. Des propri\u00e9t\u00e9s qui en font un succ\u00e8s des ventes au point que Dainese propose un &quot;total look&quot; de la t\u00eate aux pieds dans cette mati\u00e8re pour lutter contre les frimas de la saison actuelle.<\/p>\n<p>Le <u>blouson de route <em>Gator<\/em><\/u> est en tissu avec une membrane ext\u00e9rieure en Gore-tex comme expliqu\u00e9 plus haut, avec doublure thermique int\u00e9rieure d\u00e9montable avec double cou, la fermeture du cou et de la ceinture est r\u00e9glable et les protections sur les \u00e9paules et les coudes sont d\u00e9montables. Toujours concernant les \u00e9paules, les protections externes sont thermoform\u00e9es. Le tout pour un prix de 430 \u20ac.<\/p>\n<p>Le <u>pantalon de route <em>Odessa<\/em><\/u> \u00e0 doublure int\u00e9rieure thermique en micro-plumes d\u00e9montable (je ne fais que citer hein), fermeture d&rsquo;union avec le blouson, protections d\u00e9montables sur les genoux et els tibias, ceinture r\u00e9glable, pour un prix avoisinant les 240 \u20ac.<\/p>\n<p>Des <u>gants <em>Jerico<\/em><\/u> pour un prix avoisinant les 113 \u20ac toujours &quot;route&quot;, fabriqu\u00e9s en cuir bovin, Lorica et tissu \u00e9lastique le tout couvert comme de bien entendu d&rsquo;une membrane Gore-Tex. Avec des protection thermoform\u00e9es Techno et des renforts en Lorica sur la paume. Le gant peut se chausser correctement gr\u00e2ce \u00e0 une languette et la pr\u00e9sence d&rsquo;une traditionnelle fermeture \u00e9clair sur les poignets. Concernant la protection thermique int\u00e9rieure elle est en Primaloft.<\/p>\n<p>Pour en terminer avec cet ensemble Dainese, les <u>bottes de route <em>Gunna<\/em><\/u> autour de 197 \u20ac, en cuir bovin pleine fleur hydrofuge avec des inserts en cro\u00fbte de cuir, toujours la membrane en &gt;Gore-Tex qui est notre fil conducteur cette semaine, avec des inserts composites sur le tibia et thermoform\u00e9s sur la cheville. Un <a href=\"http:\/\/www.dainese.com\/fra\/articolo.asp?cat=1,2,3,7&amp;nome=GUNNA_GORE-TEX\u00c2\u00ae&amp;articolo=1795095\">petit lien<\/a> pour ces bottes.<\/p>\n<p><a href=\"http:\/\/clabedan.typepad.com\/.shared\/image.html?\/photos\/uncategorized\/2007\/12\/07\/moto_cuir_dainese_goretex_gator.jpg\"><img loading=\"lazy\" decoding=\"async\" width=\"470\" height=\"402\"  alt=\"Moto_cuir_dainese_goretex_gator\" src=\"http:\/\/www.leblogmoto.com\/images\/2007\/12\/07\/moto_cuir_dainese_goretex_gator.jpg\" \/><\/a> <\/p>\n","protected":false},"excerpt":{"rendered":"<p>En cette p\u00e9riode de pluies et de froid on va s&rsquo;\u00e9carter des mod\u00e8les pr\u00e9c\u00e9dents tr\u00e8s orient\u00e9s racing, en passant aux lignes plus conventionnelles pour les courtes ballades et les longs trajets de ce &quot;cuir&quot;&#8230; en Gore-Tex. Un tissu qui pr\u00e9sente le double avantage d&rsquo;\u00eatre imperm\u00e9able et respirant. Des propri\u00e9t\u00e9s qui en font un succ\u00e8s des [&hellip;]<\/p>\n","protected":false},"author":324,"featured_media":0,"comment_status":"open","ping_status":"open","sticky":false,"template":"","format":"standard","meta":{"footnotes":""},"categories":[8,27],"tags":[],"class_list":["post-1033","post","type-post","status-publish","format-standard","hentry","category-chaines-et-cuirs","category-securite"],"yoast_head":"<!-- This site is optimized with the Yoast SEO plugin v26.0 - https:\/\/yoast.com\/wordpress\/plugins\/seo\/ -->\n<title>Le cuir de la semaine: Un &quot;total look&quot; Dainese en Gore-tex - leblogmoto.com<\/title>\n<meta name=\"robots\" content=\"index, follow, max-snippet:-1, max-image-preview:large, max-video-preview:-1\" \/>\n<link rel=\"canonical\" href=\"https:\/\/blogs.thesocialmedia.com\/leblogmoto\/2007\/12\/07\/le-cuir-de-la-s-5\/\" \/>\n<meta name=\"twitter:card\" content=\"summary_large_image\" \/>\n<meta name=\"twitter:title\" content=\"Le cuir de la semaine: Un &quot;total look&quot; Dainese en Gore-tex - leblogmoto.com\" \/>\n<meta name=\"twitter:description\" content=\"En cette p\u00e9riode de pluies et de froid on va s&rsquo;\u00e9carter des mod\u00e8les pr\u00e9c\u00e9dents tr\u00e8s orient\u00e9s racing, en passant aux lignes plus conventionnelles pour les courtes ballades et les longs trajets de ce &quot;cuir&quot;&#8230; en Gore-Tex. Un tissu qui pr\u00e9sente le double avantage d&rsquo;\u00eatre imperm\u00e9able et respirant. Des propri\u00e9t\u00e9s qui en font un succ\u00e8s des [&hellip;]\" \/>\n<meta name=\"twitter:image\" content=\"http:\/\/www.leblogmoto.com\/images\/2007\/12\/06\/moto_cuir_dainese_total_look_tour_3.jpg\" \/>\n<meta name=\"twitter:label1\" content=\"\u00c9crit par\" \/>\n\t<meta name=\"twitter:data1\" content=\"benoit rieu\" \/>\n\t<meta name=\"twitter:label2\" content=\"Dur\u00e9e de lecture estim\u00e9e\" \/>\n\t<meta name=\"twitter:data2\" content=\"2 minutes\" \/>\n<script type=\"application\/ld+json\" class=\"yoast-schema-graph\">{\"@context\":\"https:\/\/schema.org\",\"@graph\":[{\"@type\":\"WebPage\",\"@id\":\"https:\/\/blogs.thesocialmedia.com\/leblogmoto\/2007\/12\/07\/le-cuir-de-la-s-5\/\",\"url\":\"https:\/\/blogs.thesocialmedia.com\/leblogmoto\/2007\/12\/07\/le-cuir-de-la-s-5\/\",\"name\":\"Le cuir de la semaine: Un \\\"total look\\\" Dainese en Gore-tex - leblogmoto.com\",\"isPartOf\":{\"@id\":\"https:\/\/blogs.thesocialmedia.com\/leblogmoto\/#website\"},\"primaryImageOfPage\":{\"@id\":\"https:\/\/blogs.thesocialmedia.com\/leblogmoto\/2007\/12\/07\/le-cuir-de-la-s-5\/#primaryimage\"},\"image\":{\"@id\":\"https:\/\/blogs.thesocialmedia.com\/leblogmoto\/2007\/12\/07\/le-cuir-de-la-s-5\/#primaryimage\"},\"thumbnailUrl\":\"http:\/\/www.leblogmoto.com\/images\/2007\/12\/06\/moto_cuir_dainese_total_look_tour_3.jpg\",\"datePublished\":\"2007-12-07T23:56:16+00:00\",\"dateModified\":\"2012-07-11T15:02:50+00:00\",\"author\":{\"@id\":\"https:\/\/blogs.thesocialmedia.com\/leblogmoto\/#\/schema\/person\/18bfe773e5725ed6d24f743da805362a\"},\"breadcrumb\":{\"@id\":\"https:\/\/blogs.thesocialmedia.com\/leblogmoto\/2007\/12\/07\/le-cuir-de-la-s-5\/#breadcrumb\"},\"inLanguage\":\"fr-FR\",\"potentialAction\":[{\"@type\":\"ReadAction\",\"target\":[\"https:\/\/blogs.thesocialmedia.com\/leblogmoto\/2007\/12\/07\/le-cuir-de-la-s-5\/\"]}]},{\"@type\":\"ImageObject\",\"inLanguage\":\"fr-FR\",\"@id\":\"https:\/\/blogs.thesocialmedia.com\/leblogmoto\/2007\/12\/07\/le-cuir-de-la-s-5\/#primaryimage\",\"url\":\"http:\/\/www.leblogmoto.com\/images\/2007\/12\/06\/moto_cuir_dainese_total_look_tour_3.jpg\",\"contentUrl\":\"http:\/\/www.leblogmoto.com\/images\/2007\/12\/06\/moto_cuir_dainese_total_look_tour_3.jpg\"},{\"@type\":\"BreadcrumbList\",\"@id\":\"https:\/\/blogs.thesocialmedia.com\/leblogmoto\/2007\/12\/07\/le-cuir-de-la-s-5\/#breadcrumb\",\"itemListElement\":[{\"@type\":\"ListItem\",\"position\":1,\"name\":\"Accueil\",\"item\":\"https:\/\/blogs.thesocialmedia.com\/leblogmoto\/\"},{\"@type\":\"ListItem\",\"position\":2,\"name\":\"Le cuir de la semaine: Un \u00ab\u00a0total look\u00a0\u00bb Dainese en Gore-tex\"}]},{\"@type\":\"WebSite\",\"@id\":\"https:\/\/blogs.thesocialmedia.com\/leblogmoto\/#website\",\"url\":\"https:\/\/blogs.thesocialmedia.com\/leblogmoto\/\",\"name\":\"leblogmoto\",\"description\":\"Toute l&#039;actualit\u00e9 des 2 roues\",\"potentialAction\":[{\"@type\":\"SearchAction\",\"target\":{\"@type\":\"EntryPoint\",\"urlTemplate\":\"https:\/\/blogs.thesocialmedia.com\/leblogmoto\/?s={search_term_string}\"},\"query-input\":{\"@type\":\"PropertyValueSpecification\",\"valueRequired\":true,\"valueName\":\"search_term_string\"}}],\"inLanguage\":\"fr-FR\"},{\"@type\":\"Person\",\"@id\":\"https:\/\/blogs.thesocialmedia.com\/leblogmoto\/#\/schema\/person\/18bfe773e5725ed6d24f743da805362a\",\"name\":\"benoit rieu\",\"image\":{\"@type\":\"ImageObject\",\"inLanguage\":\"fr-FR\",\"@id\":\"https:\/\/blogs.thesocialmedia.com\/leblogmoto\/#\/schema\/person\/image\/\",\"url\":\"https:\/\/secure.gravatar.com\/avatar\/?s=96&d=mm&r=g\",\"contentUrl\":\"https:\/\/secure.gravatar.com\/avatar\/?s=96&d=mm&r=g\",\"caption\":\"benoit rieu\"},\"url\":\"https:\/\/blogs.thesocialmedia.com\/leblogmoto\/author\/benoit-rieu\/\"}]}<\/script>\n<!-- \/ Yoast SEO plugin. -->","yoast_head_json":{"title":"Le cuir de la semaine: Un \"total look\" Dainese en Gore-tex - leblogmoto.com","robots":{"index":"index","follow":"follow","max-snippet":"max-snippet:-1","max-image-preview":"max-image-preview:large","max-video-preview":"max-video-preview:-1"},"canonical":"https:\/\/blogs.thesocialmedia.com\/leblogmoto\/2007\/12\/07\/le-cuir-de-la-s-5\/","twitter_card":"summary_large_image","twitter_title":"Le cuir de la semaine: Un \"total look\" Dainese en Gore-tex - leblogmoto.com","twitter_description":"En cette p\u00e9riode de pluies et de froid on va s&rsquo;\u00e9carter des mod\u00e8les pr\u00e9c\u00e9dents tr\u00e8s orient\u00e9s racing, en passant aux lignes plus conventionnelles pour les courtes ballades et les longs trajets de ce &quot;cuir&quot;&#8230; en Gore-Tex. Un tissu qui pr\u00e9sente le double avantage d&rsquo;\u00eatre imperm\u00e9able et respirant. Des propri\u00e9t\u00e9s qui en font un succ\u00e8s des [&hellip;]","twitter_image":"http:\/\/www.leblogmoto.com\/images\/2007\/12\/06\/moto_cuir_dainese_total_look_tour_3.jpg","twitter_misc":{"\u00c9crit par":"benoit rieu","Dur\u00e9e de lecture estim\u00e9e":"2 minutes"},"schema":{"@context":"https:\/\/schema.org","@graph":[{"@type":"WebPage","@id":"https:\/\/blogs.thesocialmedia.com\/leblogmoto\/2007\/12\/07\/le-cuir-de-la-s-5\/","url":"https:\/\/blogs.thesocialmedia.com\/leblogmoto\/2007\/12\/07\/le-cuir-de-la-s-5\/","name":"Le cuir de la semaine: Un \"total look\" Dainese en Gore-tex - leblogmoto.com","isPartOf":{"@id":"https:\/\/blogs.thesocialmedia.com\/leblogmoto\/#website"},"primaryImageOfPage":{"@id":"https:\/\/blogs.thesocialmedia.com\/leblogmoto\/2007\/12\/07\/le-cuir-de-la-s-5\/#primaryimage"},"image":{"@id":"https:\/\/blogs.thesocialmedia.com\/leblogmoto\/2007\/12\/07\/le-cuir-de-la-s-5\/#primaryimage"},"thumbnailUrl":"http:\/\/www.leblogmoto.com\/images\/2007\/12\/06\/moto_cuir_dainese_total_look_tour_3.jpg","datePublished":"2007-12-07T23:56:16+00:00","dateModified":"2012-07-11T15:02:50+00:00","author":{"@id":"https:\/\/blogs.thesocialmedia.com\/leblogmoto\/#\/schema\/person\/18bfe773e5725ed6d24f743da805362a"},"breadcrumb":{"@id":"https:\/\/blogs.thesocialmedia.com\/leblogmoto\/2007\/12\/07\/le-cuir-de-la-s-5\/#breadcrumb"},"inLanguage":"fr-FR","potentialAction":[{"@type":"ReadAction","target":["https:\/\/blogs.thesocialmedia.com\/leblogmoto\/2007\/12\/07\/le-cuir-de-la-s-5\/"]}]},{"@type":"ImageObject","inLanguage":"fr-FR","@id":"https:\/\/blogs.thesocialmedia.com\/leblogmoto\/2007\/12\/07\/le-cuir-de-la-s-5\/#primaryimage","url":"http:\/\/www.leblogmoto.com\/images\/2007\/12\/06\/moto_cuir_dainese_total_look_tour_3.jpg","contentUrl":"http:\/\/www.leblogmoto.com\/images\/2007\/12\/06\/moto_cuir_dainese_total_look_tour_3.jpg"},{"@type":"BreadcrumbList","@id":"https:\/\/blogs.thesocialmedia.com\/leblogmoto\/2007\/12\/07\/le-cuir-de-la-s-5\/#breadcrumb","itemListElement":[{"@type":"ListItem","position":1,"name":"Accueil","item":"https:\/\/blogs.thesocialmedia.com\/leblogmoto\/"},{"@type":"ListItem","position":2,"name":"Le cuir de la semaine: Un \u00ab\u00a0total look\u00a0\u00bb Dainese en Gore-tex"}]},{"@type":"WebSite","@id":"https:\/\/blogs.thesocialmedia.com\/leblogmoto\/#website","url":"https:\/\/blogs.thesocialmedia.com\/leblogmoto\/","name":"leblogmoto","description":"Toute l&#039;actualit\u00e9 des 2 roues","potentialAction":[{"@type":"SearchAction","target":{"@type":"EntryPoint","urlTemplate":"https:\/\/blogs.thesocialmedia.com\/leblogmoto\/?s={search_term_string}"},"query-input":{"@type":"PropertyValueSpecification","valueRequired":true,"valueName":"search_term_string"}}],"inLanguage":"fr-FR"},{"@type":"Person","@id":"https:\/\/blogs.thesocialmedia.com\/leblogmoto\/#\/schema\/person\/18bfe773e5725ed6d24f743da805362a","name":"benoit rieu","image":{"@type":"ImageObject","inLanguage":"fr-FR","@id":"https:\/\/blogs.thesocialmedia.com\/leblogmoto\/#\/schema\/person\/image\/","url":"https:\/\/secure.gravatar.com\/avatar\/?s=96&d=mm&r=g","contentUrl":"https:\/\/secure.gravatar.com\/avatar\/?s=96&d=mm&r=g","caption":"benoit rieu"},"url":"https:\/\/blogs.thesocialmedia.com\/leblogmoto\/author\/benoit-rieu\/"}]}},"_links":{"self":[{"href":"https:\/\/blogs.thesocialmedia.com\/leblogmoto\/wp-json\/wp\/v2\/posts\/1033","targetHints":{"allow":["GET"]}}],"collection":[{"href":"https:\/\/blogs.thesocialmedia.com\/leblogmoto\/wp-json\/wp\/v2\/posts"}],"about":[{"href":"https:\/\/blogs.thesocialmedia.com\/leblogmoto\/wp-json\/wp\/v2\/types\/post"}],"author":[{"embeddable":true,"href":"https:\/\/blogs.thesocialmedia.com\/leblogmoto\/wp-json\/wp\/v2\/users\/324"}],"replies":[{"embeddable":true,"href":"https:\/\/blogs.thesocialmedia.com\/leblogmoto\/wp-json\/wp\/v2\/comments?post=1033"}],"version-history":[{"count":2,"href":"https:\/\/blogs.thesocialmedia.com\/leblogmoto\/wp-json\/wp\/v2\/posts\/1033\/revisions"}],"predecessor-version":[{"id":9367,"href":"https:\/\/blogs.thesocialmedia.com\/leblogmoto\/wp-json\/wp\/v2\/posts\/1033\/revisions\/9367"}],"wp:attachment":[{"href":"https:\/\/blogs.thesocialmedia.com\/leblogmoto\/wp-json\/wp\/v2\/media?parent=1033"}],"wp:term":[{"taxonomy":"category","embeddable":true,"href":"https:\/\/blogs.thesocialmedia.com\/leblogmoto\/wp-json\/wp\/v2\/categories?post=1033"},{"taxonomy":"post_tag","embeddable":true,"href":"https:\/\/blogs.thesocialmedia.com\/leblogmoto\/wp-json\/wp\/v2\/tags?post=1033"}],"curies":[{"name":"wp","href":"https:\/\/api.w.org\/{rel}","templated":true}]}}