{"id":1035,"date":"2007-12-07T06:50:32","date_gmt":"2007-12-07T06:50:32","guid":{"rendered":"http:\/\/blogs.thesocialmedia.com\/leblogmoto\/2007\/12\/07\/troy-bayliss-ti\/"},"modified":"2012-07-11T15:02:34","modified_gmt":"2012-07-11T15:02:34","slug":"troy-bayliss-ti","status":"publish","type":"post","link":"https:\/\/blogs.thesocialmedia.com\/leblogmoto\/2007\/12\/07\/troy-bayliss-ti\/","title":{"rendered":"Bayliss \u00e9tincelant m\u00eame en plein jour et la Ducati 1098."},"content":{"rendered":"<p><a href=\"http:\/\/blogs.thesocialmedia.com\/leblogmoto\/files\/2012\/07\/moto_pilotes_troy_bayliss_etincelle.jpg\"><img loading=\"lazy\" decoding=\"async\" width=\"470\" height=\"352\"  alt=\"Moto_pilotes_troy_bayliss_etincelle\" src=\"http:\/\/www.leblogmoto.com\/images\/2007\/12\/05\/moto_pilotes_troy_bayliss_etincelle.jpg\" \/><\/a> <\/p>\n<p>J&rsquo;avais en premier lieu pens\u00e9 \u00e0 mettre une photo de Troy Bayliss sur sa derni\u00e8re monture, la 1098 F08 mais comme toutes les r\u00e9dacs des magazines papiers et les bloggers l&rsquo;ont, j&rsquo;ai pr\u00e9f\u00e9r\u00e9 cette photo avec la protection ext\u00e9rieure de sa botte qui vient racler la piste, prise cette saison (et donc au guidon de la <a href=\"http:\/\/blogs.thesocialmedia.com\/leblogmoto\/files\/2012\/07\/vido-dune-ducat.html_.png\">999<\/a> F07). Mais ne vous inqui\u00e9tez pas la 1098 d\u00e9voil\u00e9e aux journalistes ainsi qu&rsquo;en action sur la piste avec l&rsquo;Australien aux commandes, est visible dans la suite.  <\/p>\n<p>Une Superbike qui lui aura permis d&rsquo;\u00e9tablir un temps canon lors des Pirelli Tests (qui se poursuivront d\u00e9but janvier \u00e0 Phillip Island en Australie), en l&rsquo;absence il est vrai de son compatriote l&rsquo;autre Troy (Corser) jusque l\u00e0 imp\u00e9rial sur la selle de sa Yamaha mais bless\u00e9 lors du dernier jour. <\/p>\n<p><em>Baylisstic<\/em> comme il se surnomme jusqu&rsquo;\u00e0 le rappeler sur sa combarde (premi\u00e8re photo au bas du dos) ou sur les portes et aux murs dans les paddocks, a \u00e9t\u00e9 l&rsquo;auteur il y a trois jours du meilleur tour devant <a href=\"http:\/\/www.leblogmoto.com\/2007\/11\/une-haga-race-r.html\">Noriyuki &quot;Nitro Nori&quot; Haga<\/a>, malheureux second de la saison pass\u00e9e, Troy Corser en troisi\u00e8me position (avant sa chute donc) et Carlos Checa quatri\u00e8me. Le transfuge du MotoGP, a \u00e9t\u00e9 plus \u00e0 la f\u00eate que son co\u00e9quipier de <a href=\"http:\/\/www.leblogmoto.com\/2007\/10\/magny-cours-jam.html\">Honda Ten Kate<\/a>, Sofuoglu, le champion Supersport 2007.<\/p>\n<p>Rappelons quand m\u00eame que seuls les teams officiels tournent lors de ces essais sur la piste exigeante (vent\u00e9e et sableuse) du circuit de Losai \u00e0 Doha, et que les Yamaha, Honda et Suzuki cubent moins que les Ducat&rsquo; pour la saison 2008, ce qui n\u00e9cessite des adaptations tr\u00e8s exotiques du r\u00e8glement. Mais on reviendra sur ces sp\u00e9cificit\u00e9s plus tard, place aux photos de la 1098.<\/p>\n<p><a href=\"http:\/\/clabedan.typepad.com\/.shared\/image.html?\/photos\/uncategorized\/2007\/12\/06\/moto_wsbk_ducati_2008_bayliss_1.jpg\"><img loading=\"lazy\" decoding=\"async\" width=\"470\" height=\"352\"  src=\"http:\/\/www.leblogmoto.com\/images\/2007\/12\/06\/moto_wsbk_ducati_2008_bayliss_1.jpg\" alt=\"Moto_wsbk_ducati_2008_bayliss_1\" \/><\/a><\/p>\n<p><a href=\"http:\/\/blogs.thesocialmedia.com\/leblogmoto\/files\/2012\/07\/moto_wsbk_ducati_2008_bayliss_2.jpg\"><img loading=\"lazy\" decoding=\"async\" width=\"470\" height=\"352\"  src=\"http:\/\/www.leblogmoto.com\/images\/2007\/12\/06\/moto_wsbk_ducati_2008_bayliss_2.jpg\" alt=\"Moto_wsbk_ducati_2008_bayliss_2\" \/><\/a><\/p>\n<p><a href=\"http:\/\/blogs.thesocialmedia.com\/leblogmoto\/files\/2012\/07\/moto_wsbk_ducati_2008_bayliss_3.jpg\"><img loading=\"lazy\" decoding=\"async\" width=\"470\" height=\"352\"  src=\"http:\/\/www.leblogmoto.com\/images\/2007\/12\/06\/moto_wsbk_ducati_2008_bayliss_3.jpg\" alt=\"Moto_wsbk_ducati_2008_bayliss_3\" \/><\/a><\/p>\n<p><a href=\"http:\/\/blogs.thesocialmedia.com\/leblogmoto\/files\/2012\/07\/moto_wsbk_ducati_2008_bayliss_4.jpg\"><img loading=\"lazy\" decoding=\"async\" width=\"470\" height=\"352\"  src=\"http:\/\/www.leblogmoto.com\/images\/2007\/12\/06\/moto_wsbk_ducati_2008_bayliss_4.jpg\" alt=\"Moto_wsbk_ducati_2008_bayliss_4\" \/><\/a> <\/p>\n<p><a href=\"http:\/\/blogs.thesocialmedia.com\/leblogmoto\/files\/2012\/07\/moto_wsbk_ducati_2008_bayliss_5.jpg\"><img loading=\"lazy\" decoding=\"async\" width=\"470\" height=\"352\"  src=\"http:\/\/www.leblogmoto.com\/images\/2007\/12\/06\/moto_wsbk_ducati_2008_bayliss_5.jpg\" alt=\"Moto_wsbk_ducati_2008_bayliss_5\" \/><\/a><\/p>\n<p><a href=\"http:\/\/blogs.thesocialmedia.com\/leblogmoto\/files\/2012\/07\/moto_wsbk_ducati_2008_bayliss_6.jpg\"><img loading=\"lazy\" decoding=\"async\" width=\"470\" height=\"352\"  src=\"http:\/\/www.leblogmoto.com\/images\/2007\/12\/06\/moto_wsbk_ducati_2008_bayliss_6.jpg\" alt=\"Moto_wsbk_ducati_2008_bayliss_6\" \/><\/a> <\/p>\n<p><a href=\"http:\/\/blogs.thesocialmedia.com\/leblogmoto\/files\/2012\/07\/moto_wsbk_ducati_2008_bayliss_7.jpg\"><img loading=\"lazy\" decoding=\"async\" width=\"470\" height=\"352\"  src=\"http:\/\/www.leblogmoto.com\/images\/2007\/12\/06\/moto_wsbk_ducati_2008_bayliss_7.jpg\" alt=\"Moto_wsbk_ducati_2008_bayliss_7\" \/><\/a> <\/p>\n<p><a href=\"http:\/\/blogs.thesocialmedia.com\/leblogmoto\/files\/2012\/07\/moto_wsbk_ducati_2008_bayliss_8.jpg\"><img loading=\"lazy\" decoding=\"async\" width=\"470\" height=\"352\"  src=\"http:\/\/www.leblogmoto.com\/images\/2007\/12\/06\/moto_wsbk_ducati_2008_bayliss_8.jpg\" alt=\"Moto_wsbk_ducati_2008_bayliss_8\" \/><\/a><\/p>\n<p><em>cr\u00e9dit photos: Ducati corse.<\/em> <\/p>\n","protected":false},"excerpt":{"rendered":"<p>J&rsquo;avais en premier lieu pens\u00e9 \u00e0 mettre une photo de Troy Bayliss sur sa derni\u00e8re monture, la 1098 F08 mais comme toutes les r\u00e9dacs des magazines papiers et les bloggers l&rsquo;ont, j&rsquo;ai pr\u00e9f\u00e9r\u00e9 cette photo avec la protection ext\u00e9rieure de sa botte qui vient racler la piste, prise cette saison (et donc au guidon de [&hellip;]<\/p>\n","protected":false},"author":324,"featured_media":0,"comment_status":"open","ping_status":"open","sticky":false,"template":"","format":"standard","meta":{"footnotes":""},"categories":[3,41,46],"tags":[],"class_list":["post-1035","post","type-post","status-publish","format-standard","hentry","category-actualite","category-ducati","category-superbike"],"yoast_head":"<!-- This site is optimized with the Yoast SEO plugin v26.0 - https:\/\/yoast.com\/wordpress\/plugins\/seo\/ -->\n<title>Bayliss \u00e9tincelant m\u00eame en plein jour et la Ducati 1098. - leblogmoto.com<\/title>\n<meta name=\"robots\" content=\"index, follow, max-snippet:-1, max-image-preview:large, max-video-preview:-1\" \/>\n<link rel=\"canonical\" href=\"https:\/\/blogs.thesocialmedia.com\/leblogmoto\/2007\/12\/07\/troy-bayliss-ti\/\" \/>\n<meta name=\"twitter:card\" content=\"summary_large_image\" \/>\n<meta name=\"twitter:title\" content=\"Bayliss \u00e9tincelant m\u00eame en plein jour et la Ducati 1098. - leblogmoto.com\" \/>\n<meta name=\"twitter:description\" content=\"J&rsquo;avais en premier lieu pens\u00e9 \u00e0 mettre une photo de Troy Bayliss sur sa derni\u00e8re monture, la 1098 F08 mais comme toutes les r\u00e9dacs des magazines papiers et les bloggers l&rsquo;ont, j&rsquo;ai pr\u00e9f\u00e9r\u00e9 cette photo avec la protection ext\u00e9rieure de sa botte qui vient racler la piste, prise cette saison (et donc au guidon de [&hellip;]\" \/>\n<meta name=\"twitter:image\" content=\"http:\/\/www.leblogmoto.com\/images\/2007\/12\/05\/moto_pilotes_troy_bayliss_etincelle.jpg\" \/>\n<meta name=\"twitter:label1\" content=\"\u00c9crit par\" \/>\n\t<meta name=\"twitter:data1\" content=\"benoit rieu\" \/>\n\t<meta name=\"twitter:label2\" content=\"Dur\u00e9e de lecture estim\u00e9e\" \/>\n\t<meta name=\"twitter:data2\" content=\"2 minutes\" \/>\n<script type=\"application\/ld+json\" class=\"yoast-schema-graph\">{\"@context\":\"https:\/\/schema.org\",\"@graph\":[{\"@type\":\"WebPage\",\"@id\":\"https:\/\/blogs.thesocialmedia.com\/leblogmoto\/2007\/12\/07\/troy-bayliss-ti\/\",\"url\":\"https:\/\/blogs.thesocialmedia.com\/leblogmoto\/2007\/12\/07\/troy-bayliss-ti\/\",\"name\":\"Bayliss \u00e9tincelant m\u00eame en plein jour et la Ducati 1098. - leblogmoto.com\",\"isPartOf\":{\"@id\":\"https:\/\/blogs.thesocialmedia.com\/leblogmoto\/#website\"},\"primaryImageOfPage\":{\"@id\":\"https:\/\/blogs.thesocialmedia.com\/leblogmoto\/2007\/12\/07\/troy-bayliss-ti\/#primaryimage\"},\"image\":{\"@id\":\"https:\/\/blogs.thesocialmedia.com\/leblogmoto\/2007\/12\/07\/troy-bayliss-ti\/#primaryimage\"},\"thumbnailUrl\":\"http:\/\/www.leblogmoto.com\/images\/2007\/12\/05\/moto_pilotes_troy_bayliss_etincelle.jpg\",\"datePublished\":\"2007-12-07T06:50:32+00:00\",\"dateModified\":\"2012-07-11T15:02:34+00:00\",\"author\":{\"@id\":\"https:\/\/blogs.thesocialmedia.com\/leblogmoto\/#\/schema\/person\/18bfe773e5725ed6d24f743da805362a\"},\"breadcrumb\":{\"@id\":\"https:\/\/blogs.thesocialmedia.com\/leblogmoto\/2007\/12\/07\/troy-bayliss-ti\/#breadcrumb\"},\"inLanguage\":\"fr-FR\",\"potentialAction\":[{\"@type\":\"ReadAction\",\"target\":[\"https:\/\/blogs.thesocialmedia.com\/leblogmoto\/2007\/12\/07\/troy-bayliss-ti\/\"]}]},{\"@type\":\"ImageObject\",\"inLanguage\":\"fr-FR\",\"@id\":\"https:\/\/blogs.thesocialmedia.com\/leblogmoto\/2007\/12\/07\/troy-bayliss-ti\/#primaryimage\",\"url\":\"http:\/\/www.leblogmoto.com\/images\/2007\/12\/05\/moto_pilotes_troy_bayliss_etincelle.jpg\",\"contentUrl\":\"http:\/\/www.leblogmoto.com\/images\/2007\/12\/05\/moto_pilotes_troy_bayliss_etincelle.jpg\"},{\"@type\":\"BreadcrumbList\",\"@id\":\"https:\/\/blogs.thesocialmedia.com\/leblogmoto\/2007\/12\/07\/troy-bayliss-ti\/#breadcrumb\",\"itemListElement\":[{\"@type\":\"ListItem\",\"position\":1,\"name\":\"Accueil\",\"item\":\"https:\/\/blogs.thesocialmedia.com\/leblogmoto\/\"},{\"@type\":\"ListItem\",\"position\":2,\"name\":\"Bayliss \u00e9tincelant m\u00eame en plein jour et la Ducati 1098.\"}]},{\"@type\":\"WebSite\",\"@id\":\"https:\/\/blogs.thesocialmedia.com\/leblogmoto\/#website\",\"url\":\"https:\/\/blogs.thesocialmedia.com\/leblogmoto\/\",\"name\":\"leblogmoto\",\"description\":\"Toute l&#039;actualit\u00e9 des 2 roues\",\"potentialAction\":[{\"@type\":\"SearchAction\",\"target\":{\"@type\":\"EntryPoint\",\"urlTemplate\":\"https:\/\/blogs.thesocialmedia.com\/leblogmoto\/?s={search_term_string}\"},\"query-input\":{\"@type\":\"PropertyValueSpecification\",\"valueRequired\":true,\"valueName\":\"search_term_string\"}}],\"inLanguage\":\"fr-FR\"},{\"@type\":\"Person\",\"@id\":\"https:\/\/blogs.thesocialmedia.com\/leblogmoto\/#\/schema\/person\/18bfe773e5725ed6d24f743da805362a\",\"name\":\"benoit rieu\",\"image\":{\"@type\":\"ImageObject\",\"inLanguage\":\"fr-FR\",\"@id\":\"https:\/\/blogs.thesocialmedia.com\/leblogmoto\/#\/schema\/person\/image\/\",\"url\":\"https:\/\/secure.gravatar.com\/avatar\/?s=96&d=mm&r=g\",\"contentUrl\":\"https:\/\/secure.gravatar.com\/avatar\/?s=96&d=mm&r=g\",\"caption\":\"benoit rieu\"},\"url\":\"https:\/\/blogs.thesocialmedia.com\/leblogmoto\/author\/benoit-rieu\/\"}]}<\/script>\n<!-- \/ Yoast SEO plugin. -->","yoast_head_json":{"title":"Bayliss \u00e9tincelant m\u00eame en plein jour et la Ducati 1098. - leblogmoto.com","robots":{"index":"index","follow":"follow","max-snippet":"max-snippet:-1","max-image-preview":"max-image-preview:large","max-video-preview":"max-video-preview:-1"},"canonical":"https:\/\/blogs.thesocialmedia.com\/leblogmoto\/2007\/12\/07\/troy-bayliss-ti\/","twitter_card":"summary_large_image","twitter_title":"Bayliss \u00e9tincelant m\u00eame en plein jour et la Ducati 1098. - leblogmoto.com","twitter_description":"J&rsquo;avais en premier lieu pens\u00e9 \u00e0 mettre une photo de Troy Bayliss sur sa derni\u00e8re monture, la 1098 F08 mais comme toutes les r\u00e9dacs des magazines papiers et les bloggers l&rsquo;ont, j&rsquo;ai pr\u00e9f\u00e9r\u00e9 cette photo avec la protection ext\u00e9rieure de sa botte qui vient racler la piste, prise cette saison (et donc au guidon de [&hellip;]","twitter_image":"http:\/\/www.leblogmoto.com\/images\/2007\/12\/05\/moto_pilotes_troy_bayliss_etincelle.jpg","twitter_misc":{"\u00c9crit par":"benoit rieu","Dur\u00e9e de lecture estim\u00e9e":"2 minutes"},"schema":{"@context":"https:\/\/schema.org","@graph":[{"@type":"WebPage","@id":"https:\/\/blogs.thesocialmedia.com\/leblogmoto\/2007\/12\/07\/troy-bayliss-ti\/","url":"https:\/\/blogs.thesocialmedia.com\/leblogmoto\/2007\/12\/07\/troy-bayliss-ti\/","name":"Bayliss \u00e9tincelant m\u00eame en plein jour et la Ducati 1098. - leblogmoto.com","isPartOf":{"@id":"https:\/\/blogs.thesocialmedia.com\/leblogmoto\/#website"},"primaryImageOfPage":{"@id":"https:\/\/blogs.thesocialmedia.com\/leblogmoto\/2007\/12\/07\/troy-bayliss-ti\/#primaryimage"},"image":{"@id":"https:\/\/blogs.thesocialmedia.com\/leblogmoto\/2007\/12\/07\/troy-bayliss-ti\/#primaryimage"},"thumbnailUrl":"http:\/\/www.leblogmoto.com\/images\/2007\/12\/05\/moto_pilotes_troy_bayliss_etincelle.jpg","datePublished":"2007-12-07T06:50:32+00:00","dateModified":"2012-07-11T15:02:34+00:00","author":{"@id":"https:\/\/blogs.thesocialmedia.com\/leblogmoto\/#\/schema\/person\/18bfe773e5725ed6d24f743da805362a"},"breadcrumb":{"@id":"https:\/\/blogs.thesocialmedia.com\/leblogmoto\/2007\/12\/07\/troy-bayliss-ti\/#breadcrumb"},"inLanguage":"fr-FR","potentialAction":[{"@type":"ReadAction","target":["https:\/\/blogs.thesocialmedia.com\/leblogmoto\/2007\/12\/07\/troy-bayliss-ti\/"]}]},{"@type":"ImageObject","inLanguage":"fr-FR","@id":"https:\/\/blogs.thesocialmedia.com\/leblogmoto\/2007\/12\/07\/troy-bayliss-ti\/#primaryimage","url":"http:\/\/www.leblogmoto.com\/images\/2007\/12\/05\/moto_pilotes_troy_bayliss_etincelle.jpg","contentUrl":"http:\/\/www.leblogmoto.com\/images\/2007\/12\/05\/moto_pilotes_troy_bayliss_etincelle.jpg"},{"@type":"BreadcrumbList","@id":"https:\/\/blogs.thesocialmedia.com\/leblogmoto\/2007\/12\/07\/troy-bayliss-ti\/#breadcrumb","itemListElement":[{"@type":"ListItem","position":1,"name":"Accueil","item":"https:\/\/blogs.thesocialmedia.com\/leblogmoto\/"},{"@type":"ListItem","position":2,"name":"Bayliss \u00e9tincelant m\u00eame en plein jour et la Ducati 1098."}]},{"@type":"WebSite","@id":"https:\/\/blogs.thesocialmedia.com\/leblogmoto\/#website","url":"https:\/\/blogs.thesocialmedia.com\/leblogmoto\/","name":"leblogmoto","description":"Toute l&#039;actualit\u00e9 des 2 roues","potentialAction":[{"@type":"SearchAction","target":{"@type":"EntryPoint","urlTemplate":"https:\/\/blogs.thesocialmedia.com\/leblogmoto\/?s={search_term_string}"},"query-input":{"@type":"PropertyValueSpecification","valueRequired":true,"valueName":"search_term_string"}}],"inLanguage":"fr-FR"},{"@type":"Person","@id":"https:\/\/blogs.thesocialmedia.com\/leblogmoto\/#\/schema\/person\/18bfe773e5725ed6d24f743da805362a","name":"benoit rieu","image":{"@type":"ImageObject","inLanguage":"fr-FR","@id":"https:\/\/blogs.thesocialmedia.com\/leblogmoto\/#\/schema\/person\/image\/","url":"https:\/\/secure.gravatar.com\/avatar\/?s=96&d=mm&r=g","contentUrl":"https:\/\/secure.gravatar.com\/avatar\/?s=96&d=mm&r=g","caption":"benoit rieu"},"url":"https:\/\/blogs.thesocialmedia.com\/leblogmoto\/author\/benoit-rieu\/"}]}},"_links":{"self":[{"href":"https:\/\/blogs.thesocialmedia.com\/leblogmoto\/wp-json\/wp\/v2\/posts\/1035","targetHints":{"allow":["GET"]}}],"collection":[{"href":"https:\/\/blogs.thesocialmedia.com\/leblogmoto\/wp-json\/wp\/v2\/posts"}],"about":[{"href":"https:\/\/blogs.thesocialmedia.com\/leblogmoto\/wp-json\/wp\/v2\/types\/post"}],"author":[{"embeddable":true,"href":"https:\/\/blogs.thesocialmedia.com\/leblogmoto\/wp-json\/wp\/v2\/users\/324"}],"replies":[{"embeddable":true,"href":"https:\/\/blogs.thesocialmedia.com\/leblogmoto\/wp-json\/wp\/v2\/comments?post=1035"}],"version-history":[{"count":2,"href":"https:\/\/blogs.thesocialmedia.com\/leblogmoto\/wp-json\/wp\/v2\/posts\/1035\/revisions"}],"predecessor-version":[{"id":9359,"href":"https:\/\/blogs.thesocialmedia.com\/leblogmoto\/wp-json\/wp\/v2\/posts\/1035\/revisions\/9359"}],"wp:attachment":[{"href":"https:\/\/blogs.thesocialmedia.com\/leblogmoto\/wp-json\/wp\/v2\/media?parent=1035"}],"wp:term":[{"taxonomy":"category","embeddable":true,"href":"https:\/\/blogs.thesocialmedia.com\/leblogmoto\/wp-json\/wp\/v2\/categories?post=1035"},{"taxonomy":"post_tag","embeddable":true,"href":"https:\/\/blogs.thesocialmedia.com\/leblogmoto\/wp-json\/wp\/v2\/tags?post=1035"}],"curies":[{"name":"wp","href":"https:\/\/api.w.org\/{rel}","templated":true}]}}