{"id":1036,"date":"2007-12-07T04:14:05","date_gmt":"2007-12-07T04:14:05","guid":{"rendered":"http:\/\/blogs.thesocialmedia.com\/leblogmoto\/2007\/12\/07\/album-du-vendre-16\/"},"modified":"2012-07-11T15:01:50","modified_gmt":"2012-07-11T15:01:50","slug":"album-du-vendre-16","status":"publish","type":"post","link":"https:\/\/blogs.thesocialmedia.com\/leblogmoto\/2007\/12\/07\/album-du-vendre-16\/","title":{"rendered":"Album du vendredi, La V\u00e9nus \u00e0 la fourrure"},"content":{"rendered":"<p><a href=\"http:\/\/blogs.thesocialmedia.com\/leblogmoto\/files\/2012\/07\/004.jpg\"><img loading=\"lazy\" decoding=\"async\" width=\"470\" height=\"257\"  src=\"http:\/\/www.leblogmoto.com\/images\/2007\/12\/06\/004.jpg\" alt=\"004\" \/><\/a> <\/p>\n<p>Histoire de r\u00e9chauffer un peu cette pauvre <a href=\"http:\/\/blogs.thesocialmedia.com\/leblogmoto\/files\/2012\/07\/yamaha-v-star-c.html_.png\">Yamaha<\/a>, se les gelant, bien seule dans son banc de neige, quelques images de motos pr\u00e9voyantes. Le style b\u00eate sauvage est assur\u00e9ment \u00e0 la mode, ce qui ne semble pas \u00eatre la moindre des extravagances. Ouvrons avec ces deux V\u00e9nus \u00e0 la fourrure, mais pour poursuivre sur une note plus culturelle, vous trouverez <a href=\"http:\/\/www.eros-thanatos.com\/-La-Venus-a-la-Fourrure-.html\">ici<\/a> certains extraits du roman de <a href=\"http:\/\/fr.wikipedia.org\/wiki\/Leopold_von_Sacher-Masoch\">Leopold von Sacher-Masoch<\/a>, \u00abLa V\u00e9nus \u00e0 la fourrure\u00bb, et pour qui aime lire avec un peu de musique, \u00ab<a href=\"http:\/\/www.lastfm.fr\/music\/The+Velvet+Underground\/_\/Venus+in+Furs\">Venus in furs<\/a>\u00bb du mythique Velvet Underground.<\/p>\n<p><a href=\"http:\/\/clabedan.typepad.com\/.shared\/image.html?\/photos\/uncategorized\/2007\/12\/06\/006.jpg\"><img loading=\"lazy\" decoding=\"async\" width=\"470\" height=\"351\"  src=\"http:\/\/www.leblogmoto.com\/images\/2007\/12\/06\/006.jpg\" alt=\"006\" \/><\/a> <\/p>\n<p><a href=\"http:\/\/blogs.thesocialmedia.com\/leblogmoto\/files\/2012\/07\/005.jpg\"><img loading=\"lazy\" decoding=\"async\" width=\"470\" height=\"351\"  src=\"http:\/\/www.leblogmoto.com\/images\/2007\/12\/06\/005.jpg\" alt=\"005\" \/><\/a> <\/p>\n<p><a href=\"http:\/\/blogs.thesocialmedia.com\/leblogmoto\/files\/2012\/07\/003.jpg\"><img loading=\"lazy\" decoding=\"async\" width=\"470\" height=\"626\"  src=\"http:\/\/www.leblogmoto.com\/images\/2007\/12\/06\/003.jpg\" alt=\"003\" \/><\/a> <\/p>\n<p><a href=\"http:\/\/blogs.thesocialmedia.com\/leblogmoto\/files\/2012\/07\/002.jpg\"><img loading=\"lazy\" decoding=\"async\" width=\"470\" height=\"351\"  src=\"http:\/\/www.leblogmoto.com\/images\/2007\/12\/06\/002.jpg\" alt=\"002\" \/><\/a> <\/p>\n<p><a href=\"http:\/\/blogs.thesocialmedia.com\/leblogmoto\/files\/2012\/07\/fur1.jpg\"><img loading=\"lazy\" decoding=\"async\" width=\"470\" height=\"164\"  src=\"http:\/\/www.leblogmoto.com\/images\/2007\/12\/06\/fur1.jpg\" alt=\"Fur1\" \/><\/a> <\/p>\n","protected":false},"excerpt":{"rendered":"<p>Histoire de r\u00e9chauffer un peu cette pauvre Yamaha, se les gelant, bien seule dans son banc de neige, quelques images de motos pr\u00e9voyantes. Le style b\u00eate sauvage est assur\u00e9ment \u00e0 la mode, ce qui ne semble pas \u00eatre la moindre des extravagances. Ouvrons avec ces deux V\u00e9nus \u00e0 la fourrure, mais pour poursuivre sur une [&hellip;]<\/p>\n","protected":false},"author":325,"featured_media":0,"comment_status":"open","ping_status":"open","sticky":false,"template":"","format":"standard","meta":{"footnotes":""},"categories":[16,58],"tags":[],"class_list":["post-1036","post","type-post","status-publish","format-standard","hentry","category-art-moto","category-insolite"],"yoast_head":"<!-- This site is optimized with the Yoast SEO plugin v26.0 - https:\/\/yoast.com\/wordpress\/plugins\/seo\/ -->\n<title>Album du vendredi, La V\u00e9nus \u00e0 la fourrure - leblogmoto.com<\/title>\n<meta name=\"robots\" content=\"index, follow, max-snippet:-1, max-image-preview:large, max-video-preview:-1\" \/>\n<link rel=\"canonical\" href=\"https:\/\/blogs.thesocialmedia.com\/leblogmoto\/2007\/12\/07\/album-du-vendre-16\/\" \/>\n<meta name=\"twitter:card\" content=\"summary_large_image\" \/>\n<meta name=\"twitter:title\" content=\"Album du vendredi, La V\u00e9nus \u00e0 la fourrure - leblogmoto.com\" \/>\n<meta name=\"twitter:description\" content=\"Histoire de r\u00e9chauffer un peu cette pauvre Yamaha, se les gelant, bien seule dans son banc de neige, quelques images de motos pr\u00e9voyantes. Le style b\u00eate sauvage est assur\u00e9ment \u00e0 la mode, ce qui ne semble pas \u00eatre la moindre des extravagances. Ouvrons avec ces deux V\u00e9nus \u00e0 la fourrure, mais pour poursuivre sur une [&hellip;]\" \/>\n<meta name=\"twitter:image\" content=\"http:\/\/www.leblogmoto.com\/images\/2007\/12\/06\/004.jpg\" \/>\n<meta name=\"twitter:label1\" content=\"\u00c9crit par\" \/>\n\t<meta name=\"twitter:data1\" content=\"jacques lesage\" \/>\n<script type=\"application\/ld+json\" class=\"yoast-schema-graph\">{\"@context\":\"https:\/\/schema.org\",\"@graph\":[{\"@type\":\"WebPage\",\"@id\":\"https:\/\/blogs.thesocialmedia.com\/leblogmoto\/2007\/12\/07\/album-du-vendre-16\/\",\"url\":\"https:\/\/blogs.thesocialmedia.com\/leblogmoto\/2007\/12\/07\/album-du-vendre-16\/\",\"name\":\"Album du vendredi, La V\u00e9nus \u00e0 la fourrure - leblogmoto.com\",\"isPartOf\":{\"@id\":\"https:\/\/blogs.thesocialmedia.com\/leblogmoto\/#website\"},\"primaryImageOfPage\":{\"@id\":\"https:\/\/blogs.thesocialmedia.com\/leblogmoto\/2007\/12\/07\/album-du-vendre-16\/#primaryimage\"},\"image\":{\"@id\":\"https:\/\/blogs.thesocialmedia.com\/leblogmoto\/2007\/12\/07\/album-du-vendre-16\/#primaryimage\"},\"thumbnailUrl\":\"http:\/\/www.leblogmoto.com\/images\/2007\/12\/06\/004.jpg\",\"datePublished\":\"2007-12-07T04:14:05+00:00\",\"dateModified\":\"2012-07-11T15:01:50+00:00\",\"author\":{\"@id\":\"https:\/\/blogs.thesocialmedia.com\/leblogmoto\/#\/schema\/person\/e82a0ca8a9a63d031586097a3ed58526\"},\"breadcrumb\":{\"@id\":\"https:\/\/blogs.thesocialmedia.com\/leblogmoto\/2007\/12\/07\/album-du-vendre-16\/#breadcrumb\"},\"inLanguage\":\"fr-FR\",\"potentialAction\":[{\"@type\":\"ReadAction\",\"target\":[\"https:\/\/blogs.thesocialmedia.com\/leblogmoto\/2007\/12\/07\/album-du-vendre-16\/\"]}]},{\"@type\":\"ImageObject\",\"inLanguage\":\"fr-FR\",\"@id\":\"https:\/\/blogs.thesocialmedia.com\/leblogmoto\/2007\/12\/07\/album-du-vendre-16\/#primaryimage\",\"url\":\"http:\/\/www.leblogmoto.com\/images\/2007\/12\/06\/004.jpg\",\"contentUrl\":\"http:\/\/www.leblogmoto.com\/images\/2007\/12\/06\/004.jpg\"},{\"@type\":\"BreadcrumbList\",\"@id\":\"https:\/\/blogs.thesocialmedia.com\/leblogmoto\/2007\/12\/07\/album-du-vendre-16\/#breadcrumb\",\"itemListElement\":[{\"@type\":\"ListItem\",\"position\":1,\"name\":\"Accueil\",\"item\":\"https:\/\/blogs.thesocialmedia.com\/leblogmoto\/\"},{\"@type\":\"ListItem\",\"position\":2,\"name\":\"Album du vendredi, La V\u00e9nus \u00e0 la fourrure\"}]},{\"@type\":\"WebSite\",\"@id\":\"https:\/\/blogs.thesocialmedia.com\/leblogmoto\/#website\",\"url\":\"https:\/\/blogs.thesocialmedia.com\/leblogmoto\/\",\"name\":\"leblogmoto\",\"description\":\"Toute l&#039;actualit\u00e9 des 2 roues\",\"potentialAction\":[{\"@type\":\"SearchAction\",\"target\":{\"@type\":\"EntryPoint\",\"urlTemplate\":\"https:\/\/blogs.thesocialmedia.com\/leblogmoto\/?s={search_term_string}\"},\"query-input\":{\"@type\":\"PropertyValueSpecification\",\"valueRequired\":true,\"valueName\":\"search_term_string\"}}],\"inLanguage\":\"fr-FR\"},{\"@type\":\"Person\",\"@id\":\"https:\/\/blogs.thesocialmedia.com\/leblogmoto\/#\/schema\/person\/e82a0ca8a9a63d031586097a3ed58526\",\"name\":\"jacques lesage\",\"image\":{\"@type\":\"ImageObject\",\"inLanguage\":\"fr-FR\",\"@id\":\"https:\/\/blogs.thesocialmedia.com\/leblogmoto\/#\/schema\/person\/image\/\",\"url\":\"https:\/\/secure.gravatar.com\/avatar\/?s=96&d=mm&r=g\",\"contentUrl\":\"https:\/\/secure.gravatar.com\/avatar\/?s=96&d=mm&r=g\",\"caption\":\"jacques lesage\"},\"url\":\"https:\/\/blogs.thesocialmedia.com\/leblogmoto\/author\/jacques-lesage\/\"}]}<\/script>\n<!-- \/ Yoast SEO plugin. -->","yoast_head_json":{"title":"Album du vendredi, La V\u00e9nus \u00e0 la fourrure - leblogmoto.com","robots":{"index":"index","follow":"follow","max-snippet":"max-snippet:-1","max-image-preview":"max-image-preview:large","max-video-preview":"max-video-preview:-1"},"canonical":"https:\/\/blogs.thesocialmedia.com\/leblogmoto\/2007\/12\/07\/album-du-vendre-16\/","twitter_card":"summary_large_image","twitter_title":"Album du vendredi, La V\u00e9nus \u00e0 la fourrure - leblogmoto.com","twitter_description":"Histoire de r\u00e9chauffer un peu cette pauvre Yamaha, se les gelant, bien seule dans son banc de neige, quelques images de motos pr\u00e9voyantes. Le style b\u00eate sauvage est assur\u00e9ment \u00e0 la mode, ce qui ne semble pas \u00eatre la moindre des extravagances. Ouvrons avec ces deux V\u00e9nus \u00e0 la fourrure, mais pour poursuivre sur une [&hellip;]","twitter_image":"http:\/\/www.leblogmoto.com\/images\/2007\/12\/06\/004.jpg","twitter_misc":{"\u00c9crit par":"jacques lesage"},"schema":{"@context":"https:\/\/schema.org","@graph":[{"@type":"WebPage","@id":"https:\/\/blogs.thesocialmedia.com\/leblogmoto\/2007\/12\/07\/album-du-vendre-16\/","url":"https:\/\/blogs.thesocialmedia.com\/leblogmoto\/2007\/12\/07\/album-du-vendre-16\/","name":"Album du vendredi, La V\u00e9nus \u00e0 la fourrure - leblogmoto.com","isPartOf":{"@id":"https:\/\/blogs.thesocialmedia.com\/leblogmoto\/#website"},"primaryImageOfPage":{"@id":"https:\/\/blogs.thesocialmedia.com\/leblogmoto\/2007\/12\/07\/album-du-vendre-16\/#primaryimage"},"image":{"@id":"https:\/\/blogs.thesocialmedia.com\/leblogmoto\/2007\/12\/07\/album-du-vendre-16\/#primaryimage"},"thumbnailUrl":"http:\/\/www.leblogmoto.com\/images\/2007\/12\/06\/004.jpg","datePublished":"2007-12-07T04:14:05+00:00","dateModified":"2012-07-11T15:01:50+00:00","author":{"@id":"https:\/\/blogs.thesocialmedia.com\/leblogmoto\/#\/schema\/person\/e82a0ca8a9a63d031586097a3ed58526"},"breadcrumb":{"@id":"https:\/\/blogs.thesocialmedia.com\/leblogmoto\/2007\/12\/07\/album-du-vendre-16\/#breadcrumb"},"inLanguage":"fr-FR","potentialAction":[{"@type":"ReadAction","target":["https:\/\/blogs.thesocialmedia.com\/leblogmoto\/2007\/12\/07\/album-du-vendre-16\/"]}]},{"@type":"ImageObject","inLanguage":"fr-FR","@id":"https:\/\/blogs.thesocialmedia.com\/leblogmoto\/2007\/12\/07\/album-du-vendre-16\/#primaryimage","url":"http:\/\/www.leblogmoto.com\/images\/2007\/12\/06\/004.jpg","contentUrl":"http:\/\/www.leblogmoto.com\/images\/2007\/12\/06\/004.jpg"},{"@type":"BreadcrumbList","@id":"https:\/\/blogs.thesocialmedia.com\/leblogmoto\/2007\/12\/07\/album-du-vendre-16\/#breadcrumb","itemListElement":[{"@type":"ListItem","position":1,"name":"Accueil","item":"https:\/\/blogs.thesocialmedia.com\/leblogmoto\/"},{"@type":"ListItem","position":2,"name":"Album du vendredi, La V\u00e9nus \u00e0 la fourrure"}]},{"@type":"WebSite","@id":"https:\/\/blogs.thesocialmedia.com\/leblogmoto\/#website","url":"https:\/\/blogs.thesocialmedia.com\/leblogmoto\/","name":"leblogmoto","description":"Toute l&#039;actualit\u00e9 des 2 roues","potentialAction":[{"@type":"SearchAction","target":{"@type":"EntryPoint","urlTemplate":"https:\/\/blogs.thesocialmedia.com\/leblogmoto\/?s={search_term_string}"},"query-input":{"@type":"PropertyValueSpecification","valueRequired":true,"valueName":"search_term_string"}}],"inLanguage":"fr-FR"},{"@type":"Person","@id":"https:\/\/blogs.thesocialmedia.com\/leblogmoto\/#\/schema\/person\/e82a0ca8a9a63d031586097a3ed58526","name":"jacques lesage","image":{"@type":"ImageObject","inLanguage":"fr-FR","@id":"https:\/\/blogs.thesocialmedia.com\/leblogmoto\/#\/schema\/person\/image\/","url":"https:\/\/secure.gravatar.com\/avatar\/?s=96&d=mm&r=g","contentUrl":"https:\/\/secure.gravatar.com\/avatar\/?s=96&d=mm&r=g","caption":"jacques lesage"},"url":"https:\/\/blogs.thesocialmedia.com\/leblogmoto\/author\/jacques-lesage\/"}]}},"_links":{"self":[{"href":"https:\/\/blogs.thesocialmedia.com\/leblogmoto\/wp-json\/wp\/v2\/posts\/1036","targetHints":{"allow":["GET"]}}],"collection":[{"href":"https:\/\/blogs.thesocialmedia.com\/leblogmoto\/wp-json\/wp\/v2\/posts"}],"about":[{"href":"https:\/\/blogs.thesocialmedia.com\/leblogmoto\/wp-json\/wp\/v2\/types\/post"}],"author":[{"embeddable":true,"href":"https:\/\/blogs.thesocialmedia.com\/leblogmoto\/wp-json\/wp\/v2\/users\/325"}],"replies":[{"embeddable":true,"href":"https:\/\/blogs.thesocialmedia.com\/leblogmoto\/wp-json\/wp\/v2\/comments?post=1036"}],"version-history":[{"count":2,"href":"https:\/\/blogs.thesocialmedia.com\/leblogmoto\/wp-json\/wp\/v2\/posts\/1036\/revisions"}],"predecessor-version":[{"id":9350,"href":"https:\/\/blogs.thesocialmedia.com\/leblogmoto\/wp-json\/wp\/v2\/posts\/1036\/revisions\/9350"}],"wp:attachment":[{"href":"https:\/\/blogs.thesocialmedia.com\/leblogmoto\/wp-json\/wp\/v2\/media?parent=1036"}],"wp:term":[{"taxonomy":"category","embeddable":true,"href":"https:\/\/blogs.thesocialmedia.com\/leblogmoto\/wp-json\/wp\/v2\/categories?post=1036"},{"taxonomy":"post_tag","embeddable":true,"href":"https:\/\/blogs.thesocialmedia.com\/leblogmoto\/wp-json\/wp\/v2\/tags?post=1036"}],"curies":[{"name":"wp","href":"https:\/\/api.w.org\/{rel}","templated":true}]}}