{"id":1038,"date":"2007-12-06T03:36:10","date_gmt":"2007-12-06T03:36:10","guid":{"rendered":"http:\/\/blogs.thesocialmedia.com\/leblogmoto\/2007\/12\/06\/jesse-james-se\/"},"modified":"2012-07-11T15:01:31","modified_gmt":"2012-07-11T15:01:31","slug":"jesse-james-se","status":"publish","type":"post","link":"https:\/\/blogs.thesocialmedia.com\/leblogmoto\/2007\/12\/06\/jesse-james-se\/","title":{"rendered":"Jesse James se couche&#8230; sur papier"},"content":{"rendered":"<p><a href=\"http:\/\/blogs.thesocialmedia.com\/leblogmoto\/files\/2012\/07\/book_1.jpg\"><img loading=\"lazy\" decoding=\"async\" width=\"250\" height=\"308\"  src=\"http:\/\/www.leblogmoto.com\/images\/2007\/12\/05\/book_1.jpg\" alt=\"Book_1\" style=\"margin: 0px 5px 10px 0px;float: left\" \/><\/a> Il y a eu une vague \u00abChoppers\u00bb ces derni\u00e8res ann\u00e9es aux \u00c9tats-Unis, et celui qui en est responsable pour une bonne part, c&rsquo;est ce <a href=\"http:\/\/fr.wikipedia.org\/wiki\/Jesse_G._James\">Jesse James<\/a>. Vedette d&rsquo;un documentaire intimiste au succ\u00e8s inattendu \u00abMotorcycle Mania\u00bb, le propulsant vedette instantan\u00e9, il se retrouva, \u00e0 son corps d\u00e9fendant, \u00e0 l&rsquo;avant-sc\u00e8ne d&rsquo;un cirque m\u00e9diatique faisant de ces artisans d&rsquo;hier, des porte-parole d&rsquo;une id\u00e9ologie, moiti\u00e9 anarchique, moiti\u00e9 bord\u00e9lique. Les \u00e9missions de t\u00e9l\u00e9 se sont rapidement succ\u00e9d\u00e9, la notori\u00e9t\u00e9 suivit de pr\u00e8s, et avec elle un <a href=\"http:\/\/www.westcoastchoppers.com\/\">carnet de commandes<\/a> de plus en plus garni.<br \/>Mais le \u00abStar System\u00bb use son homme. Deux divorces plus tard, une file de curieux en permanence devant son atelier, achetant T-Shirt et casquette \u00e0 la caisse pour se consoler de ne pas avoir vu leur idole, Jesse James, pour tenter de quitter les feux des projecteurs ne trouva rien de mieux que de faire une autre \u00e9mission de t\u00e9l\u00e9. Ce qui donna \u00abMotorcycle Mania 3\u00bb, o\u00f9 avec le rocker Kid Rock, il part au Mexique se refaire une virginit\u00e9, mais ne manquant jamais de pr\u00e9senter le bon profil \u00e0 la cam\u00e9ra.<br \/>Now, that&rsquo;s entertainment folks.<\/p>\n<p><a href=\"http:\/\/clabedan.typepad.com\/.shared\/image.html?\/photos\/uncategorized\/2007\/12\/05\/book_21.jpg\"><img loading=\"lazy\" decoding=\"async\" width=\"470\" height=\"376\"  src=\"http:\/\/www.leblogmoto.com\/images\/2007\/12\/05\/book_21.jpg\" alt=\"Book_21\" \/><\/a> <\/p>\n<p>Et puis, maintenant, il y le livre de papier glac\u00e9. L&rsquo;homme et ses machines, au travail, en sueur, sur la route et avec ses tatouages, autre vague concomitante. On ne niera pas son talent ni sa d\u00e9termination, mais l&rsquo;attitude de diva capricieuse n&rsquo;est pas n\u00e9cessaire.<\/p>\n<p><a href=\"http:\/\/blogs.thesocialmedia.com\/leblogmoto\/files\/2012\/07\/book_51.jpg\"><img loading=\"lazy\" decoding=\"async\" width=\"470\" height=\"377\"  src=\"http:\/\/www.leblogmoto.com\/images\/2007\/12\/05\/book_51.jpg\" alt=\"Book_51\" \/><\/a> <\/p>\n<p>Le photographe est <a href=\"http:\/\/www.nathanielwelch.com\/\">Nathaniel Welch<\/a>. Sur son site, on trouve les images du livre sous l&rsquo;onglet \u00abBooks\u00bb.<\/p>\n<p><a href=\"http:\/\/clabedan.typepad.com\/.shared\/image.html?\/photos\/uncategorized\/2007\/12\/05\/james1.jpg\"><img loading=\"lazy\" decoding=\"async\" width=\"470\" height=\"287\"  src=\"http:\/\/www.leblogmoto.com\/images\/2007\/12\/05\/james1.jpg\" alt=\"James1\" \/><\/a> <\/p>\n<p><a href=\"http:\/\/blogs.thesocialmedia.com\/leblogmoto\/files\/2012\/07\/james2.jpg\"><img loading=\"lazy\" decoding=\"async\" width=\"470\" height=\"290\"  src=\"http:\/\/www.leblogmoto.com\/images\/2007\/12\/05\/james2.jpg\" alt=\"James2\" \/><\/a> <\/p>\n<p><object width=\"425\" height=\"373\"><param name=\"movie\" value=\"http:\/\/www.youtube.com\/v\/5hRInrr3tX8&amp;rel=1&amp;color1=0xd6d6d6&amp;color2=0xf0f0f0&amp;border=1\" \/><param name=\"wmode\" value=\"transparent\" \/><embed width=\"425\" height=\"373\" src=\"http:\/\/www.youtube.com\/v\/5hRInrr3tX8&amp;rel=1&amp;color1=0xd6d6d6&amp;color2=0xf0f0f0&amp;border=1\" type=\"application\/x-shockwave-flash\"><\/embed><\/object><\/p>\n","protected":false},"excerpt":{"rendered":"<p>Il y a eu une vague \u00abChoppers\u00bb ces derni\u00e8res ann\u00e9es aux \u00c9tats-Unis, et celui qui en est responsable pour une bonne part, c&rsquo;est ce Jesse James. Vedette d&rsquo;un documentaire intimiste au succ\u00e8s inattendu \u00abMotorcycle Mania\u00bb, le propulsant vedette instantan\u00e9, il se retrouva, \u00e0 son corps d\u00e9fendant, \u00e0 l&rsquo;avant-sc\u00e8ne d&rsquo;un cirque m\u00e9diatique faisant de ces artisans [&hellip;]<\/p>\n","protected":false},"author":325,"featured_media":0,"comment_status":"open","ping_status":"open","sticky":false,"template":"","format":"standard","meta":{"footnotes":""},"categories":[8,15],"tags":[],"class_list":["post-1038","post","type-post","status-publish","format-standard","hentry","category-chaines-et-cuirs","category-livres"],"yoast_head":"<!-- This site is optimized with the Yoast SEO plugin v26.0 - https:\/\/yoast.com\/wordpress\/plugins\/seo\/ -->\n<title>Jesse James se couche... sur papier - leblogmoto.com<\/title>\n<meta name=\"robots\" content=\"index, follow, max-snippet:-1, max-image-preview:large, max-video-preview:-1\" \/>\n<link rel=\"canonical\" href=\"https:\/\/blogs.thesocialmedia.com\/leblogmoto\/2007\/12\/06\/jesse-james-se\/\" \/>\n<meta name=\"twitter:card\" content=\"summary_large_image\" \/>\n<meta name=\"twitter:title\" content=\"Jesse James se couche... sur papier - leblogmoto.com\" \/>\n<meta name=\"twitter:description\" content=\"Il y a eu une vague \u00abChoppers\u00bb ces derni\u00e8res ann\u00e9es aux \u00c9tats-Unis, et celui qui en est responsable pour une bonne part, c&rsquo;est ce Jesse James. Vedette d&rsquo;un documentaire intimiste au succ\u00e8s inattendu \u00abMotorcycle Mania\u00bb, le propulsant vedette instantan\u00e9, il se retrouva, \u00e0 son corps d\u00e9fendant, \u00e0 l&rsquo;avant-sc\u00e8ne d&rsquo;un cirque m\u00e9diatique faisant de ces artisans [&hellip;]\" \/>\n<meta name=\"twitter:image\" content=\"http:\/\/www.leblogmoto.com\/images\/2007\/12\/05\/book_1.jpg\" \/>\n<meta name=\"twitter:label1\" content=\"\u00c9crit par\" \/>\n\t<meta name=\"twitter:data1\" content=\"jacques lesage\" \/>\n\t<meta name=\"twitter:label2\" content=\"Dur\u00e9e de lecture estim\u00e9e\" \/>\n\t<meta name=\"twitter:data2\" content=\"1 minute\" \/>\n<script type=\"application\/ld+json\" class=\"yoast-schema-graph\">{\"@context\":\"https:\/\/schema.org\",\"@graph\":[{\"@type\":\"WebPage\",\"@id\":\"https:\/\/blogs.thesocialmedia.com\/leblogmoto\/2007\/12\/06\/jesse-james-se\/\",\"url\":\"https:\/\/blogs.thesocialmedia.com\/leblogmoto\/2007\/12\/06\/jesse-james-se\/\",\"name\":\"Jesse James se couche... sur papier - leblogmoto.com\",\"isPartOf\":{\"@id\":\"https:\/\/blogs.thesocialmedia.com\/leblogmoto\/#website\"},\"primaryImageOfPage\":{\"@id\":\"https:\/\/blogs.thesocialmedia.com\/leblogmoto\/2007\/12\/06\/jesse-james-se\/#primaryimage\"},\"image\":{\"@id\":\"https:\/\/blogs.thesocialmedia.com\/leblogmoto\/2007\/12\/06\/jesse-james-se\/#primaryimage\"},\"thumbnailUrl\":\"http:\/\/www.leblogmoto.com\/images\/2007\/12\/05\/book_1.jpg\",\"datePublished\":\"2007-12-06T03:36:10+00:00\",\"dateModified\":\"2012-07-11T15:01:31+00:00\",\"author\":{\"@id\":\"https:\/\/blogs.thesocialmedia.com\/leblogmoto\/#\/schema\/person\/e82a0ca8a9a63d031586097a3ed58526\"},\"breadcrumb\":{\"@id\":\"https:\/\/blogs.thesocialmedia.com\/leblogmoto\/2007\/12\/06\/jesse-james-se\/#breadcrumb\"},\"inLanguage\":\"fr-FR\",\"potentialAction\":[{\"@type\":\"ReadAction\",\"target\":[\"https:\/\/blogs.thesocialmedia.com\/leblogmoto\/2007\/12\/06\/jesse-james-se\/\"]}]},{\"@type\":\"ImageObject\",\"inLanguage\":\"fr-FR\",\"@id\":\"https:\/\/blogs.thesocialmedia.com\/leblogmoto\/2007\/12\/06\/jesse-james-se\/#primaryimage\",\"url\":\"http:\/\/www.leblogmoto.com\/images\/2007\/12\/05\/book_1.jpg\",\"contentUrl\":\"http:\/\/www.leblogmoto.com\/images\/2007\/12\/05\/book_1.jpg\"},{\"@type\":\"BreadcrumbList\",\"@id\":\"https:\/\/blogs.thesocialmedia.com\/leblogmoto\/2007\/12\/06\/jesse-james-se\/#breadcrumb\",\"itemListElement\":[{\"@type\":\"ListItem\",\"position\":1,\"name\":\"Accueil\",\"item\":\"https:\/\/blogs.thesocialmedia.com\/leblogmoto\/\"},{\"@type\":\"ListItem\",\"position\":2,\"name\":\"Jesse James se couche&#8230; sur papier\"}]},{\"@type\":\"WebSite\",\"@id\":\"https:\/\/blogs.thesocialmedia.com\/leblogmoto\/#website\",\"url\":\"https:\/\/blogs.thesocialmedia.com\/leblogmoto\/\",\"name\":\"leblogmoto\",\"description\":\"Toute l&#039;actualit\u00e9 des 2 roues\",\"potentialAction\":[{\"@type\":\"SearchAction\",\"target\":{\"@type\":\"EntryPoint\",\"urlTemplate\":\"https:\/\/blogs.thesocialmedia.com\/leblogmoto\/?s={search_term_string}\"},\"query-input\":{\"@type\":\"PropertyValueSpecification\",\"valueRequired\":true,\"valueName\":\"search_term_string\"}}],\"inLanguage\":\"fr-FR\"},{\"@type\":\"Person\",\"@id\":\"https:\/\/blogs.thesocialmedia.com\/leblogmoto\/#\/schema\/person\/e82a0ca8a9a63d031586097a3ed58526\",\"name\":\"jacques lesage\",\"image\":{\"@type\":\"ImageObject\",\"inLanguage\":\"fr-FR\",\"@id\":\"https:\/\/blogs.thesocialmedia.com\/leblogmoto\/#\/schema\/person\/image\/\",\"url\":\"https:\/\/secure.gravatar.com\/avatar\/?s=96&d=mm&r=g\",\"contentUrl\":\"https:\/\/secure.gravatar.com\/avatar\/?s=96&d=mm&r=g\",\"caption\":\"jacques lesage\"},\"url\":\"https:\/\/blogs.thesocialmedia.com\/leblogmoto\/author\/jacques-lesage\/\"}]}<\/script>\n<!-- \/ Yoast SEO plugin. -->","yoast_head_json":{"title":"Jesse James se couche... sur papier - leblogmoto.com","robots":{"index":"index","follow":"follow","max-snippet":"max-snippet:-1","max-image-preview":"max-image-preview:large","max-video-preview":"max-video-preview:-1"},"canonical":"https:\/\/blogs.thesocialmedia.com\/leblogmoto\/2007\/12\/06\/jesse-james-se\/","twitter_card":"summary_large_image","twitter_title":"Jesse James se couche... sur papier - leblogmoto.com","twitter_description":"Il y a eu une vague \u00abChoppers\u00bb ces derni\u00e8res ann\u00e9es aux \u00c9tats-Unis, et celui qui en est responsable pour une bonne part, c&rsquo;est ce Jesse James. Vedette d&rsquo;un documentaire intimiste au succ\u00e8s inattendu \u00abMotorcycle Mania\u00bb, le propulsant vedette instantan\u00e9, il se retrouva, \u00e0 son corps d\u00e9fendant, \u00e0 l&rsquo;avant-sc\u00e8ne d&rsquo;un cirque m\u00e9diatique faisant de ces artisans [&hellip;]","twitter_image":"http:\/\/www.leblogmoto.com\/images\/2007\/12\/05\/book_1.jpg","twitter_misc":{"\u00c9crit par":"jacques lesage","Dur\u00e9e de lecture estim\u00e9e":"1 minute"},"schema":{"@context":"https:\/\/schema.org","@graph":[{"@type":"WebPage","@id":"https:\/\/blogs.thesocialmedia.com\/leblogmoto\/2007\/12\/06\/jesse-james-se\/","url":"https:\/\/blogs.thesocialmedia.com\/leblogmoto\/2007\/12\/06\/jesse-james-se\/","name":"Jesse James se couche... sur papier - leblogmoto.com","isPartOf":{"@id":"https:\/\/blogs.thesocialmedia.com\/leblogmoto\/#website"},"primaryImageOfPage":{"@id":"https:\/\/blogs.thesocialmedia.com\/leblogmoto\/2007\/12\/06\/jesse-james-se\/#primaryimage"},"image":{"@id":"https:\/\/blogs.thesocialmedia.com\/leblogmoto\/2007\/12\/06\/jesse-james-se\/#primaryimage"},"thumbnailUrl":"http:\/\/www.leblogmoto.com\/images\/2007\/12\/05\/book_1.jpg","datePublished":"2007-12-06T03:36:10+00:00","dateModified":"2012-07-11T15:01:31+00:00","author":{"@id":"https:\/\/blogs.thesocialmedia.com\/leblogmoto\/#\/schema\/person\/e82a0ca8a9a63d031586097a3ed58526"},"breadcrumb":{"@id":"https:\/\/blogs.thesocialmedia.com\/leblogmoto\/2007\/12\/06\/jesse-james-se\/#breadcrumb"},"inLanguage":"fr-FR","potentialAction":[{"@type":"ReadAction","target":["https:\/\/blogs.thesocialmedia.com\/leblogmoto\/2007\/12\/06\/jesse-james-se\/"]}]},{"@type":"ImageObject","inLanguage":"fr-FR","@id":"https:\/\/blogs.thesocialmedia.com\/leblogmoto\/2007\/12\/06\/jesse-james-se\/#primaryimage","url":"http:\/\/www.leblogmoto.com\/images\/2007\/12\/05\/book_1.jpg","contentUrl":"http:\/\/www.leblogmoto.com\/images\/2007\/12\/05\/book_1.jpg"},{"@type":"BreadcrumbList","@id":"https:\/\/blogs.thesocialmedia.com\/leblogmoto\/2007\/12\/06\/jesse-james-se\/#breadcrumb","itemListElement":[{"@type":"ListItem","position":1,"name":"Accueil","item":"https:\/\/blogs.thesocialmedia.com\/leblogmoto\/"},{"@type":"ListItem","position":2,"name":"Jesse James se couche&#8230; sur papier"}]},{"@type":"WebSite","@id":"https:\/\/blogs.thesocialmedia.com\/leblogmoto\/#website","url":"https:\/\/blogs.thesocialmedia.com\/leblogmoto\/","name":"leblogmoto","description":"Toute l&#039;actualit\u00e9 des 2 roues","potentialAction":[{"@type":"SearchAction","target":{"@type":"EntryPoint","urlTemplate":"https:\/\/blogs.thesocialmedia.com\/leblogmoto\/?s={search_term_string}"},"query-input":{"@type":"PropertyValueSpecification","valueRequired":true,"valueName":"search_term_string"}}],"inLanguage":"fr-FR"},{"@type":"Person","@id":"https:\/\/blogs.thesocialmedia.com\/leblogmoto\/#\/schema\/person\/e82a0ca8a9a63d031586097a3ed58526","name":"jacques lesage","image":{"@type":"ImageObject","inLanguage":"fr-FR","@id":"https:\/\/blogs.thesocialmedia.com\/leblogmoto\/#\/schema\/person\/image\/","url":"https:\/\/secure.gravatar.com\/avatar\/?s=96&d=mm&r=g","contentUrl":"https:\/\/secure.gravatar.com\/avatar\/?s=96&d=mm&r=g","caption":"jacques lesage"},"url":"https:\/\/blogs.thesocialmedia.com\/leblogmoto\/author\/jacques-lesage\/"}]}},"_links":{"self":[{"href":"https:\/\/blogs.thesocialmedia.com\/leblogmoto\/wp-json\/wp\/v2\/posts\/1038","targetHints":{"allow":["GET"]}}],"collection":[{"href":"https:\/\/blogs.thesocialmedia.com\/leblogmoto\/wp-json\/wp\/v2\/posts"}],"about":[{"href":"https:\/\/blogs.thesocialmedia.com\/leblogmoto\/wp-json\/wp\/v2\/types\/post"}],"author":[{"embeddable":true,"href":"https:\/\/blogs.thesocialmedia.com\/leblogmoto\/wp-json\/wp\/v2\/users\/325"}],"replies":[{"embeddable":true,"href":"https:\/\/blogs.thesocialmedia.com\/leblogmoto\/wp-json\/wp\/v2\/comments?post=1038"}],"version-history":[{"count":2,"href":"https:\/\/blogs.thesocialmedia.com\/leblogmoto\/wp-json\/wp\/v2\/posts\/1038\/revisions"}],"predecessor-version":[{"id":9342,"href":"https:\/\/blogs.thesocialmedia.com\/leblogmoto\/wp-json\/wp\/v2\/posts\/1038\/revisions\/9342"}],"wp:attachment":[{"href":"https:\/\/blogs.thesocialmedia.com\/leblogmoto\/wp-json\/wp\/v2\/media?parent=1038"}],"wp:term":[{"taxonomy":"category","embeddable":true,"href":"https:\/\/blogs.thesocialmedia.com\/leblogmoto\/wp-json\/wp\/v2\/categories?post=1038"},{"taxonomy":"post_tag","embeddable":true,"href":"https:\/\/blogs.thesocialmedia.com\/leblogmoto\/wp-json\/wp\/v2\/tags?post=1038"}],"curies":[{"name":"wp","href":"https:\/\/api.w.org\/{rel}","templated":true}]}}