{"id":104,"date":"2009-06-25T23:53:24","date_gmt":"2009-06-25T23:53:24","guid":{"rendered":"http:\/\/blogs.thesocialmedia.com\/leblogmoto\/2009\/06\/25\/randy-battant-batave\/"},"modified":"2012-07-11T17:31:56","modified_gmt":"2012-07-11T17:31:56","slug":"randy-battant-batave","status":"publish","type":"post","link":"https:\/\/blogs.thesocialmedia.com\/leblogmoto\/2009\/06\/25\/randy-battant-batave\/","title":{"rendered":"Randy, un temps de battant en terre batave."},"content":{"rendered":"<p><a href=\"http:\/\/blogs.thesocialmedia.com\/leblogmoto\/files\/2012\/07\/6a00d83451b18369e201157065280a970c-popup.png\"><img decoding=\"async\" alt=\"MotoGP Randy de Puniet 2009\" class=\"at-xid-6a00d83451b18369e201157065280a970c \" src=\"http:\/\/blogs.thesocialmedia.com\/leblogmoto\/files\/2012\/07\/6a00d83451b18369e201157065280a970c-500wi.jpg\" \/><\/a><\/p>\n<p>L\u00e0 o\u00f9 l&#039;on attendait les trois leaders ex-aequo du championnat, c&#039;est le pilote LCR Honda&#160;qui dans la derni\u00e8re minute et pour 5 milli\u00e8mes, chipe \u00e0 Vale&#160;la premi\u00e8re place de la premi\u00e8re s\u00e9ance d&#039;essais libres \u00e0 Assen. Stoner et Lorenzo sont \u00e0 peine plus \u00e9loign\u00e9s de la marque de 1&#039;37&quot;842 de&#160;De Puniet: Casey est&#160;3\u00e8me \u00e0 0&#039;&#039;035, et Jorge 4\u00e8me \u00e0 0&#039;&#039;219. &quot;<em>Je suis vraiment surpris de me retrouver en t\u00eate. C&#039;est la premi\u00e8re fois que \u00e7a m&#039;arrive en MotoGP sur le sec. Aujourd&#039;hui j&#039;ai domin\u00e9 les <\/em><em>officielles, mais ce n&#039;est pas No\u00ebl, il ne faut pas r\u00eaver de victoire. C&#039;est un bon d\u00e9part, une bonne journ\u00e9e, mais les temps sont tr\u00e8s serr\u00e9s. Le dixi\u00e8me est \u00e0 une demi-seconde! Demain, si je peux \u00eatre dans les six<\/em>,<em> \u00e7a sera bien. On va essayer d&#039;optimiser au mieux la moto et d&#039;am\u00e9liorer encore mon style&quot;. <\/em>Encore une fois le Hongrois et ancien boxeur,&#160;Gabor Talmacsi,&#160;semble en perdition dans la cat\u00e9gorie reine, loin de sa&#160;domination en&#160;125,&#160;cat\u00e9gorie&#160;dont il a \u00e9t\u00e9 le champion en 2007.<\/p>\n<\/p>\n<p><strong>Pos&#160; Rider&#160;&#160;&#160;&#160;&#160;&#160;&#160;&#160;&#160;&#160;&#160;&#160; Bike&#160;&#160;&#160;&#160;&#160;&#160;&#160;&#160;&#160;&#160;&#160;&#160; Time&#160;&#160;&#160;&#160;&#160;&#160; Gap<\/strong><br \/>1.&#160; Randy de Puniet&#160;&#160; LCR Honda&#160;&#160;&#160;&#160;&#160;&#160;&#160; 1m37.842s<br \/>2.&#160; Valentino Rossi&#160;&#160; Yamaha&#160;&#160;&#160;&#160;&#160;&#160;&#160;&#160;&#160;&#160;&#160;&#160;&#160; 1m37.847s&#160; + 0.005s<br \/>3.&#160; Casey Stoner&#160;&#160;&#160;&#160;&#160; Ducati&#160;&#160;&#160;&#160;&#160;&#160;&#160;&#160;&#160;&#160;&#160;&#160;&#160;&#160;&#160; &#160;1m37.877s&#160; + 0.035s<br \/>4.&#160; Jorge Lorenzo&#160;&#160;&#160;&#160; Yamaha&#160;&#160;&#160;&#160;&#160;&#160;&#160;&#160;&#160;&#160;&#160;&#160;&#160; &#160;1m38.061s&#160; + 0.219s<br \/>5.&#160; Andrea Dovizioso&#160; Honda&#160;&#160;&#160;&#160;&#160;&#160;&#160;&#160;&#160;&#160;&#160;&#160;&#160; &#160; 1m38.092s&#160; + 0.250s<br \/>6.&#160; Dani Pedrosa&#160;&#160;&#160;&#160;&#160; Honda&#160;&#160;&#160;&#160;&#160;&#160;&#160;&#160;&#160;&#160;&#160;&#160;&#160;&#160;&#160;&#160;&#160; 1m38.194s&#160; + 0.352s<br \/>7.&#160; Colin Edwards&#160;&#160;&#160;&#160; Tech 3 Yamaha&#160;&#160;&#160; 1m38.205s&#160; + 0.363s<br \/>8.&#160; Chris Vermeulen&#160;&#160; Suzuki&#160;&#160;&#160;&#160;&#160;&#160;&#160;&#160;&#160;&#160;&#160;&#160;&#160;&#160;&#160; 1m38.350s&#160; + 0.508s<br \/>9.&#160; James Toseland&#160;&#160;&#160; Tech 3 Yamaha&#160;&#160;&#160;1m38.379s&#160; + 0.537s<br \/>10.&#160; Loris Capirossi&#160;&#160; Suzuki&#160;&#160;&#160;&#160;&#160;&#160;&#160;&#160;&#160;&#160;&#160;&#160;&#160;&#160;&#160;&#160; 1m38.429s&#160; + 0.587s<br \/>11.&#160; Alex de Angelis&#160;&#160; Gresini Honda&#160;&#160;&#160; &#160;1m38.495s&#160; + 0.653s<br \/>12.&#160; Nicky Hayden&#160;&#160;&#160;&#160;&#160; Ducati&#160;&#160;&#160;&#160;&#160;&#160;&#160;&#160;&#160;&#160;&#160;&#160;&#160;&#160;&#160; 1m38.928s&#160; + 1.086s<br \/>13.&#160; Mika Kallio&#160;&#160;&#160;&#160;&#160;&#160; Pramac Ducati&#160;&#160;&#160;&#160;&#160;&#160; 1m39.464s&#160; + 1.622s<br \/>14.&#160; Marco Melandri&#160;&#160;&#160; Hayate Kawasaki1m39.597s&#160; + 1.755s<br \/>15.&#160; Toni Elias&#160;&#160;&#160;&#160;&#160;&#160;&#160; Gresini Honda&#160;&#160;&#160;&#160;&#160;&#160;&#160;&#160; 1m39.642s&#160; + 1.800s<br \/>16.&#160; Sete Gibernau&#160;&#160;&#160;&#160; Hernando Ducati&#160; 1m40.151s&#160; + 2.309s<br \/>17.&#160; Yuki Takahashi&#160;&#160;&#160; Scot Honda&#160;&#160;&#160;&#160;&#160;&#160;&#160;&#160;1m40.185s&#160; + 2.343s<br \/>18.&#160; Niccolo Canepa&#160;&#160;&#160; Pramac Ducati&#160;&#160;&#160;1m41.020s&#160; + 3.178s<br \/>19.&#160; Gabor Talmacsi&#160;&#160;&#160; Scot Honda&#160;&#160;&#160;&#160;&#160;&#160; 1m41.380s&#160; + 3.538s<\/p>\n","protected":false},"excerpt":{"rendered":"<p>L\u00e0 o\u00f9 l&#039;on attendait les trois leaders ex-aequo du championnat, c&#039;est le pilote LCR Honda&#160;qui dans la derni\u00e8re minute et pour 5 milli\u00e8mes, chipe \u00e0 Vale&#160;la premi\u00e8re place de la premi\u00e8re s\u00e9ance d&#039;essais libres \u00e0 Assen. Stoner et Lorenzo sont \u00e0 peine plus \u00e9loign\u00e9s de la marque de 1&#039;37&quot;842 de&#160;De Puniet: Casey est&#160;3\u00e8me \u00e0 0&#039;&#039;035, [&hellip;]<\/p>\n","protected":false},"author":324,"featured_media":13821,"comment_status":"open","ping_status":"open","sticky":false,"template":"","format":"standard","meta":{"footnotes":""},"categories":[3,22],"tags":[],"class_list":["post-104","post","type-post","status-publish","format-standard","has-post-thumbnail","hentry","category-actualite","category-motogp"],"yoast_head":"<!-- This site is optimized with the Yoast SEO plugin v26.0 - https:\/\/yoast.com\/wordpress\/plugins\/seo\/ -->\n<title>Randy, un temps de battant en terre batave. - leblogmoto.com<\/title>\n<meta name=\"robots\" content=\"index, follow, max-snippet:-1, max-image-preview:large, max-video-preview:-1\" \/>\n<link rel=\"canonical\" href=\"https:\/\/blogs.thesocialmedia.com\/leblogmoto\/2009\/06\/25\/randy-battant-batave\/\" \/>\n<meta name=\"twitter:card\" content=\"summary_large_image\" \/>\n<meta name=\"twitter:title\" content=\"Randy, un temps de battant en terre batave. - leblogmoto.com\" \/>\n<meta name=\"twitter:description\" content=\"L\u00e0 o\u00f9 l&#039;on attendait les trois leaders ex-aequo du championnat, c&#039;est le pilote LCR Honda&#160;qui dans la derni\u00e8re minute et pour 5 milli\u00e8mes, chipe \u00e0 Vale&#160;la premi\u00e8re place de la premi\u00e8re s\u00e9ance d&#039;essais libres \u00e0 Assen. Stoner et Lorenzo sont \u00e0 peine plus \u00e9loign\u00e9s de la marque de 1&#039;37&quot;842 de&#160;De Puniet: Casey est&#160;3\u00e8me \u00e0 0&#039;&#039;035, [&hellip;]\" \/>\n<meta name=\"twitter:image\" content=\"https:\/\/blogs.thesocialmedia.com\/leblogmoto\/files\/2012\/07\/6a00d83451b18369e201157065280a970c-500wi.jpg\" \/>\n<meta name=\"twitter:label1\" content=\"\u00c9crit par\" \/>\n\t<meta name=\"twitter:data1\" content=\"benoit rieu\" \/>\n\t<meta name=\"twitter:label2\" content=\"Dur\u00e9e de lecture estim\u00e9e\" \/>\n\t<meta name=\"twitter:data2\" content=\"2 minutes\" \/>\n<script type=\"application\/ld+json\" class=\"yoast-schema-graph\">{\"@context\":\"https:\/\/schema.org\",\"@graph\":[{\"@type\":\"WebPage\",\"@id\":\"https:\/\/blogs.thesocialmedia.com\/leblogmoto\/2009\/06\/25\/randy-battant-batave\/\",\"url\":\"https:\/\/blogs.thesocialmedia.com\/leblogmoto\/2009\/06\/25\/randy-battant-batave\/\",\"name\":\"Randy, un temps de battant en terre batave. - leblogmoto.com\",\"isPartOf\":{\"@id\":\"https:\/\/blogs.thesocialmedia.com\/leblogmoto\/#website\"},\"primaryImageOfPage\":{\"@id\":\"https:\/\/blogs.thesocialmedia.com\/leblogmoto\/2009\/06\/25\/randy-battant-batave\/#primaryimage\"},\"image\":{\"@id\":\"https:\/\/blogs.thesocialmedia.com\/leblogmoto\/2009\/06\/25\/randy-battant-batave\/#primaryimage\"},\"thumbnailUrl\":\"https:\/\/blogs.thesocialmedia.com\/leblogmoto\/files\/2012\/07\/6a00d83451b18369e201157065280a970c-500wi.jpg\",\"datePublished\":\"2009-06-25T23:53:24+00:00\",\"dateModified\":\"2012-07-11T17:31:56+00:00\",\"author\":{\"@id\":\"https:\/\/blogs.thesocialmedia.com\/leblogmoto\/#\/schema\/person\/18bfe773e5725ed6d24f743da805362a\"},\"breadcrumb\":{\"@id\":\"https:\/\/blogs.thesocialmedia.com\/leblogmoto\/2009\/06\/25\/randy-battant-batave\/#breadcrumb\"},\"inLanguage\":\"fr-FR\",\"potentialAction\":[{\"@type\":\"ReadAction\",\"target\":[\"https:\/\/blogs.thesocialmedia.com\/leblogmoto\/2009\/06\/25\/randy-battant-batave\/\"]}]},{\"@type\":\"ImageObject\",\"inLanguage\":\"fr-FR\",\"@id\":\"https:\/\/blogs.thesocialmedia.com\/leblogmoto\/2009\/06\/25\/randy-battant-batave\/#primaryimage\",\"url\":\"https:\/\/blogs.thesocialmedia.com\/leblogmoto\/files\/2012\/07\/6a00d83451b18369e201157065280a970c-500wi.jpg\",\"contentUrl\":\"https:\/\/blogs.thesocialmedia.com\/leblogmoto\/files\/2012\/07\/6a00d83451b18369e201157065280a970c-500wi.jpg\",\"width\":\"500\",\"height\":\"332\"},{\"@type\":\"BreadcrumbList\",\"@id\":\"https:\/\/blogs.thesocialmedia.com\/leblogmoto\/2009\/06\/25\/randy-battant-batave\/#breadcrumb\",\"itemListElement\":[{\"@type\":\"ListItem\",\"position\":1,\"name\":\"Accueil\",\"item\":\"https:\/\/blogs.thesocialmedia.com\/leblogmoto\/\"},{\"@type\":\"ListItem\",\"position\":2,\"name\":\"Randy, un temps de battant en terre batave.\"}]},{\"@type\":\"WebSite\",\"@id\":\"https:\/\/blogs.thesocialmedia.com\/leblogmoto\/#website\",\"url\":\"https:\/\/blogs.thesocialmedia.com\/leblogmoto\/\",\"name\":\"leblogmoto\",\"description\":\"Toute l&#039;actualit\u00e9 des 2 roues\",\"potentialAction\":[{\"@type\":\"SearchAction\",\"target\":{\"@type\":\"EntryPoint\",\"urlTemplate\":\"https:\/\/blogs.thesocialmedia.com\/leblogmoto\/?s={search_term_string}\"},\"query-input\":{\"@type\":\"PropertyValueSpecification\",\"valueRequired\":true,\"valueName\":\"search_term_string\"}}],\"inLanguage\":\"fr-FR\"},{\"@type\":\"Person\",\"@id\":\"https:\/\/blogs.thesocialmedia.com\/leblogmoto\/#\/schema\/person\/18bfe773e5725ed6d24f743da805362a\",\"name\":\"benoit rieu\",\"image\":{\"@type\":\"ImageObject\",\"inLanguage\":\"fr-FR\",\"@id\":\"https:\/\/blogs.thesocialmedia.com\/leblogmoto\/#\/schema\/person\/image\/\",\"url\":\"https:\/\/secure.gravatar.com\/avatar\/?s=96&d=mm&r=g\",\"contentUrl\":\"https:\/\/secure.gravatar.com\/avatar\/?s=96&d=mm&r=g\",\"caption\":\"benoit rieu\"},\"url\":\"https:\/\/blogs.thesocialmedia.com\/leblogmoto\/author\/benoit-rieu\/\"}]}<\/script>\n<!-- \/ Yoast SEO plugin. -->","yoast_head_json":{"title":"Randy, un temps de battant en terre batave. - leblogmoto.com","robots":{"index":"index","follow":"follow","max-snippet":"max-snippet:-1","max-image-preview":"max-image-preview:large","max-video-preview":"max-video-preview:-1"},"canonical":"https:\/\/blogs.thesocialmedia.com\/leblogmoto\/2009\/06\/25\/randy-battant-batave\/","twitter_card":"summary_large_image","twitter_title":"Randy, un temps de battant en terre batave. - leblogmoto.com","twitter_description":"L\u00e0 o\u00f9 l&#039;on attendait les trois leaders ex-aequo du championnat, c&#039;est le pilote LCR Honda&#160;qui dans la derni\u00e8re minute et pour 5 milli\u00e8mes, chipe \u00e0 Vale&#160;la premi\u00e8re place de la premi\u00e8re s\u00e9ance d&#039;essais libres \u00e0 Assen. Stoner et Lorenzo sont \u00e0 peine plus \u00e9loign\u00e9s de la marque de 1&#039;37&quot;842 de&#160;De Puniet: Casey est&#160;3\u00e8me \u00e0 0&#039;&#039;035, [&hellip;]","twitter_image":"https:\/\/blogs.thesocialmedia.com\/leblogmoto\/files\/2012\/07\/6a00d83451b18369e201157065280a970c-500wi.jpg","twitter_misc":{"\u00c9crit par":"benoit rieu","Dur\u00e9e de lecture estim\u00e9e":"2 minutes"},"schema":{"@context":"https:\/\/schema.org","@graph":[{"@type":"WebPage","@id":"https:\/\/blogs.thesocialmedia.com\/leblogmoto\/2009\/06\/25\/randy-battant-batave\/","url":"https:\/\/blogs.thesocialmedia.com\/leblogmoto\/2009\/06\/25\/randy-battant-batave\/","name":"Randy, un temps de battant en terre batave. - leblogmoto.com","isPartOf":{"@id":"https:\/\/blogs.thesocialmedia.com\/leblogmoto\/#website"},"primaryImageOfPage":{"@id":"https:\/\/blogs.thesocialmedia.com\/leblogmoto\/2009\/06\/25\/randy-battant-batave\/#primaryimage"},"image":{"@id":"https:\/\/blogs.thesocialmedia.com\/leblogmoto\/2009\/06\/25\/randy-battant-batave\/#primaryimage"},"thumbnailUrl":"https:\/\/blogs.thesocialmedia.com\/leblogmoto\/files\/2012\/07\/6a00d83451b18369e201157065280a970c-500wi.jpg","datePublished":"2009-06-25T23:53:24+00:00","dateModified":"2012-07-11T17:31:56+00:00","author":{"@id":"https:\/\/blogs.thesocialmedia.com\/leblogmoto\/#\/schema\/person\/18bfe773e5725ed6d24f743da805362a"},"breadcrumb":{"@id":"https:\/\/blogs.thesocialmedia.com\/leblogmoto\/2009\/06\/25\/randy-battant-batave\/#breadcrumb"},"inLanguage":"fr-FR","potentialAction":[{"@type":"ReadAction","target":["https:\/\/blogs.thesocialmedia.com\/leblogmoto\/2009\/06\/25\/randy-battant-batave\/"]}]},{"@type":"ImageObject","inLanguage":"fr-FR","@id":"https:\/\/blogs.thesocialmedia.com\/leblogmoto\/2009\/06\/25\/randy-battant-batave\/#primaryimage","url":"https:\/\/blogs.thesocialmedia.com\/leblogmoto\/files\/2012\/07\/6a00d83451b18369e201157065280a970c-500wi.jpg","contentUrl":"https:\/\/blogs.thesocialmedia.com\/leblogmoto\/files\/2012\/07\/6a00d83451b18369e201157065280a970c-500wi.jpg","width":"500","height":"332"},{"@type":"BreadcrumbList","@id":"https:\/\/blogs.thesocialmedia.com\/leblogmoto\/2009\/06\/25\/randy-battant-batave\/#breadcrumb","itemListElement":[{"@type":"ListItem","position":1,"name":"Accueil","item":"https:\/\/blogs.thesocialmedia.com\/leblogmoto\/"},{"@type":"ListItem","position":2,"name":"Randy, un temps de battant en terre batave."}]},{"@type":"WebSite","@id":"https:\/\/blogs.thesocialmedia.com\/leblogmoto\/#website","url":"https:\/\/blogs.thesocialmedia.com\/leblogmoto\/","name":"leblogmoto","description":"Toute l&#039;actualit\u00e9 des 2 roues","potentialAction":[{"@type":"SearchAction","target":{"@type":"EntryPoint","urlTemplate":"https:\/\/blogs.thesocialmedia.com\/leblogmoto\/?s={search_term_string}"},"query-input":{"@type":"PropertyValueSpecification","valueRequired":true,"valueName":"search_term_string"}}],"inLanguage":"fr-FR"},{"@type":"Person","@id":"https:\/\/blogs.thesocialmedia.com\/leblogmoto\/#\/schema\/person\/18bfe773e5725ed6d24f743da805362a","name":"benoit rieu","image":{"@type":"ImageObject","inLanguage":"fr-FR","@id":"https:\/\/blogs.thesocialmedia.com\/leblogmoto\/#\/schema\/person\/image\/","url":"https:\/\/secure.gravatar.com\/avatar\/?s=96&d=mm&r=g","contentUrl":"https:\/\/secure.gravatar.com\/avatar\/?s=96&d=mm&r=g","caption":"benoit rieu"},"url":"https:\/\/blogs.thesocialmedia.com\/leblogmoto\/author\/benoit-rieu\/"}]}},"_links":{"self":[{"href":"https:\/\/blogs.thesocialmedia.com\/leblogmoto\/wp-json\/wp\/v2\/posts\/104","targetHints":{"allow":["GET"]}}],"collection":[{"href":"https:\/\/blogs.thesocialmedia.com\/leblogmoto\/wp-json\/wp\/v2\/posts"}],"about":[{"href":"https:\/\/blogs.thesocialmedia.com\/leblogmoto\/wp-json\/wp\/v2\/types\/post"}],"author":[{"embeddable":true,"href":"https:\/\/blogs.thesocialmedia.com\/leblogmoto\/wp-json\/wp\/v2\/users\/324"}],"replies":[{"embeddable":true,"href":"https:\/\/blogs.thesocialmedia.com\/leblogmoto\/wp-json\/wp\/v2\/comments?post=104"}],"version-history":[{"count":2,"href":"https:\/\/blogs.thesocialmedia.com\/leblogmoto\/wp-json\/wp\/v2\/posts\/104\/revisions"}],"predecessor-version":[{"id":13823,"href":"https:\/\/blogs.thesocialmedia.com\/leblogmoto\/wp-json\/wp\/v2\/posts\/104\/revisions\/13823"}],"wp:featuredmedia":[{"embeddable":true,"href":"https:\/\/blogs.thesocialmedia.com\/leblogmoto\/wp-json\/wp\/v2\/media\/13821"}],"wp:attachment":[{"href":"https:\/\/blogs.thesocialmedia.com\/leblogmoto\/wp-json\/wp\/v2\/media?parent=104"}],"wp:term":[{"taxonomy":"category","embeddable":true,"href":"https:\/\/blogs.thesocialmedia.com\/leblogmoto\/wp-json\/wp\/v2\/categories?post=104"},{"taxonomy":"post_tag","embeddable":true,"href":"https:\/\/blogs.thesocialmedia.com\/leblogmoto\/wp-json\/wp\/v2\/tags?post=104"}],"curies":[{"name":"wp","href":"https:\/\/api.w.org\/{rel}","templated":true}]}}