{"id":1040,"date":"2007-12-05T08:00:15","date_gmt":"2007-12-05T08:00:15","guid":{"rendered":"http:\/\/blogs.thesocialmedia.com\/leblogmoto\/2007\/12\/05\/portfolio-de-la-2\/"},"modified":"2012-07-11T15:01:25","modified_gmt":"2012-07-11T15:01:25","slug":"portfolio-de-la-2","status":"publish","type":"post","link":"https:\/\/blogs.thesocialmedia.com\/leblogmoto\/2007\/12\/05\/portfolio-de-la-2\/","title":{"rendered":"Portfolio de la victoire en rally de Valentino Rossi \u00e0 Monza."},"content":{"rendered":"<p><a href=\"http:\/\/blogs.thesocialmedia.com\/leblogmoto\/files\/2012\/07\/moto_pilotes_vale_remporte_monza_no.jpg\"><img loading=\"lazy\" decoding=\"async\" width=\"470\" height=\"312\"  src=\"http:\/\/www.leblogmoto.com\/images\/2007\/12\/04\/moto_pilotes_vale_remporte_monza_no.jpg\" alt=\"Moto_pilotes_vale_remporte_monza_no\" \/><\/a><\/p>\n<p>Le site de son sponsor Dainese vient de publier un set de photos o\u00f9 l&rsquo;on voit que l&rsquo;\u00e9preuve qui eut lieu il y a dix jours, \u00e9tait plus r\u00e9cr\u00e9ative que s\u00e9rieuse. Rien \u00e0 voir avec le rallye de Grande-Bretagne (qui a vu le couronnement de S\u00e9bastien Loeb au championnat dimanche) auquel <a href=\"http:\/\/blogs.thesocialmedia.com\/leblogmoto\/files\/2012\/07\/un-pilote-moto-.html_.png\"><em>The Doctor<\/em> devait participer<\/a> \u00e0 l&rsquo;origine et pour lequel Yamaha et Bridgestone le dissuad\u00e8rent de s&rsquo;aligner, les dates et le d\u00e9roulement de l&rsquo;\u00e9preuve sur 3 journ\u00e9es pouvant nuire au d\u00e9veloppement de la future moto selon eux. <\/p>\n<p>Cela n&rsquo;a pas emp\u00each\u00e9 Rossi associ\u00e9 \u00e0 Carlo Cassina son copilote de gagner sur Ford Focus WRC. Admirez le couvre-chef du second sur le podium&#8230;<\/p>\n<p><a href=\"http:\/\/clabedan.typepad.com\/.shared\/image.html?\/photos\/uncategorized\/2007\/12\/04\/moto_pilotes_vale_remporte_monza__2.jpg\"><img loading=\"lazy\" decoding=\"async\" width=\"470\" height=\"312\"  src=\"http:\/\/www.leblogmoto.com\/images\/2007\/12\/04\/moto_pilotes_vale_remporte_monza__2.jpg\" alt=\"Moto_pilotes_vale_remporte_monza__2\" \/><\/a><\/p>\n<p><a href=\"http:\/\/blogs.thesocialmedia.com\/leblogmoto\/files\/2012\/07\/moto_pilotes_vale_remporte_monza__3.jpg\"><img loading=\"lazy\" decoding=\"async\" width=\"470\" height=\"312\"  src=\"http:\/\/www.leblogmoto.com\/images\/2007\/12\/04\/moto_pilotes_vale_remporte_monza__3.jpg\" alt=\"Moto_pilotes_vale_remporte_monza__3\" \/><\/a> <\/p>\n<p><a href=\"http:\/\/blogs.thesocialmedia.com\/leblogmoto\/files\/2012\/07\/moto_pilotes_vale_remporte_monza__4.jpg\"><img loading=\"lazy\" decoding=\"async\" width=\"470\" height=\"312\"  src=\"http:\/\/www.leblogmoto.com\/images\/2007\/12\/04\/moto_pilotes_vale_remporte_monza__4.jpg\" alt=\"Moto_pilotes_vale_remporte_monza__4\" \/><\/a><\/p>\n<p><a href=\"http:\/\/blogs.thesocialmedia.com\/leblogmoto\/files\/2012\/07\/moto_pilotes_vale_remporte_monza__5.jpg\"><img loading=\"lazy\" decoding=\"async\" width=\"470\" height=\"312\"  src=\"http:\/\/www.leblogmoto.com\/images\/2007\/12\/04\/moto_pilotes_vale_remporte_monza__5.jpg\" alt=\"Moto_pilotes_vale_remporte_monza__5\" \/><\/a><\/p>\n<p><em>cr\u00e9dit photos: Dainese.com<\/em> <\/p>\n","protected":false},"excerpt":{"rendered":"<p>Le site de son sponsor Dainese vient de publier un set de photos o\u00f9 l&rsquo;on voit que l&rsquo;\u00e9preuve qui eut lieu il y a dix jours, \u00e9tait plus r\u00e9cr\u00e9ative que s\u00e9rieuse. Rien \u00e0 voir avec le rallye de Grande-Bretagne (qui a vu le couronnement de S\u00e9bastien Loeb au championnat dimanche) auquel The Doctor devait participer [&hellip;]<\/p>\n","protected":false},"author":324,"featured_media":0,"comment_status":"open","ping_status":"open","sticky":false,"template":"","format":"standard","meta":{"footnotes":""},"categories":[17,22,32,44],"tags":[],"class_list":["post-1040","post","type-post","status-publish","format-standard","hentry","category-divers","category-motogp","category-sport-moto","category-yamaha"],"yoast_head":"<!-- This site is optimized with the Yoast SEO plugin v26.0 - https:\/\/yoast.com\/wordpress\/plugins\/seo\/ -->\n<title>Portfolio de la victoire en rally de Valentino Rossi \u00e0 Monza. - leblogmoto.com<\/title>\n<meta name=\"robots\" content=\"index, follow, max-snippet:-1, max-image-preview:large, max-video-preview:-1\" \/>\n<link rel=\"canonical\" href=\"https:\/\/blogs.thesocialmedia.com\/leblogmoto\/2007\/12\/05\/portfolio-de-la-2\/\" \/>\n<meta name=\"twitter:card\" content=\"summary_large_image\" \/>\n<meta name=\"twitter:title\" content=\"Portfolio de la victoire en rally de Valentino Rossi \u00e0 Monza. - leblogmoto.com\" \/>\n<meta name=\"twitter:description\" content=\"Le site de son sponsor Dainese vient de publier un set de photos o\u00f9 l&rsquo;on voit que l&rsquo;\u00e9preuve qui eut lieu il y a dix jours, \u00e9tait plus r\u00e9cr\u00e9ative que s\u00e9rieuse. Rien \u00e0 voir avec le rallye de Grande-Bretagne (qui a vu le couronnement de S\u00e9bastien Loeb au championnat dimanche) auquel The Doctor devait participer [&hellip;]\" \/>\n<meta name=\"twitter:image\" content=\"http:\/\/www.leblogmoto.com\/images\/2007\/12\/04\/moto_pilotes_vale_remporte_monza_no.jpg\" \/>\n<meta name=\"twitter:label1\" content=\"\u00c9crit par\" \/>\n\t<meta name=\"twitter:data1\" content=\"benoit rieu\" \/>\n\t<meta name=\"twitter:label2\" content=\"Dur\u00e9e de lecture estim\u00e9e\" \/>\n\t<meta name=\"twitter:data2\" content=\"1 minute\" \/>\n<script type=\"application\/ld+json\" class=\"yoast-schema-graph\">{\"@context\":\"https:\/\/schema.org\",\"@graph\":[{\"@type\":\"WebPage\",\"@id\":\"https:\/\/blogs.thesocialmedia.com\/leblogmoto\/2007\/12\/05\/portfolio-de-la-2\/\",\"url\":\"https:\/\/blogs.thesocialmedia.com\/leblogmoto\/2007\/12\/05\/portfolio-de-la-2\/\",\"name\":\"Portfolio de la victoire en rally de Valentino Rossi \u00e0 Monza. - leblogmoto.com\",\"isPartOf\":{\"@id\":\"https:\/\/blogs.thesocialmedia.com\/leblogmoto\/#website\"},\"primaryImageOfPage\":{\"@id\":\"https:\/\/blogs.thesocialmedia.com\/leblogmoto\/2007\/12\/05\/portfolio-de-la-2\/#primaryimage\"},\"image\":{\"@id\":\"https:\/\/blogs.thesocialmedia.com\/leblogmoto\/2007\/12\/05\/portfolio-de-la-2\/#primaryimage\"},\"thumbnailUrl\":\"http:\/\/www.leblogmoto.com\/images\/2007\/12\/04\/moto_pilotes_vale_remporte_monza_no.jpg\",\"datePublished\":\"2007-12-05T08:00:15+00:00\",\"dateModified\":\"2012-07-11T15:01:25+00:00\",\"author\":{\"@id\":\"https:\/\/blogs.thesocialmedia.com\/leblogmoto\/#\/schema\/person\/18bfe773e5725ed6d24f743da805362a\"},\"breadcrumb\":{\"@id\":\"https:\/\/blogs.thesocialmedia.com\/leblogmoto\/2007\/12\/05\/portfolio-de-la-2\/#breadcrumb\"},\"inLanguage\":\"fr-FR\",\"potentialAction\":[{\"@type\":\"ReadAction\",\"target\":[\"https:\/\/blogs.thesocialmedia.com\/leblogmoto\/2007\/12\/05\/portfolio-de-la-2\/\"]}]},{\"@type\":\"ImageObject\",\"inLanguage\":\"fr-FR\",\"@id\":\"https:\/\/blogs.thesocialmedia.com\/leblogmoto\/2007\/12\/05\/portfolio-de-la-2\/#primaryimage\",\"url\":\"http:\/\/www.leblogmoto.com\/images\/2007\/12\/04\/moto_pilotes_vale_remporte_monza_no.jpg\",\"contentUrl\":\"http:\/\/www.leblogmoto.com\/images\/2007\/12\/04\/moto_pilotes_vale_remporte_monza_no.jpg\"},{\"@type\":\"BreadcrumbList\",\"@id\":\"https:\/\/blogs.thesocialmedia.com\/leblogmoto\/2007\/12\/05\/portfolio-de-la-2\/#breadcrumb\",\"itemListElement\":[{\"@type\":\"ListItem\",\"position\":1,\"name\":\"Accueil\",\"item\":\"https:\/\/blogs.thesocialmedia.com\/leblogmoto\/\"},{\"@type\":\"ListItem\",\"position\":2,\"name\":\"Portfolio de la victoire en rally de Valentino Rossi \u00e0 Monza.\"}]},{\"@type\":\"WebSite\",\"@id\":\"https:\/\/blogs.thesocialmedia.com\/leblogmoto\/#website\",\"url\":\"https:\/\/blogs.thesocialmedia.com\/leblogmoto\/\",\"name\":\"leblogmoto\",\"description\":\"Toute l&#039;actualit\u00e9 des 2 roues\",\"potentialAction\":[{\"@type\":\"SearchAction\",\"target\":{\"@type\":\"EntryPoint\",\"urlTemplate\":\"https:\/\/blogs.thesocialmedia.com\/leblogmoto\/?s={search_term_string}\"},\"query-input\":{\"@type\":\"PropertyValueSpecification\",\"valueRequired\":true,\"valueName\":\"search_term_string\"}}],\"inLanguage\":\"fr-FR\"},{\"@type\":\"Person\",\"@id\":\"https:\/\/blogs.thesocialmedia.com\/leblogmoto\/#\/schema\/person\/18bfe773e5725ed6d24f743da805362a\",\"name\":\"benoit rieu\",\"image\":{\"@type\":\"ImageObject\",\"inLanguage\":\"fr-FR\",\"@id\":\"https:\/\/blogs.thesocialmedia.com\/leblogmoto\/#\/schema\/person\/image\/\",\"url\":\"https:\/\/secure.gravatar.com\/avatar\/?s=96&d=mm&r=g\",\"contentUrl\":\"https:\/\/secure.gravatar.com\/avatar\/?s=96&d=mm&r=g\",\"caption\":\"benoit rieu\"},\"url\":\"https:\/\/blogs.thesocialmedia.com\/leblogmoto\/author\/benoit-rieu\/\"}]}<\/script>\n<!-- \/ Yoast SEO plugin. -->","yoast_head_json":{"title":"Portfolio de la victoire en rally de Valentino Rossi \u00e0 Monza. - leblogmoto.com","robots":{"index":"index","follow":"follow","max-snippet":"max-snippet:-1","max-image-preview":"max-image-preview:large","max-video-preview":"max-video-preview:-1"},"canonical":"https:\/\/blogs.thesocialmedia.com\/leblogmoto\/2007\/12\/05\/portfolio-de-la-2\/","twitter_card":"summary_large_image","twitter_title":"Portfolio de la victoire en rally de Valentino Rossi \u00e0 Monza. - leblogmoto.com","twitter_description":"Le site de son sponsor Dainese vient de publier un set de photos o\u00f9 l&rsquo;on voit que l&rsquo;\u00e9preuve qui eut lieu il y a dix jours, \u00e9tait plus r\u00e9cr\u00e9ative que s\u00e9rieuse. Rien \u00e0 voir avec le rallye de Grande-Bretagne (qui a vu le couronnement de S\u00e9bastien Loeb au championnat dimanche) auquel The Doctor devait participer [&hellip;]","twitter_image":"http:\/\/www.leblogmoto.com\/images\/2007\/12\/04\/moto_pilotes_vale_remporte_monza_no.jpg","twitter_misc":{"\u00c9crit par":"benoit rieu","Dur\u00e9e de lecture estim\u00e9e":"1 minute"},"schema":{"@context":"https:\/\/schema.org","@graph":[{"@type":"WebPage","@id":"https:\/\/blogs.thesocialmedia.com\/leblogmoto\/2007\/12\/05\/portfolio-de-la-2\/","url":"https:\/\/blogs.thesocialmedia.com\/leblogmoto\/2007\/12\/05\/portfolio-de-la-2\/","name":"Portfolio de la victoire en rally de Valentino Rossi \u00e0 Monza. - leblogmoto.com","isPartOf":{"@id":"https:\/\/blogs.thesocialmedia.com\/leblogmoto\/#website"},"primaryImageOfPage":{"@id":"https:\/\/blogs.thesocialmedia.com\/leblogmoto\/2007\/12\/05\/portfolio-de-la-2\/#primaryimage"},"image":{"@id":"https:\/\/blogs.thesocialmedia.com\/leblogmoto\/2007\/12\/05\/portfolio-de-la-2\/#primaryimage"},"thumbnailUrl":"http:\/\/www.leblogmoto.com\/images\/2007\/12\/04\/moto_pilotes_vale_remporte_monza_no.jpg","datePublished":"2007-12-05T08:00:15+00:00","dateModified":"2012-07-11T15:01:25+00:00","author":{"@id":"https:\/\/blogs.thesocialmedia.com\/leblogmoto\/#\/schema\/person\/18bfe773e5725ed6d24f743da805362a"},"breadcrumb":{"@id":"https:\/\/blogs.thesocialmedia.com\/leblogmoto\/2007\/12\/05\/portfolio-de-la-2\/#breadcrumb"},"inLanguage":"fr-FR","potentialAction":[{"@type":"ReadAction","target":["https:\/\/blogs.thesocialmedia.com\/leblogmoto\/2007\/12\/05\/portfolio-de-la-2\/"]}]},{"@type":"ImageObject","inLanguage":"fr-FR","@id":"https:\/\/blogs.thesocialmedia.com\/leblogmoto\/2007\/12\/05\/portfolio-de-la-2\/#primaryimage","url":"http:\/\/www.leblogmoto.com\/images\/2007\/12\/04\/moto_pilotes_vale_remporte_monza_no.jpg","contentUrl":"http:\/\/www.leblogmoto.com\/images\/2007\/12\/04\/moto_pilotes_vale_remporte_monza_no.jpg"},{"@type":"BreadcrumbList","@id":"https:\/\/blogs.thesocialmedia.com\/leblogmoto\/2007\/12\/05\/portfolio-de-la-2\/#breadcrumb","itemListElement":[{"@type":"ListItem","position":1,"name":"Accueil","item":"https:\/\/blogs.thesocialmedia.com\/leblogmoto\/"},{"@type":"ListItem","position":2,"name":"Portfolio de la victoire en rally de Valentino Rossi \u00e0 Monza."}]},{"@type":"WebSite","@id":"https:\/\/blogs.thesocialmedia.com\/leblogmoto\/#website","url":"https:\/\/blogs.thesocialmedia.com\/leblogmoto\/","name":"leblogmoto","description":"Toute l&#039;actualit\u00e9 des 2 roues","potentialAction":[{"@type":"SearchAction","target":{"@type":"EntryPoint","urlTemplate":"https:\/\/blogs.thesocialmedia.com\/leblogmoto\/?s={search_term_string}"},"query-input":{"@type":"PropertyValueSpecification","valueRequired":true,"valueName":"search_term_string"}}],"inLanguage":"fr-FR"},{"@type":"Person","@id":"https:\/\/blogs.thesocialmedia.com\/leblogmoto\/#\/schema\/person\/18bfe773e5725ed6d24f743da805362a","name":"benoit rieu","image":{"@type":"ImageObject","inLanguage":"fr-FR","@id":"https:\/\/blogs.thesocialmedia.com\/leblogmoto\/#\/schema\/person\/image\/","url":"https:\/\/secure.gravatar.com\/avatar\/?s=96&d=mm&r=g","contentUrl":"https:\/\/secure.gravatar.com\/avatar\/?s=96&d=mm&r=g","caption":"benoit rieu"},"url":"https:\/\/blogs.thesocialmedia.com\/leblogmoto\/author\/benoit-rieu\/"}]}},"_links":{"self":[{"href":"https:\/\/blogs.thesocialmedia.com\/leblogmoto\/wp-json\/wp\/v2\/posts\/1040","targetHints":{"allow":["GET"]}}],"collection":[{"href":"https:\/\/blogs.thesocialmedia.com\/leblogmoto\/wp-json\/wp\/v2\/posts"}],"about":[{"href":"https:\/\/blogs.thesocialmedia.com\/leblogmoto\/wp-json\/wp\/v2\/types\/post"}],"author":[{"embeddable":true,"href":"https:\/\/blogs.thesocialmedia.com\/leblogmoto\/wp-json\/wp\/v2\/users\/324"}],"replies":[{"embeddable":true,"href":"https:\/\/blogs.thesocialmedia.com\/leblogmoto\/wp-json\/wp\/v2\/comments?post=1040"}],"version-history":[{"count":2,"href":"https:\/\/blogs.thesocialmedia.com\/leblogmoto\/wp-json\/wp\/v2\/posts\/1040\/revisions"}],"predecessor-version":[{"id":9338,"href":"https:\/\/blogs.thesocialmedia.com\/leblogmoto\/wp-json\/wp\/v2\/posts\/1040\/revisions\/9338"}],"wp:attachment":[{"href":"https:\/\/blogs.thesocialmedia.com\/leblogmoto\/wp-json\/wp\/v2\/media?parent=1040"}],"wp:term":[{"taxonomy":"category","embeddable":true,"href":"https:\/\/blogs.thesocialmedia.com\/leblogmoto\/wp-json\/wp\/v2\/categories?post=1040"},{"taxonomy":"post_tag","embeddable":true,"href":"https:\/\/blogs.thesocialmedia.com\/leblogmoto\/wp-json\/wp\/v2\/tags?post=1040"}],"curies":[{"name":"wp","href":"https:\/\/api.w.org\/{rel}","templated":true}]}}