{"id":1041,"date":"2007-12-05T07:29:31","date_gmt":"2007-12-05T07:29:31","guid":{"rendered":"http:\/\/blogs.thesocialmedia.com\/leblogmoto\/2007\/12\/05\/succs-de-la-fte\/"},"modified":"2012-07-11T15:01:14","modified_gmt":"2012-07-11T15:01:14","slug":"succs-de-la-fte","status":"publish","type":"post","link":"https:\/\/blogs.thesocialmedia.com\/leblogmoto\/2007\/12\/05\/succs-de-la-fte\/","title":{"rendered":"Franc succ\u00e8s de la f\u00eate ducatiste \u00e0 Bologne&#8230;"},"content":{"rendered":"<p><a href=\"http:\/\/blogs.thesocialmedia.com\/leblogmoto\/files\/2012\/07\/moto_clbrations_bologne_2007_b.jpg\"><img loading=\"lazy\" decoding=\"async\" width=\"470\" height=\"274\"  alt=\"Moto_clbrations_bologne_2007_b\" src=\"http:\/\/www.leblogmoto.com\/images\/2007\/12\/04\/moto_clbrations_bologne_2007_b.jpg\" \/><\/a> <\/p>\n<p>On <a href=\"http:\/\/blogs.thesocialmedia.com\/leblogmoto\/files\/2012\/07\/laccident-de-st.html_.png\">craignait (un peu) que la f\u00eate ne soit pas totale<\/a> \u00e0 Bologne sur la Piazza Maggiore pour c\u00e9l\u00e9brer la triple couronne 2007 de Ducati, il n&rsquo;en a rien \u00e9t\u00e9 puisque plus de 30000 fans s&rsquo;y sont r\u00e9unis dimanche, sans compter ceux qui visit\u00e8rent l&rsquo;usine et le mus\u00e9e \u00e0 Borgo Panigale tout ce week-end. Casey Stoner avait envoy\u00e9 une vid\u00e9o d&rsquo;Australie et Gabriele Del Torchio, pdg de Ducati Motor \u00e9tait heureux d&rsquo;affirmer qu&rsquo;apr\u00e8s 34 ans le titre MotoGP revenait en Italie.<\/p>\n<p>A noter, la pr\u00e9sence de Troy Bayliss et Loris Capirossi. Et pour un final original, Vittoriano Guareschi, pilote essayeur de Ducati corse, est arriv\u00e9 sur sc\u00e8ne avec la Desmosedici GP7, entour\u00e9 du management de l&rsquo;\u00e9quipe accompagn\u00e9 des ing\u00e9nieurs, techniciens et m\u00e9caniciens (derni\u00e8re photo).<\/p>\n<p>Dommage que le site ne donne pas de photos des minimotos Ducati qui avait \u00e9t\u00e9 pr\u00e9vues pour le circuit o\u00f9 couraient les petits, cela aurait \u00e9t\u00e9 amusant de les voir.<\/p>\n<p><a href=\"http:\/\/clabedan.typepad.com\/.shared\/image.html?\/photos\/uncategorized\/2007\/12\/04\/moto_clbrations_bologne_2007.jpg\"><img loading=\"lazy\" decoding=\"async\" width=\"470\" height=\"253\"  alt=\"Moto_clbrations_bologne_2007\" src=\"http:\/\/www.leblogmoto.com\/images\/2007\/12\/04\/moto_clbrations_bologne_2007.jpg\" \/><\/a><\/p>\n<p><a href=\"http:\/\/blogs.thesocialmedia.com\/leblogmoto\/files\/2012\/07\/moto_clbrations_bologne_2007_c.jpg\"><img loading=\"lazy\" decoding=\"async\" width=\"470\" height=\"312\"  alt=\"Moto_clbrations_bologne_2007_c\" src=\"http:\/\/www.leblogmoto.com\/images\/2007\/12\/04\/moto_clbrations_bologne_2007_c.jpg\" \/><\/a><\/p>\n<p><a href=\"http:\/\/blogs.thesocialmedia.com\/leblogmoto\/files\/2012\/07\/moto_clbrations_bologne_2007_d.jpg\"><img loading=\"lazy\" decoding=\"async\" width=\"470\" height=\"311\"  alt=\"Moto_clbrations_bologne_2007_d\" src=\"http:\/\/www.leblogmoto.com\/images\/2007\/12\/04\/moto_clbrations_bologne_2007_d.jpg\" \/><\/a><\/p>\n<p><em>source: emoto.com et ducati.com<\/em><\/p>\n","protected":false},"excerpt":{"rendered":"<p>On craignait (un peu) que la f\u00eate ne soit pas totale \u00e0 Bologne sur la Piazza Maggiore pour c\u00e9l\u00e9brer la triple couronne 2007 de Ducati, il n&rsquo;en a rien \u00e9t\u00e9 puisque plus de 30000 fans s&rsquo;y sont r\u00e9unis dimanche, sans compter ceux qui visit\u00e8rent l&rsquo;usine et le mus\u00e9e \u00e0 Borgo Panigale tout ce week-end. Casey [&hellip;]<\/p>\n","protected":false},"author":324,"featured_media":0,"comment_status":"open","ping_status":"open","sticky":false,"template":"","format":"standard","meta":{"footnotes":""},"categories":[49,41,10,22],"tags":[],"class_list":["post-1041","post","type-post","status-publish","format-standard","hentry","category-actualites-entreprise","category-ducati","category-meetings","category-motogp"],"yoast_head":"<!-- This site is optimized with the Yoast SEO plugin v26.0 - https:\/\/yoast.com\/wordpress\/plugins\/seo\/ -->\n<title>Franc succ\u00e8s de la f\u00eate ducatiste \u00e0 Bologne... - leblogmoto.com<\/title>\n<meta name=\"robots\" content=\"index, follow, max-snippet:-1, max-image-preview:large, max-video-preview:-1\" \/>\n<link rel=\"canonical\" href=\"https:\/\/blogs.thesocialmedia.com\/leblogmoto\/2007\/12\/05\/succs-de-la-fte\/\" \/>\n<meta name=\"twitter:card\" content=\"summary_large_image\" \/>\n<meta name=\"twitter:title\" content=\"Franc succ\u00e8s de la f\u00eate ducatiste \u00e0 Bologne... - leblogmoto.com\" \/>\n<meta name=\"twitter:description\" content=\"On craignait (un peu) que la f\u00eate ne soit pas totale \u00e0 Bologne sur la Piazza Maggiore pour c\u00e9l\u00e9brer la triple couronne 2007 de Ducati, il n&rsquo;en a rien \u00e9t\u00e9 puisque plus de 30000 fans s&rsquo;y sont r\u00e9unis dimanche, sans compter ceux qui visit\u00e8rent l&rsquo;usine et le mus\u00e9e \u00e0 Borgo Panigale tout ce week-end. Casey [&hellip;]\" \/>\n<meta name=\"twitter:image\" content=\"http:\/\/www.leblogmoto.com\/images\/2007\/12\/04\/moto_clbrations_bologne_2007_b.jpg\" \/>\n<meta name=\"twitter:label1\" content=\"\u00c9crit par\" \/>\n\t<meta name=\"twitter:data1\" content=\"benoit rieu\" \/>\n\t<meta name=\"twitter:label2\" content=\"Dur\u00e9e de lecture estim\u00e9e\" \/>\n\t<meta name=\"twitter:data2\" content=\"1 minute\" \/>\n<script type=\"application\/ld+json\" class=\"yoast-schema-graph\">{\"@context\":\"https:\/\/schema.org\",\"@graph\":[{\"@type\":\"WebPage\",\"@id\":\"https:\/\/blogs.thesocialmedia.com\/leblogmoto\/2007\/12\/05\/succs-de-la-fte\/\",\"url\":\"https:\/\/blogs.thesocialmedia.com\/leblogmoto\/2007\/12\/05\/succs-de-la-fte\/\",\"name\":\"Franc succ\u00e8s de la f\u00eate ducatiste \u00e0 Bologne... - leblogmoto.com\",\"isPartOf\":{\"@id\":\"https:\/\/blogs.thesocialmedia.com\/leblogmoto\/#website\"},\"primaryImageOfPage\":{\"@id\":\"https:\/\/blogs.thesocialmedia.com\/leblogmoto\/2007\/12\/05\/succs-de-la-fte\/#primaryimage\"},\"image\":{\"@id\":\"https:\/\/blogs.thesocialmedia.com\/leblogmoto\/2007\/12\/05\/succs-de-la-fte\/#primaryimage\"},\"thumbnailUrl\":\"http:\/\/www.leblogmoto.com\/images\/2007\/12\/04\/moto_clbrations_bologne_2007_b.jpg\",\"datePublished\":\"2007-12-05T07:29:31+00:00\",\"dateModified\":\"2012-07-11T15:01:14+00:00\",\"author\":{\"@id\":\"https:\/\/blogs.thesocialmedia.com\/leblogmoto\/#\/schema\/person\/18bfe773e5725ed6d24f743da805362a\"},\"breadcrumb\":{\"@id\":\"https:\/\/blogs.thesocialmedia.com\/leblogmoto\/2007\/12\/05\/succs-de-la-fte\/#breadcrumb\"},\"inLanguage\":\"fr-FR\",\"potentialAction\":[{\"@type\":\"ReadAction\",\"target\":[\"https:\/\/blogs.thesocialmedia.com\/leblogmoto\/2007\/12\/05\/succs-de-la-fte\/\"]}]},{\"@type\":\"ImageObject\",\"inLanguage\":\"fr-FR\",\"@id\":\"https:\/\/blogs.thesocialmedia.com\/leblogmoto\/2007\/12\/05\/succs-de-la-fte\/#primaryimage\",\"url\":\"http:\/\/www.leblogmoto.com\/images\/2007\/12\/04\/moto_clbrations_bologne_2007_b.jpg\",\"contentUrl\":\"http:\/\/www.leblogmoto.com\/images\/2007\/12\/04\/moto_clbrations_bologne_2007_b.jpg\"},{\"@type\":\"BreadcrumbList\",\"@id\":\"https:\/\/blogs.thesocialmedia.com\/leblogmoto\/2007\/12\/05\/succs-de-la-fte\/#breadcrumb\",\"itemListElement\":[{\"@type\":\"ListItem\",\"position\":1,\"name\":\"Accueil\",\"item\":\"https:\/\/blogs.thesocialmedia.com\/leblogmoto\/\"},{\"@type\":\"ListItem\",\"position\":2,\"name\":\"Franc succ\u00e8s de la f\u00eate ducatiste \u00e0 Bologne&#8230;\"}]},{\"@type\":\"WebSite\",\"@id\":\"https:\/\/blogs.thesocialmedia.com\/leblogmoto\/#website\",\"url\":\"https:\/\/blogs.thesocialmedia.com\/leblogmoto\/\",\"name\":\"leblogmoto\",\"description\":\"Toute l&#039;actualit\u00e9 des 2 roues\",\"potentialAction\":[{\"@type\":\"SearchAction\",\"target\":{\"@type\":\"EntryPoint\",\"urlTemplate\":\"https:\/\/blogs.thesocialmedia.com\/leblogmoto\/?s={search_term_string}\"},\"query-input\":{\"@type\":\"PropertyValueSpecification\",\"valueRequired\":true,\"valueName\":\"search_term_string\"}}],\"inLanguage\":\"fr-FR\"},{\"@type\":\"Person\",\"@id\":\"https:\/\/blogs.thesocialmedia.com\/leblogmoto\/#\/schema\/person\/18bfe773e5725ed6d24f743da805362a\",\"name\":\"benoit rieu\",\"image\":{\"@type\":\"ImageObject\",\"inLanguage\":\"fr-FR\",\"@id\":\"https:\/\/blogs.thesocialmedia.com\/leblogmoto\/#\/schema\/person\/image\/\",\"url\":\"https:\/\/secure.gravatar.com\/avatar\/?s=96&d=mm&r=g\",\"contentUrl\":\"https:\/\/secure.gravatar.com\/avatar\/?s=96&d=mm&r=g\",\"caption\":\"benoit rieu\"},\"url\":\"https:\/\/blogs.thesocialmedia.com\/leblogmoto\/author\/benoit-rieu\/\"}]}<\/script>\n<!-- \/ Yoast SEO plugin. -->","yoast_head_json":{"title":"Franc succ\u00e8s de la f\u00eate ducatiste \u00e0 Bologne... - leblogmoto.com","robots":{"index":"index","follow":"follow","max-snippet":"max-snippet:-1","max-image-preview":"max-image-preview:large","max-video-preview":"max-video-preview:-1"},"canonical":"https:\/\/blogs.thesocialmedia.com\/leblogmoto\/2007\/12\/05\/succs-de-la-fte\/","twitter_card":"summary_large_image","twitter_title":"Franc succ\u00e8s de la f\u00eate ducatiste \u00e0 Bologne... - leblogmoto.com","twitter_description":"On craignait (un peu) que la f\u00eate ne soit pas totale \u00e0 Bologne sur la Piazza Maggiore pour c\u00e9l\u00e9brer la triple couronne 2007 de Ducati, il n&rsquo;en a rien \u00e9t\u00e9 puisque plus de 30000 fans s&rsquo;y sont r\u00e9unis dimanche, sans compter ceux qui visit\u00e8rent l&rsquo;usine et le mus\u00e9e \u00e0 Borgo Panigale tout ce week-end. Casey [&hellip;]","twitter_image":"http:\/\/www.leblogmoto.com\/images\/2007\/12\/04\/moto_clbrations_bologne_2007_b.jpg","twitter_misc":{"\u00c9crit par":"benoit rieu","Dur\u00e9e de lecture estim\u00e9e":"1 minute"},"schema":{"@context":"https:\/\/schema.org","@graph":[{"@type":"WebPage","@id":"https:\/\/blogs.thesocialmedia.com\/leblogmoto\/2007\/12\/05\/succs-de-la-fte\/","url":"https:\/\/blogs.thesocialmedia.com\/leblogmoto\/2007\/12\/05\/succs-de-la-fte\/","name":"Franc succ\u00e8s de la f\u00eate ducatiste \u00e0 Bologne... - leblogmoto.com","isPartOf":{"@id":"https:\/\/blogs.thesocialmedia.com\/leblogmoto\/#website"},"primaryImageOfPage":{"@id":"https:\/\/blogs.thesocialmedia.com\/leblogmoto\/2007\/12\/05\/succs-de-la-fte\/#primaryimage"},"image":{"@id":"https:\/\/blogs.thesocialmedia.com\/leblogmoto\/2007\/12\/05\/succs-de-la-fte\/#primaryimage"},"thumbnailUrl":"http:\/\/www.leblogmoto.com\/images\/2007\/12\/04\/moto_clbrations_bologne_2007_b.jpg","datePublished":"2007-12-05T07:29:31+00:00","dateModified":"2012-07-11T15:01:14+00:00","author":{"@id":"https:\/\/blogs.thesocialmedia.com\/leblogmoto\/#\/schema\/person\/18bfe773e5725ed6d24f743da805362a"},"breadcrumb":{"@id":"https:\/\/blogs.thesocialmedia.com\/leblogmoto\/2007\/12\/05\/succs-de-la-fte\/#breadcrumb"},"inLanguage":"fr-FR","potentialAction":[{"@type":"ReadAction","target":["https:\/\/blogs.thesocialmedia.com\/leblogmoto\/2007\/12\/05\/succs-de-la-fte\/"]}]},{"@type":"ImageObject","inLanguage":"fr-FR","@id":"https:\/\/blogs.thesocialmedia.com\/leblogmoto\/2007\/12\/05\/succs-de-la-fte\/#primaryimage","url":"http:\/\/www.leblogmoto.com\/images\/2007\/12\/04\/moto_clbrations_bologne_2007_b.jpg","contentUrl":"http:\/\/www.leblogmoto.com\/images\/2007\/12\/04\/moto_clbrations_bologne_2007_b.jpg"},{"@type":"BreadcrumbList","@id":"https:\/\/blogs.thesocialmedia.com\/leblogmoto\/2007\/12\/05\/succs-de-la-fte\/#breadcrumb","itemListElement":[{"@type":"ListItem","position":1,"name":"Accueil","item":"https:\/\/blogs.thesocialmedia.com\/leblogmoto\/"},{"@type":"ListItem","position":2,"name":"Franc succ\u00e8s de la f\u00eate ducatiste \u00e0 Bologne&#8230;"}]},{"@type":"WebSite","@id":"https:\/\/blogs.thesocialmedia.com\/leblogmoto\/#website","url":"https:\/\/blogs.thesocialmedia.com\/leblogmoto\/","name":"leblogmoto","description":"Toute l&#039;actualit\u00e9 des 2 roues","potentialAction":[{"@type":"SearchAction","target":{"@type":"EntryPoint","urlTemplate":"https:\/\/blogs.thesocialmedia.com\/leblogmoto\/?s={search_term_string}"},"query-input":{"@type":"PropertyValueSpecification","valueRequired":true,"valueName":"search_term_string"}}],"inLanguage":"fr-FR"},{"@type":"Person","@id":"https:\/\/blogs.thesocialmedia.com\/leblogmoto\/#\/schema\/person\/18bfe773e5725ed6d24f743da805362a","name":"benoit rieu","image":{"@type":"ImageObject","inLanguage":"fr-FR","@id":"https:\/\/blogs.thesocialmedia.com\/leblogmoto\/#\/schema\/person\/image\/","url":"https:\/\/secure.gravatar.com\/avatar\/?s=96&d=mm&r=g","contentUrl":"https:\/\/secure.gravatar.com\/avatar\/?s=96&d=mm&r=g","caption":"benoit rieu"},"url":"https:\/\/blogs.thesocialmedia.com\/leblogmoto\/author\/benoit-rieu\/"}]}},"_links":{"self":[{"href":"https:\/\/blogs.thesocialmedia.com\/leblogmoto\/wp-json\/wp\/v2\/posts\/1041","targetHints":{"allow":["GET"]}}],"collection":[{"href":"https:\/\/blogs.thesocialmedia.com\/leblogmoto\/wp-json\/wp\/v2\/posts"}],"about":[{"href":"https:\/\/blogs.thesocialmedia.com\/leblogmoto\/wp-json\/wp\/v2\/types\/post"}],"author":[{"embeddable":true,"href":"https:\/\/blogs.thesocialmedia.com\/leblogmoto\/wp-json\/wp\/v2\/users\/324"}],"replies":[{"embeddable":true,"href":"https:\/\/blogs.thesocialmedia.com\/leblogmoto\/wp-json\/wp\/v2\/comments?post=1041"}],"version-history":[{"count":2,"href":"https:\/\/blogs.thesocialmedia.com\/leblogmoto\/wp-json\/wp\/v2\/posts\/1041\/revisions"}],"predecessor-version":[{"id":9333,"href":"https:\/\/blogs.thesocialmedia.com\/leblogmoto\/wp-json\/wp\/v2\/posts\/1041\/revisions\/9333"}],"wp:attachment":[{"href":"https:\/\/blogs.thesocialmedia.com\/leblogmoto\/wp-json\/wp\/v2\/media?parent=1041"}],"wp:term":[{"taxonomy":"category","embeddable":true,"href":"https:\/\/blogs.thesocialmedia.com\/leblogmoto\/wp-json\/wp\/v2\/categories?post=1041"},{"taxonomy":"post_tag","embeddable":true,"href":"https:\/\/blogs.thesocialmedia.com\/leblogmoto\/wp-json\/wp\/v2\/tags?post=1041"}],"curies":[{"name":"wp","href":"https:\/\/api.w.org\/{rel}","templated":true}]}}