{"id":1042,"date":"2007-12-04T12:16:17","date_gmt":"2007-12-04T12:16:17","guid":{"rendered":"http:\/\/blogs.thesocialmedia.com\/leblogmoto\/2007\/12\/04\/amasuperbike-te\/"},"modified":"2012-07-11T15:01:06","modified_gmt":"2012-07-11T15:01:06","slug":"amasuperbike-te","status":"publish","type":"post","link":"https:\/\/blogs.thesocialmedia.com\/leblogmoto\/2007\/12\/04\/amasuperbike-te\/","title":{"rendered":"AMASuperbike, test pr\u00e9-saison \u00e0 Daytona"},"content":{"rendered":"<p><a href=\"http:\/\/blogs.thesocialmedia.com\/leblogmoto\/files\/2012\/07\/daytona.jpg\"><img loading=\"lazy\" decoding=\"async\" width=\"470\" height=\"261\"  src=\"http:\/\/www.leblogmoto.com\/images\/2007\/12\/04\/daytona.jpg\" alt=\"Daytona\" \/><\/a> <\/p>\n<p>C&rsquo;est avec 3 mois d&rsquo;avance que les \u00e9quipes ont pu prendre la mesure de leurs nouvelles montures en pr\u00e9vision de la premi\u00e8re course de la saison 2008, le <a href=\"http:\/\/www.daytonachamber.com\/enbw\/HISTORYBW.htm\">Daytona<\/a> 200 d\u00e9but mars. Et d\u00e9j\u00e0, apr\u00e8s ce premier week-end, l&rsquo;histoire semble vouloir se r\u00e9p\u00e9ter avec une nette domination des Suzuki de Ben Spies et Mat Mladin. Le <a href=\"http:\/\/fr.wikipedia.org\/wiki\/Raymond_Poulidor\">Poulidor<\/a> de ces derni\u00e8res ann\u00e9es en AMASuperbike, l&rsquo;\u00e9quipe Honda pourra compter sur une nouvelle recrue, <a href=\"http:\/\/en.wikipedia.org\/wiki\/Neil_Hodgson\">Neil Hodgson<\/a>.<\/p>\n<p>Apr\u00e8s le d\u00e9sistement de Ducati et une ann\u00e9e de purgatoire sans guidon, Hodgson \u00e9paulera un Miguel Duhamel \u00e9clop\u00e9. C&rsquo;est d&rsquo;ailleurs sur l&rsquo;expertise d&rsquo;Hodgson, que l&rsquo;\u00e9quipe mise pour le d\u00e9veloppement de la nouvelle CBR1000RR. La qualifiant de moto de route avec une meilleure suspension, le travail ne semble que commencer. Et avec plus de trois secondes conc\u00e9d\u00e9s aux Suzuki par la CBR, et avec le toujours d&rsquo;attaque Eric Bostrom chez Yamaha, la couronne de pr\u00e9tendant risque de s&rsquo;arracher ch\u00e8rement cette prochaine saison.<\/p>\n<p><a href=\"http:\/\/clabedan.typepad.com\/.shared\/image.html?\/photos\/uncategorized\/2007\/12\/04\/hodgson1.jpg\"><img loading=\"lazy\" decoding=\"async\" width=\"470\" height=\"353\"  src=\"http:\/\/www.leblogmoto.com\/images\/2007\/12\/04\/hodgson1.jpg\" alt=\"Hodgson1\" \/><\/a> <\/p>\n<p><a href=\"http:\/\/clabedan.typepad.com\/.shared\/image.html?\/photos\/uncategorized\/2007\/12\/04\/hodgson2.jpeg\"><img loading=\"lazy\" decoding=\"async\" width=\"470\" height=\"312\"  src=\"http:\/\/www.leblogmoto.com\/images\/2007\/12\/04\/hodgson2.jpeg\" alt=\"Hodgson2\" \/><\/a> <\/p>\n<p><a href=\"http:\/\/blogs.thesocialmedia.com\/leblogmoto\/files\/2012\/07\/hodgson3.jpg\"><img loading=\"lazy\" decoding=\"async\" width=\"470\" height=\"312\"  src=\"http:\/\/www.leblogmoto.com\/images\/2007\/12\/04\/hodgson3.jpg\" alt=\"Hodgson3\" \/><\/a> <\/p>\n<p><a href=\"http:\/\/clabedan.typepad.com\/.shared\/image.html?\/photos\/uncategorized\/2007\/12\/04\/hodgson4.jpeg\"><img loading=\"lazy\" decoding=\"async\" width=\"470\" height=\"312\"  src=\"http:\/\/www.leblogmoto.com\/images\/2007\/12\/04\/hodgson4.jpeg\" alt=\"Hodgson4\" \/><\/a> <\/p>\n<p><a href=\"http:\/\/blogs.thesocialmedia.com\/leblogmoto\/files\/2012\/07\/spies.jpg\"><img loading=\"lazy\" decoding=\"async\" width=\"470\" height=\"353\"  src=\"http:\/\/www.leblogmoto.com\/images\/2007\/12\/04\/spies.jpg\" alt=\"Spies\" \/><\/a> <\/p>\n","protected":false},"excerpt":{"rendered":"<p>C&rsquo;est avec 3 mois d&rsquo;avance que les \u00e9quipes ont pu prendre la mesure de leurs nouvelles montures en pr\u00e9vision de la premi\u00e8re course de la saison 2008, le Daytona 200 d\u00e9but mars. Et d\u00e9j\u00e0, apr\u00e8s ce premier week-end, l&rsquo;histoire semble vouloir se r\u00e9p\u00e9ter avec une nette domination des Suzuki de Ben Spies et Mat Mladin. [&hellip;]<\/p>\n","protected":false},"author":325,"featured_media":0,"comment_status":"open","ping_status":"open","sticky":false,"template":"","format":"standard","meta":{"footnotes":""},"categories":[3,41,14,46,51,44],"tags":[],"class_list":["post-1042","post","type-post","status-publish","format-standard","hentry","category-actualite","category-ducati","category-honda","category-superbike","category-suzuki","category-yamaha"],"yoast_head":"<!-- This site is optimized with the Yoast SEO plugin v26.0 - https:\/\/yoast.com\/wordpress\/plugins\/seo\/ -->\n<title>AMASuperbike, test pr\u00e9-saison \u00e0 Daytona - leblogmoto.com<\/title>\n<meta name=\"robots\" content=\"index, follow, max-snippet:-1, max-image-preview:large, max-video-preview:-1\" \/>\n<link rel=\"canonical\" href=\"https:\/\/blogs.thesocialmedia.com\/leblogmoto\/2007\/12\/04\/amasuperbike-te\/\" \/>\n<meta name=\"twitter:card\" content=\"summary_large_image\" \/>\n<meta name=\"twitter:title\" content=\"AMASuperbike, test pr\u00e9-saison \u00e0 Daytona - leblogmoto.com\" \/>\n<meta name=\"twitter:description\" content=\"C&rsquo;est avec 3 mois d&rsquo;avance que les \u00e9quipes ont pu prendre la mesure de leurs nouvelles montures en pr\u00e9vision de la premi\u00e8re course de la saison 2008, le Daytona 200 d\u00e9but mars. Et d\u00e9j\u00e0, apr\u00e8s ce premier week-end, l&rsquo;histoire semble vouloir se r\u00e9p\u00e9ter avec une nette domination des Suzuki de Ben Spies et Mat Mladin. [&hellip;]\" \/>\n<meta name=\"twitter:image\" content=\"http:\/\/www.leblogmoto.com\/images\/2007\/12\/04\/daytona.jpg\" \/>\n<meta name=\"twitter:label1\" content=\"\u00c9crit par\" \/>\n\t<meta name=\"twitter:data1\" content=\"jacques lesage\" \/>\n\t<meta name=\"twitter:label2\" content=\"Dur\u00e9e de lecture estim\u00e9e\" \/>\n\t<meta name=\"twitter:data2\" content=\"1 minute\" \/>\n<script type=\"application\/ld+json\" class=\"yoast-schema-graph\">{\"@context\":\"https:\/\/schema.org\",\"@graph\":[{\"@type\":\"WebPage\",\"@id\":\"https:\/\/blogs.thesocialmedia.com\/leblogmoto\/2007\/12\/04\/amasuperbike-te\/\",\"url\":\"https:\/\/blogs.thesocialmedia.com\/leblogmoto\/2007\/12\/04\/amasuperbike-te\/\",\"name\":\"AMASuperbike, test pr\u00e9-saison \u00e0 Daytona - leblogmoto.com\",\"isPartOf\":{\"@id\":\"https:\/\/blogs.thesocialmedia.com\/leblogmoto\/#website\"},\"primaryImageOfPage\":{\"@id\":\"https:\/\/blogs.thesocialmedia.com\/leblogmoto\/2007\/12\/04\/amasuperbike-te\/#primaryimage\"},\"image\":{\"@id\":\"https:\/\/blogs.thesocialmedia.com\/leblogmoto\/2007\/12\/04\/amasuperbike-te\/#primaryimage\"},\"thumbnailUrl\":\"http:\/\/www.leblogmoto.com\/images\/2007\/12\/04\/daytona.jpg\",\"datePublished\":\"2007-12-04T12:16:17+00:00\",\"dateModified\":\"2012-07-11T15:01:06+00:00\",\"author\":{\"@id\":\"https:\/\/blogs.thesocialmedia.com\/leblogmoto\/#\/schema\/person\/e82a0ca8a9a63d031586097a3ed58526\"},\"breadcrumb\":{\"@id\":\"https:\/\/blogs.thesocialmedia.com\/leblogmoto\/2007\/12\/04\/amasuperbike-te\/#breadcrumb\"},\"inLanguage\":\"fr-FR\",\"potentialAction\":[{\"@type\":\"ReadAction\",\"target\":[\"https:\/\/blogs.thesocialmedia.com\/leblogmoto\/2007\/12\/04\/amasuperbike-te\/\"]}]},{\"@type\":\"ImageObject\",\"inLanguage\":\"fr-FR\",\"@id\":\"https:\/\/blogs.thesocialmedia.com\/leblogmoto\/2007\/12\/04\/amasuperbike-te\/#primaryimage\",\"url\":\"http:\/\/www.leblogmoto.com\/images\/2007\/12\/04\/daytona.jpg\",\"contentUrl\":\"http:\/\/www.leblogmoto.com\/images\/2007\/12\/04\/daytona.jpg\"},{\"@type\":\"BreadcrumbList\",\"@id\":\"https:\/\/blogs.thesocialmedia.com\/leblogmoto\/2007\/12\/04\/amasuperbike-te\/#breadcrumb\",\"itemListElement\":[{\"@type\":\"ListItem\",\"position\":1,\"name\":\"Accueil\",\"item\":\"https:\/\/blogs.thesocialmedia.com\/leblogmoto\/\"},{\"@type\":\"ListItem\",\"position\":2,\"name\":\"AMASuperbike, test pr\u00e9-saison \u00e0 Daytona\"}]},{\"@type\":\"WebSite\",\"@id\":\"https:\/\/blogs.thesocialmedia.com\/leblogmoto\/#website\",\"url\":\"https:\/\/blogs.thesocialmedia.com\/leblogmoto\/\",\"name\":\"leblogmoto\",\"description\":\"Toute l&#039;actualit\u00e9 des 2 roues\",\"potentialAction\":[{\"@type\":\"SearchAction\",\"target\":{\"@type\":\"EntryPoint\",\"urlTemplate\":\"https:\/\/blogs.thesocialmedia.com\/leblogmoto\/?s={search_term_string}\"},\"query-input\":{\"@type\":\"PropertyValueSpecification\",\"valueRequired\":true,\"valueName\":\"search_term_string\"}}],\"inLanguage\":\"fr-FR\"},{\"@type\":\"Person\",\"@id\":\"https:\/\/blogs.thesocialmedia.com\/leblogmoto\/#\/schema\/person\/e82a0ca8a9a63d031586097a3ed58526\",\"name\":\"jacques lesage\",\"image\":{\"@type\":\"ImageObject\",\"inLanguage\":\"fr-FR\",\"@id\":\"https:\/\/blogs.thesocialmedia.com\/leblogmoto\/#\/schema\/person\/image\/\",\"url\":\"https:\/\/secure.gravatar.com\/avatar\/?s=96&d=mm&r=g\",\"contentUrl\":\"https:\/\/secure.gravatar.com\/avatar\/?s=96&d=mm&r=g\",\"caption\":\"jacques lesage\"},\"url\":\"https:\/\/blogs.thesocialmedia.com\/leblogmoto\/author\/jacques-lesage\/\"}]}<\/script>\n<!-- \/ Yoast SEO plugin. -->","yoast_head_json":{"title":"AMASuperbike, test pr\u00e9-saison \u00e0 Daytona - leblogmoto.com","robots":{"index":"index","follow":"follow","max-snippet":"max-snippet:-1","max-image-preview":"max-image-preview:large","max-video-preview":"max-video-preview:-1"},"canonical":"https:\/\/blogs.thesocialmedia.com\/leblogmoto\/2007\/12\/04\/amasuperbike-te\/","twitter_card":"summary_large_image","twitter_title":"AMASuperbike, test pr\u00e9-saison \u00e0 Daytona - leblogmoto.com","twitter_description":"C&rsquo;est avec 3 mois d&rsquo;avance que les \u00e9quipes ont pu prendre la mesure de leurs nouvelles montures en pr\u00e9vision de la premi\u00e8re course de la saison 2008, le Daytona 200 d\u00e9but mars. Et d\u00e9j\u00e0, apr\u00e8s ce premier week-end, l&rsquo;histoire semble vouloir se r\u00e9p\u00e9ter avec une nette domination des Suzuki de Ben Spies et Mat Mladin. [&hellip;]","twitter_image":"http:\/\/www.leblogmoto.com\/images\/2007\/12\/04\/daytona.jpg","twitter_misc":{"\u00c9crit par":"jacques lesage","Dur\u00e9e de lecture estim\u00e9e":"1 minute"},"schema":{"@context":"https:\/\/schema.org","@graph":[{"@type":"WebPage","@id":"https:\/\/blogs.thesocialmedia.com\/leblogmoto\/2007\/12\/04\/amasuperbike-te\/","url":"https:\/\/blogs.thesocialmedia.com\/leblogmoto\/2007\/12\/04\/amasuperbike-te\/","name":"AMASuperbike, test pr\u00e9-saison \u00e0 Daytona - leblogmoto.com","isPartOf":{"@id":"https:\/\/blogs.thesocialmedia.com\/leblogmoto\/#website"},"primaryImageOfPage":{"@id":"https:\/\/blogs.thesocialmedia.com\/leblogmoto\/2007\/12\/04\/amasuperbike-te\/#primaryimage"},"image":{"@id":"https:\/\/blogs.thesocialmedia.com\/leblogmoto\/2007\/12\/04\/amasuperbike-te\/#primaryimage"},"thumbnailUrl":"http:\/\/www.leblogmoto.com\/images\/2007\/12\/04\/daytona.jpg","datePublished":"2007-12-04T12:16:17+00:00","dateModified":"2012-07-11T15:01:06+00:00","author":{"@id":"https:\/\/blogs.thesocialmedia.com\/leblogmoto\/#\/schema\/person\/e82a0ca8a9a63d031586097a3ed58526"},"breadcrumb":{"@id":"https:\/\/blogs.thesocialmedia.com\/leblogmoto\/2007\/12\/04\/amasuperbike-te\/#breadcrumb"},"inLanguage":"fr-FR","potentialAction":[{"@type":"ReadAction","target":["https:\/\/blogs.thesocialmedia.com\/leblogmoto\/2007\/12\/04\/amasuperbike-te\/"]}]},{"@type":"ImageObject","inLanguage":"fr-FR","@id":"https:\/\/blogs.thesocialmedia.com\/leblogmoto\/2007\/12\/04\/amasuperbike-te\/#primaryimage","url":"http:\/\/www.leblogmoto.com\/images\/2007\/12\/04\/daytona.jpg","contentUrl":"http:\/\/www.leblogmoto.com\/images\/2007\/12\/04\/daytona.jpg"},{"@type":"BreadcrumbList","@id":"https:\/\/blogs.thesocialmedia.com\/leblogmoto\/2007\/12\/04\/amasuperbike-te\/#breadcrumb","itemListElement":[{"@type":"ListItem","position":1,"name":"Accueil","item":"https:\/\/blogs.thesocialmedia.com\/leblogmoto\/"},{"@type":"ListItem","position":2,"name":"AMASuperbike, test pr\u00e9-saison \u00e0 Daytona"}]},{"@type":"WebSite","@id":"https:\/\/blogs.thesocialmedia.com\/leblogmoto\/#website","url":"https:\/\/blogs.thesocialmedia.com\/leblogmoto\/","name":"leblogmoto","description":"Toute l&#039;actualit\u00e9 des 2 roues","potentialAction":[{"@type":"SearchAction","target":{"@type":"EntryPoint","urlTemplate":"https:\/\/blogs.thesocialmedia.com\/leblogmoto\/?s={search_term_string}"},"query-input":{"@type":"PropertyValueSpecification","valueRequired":true,"valueName":"search_term_string"}}],"inLanguage":"fr-FR"},{"@type":"Person","@id":"https:\/\/blogs.thesocialmedia.com\/leblogmoto\/#\/schema\/person\/e82a0ca8a9a63d031586097a3ed58526","name":"jacques lesage","image":{"@type":"ImageObject","inLanguage":"fr-FR","@id":"https:\/\/blogs.thesocialmedia.com\/leblogmoto\/#\/schema\/person\/image\/","url":"https:\/\/secure.gravatar.com\/avatar\/?s=96&d=mm&r=g","contentUrl":"https:\/\/secure.gravatar.com\/avatar\/?s=96&d=mm&r=g","caption":"jacques lesage"},"url":"https:\/\/blogs.thesocialmedia.com\/leblogmoto\/author\/jacques-lesage\/"}]}},"_links":{"self":[{"href":"https:\/\/blogs.thesocialmedia.com\/leblogmoto\/wp-json\/wp\/v2\/posts\/1042","targetHints":{"allow":["GET"]}}],"collection":[{"href":"https:\/\/blogs.thesocialmedia.com\/leblogmoto\/wp-json\/wp\/v2\/posts"}],"about":[{"href":"https:\/\/blogs.thesocialmedia.com\/leblogmoto\/wp-json\/wp\/v2\/types\/post"}],"author":[{"embeddable":true,"href":"https:\/\/blogs.thesocialmedia.com\/leblogmoto\/wp-json\/wp\/v2\/users\/325"}],"replies":[{"embeddable":true,"href":"https:\/\/blogs.thesocialmedia.com\/leblogmoto\/wp-json\/wp\/v2\/comments?post=1042"}],"version-history":[{"count":2,"href":"https:\/\/blogs.thesocialmedia.com\/leblogmoto\/wp-json\/wp\/v2\/posts\/1042\/revisions"}],"predecessor-version":[{"id":9329,"href":"https:\/\/blogs.thesocialmedia.com\/leblogmoto\/wp-json\/wp\/v2\/posts\/1042\/revisions\/9329"}],"wp:attachment":[{"href":"https:\/\/blogs.thesocialmedia.com\/leblogmoto\/wp-json\/wp\/v2\/media?parent=1042"}],"wp:term":[{"taxonomy":"category","embeddable":true,"href":"https:\/\/blogs.thesocialmedia.com\/leblogmoto\/wp-json\/wp\/v2\/categories?post=1042"},{"taxonomy":"post_tag","embeddable":true,"href":"https:\/\/blogs.thesocialmedia.com\/leblogmoto\/wp-json\/wp\/v2\/tags?post=1042"}],"curies":[{"name":"wp","href":"https:\/\/api.w.org\/{rel}","templated":true}]}}