{"id":1044,"date":"2007-12-03T19:15:45","date_gmt":"2007-12-03T19:15:45","guid":{"rendered":"http:\/\/blogs.thesocialmedia.com\/leblogmoto\/2007\/12\/03\/yamaha-v-star-c\/"},"modified":"2012-07-11T15:00:57","modified_gmt":"2012-07-11T15:00:57","slug":"yamaha-v-star-c","status":"publish","type":"post","link":"https:\/\/blogs.thesocialmedia.com\/leblogmoto\/2007\/12\/03\/yamaha-v-star-c\/","title":{"rendered":"Yamaha V-Star Classic, toutes saisons"},"content":{"rendered":"<p><a href=\"http:\/\/blogs.thesocialmedia.com\/leblogmoto\/files\/2012\/07\/neige1.jpg\"><img loading=\"lazy\" decoding=\"async\" width=\"470\" height=\"307\"  src=\"http:\/\/www.leblogmoto.com\/images\/2007\/12\/03\/neige1.jpg\" alt=\"Neige1\" \/><\/a> <\/p>\n<p>Je l&rsquo;avais d\u00e9j\u00e0 remarqu\u00e9 hier, cette <a href=\"http:\/\/www.yamaha-motor.ca\/products\/products.php?model=2376&amp;class=2&amp;group=M|&amp;LANG=fr\">Yamaha<\/a> les pattes dans la neige, mais comme on annon\u00e7ait une jolie petite <a href=\"http:\/\/www.cyberpresse.ca\/article\/20071203\/CPACTUALITES\/71203010\/6730\/CPACTUALITES\">temp\u00eate<\/a> pour aujourd&rsquo;hui, j&rsquo;esp\u00e9rais bien qu&rsquo;elle y serait encore.<br \/>Et voil\u00e0 ce qui arrive quand on m\u00e8ne une bonne vie, on est r\u00e9compens\u00e9. J&rsquo;ai eu <a href=\"http:\/\/www.chacoura.net\/\">ma photo<\/a>, mais il y en a un qui risque de perdre sa moto.<br \/>Bonne nouvelle pour les touristes que cette temp\u00eate, les forfaits motoneiges ne risquent pas d&rsquo;\u00eatre annul\u00e9s, ce qui contraste avec l&rsquo;hiver dernier, alors qu&rsquo;en janvier il n&rsquo;y avait pas encore de neige et que certains motards endurcis roulaient toujours malgr\u00e9 le froid.<\/p>\n<p><a href=\"http:\/\/clabedan.typepad.com\/.shared\/image.html?\/photos\/uncategorized\/2007\/12\/03\/neige2.jpg\"><img loading=\"lazy\" decoding=\"async\" width=\"470\" height=\"352\"  src=\"http:\/\/www.leblogmoto.com\/images\/2007\/12\/03\/neige2.jpg\" alt=\"Neige2\" \/><\/a> <\/p>\n<p><a href=\"http:\/\/blogs.thesocialmedia.com\/leblogmoto\/files\/2012\/07\/neige3.jpg\"><img loading=\"lazy\" decoding=\"async\" width=\"470\" height=\"352\"  src=\"http:\/\/www.leblogmoto.com\/images\/2007\/12\/03\/neige3.jpg\" alt=\"Neige3\" \/><\/a> <\/p>\n","protected":false},"excerpt":{"rendered":"<p>Je l&rsquo;avais d\u00e9j\u00e0 remarqu\u00e9 hier, cette Yamaha les pattes dans la neige, mais comme on annon\u00e7ait une jolie petite temp\u00eate pour aujourd&rsquo;hui, j&rsquo;esp\u00e9rais bien qu&rsquo;elle y serait encore.Et voil\u00e0 ce qui arrive quand on m\u00e8ne une bonne vie, on est r\u00e9compens\u00e9. J&rsquo;ai eu ma photo, mais il y en a un qui risque de perdre [&hellip;]<\/p>\n","protected":false},"author":325,"featured_media":0,"comment_status":"open","ping_status":"open","sticky":false,"template":"","format":"standard","meta":{"footnotes":""},"categories":[58,44],"tags":[],"class_list":["post-1044","post","type-post","status-publish","format-standard","hentry","category-insolite","category-yamaha"],"yoast_head":"<!-- This site is optimized with the Yoast SEO plugin v26.0 - https:\/\/yoast.com\/wordpress\/plugins\/seo\/ -->\n<title>Yamaha V-Star Classic, toutes saisons - leblogmoto.com<\/title>\n<meta name=\"robots\" content=\"index, follow, max-snippet:-1, max-image-preview:large, max-video-preview:-1\" \/>\n<link rel=\"canonical\" href=\"https:\/\/blogs.thesocialmedia.com\/leblogmoto\/2007\/12\/03\/yamaha-v-star-c\/\" \/>\n<meta name=\"twitter:card\" content=\"summary_large_image\" \/>\n<meta name=\"twitter:title\" content=\"Yamaha V-Star Classic, toutes saisons - leblogmoto.com\" \/>\n<meta name=\"twitter:description\" content=\"Je l&rsquo;avais d\u00e9j\u00e0 remarqu\u00e9 hier, cette Yamaha les pattes dans la neige, mais comme on annon\u00e7ait une jolie petite temp\u00eate pour aujourd&rsquo;hui, j&rsquo;esp\u00e9rais bien qu&rsquo;elle y serait encore.Et voil\u00e0 ce qui arrive quand on m\u00e8ne une bonne vie, on est r\u00e9compens\u00e9. J&rsquo;ai eu ma photo, mais il y en a un qui risque de perdre [&hellip;]\" \/>\n<meta name=\"twitter:image\" content=\"http:\/\/www.leblogmoto.com\/images\/2007\/12\/03\/neige1.jpg\" \/>\n<meta name=\"twitter:label1\" content=\"\u00c9crit par\" \/>\n\t<meta name=\"twitter:data1\" content=\"jacques lesage\" \/>\n\t<meta name=\"twitter:label2\" content=\"Dur\u00e9e de lecture estim\u00e9e\" \/>\n\t<meta name=\"twitter:data2\" content=\"1 minute\" \/>\n<script type=\"application\/ld+json\" class=\"yoast-schema-graph\">{\"@context\":\"https:\/\/schema.org\",\"@graph\":[{\"@type\":\"WebPage\",\"@id\":\"https:\/\/blogs.thesocialmedia.com\/leblogmoto\/2007\/12\/03\/yamaha-v-star-c\/\",\"url\":\"https:\/\/blogs.thesocialmedia.com\/leblogmoto\/2007\/12\/03\/yamaha-v-star-c\/\",\"name\":\"Yamaha V-Star Classic, toutes saisons - leblogmoto.com\",\"isPartOf\":{\"@id\":\"https:\/\/blogs.thesocialmedia.com\/leblogmoto\/#website\"},\"primaryImageOfPage\":{\"@id\":\"https:\/\/blogs.thesocialmedia.com\/leblogmoto\/2007\/12\/03\/yamaha-v-star-c\/#primaryimage\"},\"image\":{\"@id\":\"https:\/\/blogs.thesocialmedia.com\/leblogmoto\/2007\/12\/03\/yamaha-v-star-c\/#primaryimage\"},\"thumbnailUrl\":\"http:\/\/www.leblogmoto.com\/images\/2007\/12\/03\/neige1.jpg\",\"datePublished\":\"2007-12-03T19:15:45+00:00\",\"dateModified\":\"2012-07-11T15:00:57+00:00\",\"author\":{\"@id\":\"https:\/\/blogs.thesocialmedia.com\/leblogmoto\/#\/schema\/person\/e82a0ca8a9a63d031586097a3ed58526\"},\"breadcrumb\":{\"@id\":\"https:\/\/blogs.thesocialmedia.com\/leblogmoto\/2007\/12\/03\/yamaha-v-star-c\/#breadcrumb\"},\"inLanguage\":\"fr-FR\",\"potentialAction\":[{\"@type\":\"ReadAction\",\"target\":[\"https:\/\/blogs.thesocialmedia.com\/leblogmoto\/2007\/12\/03\/yamaha-v-star-c\/\"]}]},{\"@type\":\"ImageObject\",\"inLanguage\":\"fr-FR\",\"@id\":\"https:\/\/blogs.thesocialmedia.com\/leblogmoto\/2007\/12\/03\/yamaha-v-star-c\/#primaryimage\",\"url\":\"http:\/\/www.leblogmoto.com\/images\/2007\/12\/03\/neige1.jpg\",\"contentUrl\":\"http:\/\/www.leblogmoto.com\/images\/2007\/12\/03\/neige1.jpg\"},{\"@type\":\"BreadcrumbList\",\"@id\":\"https:\/\/blogs.thesocialmedia.com\/leblogmoto\/2007\/12\/03\/yamaha-v-star-c\/#breadcrumb\",\"itemListElement\":[{\"@type\":\"ListItem\",\"position\":1,\"name\":\"Accueil\",\"item\":\"https:\/\/blogs.thesocialmedia.com\/leblogmoto\/\"},{\"@type\":\"ListItem\",\"position\":2,\"name\":\"Yamaha V-Star Classic, toutes saisons\"}]},{\"@type\":\"WebSite\",\"@id\":\"https:\/\/blogs.thesocialmedia.com\/leblogmoto\/#website\",\"url\":\"https:\/\/blogs.thesocialmedia.com\/leblogmoto\/\",\"name\":\"leblogmoto\",\"description\":\"Toute l&#039;actualit\u00e9 des 2 roues\",\"potentialAction\":[{\"@type\":\"SearchAction\",\"target\":{\"@type\":\"EntryPoint\",\"urlTemplate\":\"https:\/\/blogs.thesocialmedia.com\/leblogmoto\/?s={search_term_string}\"},\"query-input\":{\"@type\":\"PropertyValueSpecification\",\"valueRequired\":true,\"valueName\":\"search_term_string\"}}],\"inLanguage\":\"fr-FR\"},{\"@type\":\"Person\",\"@id\":\"https:\/\/blogs.thesocialmedia.com\/leblogmoto\/#\/schema\/person\/e82a0ca8a9a63d031586097a3ed58526\",\"name\":\"jacques lesage\",\"image\":{\"@type\":\"ImageObject\",\"inLanguage\":\"fr-FR\",\"@id\":\"https:\/\/blogs.thesocialmedia.com\/leblogmoto\/#\/schema\/person\/image\/\",\"url\":\"https:\/\/secure.gravatar.com\/avatar\/?s=96&d=mm&r=g\",\"contentUrl\":\"https:\/\/secure.gravatar.com\/avatar\/?s=96&d=mm&r=g\",\"caption\":\"jacques lesage\"},\"url\":\"https:\/\/blogs.thesocialmedia.com\/leblogmoto\/author\/jacques-lesage\/\"}]}<\/script>\n<!-- \/ Yoast SEO plugin. -->","yoast_head_json":{"title":"Yamaha V-Star Classic, toutes saisons - leblogmoto.com","robots":{"index":"index","follow":"follow","max-snippet":"max-snippet:-1","max-image-preview":"max-image-preview:large","max-video-preview":"max-video-preview:-1"},"canonical":"https:\/\/blogs.thesocialmedia.com\/leblogmoto\/2007\/12\/03\/yamaha-v-star-c\/","twitter_card":"summary_large_image","twitter_title":"Yamaha V-Star Classic, toutes saisons - leblogmoto.com","twitter_description":"Je l&rsquo;avais d\u00e9j\u00e0 remarqu\u00e9 hier, cette Yamaha les pattes dans la neige, mais comme on annon\u00e7ait une jolie petite temp\u00eate pour aujourd&rsquo;hui, j&rsquo;esp\u00e9rais bien qu&rsquo;elle y serait encore.Et voil\u00e0 ce qui arrive quand on m\u00e8ne une bonne vie, on est r\u00e9compens\u00e9. J&rsquo;ai eu ma photo, mais il y en a un qui risque de perdre [&hellip;]","twitter_image":"http:\/\/www.leblogmoto.com\/images\/2007\/12\/03\/neige1.jpg","twitter_misc":{"\u00c9crit par":"jacques lesage","Dur\u00e9e de lecture estim\u00e9e":"1 minute"},"schema":{"@context":"https:\/\/schema.org","@graph":[{"@type":"WebPage","@id":"https:\/\/blogs.thesocialmedia.com\/leblogmoto\/2007\/12\/03\/yamaha-v-star-c\/","url":"https:\/\/blogs.thesocialmedia.com\/leblogmoto\/2007\/12\/03\/yamaha-v-star-c\/","name":"Yamaha V-Star Classic, toutes saisons - leblogmoto.com","isPartOf":{"@id":"https:\/\/blogs.thesocialmedia.com\/leblogmoto\/#website"},"primaryImageOfPage":{"@id":"https:\/\/blogs.thesocialmedia.com\/leblogmoto\/2007\/12\/03\/yamaha-v-star-c\/#primaryimage"},"image":{"@id":"https:\/\/blogs.thesocialmedia.com\/leblogmoto\/2007\/12\/03\/yamaha-v-star-c\/#primaryimage"},"thumbnailUrl":"http:\/\/www.leblogmoto.com\/images\/2007\/12\/03\/neige1.jpg","datePublished":"2007-12-03T19:15:45+00:00","dateModified":"2012-07-11T15:00:57+00:00","author":{"@id":"https:\/\/blogs.thesocialmedia.com\/leblogmoto\/#\/schema\/person\/e82a0ca8a9a63d031586097a3ed58526"},"breadcrumb":{"@id":"https:\/\/blogs.thesocialmedia.com\/leblogmoto\/2007\/12\/03\/yamaha-v-star-c\/#breadcrumb"},"inLanguage":"fr-FR","potentialAction":[{"@type":"ReadAction","target":["https:\/\/blogs.thesocialmedia.com\/leblogmoto\/2007\/12\/03\/yamaha-v-star-c\/"]}]},{"@type":"ImageObject","inLanguage":"fr-FR","@id":"https:\/\/blogs.thesocialmedia.com\/leblogmoto\/2007\/12\/03\/yamaha-v-star-c\/#primaryimage","url":"http:\/\/www.leblogmoto.com\/images\/2007\/12\/03\/neige1.jpg","contentUrl":"http:\/\/www.leblogmoto.com\/images\/2007\/12\/03\/neige1.jpg"},{"@type":"BreadcrumbList","@id":"https:\/\/blogs.thesocialmedia.com\/leblogmoto\/2007\/12\/03\/yamaha-v-star-c\/#breadcrumb","itemListElement":[{"@type":"ListItem","position":1,"name":"Accueil","item":"https:\/\/blogs.thesocialmedia.com\/leblogmoto\/"},{"@type":"ListItem","position":2,"name":"Yamaha V-Star Classic, toutes saisons"}]},{"@type":"WebSite","@id":"https:\/\/blogs.thesocialmedia.com\/leblogmoto\/#website","url":"https:\/\/blogs.thesocialmedia.com\/leblogmoto\/","name":"leblogmoto","description":"Toute l&#039;actualit\u00e9 des 2 roues","potentialAction":[{"@type":"SearchAction","target":{"@type":"EntryPoint","urlTemplate":"https:\/\/blogs.thesocialmedia.com\/leblogmoto\/?s={search_term_string}"},"query-input":{"@type":"PropertyValueSpecification","valueRequired":true,"valueName":"search_term_string"}}],"inLanguage":"fr-FR"},{"@type":"Person","@id":"https:\/\/blogs.thesocialmedia.com\/leblogmoto\/#\/schema\/person\/e82a0ca8a9a63d031586097a3ed58526","name":"jacques lesage","image":{"@type":"ImageObject","inLanguage":"fr-FR","@id":"https:\/\/blogs.thesocialmedia.com\/leblogmoto\/#\/schema\/person\/image\/","url":"https:\/\/secure.gravatar.com\/avatar\/?s=96&d=mm&r=g","contentUrl":"https:\/\/secure.gravatar.com\/avatar\/?s=96&d=mm&r=g","caption":"jacques lesage"},"url":"https:\/\/blogs.thesocialmedia.com\/leblogmoto\/author\/jacques-lesage\/"}]}},"_links":{"self":[{"href":"https:\/\/blogs.thesocialmedia.com\/leblogmoto\/wp-json\/wp\/v2\/posts\/1044","targetHints":{"allow":["GET"]}}],"collection":[{"href":"https:\/\/blogs.thesocialmedia.com\/leblogmoto\/wp-json\/wp\/v2\/posts"}],"about":[{"href":"https:\/\/blogs.thesocialmedia.com\/leblogmoto\/wp-json\/wp\/v2\/types\/post"}],"author":[{"embeddable":true,"href":"https:\/\/blogs.thesocialmedia.com\/leblogmoto\/wp-json\/wp\/v2\/users\/325"}],"replies":[{"embeddable":true,"href":"https:\/\/blogs.thesocialmedia.com\/leblogmoto\/wp-json\/wp\/v2\/comments?post=1044"}],"version-history":[{"count":2,"href":"https:\/\/blogs.thesocialmedia.com\/leblogmoto\/wp-json\/wp\/v2\/posts\/1044\/revisions"}],"predecessor-version":[{"id":9323,"href":"https:\/\/blogs.thesocialmedia.com\/leblogmoto\/wp-json\/wp\/v2\/posts\/1044\/revisions\/9323"}],"wp:attachment":[{"href":"https:\/\/blogs.thesocialmedia.com\/leblogmoto\/wp-json\/wp\/v2\/media?parent=1044"}],"wp:term":[{"taxonomy":"category","embeddable":true,"href":"https:\/\/blogs.thesocialmedia.com\/leblogmoto\/wp-json\/wp\/v2\/categories?post=1044"},{"taxonomy":"post_tag","embeddable":true,"href":"https:\/\/blogs.thesocialmedia.com\/leblogmoto\/wp-json\/wp\/v2\/tags?post=1044"}],"curies":[{"name":"wp","href":"https:\/\/api.w.org\/{rel}","templated":true}]}}