{"id":1045,"date":"2007-12-02T19:38:07","date_gmt":"2007-12-02T19:38:07","guid":{"rendered":"http:\/\/blogs.thesocialmedia.com\/leblogmoto\/2007\/12\/02\/ducati-848-auto\/"},"modified":"2012-07-11T15:00:53","modified_gmt":"2012-07-11T15:00:53","slug":"ducati-848-auto","status":"publish","type":"post","link":"https:\/\/blogs.thesocialmedia.com\/leblogmoto\/2007\/12\/02\/ducati-848-auto\/","title":{"rendered":"Ducati 848, autour du circuit d&rsquo;Almeria"},"content":{"rendered":"<p><a href=\"http:\/\/blogs.thesocialmedia.com\/leblogmoto\/files\/2012\/07\/848s.jpg\"><img loading=\"lazy\" decoding=\"async\" width=\"250\" height=\"180\"  src=\"http:\/\/www.leblogmoto.com\/images\/2007\/12\/02\/848s.jpg\" alt=\"848s\" style=\"margin: 0px 5px 5px 0px;float: left\" \/><\/a> <a href=\"http:\/\/www.ducati.com\/od\/ducatifrance\/news\/detail.jhtml?newsId=19504\">Ducati<\/a> a sorti sa petite arm\u00e9e de 848 blanche au <a href=\"http:\/\/www.circuitodealmeria.com\/\">circuit d&rsquo;Almeria<\/a> en Espagne, histoire de permettre \u00e0 quelques chanceux de la presse sp\u00e9cialis\u00e9e de se faire une premi\u00e8re id\u00e9e de la chose. La <a href=\"http:\/\/www.leblogmoto.com\/2007\/11\/ducati-848.html\">848<\/a> se veut la r\u00e9ponse de Ducati aux GSX-R et R6 Japonaises, et les premiers \u00e9chos semble plus que positif. La 848 est une 1098, l&rsquo;hyperactivit\u00e9 en moins, la souplesse en plus, ce qui la positionnerait bien du c\u00f4t\u00e9 des fans de Suzuki cherchant un suppl\u00e9ment d&rsquo;\u00e2me pour leur monture.<br \/>Reste \u00e0 voir, selon les march\u00e9s, la politique de prix que Ducati mettra de l&rsquo;avant. Pas certains que le gros du contingent des amateurs de \u00abcrotch rocket\u00bb soient pr\u00eat \u00e0 y mettre le prix. Mais \u00e7a, c&rsquo;est juste mon id\u00e9e, n&#8217;emp\u00eache que de ce c\u00f4t\u00e9-ci de l&rsquo;atlantique, une superbe machine, aussi prestigieuse soit-elle, n&rsquo;a aucune chance de grappiller sur les parts de march\u00e9 des Japonaises sans un prix agressif et un support impeccable. Ce que Ducati, malgr\u00e9 un int\u00e9r\u00eat de plus en plus marqu\u00e9, n&rsquo;a pas encore r\u00e9ussi \u00e0 faire.<\/p>\n<p>Apr\u00e8s le saut de page, deux vid\u00e9os embarqu\u00e9es, d&rsquo;abord on roule avec Ruben Xaus, puis le second montre Federico Aliverti collant de pr\u00e8s Xaus. Remarquez les jolies \u00e9tincelles que les courbes serr\u00e9es du circuit d&rsquo;Almeria font sortir des 848.<\/p>\n<p><a href=\"http:\/\/clabedan.typepad.com\/.shared\/image.html?\/photos\/uncategorized\/2007\/12\/02\/almeria.jpg\"><img loading=\"lazy\" decoding=\"async\" width=\"470\" height=\"165\"  src=\"http:\/\/www.leblogmoto.com\/images\/2007\/12\/02\/almeria.jpg\" alt=\"Almeria\" \/><\/a> <\/p>\n<p><object width=\"425\" height=\"355\"><param name=\"movie\" value=\"http:\/\/www.youtube.com\/v\/5blnfNXDTIo&amp;rel=1\" \/><param name=\"wmode\" value=\"transparent\" \/><embed width=\"425\" height=\"355\" src=\"http:\/\/www.youtube.com\/v\/5blnfNXDTIo&amp;rel=1\" type=\"application\/x-shockwave-flash\"><\/embed><\/object><\/p>\n<p><object width=\"425\" height=\"355\"><param name=\"movie\" value=\"http:\/\/www.youtube.com\/v\/7eM8MWhGAQw&amp;rel=1\" \/><param name=\"wmode\" value=\"transparent\" \/><embed width=\"425\" height=\"355\" src=\"http:\/\/www.youtube.com\/v\/7eM8MWhGAQw&amp;rel=1\" type=\"application\/x-shockwave-flash\"><\/embed><\/object><\/p>\n","protected":false},"excerpt":{"rendered":"<p>Ducati a sorti sa petite arm\u00e9e de 848 blanche au circuit d&rsquo;Almeria en Espagne, histoire de permettre \u00e0 quelques chanceux de la presse sp\u00e9cialis\u00e9e de se faire une premi\u00e8re id\u00e9e de la chose. La 848 se veut la r\u00e9ponse de Ducati aux GSX-R et R6 Japonaises, et les premiers \u00e9chos semble plus que positif. La [&hellip;]<\/p>\n","protected":false},"author":325,"featured_media":0,"comment_status":"open","ping_status":"open","sticky":false,"template":"","format":"standard","meta":{"footnotes":""},"categories":[3,41,37,46,51,12],"tags":[],"class_list":["post-1045","post","type-post","status-publish","format-standard","hentry","category-actualite","category-ducati","category-essais","category-superbike","category-suzuki","category-videos"],"yoast_head":"<!-- This site is optimized with the Yoast SEO plugin v26.0 - https:\/\/yoast.com\/wordpress\/plugins\/seo\/ -->\n<title>Ducati 848, autour du circuit d&#039;Almeria - leblogmoto.com<\/title>\n<meta name=\"robots\" content=\"index, follow, max-snippet:-1, max-image-preview:large, max-video-preview:-1\" \/>\n<link rel=\"canonical\" href=\"https:\/\/blogs.thesocialmedia.com\/leblogmoto\/2007\/12\/02\/ducati-848-auto\/\" \/>\n<meta name=\"twitter:card\" content=\"summary_large_image\" \/>\n<meta name=\"twitter:title\" content=\"Ducati 848, autour du circuit d&#039;Almeria - leblogmoto.com\" \/>\n<meta name=\"twitter:description\" content=\"Ducati a sorti sa petite arm\u00e9e de 848 blanche au circuit d&rsquo;Almeria en Espagne, histoire de permettre \u00e0 quelques chanceux de la presse sp\u00e9cialis\u00e9e de se faire une premi\u00e8re id\u00e9e de la chose. La 848 se veut la r\u00e9ponse de Ducati aux GSX-R et R6 Japonaises, et les premiers \u00e9chos semble plus que positif. La [&hellip;]\" \/>\n<meta name=\"twitter:image\" content=\"http:\/\/www.leblogmoto.com\/images\/2007\/12\/02\/848s.jpg\" \/>\n<meta name=\"twitter:label1\" content=\"\u00c9crit par\" \/>\n\t<meta name=\"twitter:data1\" content=\"jacques lesage\" \/>\n\t<meta name=\"twitter:label2\" content=\"Dur\u00e9e de lecture estim\u00e9e\" \/>\n\t<meta name=\"twitter:data2\" content=\"1 minute\" \/>\n<script type=\"application\/ld+json\" class=\"yoast-schema-graph\">{\"@context\":\"https:\/\/schema.org\",\"@graph\":[{\"@type\":\"WebPage\",\"@id\":\"https:\/\/blogs.thesocialmedia.com\/leblogmoto\/2007\/12\/02\/ducati-848-auto\/\",\"url\":\"https:\/\/blogs.thesocialmedia.com\/leblogmoto\/2007\/12\/02\/ducati-848-auto\/\",\"name\":\"Ducati 848, autour du circuit d'Almeria - leblogmoto.com\",\"isPartOf\":{\"@id\":\"https:\/\/blogs.thesocialmedia.com\/leblogmoto\/#website\"},\"primaryImageOfPage\":{\"@id\":\"https:\/\/blogs.thesocialmedia.com\/leblogmoto\/2007\/12\/02\/ducati-848-auto\/#primaryimage\"},\"image\":{\"@id\":\"https:\/\/blogs.thesocialmedia.com\/leblogmoto\/2007\/12\/02\/ducati-848-auto\/#primaryimage\"},\"thumbnailUrl\":\"http:\/\/www.leblogmoto.com\/images\/2007\/12\/02\/848s.jpg\",\"datePublished\":\"2007-12-02T19:38:07+00:00\",\"dateModified\":\"2012-07-11T15:00:53+00:00\",\"author\":{\"@id\":\"https:\/\/blogs.thesocialmedia.com\/leblogmoto\/#\/schema\/person\/e82a0ca8a9a63d031586097a3ed58526\"},\"breadcrumb\":{\"@id\":\"https:\/\/blogs.thesocialmedia.com\/leblogmoto\/2007\/12\/02\/ducati-848-auto\/#breadcrumb\"},\"inLanguage\":\"fr-FR\",\"potentialAction\":[{\"@type\":\"ReadAction\",\"target\":[\"https:\/\/blogs.thesocialmedia.com\/leblogmoto\/2007\/12\/02\/ducati-848-auto\/\"]}]},{\"@type\":\"ImageObject\",\"inLanguage\":\"fr-FR\",\"@id\":\"https:\/\/blogs.thesocialmedia.com\/leblogmoto\/2007\/12\/02\/ducati-848-auto\/#primaryimage\",\"url\":\"http:\/\/www.leblogmoto.com\/images\/2007\/12\/02\/848s.jpg\",\"contentUrl\":\"http:\/\/www.leblogmoto.com\/images\/2007\/12\/02\/848s.jpg\"},{\"@type\":\"BreadcrumbList\",\"@id\":\"https:\/\/blogs.thesocialmedia.com\/leblogmoto\/2007\/12\/02\/ducati-848-auto\/#breadcrumb\",\"itemListElement\":[{\"@type\":\"ListItem\",\"position\":1,\"name\":\"Accueil\",\"item\":\"https:\/\/blogs.thesocialmedia.com\/leblogmoto\/\"},{\"@type\":\"ListItem\",\"position\":2,\"name\":\"Ducati 848, autour du circuit d&rsquo;Almeria\"}]},{\"@type\":\"WebSite\",\"@id\":\"https:\/\/blogs.thesocialmedia.com\/leblogmoto\/#website\",\"url\":\"https:\/\/blogs.thesocialmedia.com\/leblogmoto\/\",\"name\":\"leblogmoto\",\"description\":\"Toute l&#039;actualit\u00e9 des 2 roues\",\"potentialAction\":[{\"@type\":\"SearchAction\",\"target\":{\"@type\":\"EntryPoint\",\"urlTemplate\":\"https:\/\/blogs.thesocialmedia.com\/leblogmoto\/?s={search_term_string}\"},\"query-input\":{\"@type\":\"PropertyValueSpecification\",\"valueRequired\":true,\"valueName\":\"search_term_string\"}}],\"inLanguage\":\"fr-FR\"},{\"@type\":\"Person\",\"@id\":\"https:\/\/blogs.thesocialmedia.com\/leblogmoto\/#\/schema\/person\/e82a0ca8a9a63d031586097a3ed58526\",\"name\":\"jacques lesage\",\"image\":{\"@type\":\"ImageObject\",\"inLanguage\":\"fr-FR\",\"@id\":\"https:\/\/blogs.thesocialmedia.com\/leblogmoto\/#\/schema\/person\/image\/\",\"url\":\"https:\/\/secure.gravatar.com\/avatar\/?s=96&d=mm&r=g\",\"contentUrl\":\"https:\/\/secure.gravatar.com\/avatar\/?s=96&d=mm&r=g\",\"caption\":\"jacques lesage\"},\"url\":\"https:\/\/blogs.thesocialmedia.com\/leblogmoto\/author\/jacques-lesage\/\"}]}<\/script>\n<!-- \/ Yoast SEO plugin. -->","yoast_head_json":{"title":"Ducati 848, autour du circuit d'Almeria - leblogmoto.com","robots":{"index":"index","follow":"follow","max-snippet":"max-snippet:-1","max-image-preview":"max-image-preview:large","max-video-preview":"max-video-preview:-1"},"canonical":"https:\/\/blogs.thesocialmedia.com\/leblogmoto\/2007\/12\/02\/ducati-848-auto\/","twitter_card":"summary_large_image","twitter_title":"Ducati 848, autour du circuit d'Almeria - leblogmoto.com","twitter_description":"Ducati a sorti sa petite arm\u00e9e de 848 blanche au circuit d&rsquo;Almeria en Espagne, histoire de permettre \u00e0 quelques chanceux de la presse sp\u00e9cialis\u00e9e de se faire une premi\u00e8re id\u00e9e de la chose. La 848 se veut la r\u00e9ponse de Ducati aux GSX-R et R6 Japonaises, et les premiers \u00e9chos semble plus que positif. La [&hellip;]","twitter_image":"http:\/\/www.leblogmoto.com\/images\/2007\/12\/02\/848s.jpg","twitter_misc":{"\u00c9crit par":"jacques lesage","Dur\u00e9e de lecture estim\u00e9e":"1 minute"},"schema":{"@context":"https:\/\/schema.org","@graph":[{"@type":"WebPage","@id":"https:\/\/blogs.thesocialmedia.com\/leblogmoto\/2007\/12\/02\/ducati-848-auto\/","url":"https:\/\/blogs.thesocialmedia.com\/leblogmoto\/2007\/12\/02\/ducati-848-auto\/","name":"Ducati 848, autour du circuit d'Almeria - leblogmoto.com","isPartOf":{"@id":"https:\/\/blogs.thesocialmedia.com\/leblogmoto\/#website"},"primaryImageOfPage":{"@id":"https:\/\/blogs.thesocialmedia.com\/leblogmoto\/2007\/12\/02\/ducati-848-auto\/#primaryimage"},"image":{"@id":"https:\/\/blogs.thesocialmedia.com\/leblogmoto\/2007\/12\/02\/ducati-848-auto\/#primaryimage"},"thumbnailUrl":"http:\/\/www.leblogmoto.com\/images\/2007\/12\/02\/848s.jpg","datePublished":"2007-12-02T19:38:07+00:00","dateModified":"2012-07-11T15:00:53+00:00","author":{"@id":"https:\/\/blogs.thesocialmedia.com\/leblogmoto\/#\/schema\/person\/e82a0ca8a9a63d031586097a3ed58526"},"breadcrumb":{"@id":"https:\/\/blogs.thesocialmedia.com\/leblogmoto\/2007\/12\/02\/ducati-848-auto\/#breadcrumb"},"inLanguage":"fr-FR","potentialAction":[{"@type":"ReadAction","target":["https:\/\/blogs.thesocialmedia.com\/leblogmoto\/2007\/12\/02\/ducati-848-auto\/"]}]},{"@type":"ImageObject","inLanguage":"fr-FR","@id":"https:\/\/blogs.thesocialmedia.com\/leblogmoto\/2007\/12\/02\/ducati-848-auto\/#primaryimage","url":"http:\/\/www.leblogmoto.com\/images\/2007\/12\/02\/848s.jpg","contentUrl":"http:\/\/www.leblogmoto.com\/images\/2007\/12\/02\/848s.jpg"},{"@type":"BreadcrumbList","@id":"https:\/\/blogs.thesocialmedia.com\/leblogmoto\/2007\/12\/02\/ducati-848-auto\/#breadcrumb","itemListElement":[{"@type":"ListItem","position":1,"name":"Accueil","item":"https:\/\/blogs.thesocialmedia.com\/leblogmoto\/"},{"@type":"ListItem","position":2,"name":"Ducati 848, autour du circuit d&rsquo;Almeria"}]},{"@type":"WebSite","@id":"https:\/\/blogs.thesocialmedia.com\/leblogmoto\/#website","url":"https:\/\/blogs.thesocialmedia.com\/leblogmoto\/","name":"leblogmoto","description":"Toute l&#039;actualit\u00e9 des 2 roues","potentialAction":[{"@type":"SearchAction","target":{"@type":"EntryPoint","urlTemplate":"https:\/\/blogs.thesocialmedia.com\/leblogmoto\/?s={search_term_string}"},"query-input":{"@type":"PropertyValueSpecification","valueRequired":true,"valueName":"search_term_string"}}],"inLanguage":"fr-FR"},{"@type":"Person","@id":"https:\/\/blogs.thesocialmedia.com\/leblogmoto\/#\/schema\/person\/e82a0ca8a9a63d031586097a3ed58526","name":"jacques lesage","image":{"@type":"ImageObject","inLanguage":"fr-FR","@id":"https:\/\/blogs.thesocialmedia.com\/leblogmoto\/#\/schema\/person\/image\/","url":"https:\/\/secure.gravatar.com\/avatar\/?s=96&d=mm&r=g","contentUrl":"https:\/\/secure.gravatar.com\/avatar\/?s=96&d=mm&r=g","caption":"jacques lesage"},"url":"https:\/\/blogs.thesocialmedia.com\/leblogmoto\/author\/jacques-lesage\/"}]}},"_links":{"self":[{"href":"https:\/\/blogs.thesocialmedia.com\/leblogmoto\/wp-json\/wp\/v2\/posts\/1045","targetHints":{"allow":["GET"]}}],"collection":[{"href":"https:\/\/blogs.thesocialmedia.com\/leblogmoto\/wp-json\/wp\/v2\/posts"}],"about":[{"href":"https:\/\/blogs.thesocialmedia.com\/leblogmoto\/wp-json\/wp\/v2\/types\/post"}],"author":[{"embeddable":true,"href":"https:\/\/blogs.thesocialmedia.com\/leblogmoto\/wp-json\/wp\/v2\/users\/325"}],"replies":[{"embeddable":true,"href":"https:\/\/blogs.thesocialmedia.com\/leblogmoto\/wp-json\/wp\/v2\/comments?post=1045"}],"version-history":[{"count":2,"href":"https:\/\/blogs.thesocialmedia.com\/leblogmoto\/wp-json\/wp\/v2\/posts\/1045\/revisions"}],"predecessor-version":[{"id":9320,"href":"https:\/\/blogs.thesocialmedia.com\/leblogmoto\/wp-json\/wp\/v2\/posts\/1045\/revisions\/9320"}],"wp:attachment":[{"href":"https:\/\/blogs.thesocialmedia.com\/leblogmoto\/wp-json\/wp\/v2\/media?parent=1045"}],"wp:term":[{"taxonomy":"category","embeddable":true,"href":"https:\/\/blogs.thesocialmedia.com\/leblogmoto\/wp-json\/wp\/v2\/categories?post=1045"},{"taxonomy":"post_tag","embeddable":true,"href":"https:\/\/blogs.thesocialmedia.com\/leblogmoto\/wp-json\/wp\/v2\/tags?post=1045"}],"curies":[{"name":"wp","href":"https:\/\/api.w.org\/{rel}","templated":true}]}}