{"id":1046,"date":"2007-12-01T18:43:45","date_gmt":"2007-12-01T18:43:45","guid":{"rendered":"http:\/\/blogs.thesocialmedia.com\/leblogmoto\/2007\/12\/01\/rip-evel-knieve\/"},"modified":"2012-07-11T15:00:51","modified_gmt":"2012-07-11T15:00:51","slug":"rip-evel-knieve","status":"publish","type":"post","link":"https:\/\/blogs.thesocialmedia.com\/leblogmoto\/2007\/12\/01\/rip-evel-knieve\/","title":{"rendered":"R.I.P. Evel Knievel"},"content":{"rendered":"<p><a href=\"http:\/\/blogs.thesocialmedia.com\/leblogmoto\/files\/2012\/07\/evelvieu.jpg\"><img loading=\"lazy\" decoding=\"async\" width=\"470\" height=\"293\"  src=\"http:\/\/www.leblogmoto.com\/images\/2007\/12\/01\/evelvieu.jpg\" alt=\"Evelvieu\" \/><\/a> <\/p>\n<p>Semaine mouvement\u00e9e pour Evel Knievel, o\u00f9 apr\u00e8s \u00eatre parvenu \u00e0 une entente avec le rappeur Kayne West au sujet d&rsquo;une dispute sur l&rsquo;image de marque du cascadeur, ses poumons ont failli \u00e0 la t\u00e2che hier, laissant le casse-cou sans vie avant m\u00eame l&rsquo;arriv\u00e9e des secours. Il avait 69 ans.<\/p>\n<p>Le Blog Moto a consacr\u00e9 deux articles \u00e0 Evel Knievel cette semaine, <a href=\"http:\/\/blogs.thesocialmedia.com\/leblogmoto\/files\/2012\/07\/evel-contre-kay.html_.png\">ici<\/a> et <a href=\"http:\/\/www.leblogmoto.com\/2007\/11\/album-du-vend-2.html\">ici<\/a> pour qui les auraient rat\u00e9s. Vous pouvez aussi consulter son <a href=\"http:\/\/www.evelknievel.com\/\">site perso<\/a>, ainsi que sa <a href=\"http:\/\/www.latimes.com\/news\/obituaries\/la-me-knievel1dec01,0,5089003.story?coll=la-home-obituaries\">n\u00e9crologie<\/a> dans le Los Angeles Times d&rsquo;aujourd&rsquo;hui.<\/p>\n<p><a href=\"http:\/\/clabedan.typepad.com\/.shared\/image.html?\/photos\/uncategorized\/2007\/12\/01\/crash1.jpg\"><img loading=\"lazy\" decoding=\"async\" width=\"470\" height=\"319\"  src=\"http:\/\/www.leblogmoto.com\/images\/2007\/12\/01\/crash1.jpg\" alt=\"Crash1\" \/><\/a> <\/p>\n<p><a href=\"http:\/\/blogs.thesocialmedia.com\/leblogmoto\/files\/2012\/07\/crash2.jpg\"><img loading=\"lazy\" decoding=\"async\" width=\"470\" height=\"357\"  src=\"http:\/\/www.leblogmoto.com\/images\/2007\/12\/01\/crash2.jpg\" alt=\"Crash2\" \/><\/a> <\/p>\n<p><a href=\"http:\/\/blogs.thesocialmedia.com\/leblogmoto\/files\/2012\/07\/crash3.jpg\"><img loading=\"lazy\" decoding=\"async\" width=\"470\" height=\"352\"  src=\"http:\/\/www.leblogmoto.com\/images\/2007\/12\/01\/crash3.jpg\" alt=\"Crash3\" \/><\/a> <\/p>\n","protected":false},"excerpt":{"rendered":"<p>Semaine mouvement\u00e9e pour Evel Knievel, o\u00f9 apr\u00e8s \u00eatre parvenu \u00e0 une entente avec le rappeur Kayne West au sujet d&rsquo;une dispute sur l&rsquo;image de marque du cascadeur, ses poumons ont failli \u00e0 la t\u00e2che hier, laissant le casse-cou sans vie avant m\u00eame l&rsquo;arriv\u00e9e des secours. Il avait 69 ans. Le Blog Moto a consacr\u00e9 deux [&hellip;]<\/p>\n","protected":false},"author":325,"featured_media":0,"comment_status":"open","ping_status":"open","sticky":false,"template":"","format":"standard","meta":{"footnotes":""},"categories":[3,29],"tags":[],"class_list":["post-1046","post","type-post","status-publish","format-standard","hentry","category-actualite","category-harley-davidson"],"yoast_head":"<!-- This site is optimized with the Yoast SEO plugin v26.0 - https:\/\/yoast.com\/wordpress\/plugins\/seo\/ -->\n<title>R.I.P. Evel Knievel - leblogmoto.com<\/title>\n<meta name=\"robots\" content=\"index, follow, max-snippet:-1, max-image-preview:large, max-video-preview:-1\" \/>\n<link rel=\"canonical\" href=\"https:\/\/blogs.thesocialmedia.com\/leblogmoto\/2007\/12\/01\/rip-evel-knieve\/\" \/>\n<meta name=\"twitter:card\" content=\"summary_large_image\" \/>\n<meta name=\"twitter:title\" content=\"R.I.P. Evel Knievel - leblogmoto.com\" \/>\n<meta name=\"twitter:description\" content=\"Semaine mouvement\u00e9e pour Evel Knievel, o\u00f9 apr\u00e8s \u00eatre parvenu \u00e0 une entente avec le rappeur Kayne West au sujet d&rsquo;une dispute sur l&rsquo;image de marque du cascadeur, ses poumons ont failli \u00e0 la t\u00e2che hier, laissant le casse-cou sans vie avant m\u00eame l&rsquo;arriv\u00e9e des secours. Il avait 69 ans. Le Blog Moto a consacr\u00e9 deux [&hellip;]\" \/>\n<meta name=\"twitter:image\" content=\"http:\/\/www.leblogmoto.com\/images\/2007\/12\/01\/evelvieu.jpg\" \/>\n<meta name=\"twitter:label1\" content=\"\u00c9crit par\" \/>\n\t<meta name=\"twitter:data1\" content=\"jacques lesage\" \/>\n<script type=\"application\/ld+json\" class=\"yoast-schema-graph\">{\"@context\":\"https:\/\/schema.org\",\"@graph\":[{\"@type\":\"WebPage\",\"@id\":\"https:\/\/blogs.thesocialmedia.com\/leblogmoto\/2007\/12\/01\/rip-evel-knieve\/\",\"url\":\"https:\/\/blogs.thesocialmedia.com\/leblogmoto\/2007\/12\/01\/rip-evel-knieve\/\",\"name\":\"R.I.P. Evel Knievel - leblogmoto.com\",\"isPartOf\":{\"@id\":\"https:\/\/blogs.thesocialmedia.com\/leblogmoto\/#website\"},\"primaryImageOfPage\":{\"@id\":\"https:\/\/blogs.thesocialmedia.com\/leblogmoto\/2007\/12\/01\/rip-evel-knieve\/#primaryimage\"},\"image\":{\"@id\":\"https:\/\/blogs.thesocialmedia.com\/leblogmoto\/2007\/12\/01\/rip-evel-knieve\/#primaryimage\"},\"thumbnailUrl\":\"http:\/\/www.leblogmoto.com\/images\/2007\/12\/01\/evelvieu.jpg\",\"datePublished\":\"2007-12-01T18:43:45+00:00\",\"dateModified\":\"2012-07-11T15:00:51+00:00\",\"author\":{\"@id\":\"https:\/\/blogs.thesocialmedia.com\/leblogmoto\/#\/schema\/person\/e82a0ca8a9a63d031586097a3ed58526\"},\"breadcrumb\":{\"@id\":\"https:\/\/blogs.thesocialmedia.com\/leblogmoto\/2007\/12\/01\/rip-evel-knieve\/#breadcrumb\"},\"inLanguage\":\"fr-FR\",\"potentialAction\":[{\"@type\":\"ReadAction\",\"target\":[\"https:\/\/blogs.thesocialmedia.com\/leblogmoto\/2007\/12\/01\/rip-evel-knieve\/\"]}]},{\"@type\":\"ImageObject\",\"inLanguage\":\"fr-FR\",\"@id\":\"https:\/\/blogs.thesocialmedia.com\/leblogmoto\/2007\/12\/01\/rip-evel-knieve\/#primaryimage\",\"url\":\"http:\/\/www.leblogmoto.com\/images\/2007\/12\/01\/evelvieu.jpg\",\"contentUrl\":\"http:\/\/www.leblogmoto.com\/images\/2007\/12\/01\/evelvieu.jpg\"},{\"@type\":\"BreadcrumbList\",\"@id\":\"https:\/\/blogs.thesocialmedia.com\/leblogmoto\/2007\/12\/01\/rip-evel-knieve\/#breadcrumb\",\"itemListElement\":[{\"@type\":\"ListItem\",\"position\":1,\"name\":\"Accueil\",\"item\":\"https:\/\/blogs.thesocialmedia.com\/leblogmoto\/\"},{\"@type\":\"ListItem\",\"position\":2,\"name\":\"R.I.P. Evel Knievel\"}]},{\"@type\":\"WebSite\",\"@id\":\"https:\/\/blogs.thesocialmedia.com\/leblogmoto\/#website\",\"url\":\"https:\/\/blogs.thesocialmedia.com\/leblogmoto\/\",\"name\":\"leblogmoto\",\"description\":\"Toute l&#039;actualit\u00e9 des 2 roues\",\"potentialAction\":[{\"@type\":\"SearchAction\",\"target\":{\"@type\":\"EntryPoint\",\"urlTemplate\":\"https:\/\/blogs.thesocialmedia.com\/leblogmoto\/?s={search_term_string}\"},\"query-input\":{\"@type\":\"PropertyValueSpecification\",\"valueRequired\":true,\"valueName\":\"search_term_string\"}}],\"inLanguage\":\"fr-FR\"},{\"@type\":\"Person\",\"@id\":\"https:\/\/blogs.thesocialmedia.com\/leblogmoto\/#\/schema\/person\/e82a0ca8a9a63d031586097a3ed58526\",\"name\":\"jacques lesage\",\"image\":{\"@type\":\"ImageObject\",\"inLanguage\":\"fr-FR\",\"@id\":\"https:\/\/blogs.thesocialmedia.com\/leblogmoto\/#\/schema\/person\/image\/\",\"url\":\"https:\/\/secure.gravatar.com\/avatar\/?s=96&d=mm&r=g\",\"contentUrl\":\"https:\/\/secure.gravatar.com\/avatar\/?s=96&d=mm&r=g\",\"caption\":\"jacques lesage\"},\"url\":\"https:\/\/blogs.thesocialmedia.com\/leblogmoto\/author\/jacques-lesage\/\"}]}<\/script>\n<!-- \/ Yoast SEO plugin. -->","yoast_head_json":{"title":"R.I.P. Evel Knievel - leblogmoto.com","robots":{"index":"index","follow":"follow","max-snippet":"max-snippet:-1","max-image-preview":"max-image-preview:large","max-video-preview":"max-video-preview:-1"},"canonical":"https:\/\/blogs.thesocialmedia.com\/leblogmoto\/2007\/12\/01\/rip-evel-knieve\/","twitter_card":"summary_large_image","twitter_title":"R.I.P. Evel Knievel - leblogmoto.com","twitter_description":"Semaine mouvement\u00e9e pour Evel Knievel, o\u00f9 apr\u00e8s \u00eatre parvenu \u00e0 une entente avec le rappeur Kayne West au sujet d&rsquo;une dispute sur l&rsquo;image de marque du cascadeur, ses poumons ont failli \u00e0 la t\u00e2che hier, laissant le casse-cou sans vie avant m\u00eame l&rsquo;arriv\u00e9e des secours. Il avait 69 ans. Le Blog Moto a consacr\u00e9 deux [&hellip;]","twitter_image":"http:\/\/www.leblogmoto.com\/images\/2007\/12\/01\/evelvieu.jpg","twitter_misc":{"\u00c9crit par":"jacques lesage"},"schema":{"@context":"https:\/\/schema.org","@graph":[{"@type":"WebPage","@id":"https:\/\/blogs.thesocialmedia.com\/leblogmoto\/2007\/12\/01\/rip-evel-knieve\/","url":"https:\/\/blogs.thesocialmedia.com\/leblogmoto\/2007\/12\/01\/rip-evel-knieve\/","name":"R.I.P. Evel Knievel - leblogmoto.com","isPartOf":{"@id":"https:\/\/blogs.thesocialmedia.com\/leblogmoto\/#website"},"primaryImageOfPage":{"@id":"https:\/\/blogs.thesocialmedia.com\/leblogmoto\/2007\/12\/01\/rip-evel-knieve\/#primaryimage"},"image":{"@id":"https:\/\/blogs.thesocialmedia.com\/leblogmoto\/2007\/12\/01\/rip-evel-knieve\/#primaryimage"},"thumbnailUrl":"http:\/\/www.leblogmoto.com\/images\/2007\/12\/01\/evelvieu.jpg","datePublished":"2007-12-01T18:43:45+00:00","dateModified":"2012-07-11T15:00:51+00:00","author":{"@id":"https:\/\/blogs.thesocialmedia.com\/leblogmoto\/#\/schema\/person\/e82a0ca8a9a63d031586097a3ed58526"},"breadcrumb":{"@id":"https:\/\/blogs.thesocialmedia.com\/leblogmoto\/2007\/12\/01\/rip-evel-knieve\/#breadcrumb"},"inLanguage":"fr-FR","potentialAction":[{"@type":"ReadAction","target":["https:\/\/blogs.thesocialmedia.com\/leblogmoto\/2007\/12\/01\/rip-evel-knieve\/"]}]},{"@type":"ImageObject","inLanguage":"fr-FR","@id":"https:\/\/blogs.thesocialmedia.com\/leblogmoto\/2007\/12\/01\/rip-evel-knieve\/#primaryimage","url":"http:\/\/www.leblogmoto.com\/images\/2007\/12\/01\/evelvieu.jpg","contentUrl":"http:\/\/www.leblogmoto.com\/images\/2007\/12\/01\/evelvieu.jpg"},{"@type":"BreadcrumbList","@id":"https:\/\/blogs.thesocialmedia.com\/leblogmoto\/2007\/12\/01\/rip-evel-knieve\/#breadcrumb","itemListElement":[{"@type":"ListItem","position":1,"name":"Accueil","item":"https:\/\/blogs.thesocialmedia.com\/leblogmoto\/"},{"@type":"ListItem","position":2,"name":"R.I.P. Evel Knievel"}]},{"@type":"WebSite","@id":"https:\/\/blogs.thesocialmedia.com\/leblogmoto\/#website","url":"https:\/\/blogs.thesocialmedia.com\/leblogmoto\/","name":"leblogmoto","description":"Toute l&#039;actualit\u00e9 des 2 roues","potentialAction":[{"@type":"SearchAction","target":{"@type":"EntryPoint","urlTemplate":"https:\/\/blogs.thesocialmedia.com\/leblogmoto\/?s={search_term_string}"},"query-input":{"@type":"PropertyValueSpecification","valueRequired":true,"valueName":"search_term_string"}}],"inLanguage":"fr-FR"},{"@type":"Person","@id":"https:\/\/blogs.thesocialmedia.com\/leblogmoto\/#\/schema\/person\/e82a0ca8a9a63d031586097a3ed58526","name":"jacques lesage","image":{"@type":"ImageObject","inLanguage":"fr-FR","@id":"https:\/\/blogs.thesocialmedia.com\/leblogmoto\/#\/schema\/person\/image\/","url":"https:\/\/secure.gravatar.com\/avatar\/?s=96&d=mm&r=g","contentUrl":"https:\/\/secure.gravatar.com\/avatar\/?s=96&d=mm&r=g","caption":"jacques lesage"},"url":"https:\/\/blogs.thesocialmedia.com\/leblogmoto\/author\/jacques-lesage\/"}]}},"_links":{"self":[{"href":"https:\/\/blogs.thesocialmedia.com\/leblogmoto\/wp-json\/wp\/v2\/posts\/1046","targetHints":{"allow":["GET"]}}],"collection":[{"href":"https:\/\/blogs.thesocialmedia.com\/leblogmoto\/wp-json\/wp\/v2\/posts"}],"about":[{"href":"https:\/\/blogs.thesocialmedia.com\/leblogmoto\/wp-json\/wp\/v2\/types\/post"}],"author":[{"embeddable":true,"href":"https:\/\/blogs.thesocialmedia.com\/leblogmoto\/wp-json\/wp\/v2\/users\/325"}],"replies":[{"embeddable":true,"href":"https:\/\/blogs.thesocialmedia.com\/leblogmoto\/wp-json\/wp\/v2\/comments?post=1046"}],"version-history":[{"count":2,"href":"https:\/\/blogs.thesocialmedia.com\/leblogmoto\/wp-json\/wp\/v2\/posts\/1046\/revisions"}],"predecessor-version":[{"id":9318,"href":"https:\/\/blogs.thesocialmedia.com\/leblogmoto\/wp-json\/wp\/v2\/posts\/1046\/revisions\/9318"}],"wp:attachment":[{"href":"https:\/\/blogs.thesocialmedia.com\/leblogmoto\/wp-json\/wp\/v2\/media?parent=1046"}],"wp:term":[{"taxonomy":"category","embeddable":true,"href":"https:\/\/blogs.thesocialmedia.com\/leblogmoto\/wp-json\/wp\/v2\/categories?post=1046"},{"taxonomy":"post_tag","embeddable":true,"href":"https:\/\/blogs.thesocialmedia.com\/leblogmoto\/wp-json\/wp\/v2\/tags?post=1046"}],"curies":[{"name":"wp","href":"https:\/\/api.w.org\/{rel}","templated":true}]}}