{"id":1048,"date":"2007-11-30T16:42:58","date_gmt":"2007-11-30T16:42:58","guid":{"rendered":"http:\/\/blogs.thesocialmedia.com\/leblogmoto\/2007\/11\/30\/extrme-quad-pas\/"},"modified":"2012-07-11T15:00:44","modified_gmt":"2012-07-11T15:00:44","slug":"extrme-quad-pas","status":"publish","type":"post","link":"https:\/\/blogs.thesocialmedia.com\/leblogmoto\/2007\/11\/30\/extrme-quad-pas\/","title":{"rendered":"Extr\u00eame Quad Passion Indoor \u00e0 Lyon : Seconde \u00e9dition"},"content":{"rendered":"<p><a href=\"http:\/\/blogs.thesocialmedia.com\/leblogmoto\/files\/2012\/07\/affiche_2008_2.jpg\"><img loading=\"lazy\" decoding=\"async\" width=\"250\" height=\"340\"  src=\"http:\/\/www.leblogmoto.com\/images\/2007\/11\/30\/affiche_2008_2.jpg\" alt=\"Affiche_2008_2\" style=\"margin: 0px 5px 5px 0px;float: left\" \/><\/a>Le 15 f\u00e9vrier 2008 de 20h30 \u00e0 minuit aura lieu la seconde \u00e9dition d&rsquo;Extr\u00eame Quad Passion Indoor \u00e0 Lyon Eurexpo.<br \/>Devenant un acteur incontournable du tout-terrain en France avec plus de 40 000 machines vendues chaque ann\u00e9e sur le territoire depuis 3 ans, le quad tend \u00e0 se d\u00e9mocratiser. Sa pratique est en grande majorit\u00e9 celle de la randonn\u00e9e et du franchissement. Dans cet \u00e9lan, EVENOR, associ\u00e9 \u00e0 Jean-Luc Fouchet Organisation &amp; Thierry Fouchet lancent le 1er Quad Passion Xtrem Indoor le 15 f\u00e9vrier prochain \u00e0 Eurexpo. <br \/> Cet \u00e9v\u00e8nement se tiendra dans le cadre de la 15\u00e8me \u00e9dition du <a href=\"http:\/\/www.leblogmoto.com\/2007\/11\/salon-du-deux-r.html#more\">Salon du 2 Roues de Lyon<\/a> avec plus de 50 000 visiteurs, sur 35 000m2.&nbsp; <\/p>\n<p>Une piste de franchissement reproduisant des obstacles naturels sera construite sur laquelle une s\u00e9lection des meilleurs sp\u00e9cialistes Fran\u00e7ais feront le spectacle. Cette comp\u00e9tition sera r\u00e9serv\u00e9e aux v\u00e9hicules homologu\u00e9s en version Enduro en 2 roues comme en 4 roues motrices.<br \/>Si les vedettes Tricolores ne sont pas encore connues, les noms des experts en franchissement comme Eric Carlini, Hubert Deltrieu ou Remy Beteille sont d\u00e9j\u00e0 avanc\u00e9s.<br \/> A l\u2019occasion de ce rendez-vous qui donnera le v\u00e9ritable coup d\u2019envoi de la saision, une pr\u00e9sentation officielle de chaque \u00e9quipe, marque et constructeur sera propos\u00e9e accompagn\u00e9e de celle des organisateurs des rendez-vous majeurs du calendrier Quad 2008.<\/p>\n<p>Bref, pr\u00e9voyez une bonne soir\u00e9e si vous vous y rendez.<\/p>\n<p>Source : <a href=\"http:\/\/www.salondu2roues.com\">Salon du Deux Roues<\/a><\/p>\n","protected":false},"excerpt":{"rendered":"<p>Le 15 f\u00e9vrier 2008 de 20h30 \u00e0 minuit aura lieu la seconde \u00e9dition d&rsquo;Extr\u00eame Quad Passion Indoor \u00e0 Lyon Eurexpo.Devenant un acteur incontournable du tout-terrain en France avec plus de 40 000 machines vendues chaque ann\u00e9e sur le territoire depuis 3 ans, le quad tend \u00e0 se d\u00e9mocratiser. Sa pratique est en grande majorit\u00e9 celle [&hellip;]<\/p>\n","protected":false},"author":329,"featured_media":0,"comment_status":"open","ping_status":"open","sticky":false,"template":"","format":"standard","meta":{"footnotes":""},"categories":[3,10],"tags":[],"class_list":["post-1048","post","type-post","status-publish","format-standard","hentry","category-actualite","category-meetings"],"yoast_head":"<!-- This site is optimized with the Yoast SEO plugin v26.0 - https:\/\/yoast.com\/wordpress\/plugins\/seo\/ -->\n<title>Extr\u00eame Quad Passion Indoor \u00e0 Lyon : Seconde \u00e9dition - leblogmoto.com<\/title>\n<meta name=\"robots\" content=\"index, follow, max-snippet:-1, max-image-preview:large, max-video-preview:-1\" \/>\n<link rel=\"canonical\" href=\"https:\/\/blogs.thesocialmedia.com\/leblogmoto\/2007\/11\/30\/extrme-quad-pas\/\" \/>\n<meta name=\"twitter:card\" content=\"summary_large_image\" \/>\n<meta name=\"twitter:title\" content=\"Extr\u00eame Quad Passion Indoor \u00e0 Lyon : Seconde \u00e9dition - leblogmoto.com\" \/>\n<meta name=\"twitter:description\" content=\"Le 15 f\u00e9vrier 2008 de 20h30 \u00e0 minuit aura lieu la seconde \u00e9dition d&rsquo;Extr\u00eame Quad Passion Indoor \u00e0 Lyon Eurexpo.Devenant un acteur incontournable du tout-terrain en France avec plus de 40 000 machines vendues chaque ann\u00e9e sur le territoire depuis 3 ans, le quad tend \u00e0 se d\u00e9mocratiser. Sa pratique est en grande majorit\u00e9 celle [&hellip;]\" \/>\n<meta name=\"twitter:image\" content=\"http:\/\/www.leblogmoto.com\/images\/2007\/11\/30\/affiche_2008_2.jpg\" \/>\n<meta name=\"twitter:label1\" content=\"\u00c9crit par\" \/>\n\t<meta name=\"twitter:data1\" content=\"gregory boucaud\" \/>\n\t<meta name=\"twitter:label2\" content=\"Dur\u00e9e de lecture estim\u00e9e\" \/>\n\t<meta name=\"twitter:data2\" content=\"1 minute\" \/>\n<script type=\"application\/ld+json\" class=\"yoast-schema-graph\">{\"@context\":\"https:\/\/schema.org\",\"@graph\":[{\"@type\":\"WebPage\",\"@id\":\"https:\/\/blogs.thesocialmedia.com\/leblogmoto\/2007\/11\/30\/extrme-quad-pas\/\",\"url\":\"https:\/\/blogs.thesocialmedia.com\/leblogmoto\/2007\/11\/30\/extrme-quad-pas\/\",\"name\":\"Extr\u00eame Quad Passion Indoor \u00e0 Lyon : Seconde \u00e9dition - leblogmoto.com\",\"isPartOf\":{\"@id\":\"https:\/\/blogs.thesocialmedia.com\/leblogmoto\/#website\"},\"primaryImageOfPage\":{\"@id\":\"https:\/\/blogs.thesocialmedia.com\/leblogmoto\/2007\/11\/30\/extrme-quad-pas\/#primaryimage\"},\"image\":{\"@id\":\"https:\/\/blogs.thesocialmedia.com\/leblogmoto\/2007\/11\/30\/extrme-quad-pas\/#primaryimage\"},\"thumbnailUrl\":\"http:\/\/www.leblogmoto.com\/images\/2007\/11\/30\/affiche_2008_2.jpg\",\"datePublished\":\"2007-11-30T16:42:58+00:00\",\"dateModified\":\"2012-07-11T15:00:44+00:00\",\"author\":{\"@id\":\"https:\/\/blogs.thesocialmedia.com\/leblogmoto\/#\/schema\/person\/769623f89741cc3381675029a37764f8\"},\"breadcrumb\":{\"@id\":\"https:\/\/blogs.thesocialmedia.com\/leblogmoto\/2007\/11\/30\/extrme-quad-pas\/#breadcrumb\"},\"inLanguage\":\"fr-FR\",\"potentialAction\":[{\"@type\":\"ReadAction\",\"target\":[\"https:\/\/blogs.thesocialmedia.com\/leblogmoto\/2007\/11\/30\/extrme-quad-pas\/\"]}]},{\"@type\":\"ImageObject\",\"inLanguage\":\"fr-FR\",\"@id\":\"https:\/\/blogs.thesocialmedia.com\/leblogmoto\/2007\/11\/30\/extrme-quad-pas\/#primaryimage\",\"url\":\"http:\/\/www.leblogmoto.com\/images\/2007\/11\/30\/affiche_2008_2.jpg\",\"contentUrl\":\"http:\/\/www.leblogmoto.com\/images\/2007\/11\/30\/affiche_2008_2.jpg\"},{\"@type\":\"BreadcrumbList\",\"@id\":\"https:\/\/blogs.thesocialmedia.com\/leblogmoto\/2007\/11\/30\/extrme-quad-pas\/#breadcrumb\",\"itemListElement\":[{\"@type\":\"ListItem\",\"position\":1,\"name\":\"Accueil\",\"item\":\"https:\/\/blogs.thesocialmedia.com\/leblogmoto\/\"},{\"@type\":\"ListItem\",\"position\":2,\"name\":\"Extr\u00eame Quad Passion Indoor \u00e0 Lyon : Seconde \u00e9dition\"}]},{\"@type\":\"WebSite\",\"@id\":\"https:\/\/blogs.thesocialmedia.com\/leblogmoto\/#website\",\"url\":\"https:\/\/blogs.thesocialmedia.com\/leblogmoto\/\",\"name\":\"leblogmoto\",\"description\":\"Toute l&#039;actualit\u00e9 des 2 roues\",\"potentialAction\":[{\"@type\":\"SearchAction\",\"target\":{\"@type\":\"EntryPoint\",\"urlTemplate\":\"https:\/\/blogs.thesocialmedia.com\/leblogmoto\/?s={search_term_string}\"},\"query-input\":{\"@type\":\"PropertyValueSpecification\",\"valueRequired\":true,\"valueName\":\"search_term_string\"}}],\"inLanguage\":\"fr-FR\"},{\"@type\":\"Person\",\"@id\":\"https:\/\/blogs.thesocialmedia.com\/leblogmoto\/#\/schema\/person\/769623f89741cc3381675029a37764f8\",\"name\":\"gregory boucaud\",\"image\":{\"@type\":\"ImageObject\",\"inLanguage\":\"fr-FR\",\"@id\":\"https:\/\/blogs.thesocialmedia.com\/leblogmoto\/#\/schema\/person\/image\/\",\"url\":\"https:\/\/secure.gravatar.com\/avatar\/?s=96&d=mm&r=g\",\"contentUrl\":\"https:\/\/secure.gravatar.com\/avatar\/?s=96&d=mm&r=g\",\"caption\":\"gregory boucaud\"},\"url\":\"https:\/\/blogs.thesocialmedia.com\/leblogmoto\/author\/gregory-boucaud\/\"}]}<\/script>\n<!-- \/ Yoast SEO plugin. -->","yoast_head_json":{"title":"Extr\u00eame Quad Passion Indoor \u00e0 Lyon : Seconde \u00e9dition - leblogmoto.com","robots":{"index":"index","follow":"follow","max-snippet":"max-snippet:-1","max-image-preview":"max-image-preview:large","max-video-preview":"max-video-preview:-1"},"canonical":"https:\/\/blogs.thesocialmedia.com\/leblogmoto\/2007\/11\/30\/extrme-quad-pas\/","twitter_card":"summary_large_image","twitter_title":"Extr\u00eame Quad Passion Indoor \u00e0 Lyon : Seconde \u00e9dition - leblogmoto.com","twitter_description":"Le 15 f\u00e9vrier 2008 de 20h30 \u00e0 minuit aura lieu la seconde \u00e9dition d&rsquo;Extr\u00eame Quad Passion Indoor \u00e0 Lyon Eurexpo.Devenant un acteur incontournable du tout-terrain en France avec plus de 40 000 machines vendues chaque ann\u00e9e sur le territoire depuis 3 ans, le quad tend \u00e0 se d\u00e9mocratiser. Sa pratique est en grande majorit\u00e9 celle [&hellip;]","twitter_image":"http:\/\/www.leblogmoto.com\/images\/2007\/11\/30\/affiche_2008_2.jpg","twitter_misc":{"\u00c9crit par":"gregory boucaud","Dur\u00e9e de lecture estim\u00e9e":"1 minute"},"schema":{"@context":"https:\/\/schema.org","@graph":[{"@type":"WebPage","@id":"https:\/\/blogs.thesocialmedia.com\/leblogmoto\/2007\/11\/30\/extrme-quad-pas\/","url":"https:\/\/blogs.thesocialmedia.com\/leblogmoto\/2007\/11\/30\/extrme-quad-pas\/","name":"Extr\u00eame Quad Passion Indoor \u00e0 Lyon : Seconde \u00e9dition - leblogmoto.com","isPartOf":{"@id":"https:\/\/blogs.thesocialmedia.com\/leblogmoto\/#website"},"primaryImageOfPage":{"@id":"https:\/\/blogs.thesocialmedia.com\/leblogmoto\/2007\/11\/30\/extrme-quad-pas\/#primaryimage"},"image":{"@id":"https:\/\/blogs.thesocialmedia.com\/leblogmoto\/2007\/11\/30\/extrme-quad-pas\/#primaryimage"},"thumbnailUrl":"http:\/\/www.leblogmoto.com\/images\/2007\/11\/30\/affiche_2008_2.jpg","datePublished":"2007-11-30T16:42:58+00:00","dateModified":"2012-07-11T15:00:44+00:00","author":{"@id":"https:\/\/blogs.thesocialmedia.com\/leblogmoto\/#\/schema\/person\/769623f89741cc3381675029a37764f8"},"breadcrumb":{"@id":"https:\/\/blogs.thesocialmedia.com\/leblogmoto\/2007\/11\/30\/extrme-quad-pas\/#breadcrumb"},"inLanguage":"fr-FR","potentialAction":[{"@type":"ReadAction","target":["https:\/\/blogs.thesocialmedia.com\/leblogmoto\/2007\/11\/30\/extrme-quad-pas\/"]}]},{"@type":"ImageObject","inLanguage":"fr-FR","@id":"https:\/\/blogs.thesocialmedia.com\/leblogmoto\/2007\/11\/30\/extrme-quad-pas\/#primaryimage","url":"http:\/\/www.leblogmoto.com\/images\/2007\/11\/30\/affiche_2008_2.jpg","contentUrl":"http:\/\/www.leblogmoto.com\/images\/2007\/11\/30\/affiche_2008_2.jpg"},{"@type":"BreadcrumbList","@id":"https:\/\/blogs.thesocialmedia.com\/leblogmoto\/2007\/11\/30\/extrme-quad-pas\/#breadcrumb","itemListElement":[{"@type":"ListItem","position":1,"name":"Accueil","item":"https:\/\/blogs.thesocialmedia.com\/leblogmoto\/"},{"@type":"ListItem","position":2,"name":"Extr\u00eame Quad Passion Indoor \u00e0 Lyon : Seconde \u00e9dition"}]},{"@type":"WebSite","@id":"https:\/\/blogs.thesocialmedia.com\/leblogmoto\/#website","url":"https:\/\/blogs.thesocialmedia.com\/leblogmoto\/","name":"leblogmoto","description":"Toute l&#039;actualit\u00e9 des 2 roues","potentialAction":[{"@type":"SearchAction","target":{"@type":"EntryPoint","urlTemplate":"https:\/\/blogs.thesocialmedia.com\/leblogmoto\/?s={search_term_string}"},"query-input":{"@type":"PropertyValueSpecification","valueRequired":true,"valueName":"search_term_string"}}],"inLanguage":"fr-FR"},{"@type":"Person","@id":"https:\/\/blogs.thesocialmedia.com\/leblogmoto\/#\/schema\/person\/769623f89741cc3381675029a37764f8","name":"gregory boucaud","image":{"@type":"ImageObject","inLanguage":"fr-FR","@id":"https:\/\/blogs.thesocialmedia.com\/leblogmoto\/#\/schema\/person\/image\/","url":"https:\/\/secure.gravatar.com\/avatar\/?s=96&d=mm&r=g","contentUrl":"https:\/\/secure.gravatar.com\/avatar\/?s=96&d=mm&r=g","caption":"gregory boucaud"},"url":"https:\/\/blogs.thesocialmedia.com\/leblogmoto\/author\/gregory-boucaud\/"}]}},"_links":{"self":[{"href":"https:\/\/blogs.thesocialmedia.com\/leblogmoto\/wp-json\/wp\/v2\/posts\/1048","targetHints":{"allow":["GET"]}}],"collection":[{"href":"https:\/\/blogs.thesocialmedia.com\/leblogmoto\/wp-json\/wp\/v2\/posts"}],"about":[{"href":"https:\/\/blogs.thesocialmedia.com\/leblogmoto\/wp-json\/wp\/v2\/types\/post"}],"author":[{"embeddable":true,"href":"https:\/\/blogs.thesocialmedia.com\/leblogmoto\/wp-json\/wp\/v2\/users\/329"}],"replies":[{"embeddable":true,"href":"https:\/\/blogs.thesocialmedia.com\/leblogmoto\/wp-json\/wp\/v2\/comments?post=1048"}],"version-history":[{"count":2,"href":"https:\/\/blogs.thesocialmedia.com\/leblogmoto\/wp-json\/wp\/v2\/posts\/1048\/revisions"}],"predecessor-version":[{"id":9312,"href":"https:\/\/blogs.thesocialmedia.com\/leblogmoto\/wp-json\/wp\/v2\/posts\/1048\/revisions\/9312"}],"wp:attachment":[{"href":"https:\/\/blogs.thesocialmedia.com\/leblogmoto\/wp-json\/wp\/v2\/media?parent=1048"}],"wp:term":[{"taxonomy":"category","embeddable":true,"href":"https:\/\/blogs.thesocialmedia.com\/leblogmoto\/wp-json\/wp\/v2\/categories?post=1048"},{"taxonomy":"post_tag","embeddable":true,"href":"https:\/\/blogs.thesocialmedia.com\/leblogmoto\/wp-json\/wp\/v2\/tags?post=1048"}],"curies":[{"name":"wp","href":"https:\/\/api.w.org\/{rel}","templated":true}]}}