{"id":1049,"date":"2007-11-30T16:17:24","date_gmt":"2007-11-30T16:17:24","guid":{"rendered":"http:\/\/blogs.thesocialmedia.com\/leblogmoto\/2007\/11\/30\/salon-du-deux-r\/"},"modified":"2012-07-11T15:00:41","modified_gmt":"2012-07-11T15:00:41","slug":"salon-du-deux-r","status":"publish","type":"post","link":"https:\/\/blogs.thesocialmedia.com\/leblogmoto\/2007\/11\/30\/salon-du-deux-r\/","title":{"rendered":"Salon du Deux Roues 2008 de Lyon"},"content":{"rendered":"<p><a href=\"http:\/\/blogs.thesocialmedia.com\/leblogmoto\/files\/2012\/07\/affiche_2008.jpg\"><img loading=\"lazy\" decoding=\"async\" width=\"250\" height=\"340\"  alt=\"Affiche_2008\" src=\"http:\/\/www.leblogmoto.com\/images\/2007\/11\/30\/affiche_2008.jpg\" style=\"margin: 0px 5px 5px 0px;float: left\" \/><\/a>Les 15, 16 et 17 f\u00e9vrier aura lieu la quinzi\u00e8me \u00e9dition du <a href=\"http:\/\/www.salondu2roues.com\">Salon du Deux Roues de Lyon<\/a> \u00e0 Eurexpo.<br \/>Une \u00e9dition qui d\u00e9ploie ses ailes pour d\u00e9passer le cap des 50 000 m\u00b2 indoor (contre 30 000 en 2007), totalement r\u00e9serv\u00e9s \u00e0 plus de 120 exposants\u2026 et \u00e0 une fr\u00e9quentation sup\u00e9rieure \u00e0 40 000 visiteurs.<br \/>Vous pourrez y croiser les nouveaut\u00e9s 2008 de chez Yamaha, Honda, Suzuki, Kawasaki, Harley Davidson, BMW, Ducati\u2026Mais vous poourrez aussi vous \u00e9quiper ou acheter votre deux roues.<br \/>Et toujours plus de spectacle permanent avec le Motor Show Indoor du Freestyle, du Quad, de l\u2019Enduro, des Motos anciennes, des Motos de comp\u00e9tition\u2026 Bref, du Grand Spectacle (+7000 places assises en gradins), pour le plaisir des grands comme des plus petits\u2026 <\/p>\n<p>Le <a href=\"http:\/\/www.salondu2roues.com\">Salon du Deux Roues<\/a> de Lyon vous propose \u00e9galement de terminer votre journ\u00e9e de visite avec 2 \u00e9v\u00e9nements : vendredi soir avec le deuxi\u00e8me Extr\u00eame Quad Passion Indoor et samedi soir avec le<a href=\"http:\/\/www.leblogmoto.com\/2007\/11\/enduro-indoor-l.html#more\"> deuxi\u00e8me Enduro Indoor<\/a> dont je vous ai parl\u00e9.<br \/> Devant le succ\u00e8s remport\u00e9 par ces deux \u00e9preuves en 2007, nous avons choisi de les remettre \u00e0 l\u2019honneur, et d\u2019augmenter la capacit\u00e9 des tribunes afin que chacun y trouve sa place (7 000 si\u00e8ges) dans un hall de 12 000 m\u00b2 sp\u00e9cialement r\u00e9serv\u00e9 \u00e0 ces courses !!<br \/> Egalement, vous aurez la possibilit\u00e9 d\u2019acheter un \u00ab billet duo \u00bb, Salon jumel\u00e9 avec une \u00e9preuve selon votre choix (Salon \/\/ Extr\u00eame Quad Passin Indoor ou Salon \/\/ Enduro Indoor).<\/p>\n<p>Donc si vous \u00eates du c\u00f4t\u00e9 de Lyon en f\u00e9vrier, vous pourrez peut-\u00eatre y faire un tour&#8230;<\/p>\n<p><strong> Horaires :<\/strong><br \/><strong> Salon du Deux Roues<\/strong><br \/> Vendredi 15 f\u00e9vrier : de 10 h \u00e0 21 h (nocturne)<br \/> Samedi 16 f\u00e9vrier : de 10 h \u00e0 20 h<br \/> Dimanche 17 f\u00e9vrier : de 10 h \u00e0 19 h<\/p>\n<p><strong> 2\u00e8me Extr\u00eame Quad Passion Indoor<\/strong><br \/> Vendredi 15 f\u00e9vrier de 20 h 30 \u00e0 minuit<\/p>\n<p><strong> 2\u00e8me Enduro Indoor<\/strong><br \/> Samedi 16 f\u00e9vrier de 20 h 30 \u00e0 minuit<br \/><strong><br \/> Tarifs d&rsquo;entr\u00e9e du salon :<\/strong><br \/> Adulte : 10 \u20ac<br \/> Enfant : 5 \u20ac<br \/> CE : 8 \u20ac (en pr\u00e9vente uniquement, 10 places minimum ; nous consulter)<\/p>\n<p><strong> Parking moto Gratuit<\/strong><\/p>\n<p><strong> TARIFS EXTR\u00caME QUAD PASSION INDOOR<\/strong><\/p>\n<p> Adulte : 32 \u20ac<br \/> Enfant 4 \u00e0 12 ans : 22 \u20ac<\/p>\n<p><strong> Billet Duo Salon + Extr\u00eame Quad Indoor<\/strong><br \/> Adulte : 8\u20ac Salon et 32 \u20ac soir\u00e9e Quad<br \/> Enfant 4 \u00e0 12 ans : 5 \u20ac Salon et 22 \u20ac soir\u00e9e Quad<\/p>\n<p><strong> TARIFS ENDURO INDOOR<\/strong><\/p>\n<p> Adulte : 36 \u20ac<br \/> Enfant 4 \u00e0 12 ans : 26 \u20ac<\/p>\n<p><strong> Billet Duo Salon + Enduro Indoor<\/strong><br \/> Adulte : 8\u20ac Salon et 36 \u20ac soir\u00e9e Enduro<br \/> Enfant 4 \u00e0 12 ans : 5 \u20ac Salon et 26 \u20ac soir\u00e9e Enduro<\/p>\n<p><strong> PREVENTE BILLETTERIE<\/strong><br \/> Dans tous les points de vente habituels :<\/p>\n<p> Le Progr\u00e8s 04 72 22 84 83 \/ Auchan \/ Leclerc \/ Virgin \/ Cultura<br \/> Internet :<a href=\"www.leprogres.fr\"> www.leprogres.fr<\/a> \/ <a href=\"www.ticketnet.fr\">www.ticketnet.fr<\/a><\/p>\n<p> France Billet : 0 892 692 694<br \/> Billetteries : Carrefour \/ Fnac \/ G\u00e9ant Casino<br \/> Internet : <a href=\"www.france-billet.com\">www.france-billet.com<\/a> \/ <a href=\"fnac.com\">www.fnac.com<\/a><\/p>\n<p><strong> ACCES EUREXPO<\/strong><br \/> Autoroutes A6 \/ A7 \/ A42 \/ A43<\/p>\n<p>Source : <a href=\"http:\/\/www.salondu2roues.com\">Salon du Deux Roues de Lyon<\/a> <\/p>\n","protected":false},"excerpt":{"rendered":"<p>Les 15, 16 et 17 f\u00e9vrier aura lieu la quinzi\u00e8me \u00e9dition du Salon du Deux Roues de Lyon \u00e0 Eurexpo.Une \u00e9dition qui d\u00e9ploie ses ailes pour d\u00e9passer le cap des 50 000 m\u00b2 indoor (contre 30 000 en 2007), totalement r\u00e9serv\u00e9s \u00e0 plus de 120 exposants\u2026 et \u00e0 une fr\u00e9quentation sup\u00e9rieure \u00e0 40 000 visiteurs.Vous [&hellip;]<\/p>\n","protected":false},"author":329,"featured_media":0,"comment_status":"open","ping_status":"open","sticky":false,"template":"","format":"standard","meta":{"footnotes":""},"categories":[3,10],"tags":[],"class_list":["post-1049","post","type-post","status-publish","format-standard","hentry","category-actualite","category-meetings"],"yoast_head":"<!-- This site is optimized with the Yoast SEO plugin v26.0 - https:\/\/yoast.com\/wordpress\/plugins\/seo\/ -->\n<title>Salon du Deux Roues 2008 de Lyon - leblogmoto.com<\/title>\n<meta name=\"robots\" content=\"index, follow, max-snippet:-1, max-image-preview:large, max-video-preview:-1\" \/>\n<link rel=\"canonical\" href=\"https:\/\/blogs.thesocialmedia.com\/leblogmoto\/2007\/11\/30\/salon-du-deux-r\/\" \/>\n<meta name=\"twitter:card\" content=\"summary_large_image\" \/>\n<meta name=\"twitter:title\" content=\"Salon du Deux Roues 2008 de Lyon - leblogmoto.com\" \/>\n<meta name=\"twitter:description\" content=\"Les 15, 16 et 17 f\u00e9vrier aura lieu la quinzi\u00e8me \u00e9dition du Salon du Deux Roues de Lyon \u00e0 Eurexpo.Une \u00e9dition qui d\u00e9ploie ses ailes pour d\u00e9passer le cap des 50 000 m\u00b2 indoor (contre 30 000 en 2007), totalement r\u00e9serv\u00e9s \u00e0 plus de 120 exposants\u2026 et \u00e0 une fr\u00e9quentation sup\u00e9rieure \u00e0 40 000 visiteurs.Vous [&hellip;]\" \/>\n<meta name=\"twitter:image\" content=\"http:\/\/www.leblogmoto.com\/images\/2007\/11\/30\/affiche_2008.jpg\" \/>\n<meta name=\"twitter:label1\" content=\"\u00c9crit par\" \/>\n\t<meta name=\"twitter:data1\" content=\"gregory boucaud\" \/>\n\t<meta name=\"twitter:label2\" content=\"Dur\u00e9e de lecture estim\u00e9e\" \/>\n\t<meta name=\"twitter:data2\" content=\"2 minutes\" \/>\n<script type=\"application\/ld+json\" class=\"yoast-schema-graph\">{\"@context\":\"https:\/\/schema.org\",\"@graph\":[{\"@type\":\"WebPage\",\"@id\":\"https:\/\/blogs.thesocialmedia.com\/leblogmoto\/2007\/11\/30\/salon-du-deux-r\/\",\"url\":\"https:\/\/blogs.thesocialmedia.com\/leblogmoto\/2007\/11\/30\/salon-du-deux-r\/\",\"name\":\"Salon du Deux Roues 2008 de Lyon - leblogmoto.com\",\"isPartOf\":{\"@id\":\"https:\/\/blogs.thesocialmedia.com\/leblogmoto\/#website\"},\"primaryImageOfPage\":{\"@id\":\"https:\/\/blogs.thesocialmedia.com\/leblogmoto\/2007\/11\/30\/salon-du-deux-r\/#primaryimage\"},\"image\":{\"@id\":\"https:\/\/blogs.thesocialmedia.com\/leblogmoto\/2007\/11\/30\/salon-du-deux-r\/#primaryimage\"},\"thumbnailUrl\":\"http:\/\/www.leblogmoto.com\/images\/2007\/11\/30\/affiche_2008.jpg\",\"datePublished\":\"2007-11-30T16:17:24+00:00\",\"dateModified\":\"2012-07-11T15:00:41+00:00\",\"author\":{\"@id\":\"https:\/\/blogs.thesocialmedia.com\/leblogmoto\/#\/schema\/person\/769623f89741cc3381675029a37764f8\"},\"breadcrumb\":{\"@id\":\"https:\/\/blogs.thesocialmedia.com\/leblogmoto\/2007\/11\/30\/salon-du-deux-r\/#breadcrumb\"},\"inLanguage\":\"fr-FR\",\"potentialAction\":[{\"@type\":\"ReadAction\",\"target\":[\"https:\/\/blogs.thesocialmedia.com\/leblogmoto\/2007\/11\/30\/salon-du-deux-r\/\"]}]},{\"@type\":\"ImageObject\",\"inLanguage\":\"fr-FR\",\"@id\":\"https:\/\/blogs.thesocialmedia.com\/leblogmoto\/2007\/11\/30\/salon-du-deux-r\/#primaryimage\",\"url\":\"http:\/\/www.leblogmoto.com\/images\/2007\/11\/30\/affiche_2008.jpg\",\"contentUrl\":\"http:\/\/www.leblogmoto.com\/images\/2007\/11\/30\/affiche_2008.jpg\"},{\"@type\":\"BreadcrumbList\",\"@id\":\"https:\/\/blogs.thesocialmedia.com\/leblogmoto\/2007\/11\/30\/salon-du-deux-r\/#breadcrumb\",\"itemListElement\":[{\"@type\":\"ListItem\",\"position\":1,\"name\":\"Accueil\",\"item\":\"https:\/\/blogs.thesocialmedia.com\/leblogmoto\/\"},{\"@type\":\"ListItem\",\"position\":2,\"name\":\"Salon du Deux Roues 2008 de Lyon\"}]},{\"@type\":\"WebSite\",\"@id\":\"https:\/\/blogs.thesocialmedia.com\/leblogmoto\/#website\",\"url\":\"https:\/\/blogs.thesocialmedia.com\/leblogmoto\/\",\"name\":\"leblogmoto\",\"description\":\"Toute l&#039;actualit\u00e9 des 2 roues\",\"potentialAction\":[{\"@type\":\"SearchAction\",\"target\":{\"@type\":\"EntryPoint\",\"urlTemplate\":\"https:\/\/blogs.thesocialmedia.com\/leblogmoto\/?s={search_term_string}\"},\"query-input\":{\"@type\":\"PropertyValueSpecification\",\"valueRequired\":true,\"valueName\":\"search_term_string\"}}],\"inLanguage\":\"fr-FR\"},{\"@type\":\"Person\",\"@id\":\"https:\/\/blogs.thesocialmedia.com\/leblogmoto\/#\/schema\/person\/769623f89741cc3381675029a37764f8\",\"name\":\"gregory boucaud\",\"image\":{\"@type\":\"ImageObject\",\"inLanguage\":\"fr-FR\",\"@id\":\"https:\/\/blogs.thesocialmedia.com\/leblogmoto\/#\/schema\/person\/image\/\",\"url\":\"https:\/\/secure.gravatar.com\/avatar\/?s=96&d=mm&r=g\",\"contentUrl\":\"https:\/\/secure.gravatar.com\/avatar\/?s=96&d=mm&r=g\",\"caption\":\"gregory boucaud\"},\"url\":\"https:\/\/blogs.thesocialmedia.com\/leblogmoto\/author\/gregory-boucaud\/\"}]}<\/script>\n<!-- \/ Yoast SEO plugin. -->","yoast_head_json":{"title":"Salon du Deux Roues 2008 de Lyon - leblogmoto.com","robots":{"index":"index","follow":"follow","max-snippet":"max-snippet:-1","max-image-preview":"max-image-preview:large","max-video-preview":"max-video-preview:-1"},"canonical":"https:\/\/blogs.thesocialmedia.com\/leblogmoto\/2007\/11\/30\/salon-du-deux-r\/","twitter_card":"summary_large_image","twitter_title":"Salon du Deux Roues 2008 de Lyon - leblogmoto.com","twitter_description":"Les 15, 16 et 17 f\u00e9vrier aura lieu la quinzi\u00e8me \u00e9dition du Salon du Deux Roues de Lyon \u00e0 Eurexpo.Une \u00e9dition qui d\u00e9ploie ses ailes pour d\u00e9passer le cap des 50 000 m\u00b2 indoor (contre 30 000 en 2007), totalement r\u00e9serv\u00e9s \u00e0 plus de 120 exposants\u2026 et \u00e0 une fr\u00e9quentation sup\u00e9rieure \u00e0 40 000 visiteurs.Vous [&hellip;]","twitter_image":"http:\/\/www.leblogmoto.com\/images\/2007\/11\/30\/affiche_2008.jpg","twitter_misc":{"\u00c9crit par":"gregory boucaud","Dur\u00e9e de lecture estim\u00e9e":"2 minutes"},"schema":{"@context":"https:\/\/schema.org","@graph":[{"@type":"WebPage","@id":"https:\/\/blogs.thesocialmedia.com\/leblogmoto\/2007\/11\/30\/salon-du-deux-r\/","url":"https:\/\/blogs.thesocialmedia.com\/leblogmoto\/2007\/11\/30\/salon-du-deux-r\/","name":"Salon du Deux Roues 2008 de Lyon - leblogmoto.com","isPartOf":{"@id":"https:\/\/blogs.thesocialmedia.com\/leblogmoto\/#website"},"primaryImageOfPage":{"@id":"https:\/\/blogs.thesocialmedia.com\/leblogmoto\/2007\/11\/30\/salon-du-deux-r\/#primaryimage"},"image":{"@id":"https:\/\/blogs.thesocialmedia.com\/leblogmoto\/2007\/11\/30\/salon-du-deux-r\/#primaryimage"},"thumbnailUrl":"http:\/\/www.leblogmoto.com\/images\/2007\/11\/30\/affiche_2008.jpg","datePublished":"2007-11-30T16:17:24+00:00","dateModified":"2012-07-11T15:00:41+00:00","author":{"@id":"https:\/\/blogs.thesocialmedia.com\/leblogmoto\/#\/schema\/person\/769623f89741cc3381675029a37764f8"},"breadcrumb":{"@id":"https:\/\/blogs.thesocialmedia.com\/leblogmoto\/2007\/11\/30\/salon-du-deux-r\/#breadcrumb"},"inLanguage":"fr-FR","potentialAction":[{"@type":"ReadAction","target":["https:\/\/blogs.thesocialmedia.com\/leblogmoto\/2007\/11\/30\/salon-du-deux-r\/"]}]},{"@type":"ImageObject","inLanguage":"fr-FR","@id":"https:\/\/blogs.thesocialmedia.com\/leblogmoto\/2007\/11\/30\/salon-du-deux-r\/#primaryimage","url":"http:\/\/www.leblogmoto.com\/images\/2007\/11\/30\/affiche_2008.jpg","contentUrl":"http:\/\/www.leblogmoto.com\/images\/2007\/11\/30\/affiche_2008.jpg"},{"@type":"BreadcrumbList","@id":"https:\/\/blogs.thesocialmedia.com\/leblogmoto\/2007\/11\/30\/salon-du-deux-r\/#breadcrumb","itemListElement":[{"@type":"ListItem","position":1,"name":"Accueil","item":"https:\/\/blogs.thesocialmedia.com\/leblogmoto\/"},{"@type":"ListItem","position":2,"name":"Salon du Deux Roues 2008 de Lyon"}]},{"@type":"WebSite","@id":"https:\/\/blogs.thesocialmedia.com\/leblogmoto\/#website","url":"https:\/\/blogs.thesocialmedia.com\/leblogmoto\/","name":"leblogmoto","description":"Toute l&#039;actualit\u00e9 des 2 roues","potentialAction":[{"@type":"SearchAction","target":{"@type":"EntryPoint","urlTemplate":"https:\/\/blogs.thesocialmedia.com\/leblogmoto\/?s={search_term_string}"},"query-input":{"@type":"PropertyValueSpecification","valueRequired":true,"valueName":"search_term_string"}}],"inLanguage":"fr-FR"},{"@type":"Person","@id":"https:\/\/blogs.thesocialmedia.com\/leblogmoto\/#\/schema\/person\/769623f89741cc3381675029a37764f8","name":"gregory boucaud","image":{"@type":"ImageObject","inLanguage":"fr-FR","@id":"https:\/\/blogs.thesocialmedia.com\/leblogmoto\/#\/schema\/person\/image\/","url":"https:\/\/secure.gravatar.com\/avatar\/?s=96&d=mm&r=g","contentUrl":"https:\/\/secure.gravatar.com\/avatar\/?s=96&d=mm&r=g","caption":"gregory boucaud"},"url":"https:\/\/blogs.thesocialmedia.com\/leblogmoto\/author\/gregory-boucaud\/"}]}},"_links":{"self":[{"href":"https:\/\/blogs.thesocialmedia.com\/leblogmoto\/wp-json\/wp\/v2\/posts\/1049","targetHints":{"allow":["GET"]}}],"collection":[{"href":"https:\/\/blogs.thesocialmedia.com\/leblogmoto\/wp-json\/wp\/v2\/posts"}],"about":[{"href":"https:\/\/blogs.thesocialmedia.com\/leblogmoto\/wp-json\/wp\/v2\/types\/post"}],"author":[{"embeddable":true,"href":"https:\/\/blogs.thesocialmedia.com\/leblogmoto\/wp-json\/wp\/v2\/users\/329"}],"replies":[{"embeddable":true,"href":"https:\/\/blogs.thesocialmedia.com\/leblogmoto\/wp-json\/wp\/v2\/comments?post=1049"}],"version-history":[{"count":2,"href":"https:\/\/blogs.thesocialmedia.com\/leblogmoto\/wp-json\/wp\/v2\/posts\/1049\/revisions"}],"predecessor-version":[{"id":9310,"href":"https:\/\/blogs.thesocialmedia.com\/leblogmoto\/wp-json\/wp\/v2\/posts\/1049\/revisions\/9310"}],"wp:attachment":[{"href":"https:\/\/blogs.thesocialmedia.com\/leblogmoto\/wp-json\/wp\/v2\/media?parent=1049"}],"wp:term":[{"taxonomy":"category","embeddable":true,"href":"https:\/\/blogs.thesocialmedia.com\/leblogmoto\/wp-json\/wp\/v2\/categories?post=1049"},{"taxonomy":"post_tag","embeddable":true,"href":"https:\/\/blogs.thesocialmedia.com\/leblogmoto\/wp-json\/wp\/v2\/tags?post=1049"}],"curies":[{"name":"wp","href":"https:\/\/api.w.org\/{rel}","templated":true}]}}