{"id":105,"date":"2009-06-24T18:47:07","date_gmt":"2009-06-24T18:47:07","guid":{"rendered":"http:\/\/blogs.thesocialmedia.com\/leblogmoto\/2009\/06\/24\/quelquun-qui-ne-badine-pas-avec-le-mot-sidecar\/"},"modified":"2012-07-11T17:31:54","modified_gmt":"2012-07-11T17:31:54","slug":"quelquun-qui-ne-badine-pas-avec-le-mot-sidecar","status":"publish","type":"post","link":"https:\/\/blogs.thesocialmedia.com\/leblogmoto\/2009\/06\/24\/quelquun-qui-ne-badine-pas-avec-le-mot-sidecar\/","title":{"rendered":"Fran\u00e7ois ne badine pas avec le mot side-car."},"content":{"rendered":"<p><a href=\"http:\/\/blogs.thesocialmedia.com\/leblogmoto\/files\/2012\/07\/6a00d83451b18369e20115705c4357970c-popup.png\"><img decoding=\"async\" alt=\"C91\" class=\"at-xid-6a00d83451b18369e20115705c4357970c \" src=\"http:\/\/blogs.thesocialmedia.com\/leblogmoto\/files\/2012\/07\/6a00d83451b18369e20115705c4357970c-500wi.jpg\" \/><\/a><\/p>\n<p>L\u00e0 o\u00f9 certains constructeurs se contentent de greffer une cage \u00e0 poule, un si\u00e8ge de salon, voire un simple roller \u00e0 une moto, c&#039;est&#160;plus de dix mille heures de travail, pendant plus de dix ans, et&#160;quinze mille euros&#160;de d\u00e9pens\u00e9s qu&#039;il aura fallu&#160;au St\u00e9phanois&#160;<a href=\"http:\/\/breganzane.com\/blog\/\/snfl.php\">Fran\u00e7ois Knorreck<\/a> pour&#160;obtenir un vrai side-car. Tellement r\u00e9ussi que l&#039;on se demande un court instant qui de la moto ou de la voiture peut bien motoriser l&#039;autre ! Et puis on se penche sur les photos du moulin Laverda, un trois pattes de 1000cc&#8230; La vue de dessus r\u00e9v\u00e8le d&#039;ailleurs les trois \u00e9chappements contrastant avec le rouge de la carosserie. Qu&#039;il ne nous en veuille pas mais on voit&#160;dans&#160;la partie moto non seulement de la Laverda RGS,&#160;mais aussi l&#039;h\u00e9ritage de la&#160;Honda NR, du moins pour sa partie&#160;&quot;autoporteuse&quot;.&#160;Glorieuse comparaison, cette moto \u00e9tait en avance sur son \u00e9poque, c&#039;\u00e9tait m\u00eame une vitrine technologique, un r\u00eave d&#039;ing\u00e9. Admirez la sellerie,&#160;finie \u00e0 la main pour le si\u00e8ge passager,&#160;dont l&#039;habitacle&#160;prend de l&#039;ext\u00e9rieur des airs de Lambo ou de &quot;Fefe&quot;. <\/p>\n<\/p>\n<p>Seul l&#039;embl\u00e8me rappelle son auteur: un K&#160;accoll\u00e9 \u00e0 un&#160;F invers\u00e9.&#160;Avec un petit c\u00f4t\u00e9 bricolage-bien-de-chez-nous&#160;parfois,&#160;car si le feu avant est issu d&#039;une Kawa 1000 RX, les feux arri\u00e8res ont \u00e9t\u00e9 r\u00e9cup\u00e9r\u00e9s sur&#160;une Citro\u00ebn Xantia.&#160;Source: Bike EXIF.<\/p>\n<p><a href=\"http:\/\/clabedan.typepad.com\/.a\/6a00d83451b18369e201157151e1be970b-popup\"><img decoding=\"async\" alt=\"C21\" class=\"at-xid-6a00d83451b18369e201157151e1be970b \" src=\"http:\/\/blogs.thesocialmedia.com\/leblogmoto\/files\/2012\/07\/6a00d83451b18369e201157151e1be970b-500wi.jpg\" \/><\/a>&#160;<\/p>\n<p><a href=\"http:\/\/blogs.thesocialmedia.com\/leblogmoto\/files\/2012\/07\/6a00d83451b18369e20115705cad40970c-popup.png\"><img decoding=\"async\" alt=\"C18\" class=\"at-xid-6a00d83451b18369e20115705cad40970c \" src=\"http:\/\/blogs.thesocialmedia.com\/leblogmoto\/files\/2012\/07\/6a00d83451b18369e20115705cad40970c-400wi.jpg\" \/><\/a>&#160;<\/p>\n<p><a href=\"http:\/\/blogs.thesocialmedia.com\/leblogmoto\/files\/2012\/07\/6a00d83451b18369e20115705caff1970c-popup.png\"><img decoding=\"async\" alt=\"C17\"  class=\"at-xid-6a00d83451b18369e20115705caff1970c \" src=\"http:\/\/blogs.thesocialmedia.com\/leblogmoto\/files\/2012\/07\/6a00d83451b18369e20115705caff1970c-800wi.jpg\" \/><\/a>&#160;<\/p>\n<p><a href=\"http:\/\/blogs.thesocialmedia.com\/leblogmoto\/files\/2012\/07\/6a00d83451b18369e201157151eb04970b-popup.png\"><img decoding=\"async\" alt=\"C15\"  class=\"at-xid-6a00d83451b18369e201157151eb04970b \" src=\"http:\/\/blogs.thesocialmedia.com\/leblogmoto\/files\/2012\/07\/6a00d83451b18369e201157151eb04970b-800wi.jpg\" \/><\/a>&#160;<\/p>\n<p><a href=\"http:\/\/blogs.thesocialmedia.com\/leblogmoto\/files\/2012\/07\/6a00d83451b18369e201157151ec9d970b-popup.png\"><img decoding=\"async\" alt=\"C14\"  class=\"at-xid-6a00d83451b18369e201157151ec9d970b \" src=\"http:\/\/blogs.thesocialmedia.com\/leblogmoto\/files\/2012\/07\/6a00d83451b18369e201157151ec9d970b-800wi.jpg\" \/><\/a>&#160;<\/p>\n<p><a href=\"http:\/\/blogs.thesocialmedia.com\/leblogmoto\/files\/2012\/07\/6a00d83451b18369e201157151eea3970b-popup.png\"><img decoding=\"async\" alt=\"C16\"  class=\"at-xid-6a00d83451b18369e201157151eea3970b \" src=\"http:\/\/blogs.thesocialmedia.com\/leblogmoto\/files\/2012\/07\/6a00d83451b18369e201157151eea3970b-800wi.jpg\" \/><\/a> <\/p>\n","protected":false},"excerpt":{"rendered":"<p>L\u00e0 o\u00f9 certains constructeurs se contentent de greffer une cage \u00e0 poule, un si\u00e8ge de salon, voire un simple roller \u00e0 une moto, c&#039;est&#160;plus de dix mille heures de travail, pendant plus de dix ans, et&#160;quinze mille euros&#160;de d\u00e9pens\u00e9s qu&#039;il aura fallu&#160;au St\u00e9phanois&#160;Fran\u00e7ois Knorreck pour&#160;obtenir un vrai side-car. Tellement r\u00e9ussi que l&#039;on se demande un [&hellip;]<\/p>\n","protected":false},"author":324,"featured_media":13807,"comment_status":"open","ping_status":"open","sticky":false,"template":"","format":"standard","meta":{"footnotes":""},"categories":[3,38,58,63],"tags":[],"class_list":["post-105","post","type-post","status-publish","format-standard","has-post-thumbnail","hentry","category-actualite","category-atelier","category-insolite","category-side-car"],"yoast_head":"<!-- This site is optimized with the Yoast SEO plugin v26.0 - https:\/\/yoast.com\/wordpress\/plugins\/seo\/ -->\n<title>Fran\u00e7ois ne badine pas avec le mot side-car. - leblogmoto.com<\/title>\n<meta name=\"robots\" content=\"index, follow, max-snippet:-1, max-image-preview:large, max-video-preview:-1\" \/>\n<link rel=\"canonical\" href=\"https:\/\/blogs.thesocialmedia.com\/leblogmoto\/2009\/06\/24\/quelquun-qui-ne-badine-pas-avec-le-mot-sidecar\/\" \/>\n<meta name=\"twitter:card\" content=\"summary_large_image\" \/>\n<meta name=\"twitter:title\" content=\"Fran\u00e7ois ne badine pas avec le mot side-car. - leblogmoto.com\" \/>\n<meta name=\"twitter:description\" content=\"L\u00e0 o\u00f9 certains constructeurs se contentent de greffer une cage \u00e0 poule, un si\u00e8ge de salon, voire un simple roller \u00e0 une moto, c&#039;est&#160;plus de dix mille heures de travail, pendant plus de dix ans, et&#160;quinze mille euros&#160;de d\u00e9pens\u00e9s qu&#039;il aura fallu&#160;au St\u00e9phanois&#160;Fran\u00e7ois Knorreck pour&#160;obtenir un vrai side-car. Tellement r\u00e9ussi que l&#039;on se demande un [&hellip;]\" \/>\n<meta name=\"twitter:image\" content=\"https:\/\/blogs.thesocialmedia.com\/leblogmoto\/files\/2012\/07\/6a00d83451b18369e20115705c4357970c-500wi.jpg\" \/>\n<meta name=\"twitter:label1\" content=\"\u00c9crit par\" \/>\n\t<meta name=\"twitter:data1\" content=\"benoit rieu\" \/>\n\t<meta name=\"twitter:label2\" content=\"Dur\u00e9e de lecture estim\u00e9e\" \/>\n\t<meta name=\"twitter:data2\" content=\"1 minute\" \/>\n<script type=\"application\/ld+json\" class=\"yoast-schema-graph\">{\"@context\":\"https:\/\/schema.org\",\"@graph\":[{\"@type\":\"WebPage\",\"@id\":\"https:\/\/blogs.thesocialmedia.com\/leblogmoto\/2009\/06\/24\/quelquun-qui-ne-badine-pas-avec-le-mot-sidecar\/\",\"url\":\"https:\/\/blogs.thesocialmedia.com\/leblogmoto\/2009\/06\/24\/quelquun-qui-ne-badine-pas-avec-le-mot-sidecar\/\",\"name\":\"Fran\u00e7ois ne badine pas avec le mot side-car. - leblogmoto.com\",\"isPartOf\":{\"@id\":\"https:\/\/blogs.thesocialmedia.com\/leblogmoto\/#website\"},\"primaryImageOfPage\":{\"@id\":\"https:\/\/blogs.thesocialmedia.com\/leblogmoto\/2009\/06\/24\/quelquun-qui-ne-badine-pas-avec-le-mot-sidecar\/#primaryimage\"},\"image\":{\"@id\":\"https:\/\/blogs.thesocialmedia.com\/leblogmoto\/2009\/06\/24\/quelquun-qui-ne-badine-pas-avec-le-mot-sidecar\/#primaryimage\"},\"thumbnailUrl\":\"https:\/\/blogs.thesocialmedia.com\/leblogmoto\/files\/2012\/07\/6a00d83451b18369e20115705c4357970c-500wi.jpg\",\"datePublished\":\"2009-06-24T18:47:07+00:00\",\"dateModified\":\"2012-07-11T17:31:54+00:00\",\"author\":{\"@id\":\"https:\/\/blogs.thesocialmedia.com\/leblogmoto\/#\/schema\/person\/18bfe773e5725ed6d24f743da805362a\"},\"breadcrumb\":{\"@id\":\"https:\/\/blogs.thesocialmedia.com\/leblogmoto\/2009\/06\/24\/quelquun-qui-ne-badine-pas-avec-le-mot-sidecar\/#breadcrumb\"},\"inLanguage\":\"fr-FR\",\"potentialAction\":[{\"@type\":\"ReadAction\",\"target\":[\"https:\/\/blogs.thesocialmedia.com\/leblogmoto\/2009\/06\/24\/quelquun-qui-ne-badine-pas-avec-le-mot-sidecar\/\"]}]},{\"@type\":\"ImageObject\",\"inLanguage\":\"fr-FR\",\"@id\":\"https:\/\/blogs.thesocialmedia.com\/leblogmoto\/2009\/06\/24\/quelquun-qui-ne-badine-pas-avec-le-mot-sidecar\/#primaryimage\",\"url\":\"https:\/\/blogs.thesocialmedia.com\/leblogmoto\/files\/2012\/07\/6a00d83451b18369e20115705c4357970c-500wi.jpg\",\"contentUrl\":\"https:\/\/blogs.thesocialmedia.com\/leblogmoto\/files\/2012\/07\/6a00d83451b18369e20115705c4357970c-500wi.jpg\",\"width\":\"450\",\"height\":\"330\"},{\"@type\":\"BreadcrumbList\",\"@id\":\"https:\/\/blogs.thesocialmedia.com\/leblogmoto\/2009\/06\/24\/quelquun-qui-ne-badine-pas-avec-le-mot-sidecar\/#breadcrumb\",\"itemListElement\":[{\"@type\":\"ListItem\",\"position\":1,\"name\":\"Accueil\",\"item\":\"https:\/\/blogs.thesocialmedia.com\/leblogmoto\/\"},{\"@type\":\"ListItem\",\"position\":2,\"name\":\"Fran\u00e7ois ne badine pas avec le mot side-car.\"}]},{\"@type\":\"WebSite\",\"@id\":\"https:\/\/blogs.thesocialmedia.com\/leblogmoto\/#website\",\"url\":\"https:\/\/blogs.thesocialmedia.com\/leblogmoto\/\",\"name\":\"leblogmoto\",\"description\":\"Toute l&#039;actualit\u00e9 des 2 roues\",\"potentialAction\":[{\"@type\":\"SearchAction\",\"target\":{\"@type\":\"EntryPoint\",\"urlTemplate\":\"https:\/\/blogs.thesocialmedia.com\/leblogmoto\/?s={search_term_string}\"},\"query-input\":{\"@type\":\"PropertyValueSpecification\",\"valueRequired\":true,\"valueName\":\"search_term_string\"}}],\"inLanguage\":\"fr-FR\"},{\"@type\":\"Person\",\"@id\":\"https:\/\/blogs.thesocialmedia.com\/leblogmoto\/#\/schema\/person\/18bfe773e5725ed6d24f743da805362a\",\"name\":\"benoit rieu\",\"image\":{\"@type\":\"ImageObject\",\"inLanguage\":\"fr-FR\",\"@id\":\"https:\/\/blogs.thesocialmedia.com\/leblogmoto\/#\/schema\/person\/image\/\",\"url\":\"https:\/\/secure.gravatar.com\/avatar\/?s=96&d=mm&r=g\",\"contentUrl\":\"https:\/\/secure.gravatar.com\/avatar\/?s=96&d=mm&r=g\",\"caption\":\"benoit rieu\"},\"url\":\"https:\/\/blogs.thesocialmedia.com\/leblogmoto\/author\/benoit-rieu\/\"}]}<\/script>\n<!-- \/ Yoast SEO plugin. -->","yoast_head_json":{"title":"Fran\u00e7ois ne badine pas avec le mot side-car. - leblogmoto.com","robots":{"index":"index","follow":"follow","max-snippet":"max-snippet:-1","max-image-preview":"max-image-preview:large","max-video-preview":"max-video-preview:-1"},"canonical":"https:\/\/blogs.thesocialmedia.com\/leblogmoto\/2009\/06\/24\/quelquun-qui-ne-badine-pas-avec-le-mot-sidecar\/","twitter_card":"summary_large_image","twitter_title":"Fran\u00e7ois ne badine pas avec le mot side-car. - leblogmoto.com","twitter_description":"L\u00e0 o\u00f9 certains constructeurs se contentent de greffer une cage \u00e0 poule, un si\u00e8ge de salon, voire un simple roller \u00e0 une moto, c&#039;est&#160;plus de dix mille heures de travail, pendant plus de dix ans, et&#160;quinze mille euros&#160;de d\u00e9pens\u00e9s qu&#039;il aura fallu&#160;au St\u00e9phanois&#160;Fran\u00e7ois Knorreck pour&#160;obtenir un vrai side-car. Tellement r\u00e9ussi que l&#039;on se demande un [&hellip;]","twitter_image":"https:\/\/blogs.thesocialmedia.com\/leblogmoto\/files\/2012\/07\/6a00d83451b18369e20115705c4357970c-500wi.jpg","twitter_misc":{"\u00c9crit par":"benoit rieu","Dur\u00e9e de lecture estim\u00e9e":"1 minute"},"schema":{"@context":"https:\/\/schema.org","@graph":[{"@type":"WebPage","@id":"https:\/\/blogs.thesocialmedia.com\/leblogmoto\/2009\/06\/24\/quelquun-qui-ne-badine-pas-avec-le-mot-sidecar\/","url":"https:\/\/blogs.thesocialmedia.com\/leblogmoto\/2009\/06\/24\/quelquun-qui-ne-badine-pas-avec-le-mot-sidecar\/","name":"Fran\u00e7ois ne badine pas avec le mot side-car. - leblogmoto.com","isPartOf":{"@id":"https:\/\/blogs.thesocialmedia.com\/leblogmoto\/#website"},"primaryImageOfPage":{"@id":"https:\/\/blogs.thesocialmedia.com\/leblogmoto\/2009\/06\/24\/quelquun-qui-ne-badine-pas-avec-le-mot-sidecar\/#primaryimage"},"image":{"@id":"https:\/\/blogs.thesocialmedia.com\/leblogmoto\/2009\/06\/24\/quelquun-qui-ne-badine-pas-avec-le-mot-sidecar\/#primaryimage"},"thumbnailUrl":"https:\/\/blogs.thesocialmedia.com\/leblogmoto\/files\/2012\/07\/6a00d83451b18369e20115705c4357970c-500wi.jpg","datePublished":"2009-06-24T18:47:07+00:00","dateModified":"2012-07-11T17:31:54+00:00","author":{"@id":"https:\/\/blogs.thesocialmedia.com\/leblogmoto\/#\/schema\/person\/18bfe773e5725ed6d24f743da805362a"},"breadcrumb":{"@id":"https:\/\/blogs.thesocialmedia.com\/leblogmoto\/2009\/06\/24\/quelquun-qui-ne-badine-pas-avec-le-mot-sidecar\/#breadcrumb"},"inLanguage":"fr-FR","potentialAction":[{"@type":"ReadAction","target":["https:\/\/blogs.thesocialmedia.com\/leblogmoto\/2009\/06\/24\/quelquun-qui-ne-badine-pas-avec-le-mot-sidecar\/"]}]},{"@type":"ImageObject","inLanguage":"fr-FR","@id":"https:\/\/blogs.thesocialmedia.com\/leblogmoto\/2009\/06\/24\/quelquun-qui-ne-badine-pas-avec-le-mot-sidecar\/#primaryimage","url":"https:\/\/blogs.thesocialmedia.com\/leblogmoto\/files\/2012\/07\/6a00d83451b18369e20115705c4357970c-500wi.jpg","contentUrl":"https:\/\/blogs.thesocialmedia.com\/leblogmoto\/files\/2012\/07\/6a00d83451b18369e20115705c4357970c-500wi.jpg","width":"450","height":"330"},{"@type":"BreadcrumbList","@id":"https:\/\/blogs.thesocialmedia.com\/leblogmoto\/2009\/06\/24\/quelquun-qui-ne-badine-pas-avec-le-mot-sidecar\/#breadcrumb","itemListElement":[{"@type":"ListItem","position":1,"name":"Accueil","item":"https:\/\/blogs.thesocialmedia.com\/leblogmoto\/"},{"@type":"ListItem","position":2,"name":"Fran\u00e7ois ne badine pas avec le mot side-car."}]},{"@type":"WebSite","@id":"https:\/\/blogs.thesocialmedia.com\/leblogmoto\/#website","url":"https:\/\/blogs.thesocialmedia.com\/leblogmoto\/","name":"leblogmoto","description":"Toute l&#039;actualit\u00e9 des 2 roues","potentialAction":[{"@type":"SearchAction","target":{"@type":"EntryPoint","urlTemplate":"https:\/\/blogs.thesocialmedia.com\/leblogmoto\/?s={search_term_string}"},"query-input":{"@type":"PropertyValueSpecification","valueRequired":true,"valueName":"search_term_string"}}],"inLanguage":"fr-FR"},{"@type":"Person","@id":"https:\/\/blogs.thesocialmedia.com\/leblogmoto\/#\/schema\/person\/18bfe773e5725ed6d24f743da805362a","name":"benoit rieu","image":{"@type":"ImageObject","inLanguage":"fr-FR","@id":"https:\/\/blogs.thesocialmedia.com\/leblogmoto\/#\/schema\/person\/image\/","url":"https:\/\/secure.gravatar.com\/avatar\/?s=96&d=mm&r=g","contentUrl":"https:\/\/secure.gravatar.com\/avatar\/?s=96&d=mm&r=g","caption":"benoit rieu"},"url":"https:\/\/blogs.thesocialmedia.com\/leblogmoto\/author\/benoit-rieu\/"}]}},"_links":{"self":[{"href":"https:\/\/blogs.thesocialmedia.com\/leblogmoto\/wp-json\/wp\/v2\/posts\/105","targetHints":{"allow":["GET"]}}],"collection":[{"href":"https:\/\/blogs.thesocialmedia.com\/leblogmoto\/wp-json\/wp\/v2\/posts"}],"about":[{"href":"https:\/\/blogs.thesocialmedia.com\/leblogmoto\/wp-json\/wp\/v2\/types\/post"}],"author":[{"embeddable":true,"href":"https:\/\/blogs.thesocialmedia.com\/leblogmoto\/wp-json\/wp\/v2\/users\/324"}],"replies":[{"embeddable":true,"href":"https:\/\/blogs.thesocialmedia.com\/leblogmoto\/wp-json\/wp\/v2\/comments?post=105"}],"version-history":[{"count":2,"href":"https:\/\/blogs.thesocialmedia.com\/leblogmoto\/wp-json\/wp\/v2\/posts\/105\/revisions"}],"predecessor-version":[{"id":13820,"href":"https:\/\/blogs.thesocialmedia.com\/leblogmoto\/wp-json\/wp\/v2\/posts\/105\/revisions\/13820"}],"wp:featuredmedia":[{"embeddable":true,"href":"https:\/\/blogs.thesocialmedia.com\/leblogmoto\/wp-json\/wp\/v2\/media\/13807"}],"wp:attachment":[{"href":"https:\/\/blogs.thesocialmedia.com\/leblogmoto\/wp-json\/wp\/v2\/media?parent=105"}],"wp:term":[{"taxonomy":"category","embeddable":true,"href":"https:\/\/blogs.thesocialmedia.com\/leblogmoto\/wp-json\/wp\/v2\/categories?post=105"},{"taxonomy":"post_tag","embeddable":true,"href":"https:\/\/blogs.thesocialmedia.com\/leblogmoto\/wp-json\/wp\/v2\/tags?post=105"}],"curies":[{"name":"wp","href":"https:\/\/api.w.org\/{rel}","templated":true}]}}