{"id":1050,"date":"2007-11-30T16:00:27","date_gmt":"2007-11-30T16:00:27","guid":{"rendered":"http:\/\/blogs.thesocialmedia.com\/leblogmoto\/2007\/11\/30\/enduro-indoor-l\/"},"modified":"2012-07-11T15:00:37","modified_gmt":"2012-07-11T15:00:37","slug":"enduro-indoor-l","status":"publish","type":"post","link":"https:\/\/blogs.thesocialmedia.com\/leblogmoto\/2007\/11\/30\/enduro-indoor-l\/","title":{"rendered":"Enduro Indoor \u00e0 Lyon : Seconde \u00e9dition"},"content":{"rendered":"<p><a href=\"http:\/\/blogs.thesocialmedia.com\/leblogmoto\/files\/2012\/07\/enduroindoor.jpg\"><img loading=\"lazy\" decoding=\"async\" width=\"250\" height=\"333\"  alt=\"Enduroindoor\" src=\"http:\/\/www.leblogmoto.com\/images\/2007\/11\/30\/enduroindoor.jpg\" style=\"margin: 0px 5px 5px 0px;float: left\" \/><\/a>Fort du succ\u00e8s du premier enduro Indoor de Lyon, la 2\u00e8me \u00e9dition se tiendra dans le cadre du <a href=\"http:\/\/www.salondu2roues.com\/\">15\u00e8me Salon du 2 Roues de Lyon<\/a>. L&rsquo;\u00e9preuve monte en puissance et b\u00e9n\u00e9ficie de nombreuses nouveaut\u00e9s. <br \/>Le Hall 66 de l&rsquo;<a href=\"http:\/\/www.eurexpo.com\/2004\/fr\/pages\/accueil\/\">Eurexpo<\/a> et sa surface de 12200m\u00b2 sans aucun poteau s&rsquo;\u00e9tendant sur 156 m\u00e8tres de long par 78 m\u00e8tres de large et 18 m\u00e8tres de haut.&nbsp; Ainsi vous aurez droit \u00e0&nbsp; des tribunes plus hautes que l&rsquo;an pass\u00e9 offrant une meilleure visibilit\u00e9 de la piste, et une capacit\u00e9 d&rsquo;accueil de 8000 spectateurs. <\/p>\n<p>C\u00f4t\u00e9 piste, Jean-Luc Fouchet accompagn\u00e9 de Pierre Meunier proposent un nouveau parcours de franchissement in\u00e9dit d&rsquo;un d\u00e9veloppement de plus de 600 m\u00e8tres. Fid\u00e8le \u00e0 la tradition de l&rsquo;enduro et du franchissement, la piste offrira une succession d&rsquo;obstacles constitu\u00e9s de pierriers, de troncs, de rochers, de sable, d&rsquo;une zone humide, orni\u00e8res, galets&#8230;. l&rsquo;ensemble parfaitement \u00e9quilibr\u00e9 pour garantir des courses intenses et disput\u00e9es.<\/p>\n<p> C\u00f4t\u00e9 sportif, les t\u00eates d&rsquo;affiche de la cat\u00e9gorie Elite dont le vainqueur 2007, S\u00e9bastien Guillaume sur Husqvarna sont d\u00e9j\u00e0 confirm\u00e9es. La richesse du plateau de pilotes fran\u00e7ais garantit un niveau de comp\u00e9tition exceptionnel. En qualit\u00e9 de premier rendez-vous enduro de l&rsquo;ann\u00e9e, ce sera l&rsquo;occasion pour tous les team officiels KTM, Husqvarna, Yamaha, HM Honda, Sherco, TM, Arm\u00e9e de Terre, Kawasaki Moto Pulsion&#8230; de pr\u00e9senter leurs \u00e9quipes 2008 dans un paddock accessible au public en nombre limit\u00e9.<\/p>\n<p> Nouveaut\u00e9 pour la cat\u00e9gorie Nationale o\u00f9 les inscriptions sont ouvertes \u00e0 tous. Des qualifications se tiendront samedi apr\u00e8s-midi pour retenir les 20 meilleurs d&rsquo;entre eux afin de disputer les courses en soir\u00e9e.<\/p>\n<p> Le programme de la soir\u00e9e propose au total pas moins de 18 courses par petits groupes de 6 \u00e0 8 pilotes dans un format de comp\u00e9tition \u00e9liminatoire (s\u00e9rie qualificative, demi-finale et finale). Les courses monteront alors en intensit\u00e9 quand on sait que sur les 20 partants dans chaque cat\u00e9gorie seuls 8 d&rsquo;entre eux parviendront en finale.<\/p>\n<p><strong> Inscriptions :<\/strong> <br \/>Orgacom <br \/>BP7 Taussat <br \/>33138 Lanton <br \/>mail : orgacom@wanadoo.fr <\/p>\n<p><strong> R\u00e9servations Billeterie : <br \/><\/strong>Le Progr\u00e8s : 0 472 222 563 <br \/>Fnac, Auchan, Carrefour, Virgin, Leclerc, G\u00e9ant Casino, Cultura <br \/> R\u00e9seau France Billet : 0 892 692 694 (0,34 euro \/min) <br \/> francebillet.com, fnac.com, carrefour.fr, leprogres.fr<\/p>\n<p>Source : <a href=\"http:\/\/www.toolenduro.com\">Toolenduro<\/a><\/p>\n","protected":false},"excerpt":{"rendered":"<p>Fort du succ\u00e8s du premier enduro Indoor de Lyon, la 2\u00e8me \u00e9dition se tiendra dans le cadre du 15\u00e8me Salon du 2 Roues de Lyon. L&rsquo;\u00e9preuve monte en puissance et b\u00e9n\u00e9ficie de nombreuses nouveaut\u00e9s. Le Hall 66 de l&rsquo;Eurexpo et sa surface de 12200m\u00b2 sans aucun poteau s&rsquo;\u00e9tendant sur 156 m\u00e8tres de long par 78 [&hellip;]<\/p>\n","protected":false},"author":329,"featured_media":0,"comment_status":"open","ping_status":"open","sticky":false,"template":"","format":"standard","meta":{"footnotes":""},"categories":[3,10],"tags":[],"class_list":["post-1050","post","type-post","status-publish","format-standard","hentry","category-actualite","category-meetings"],"yoast_head":"<!-- This site is optimized with the Yoast SEO plugin v26.0 - https:\/\/yoast.com\/wordpress\/plugins\/seo\/ -->\n<title>Enduro Indoor \u00e0 Lyon : Seconde \u00e9dition - leblogmoto.com<\/title>\n<meta name=\"robots\" content=\"index, follow, max-snippet:-1, max-image-preview:large, max-video-preview:-1\" \/>\n<link rel=\"canonical\" href=\"https:\/\/blogs.thesocialmedia.com\/leblogmoto\/2007\/11\/30\/enduro-indoor-l\/\" \/>\n<meta name=\"twitter:card\" content=\"summary_large_image\" \/>\n<meta name=\"twitter:title\" content=\"Enduro Indoor \u00e0 Lyon : Seconde \u00e9dition - leblogmoto.com\" \/>\n<meta name=\"twitter:description\" content=\"Fort du succ\u00e8s du premier enduro Indoor de Lyon, la 2\u00e8me \u00e9dition se tiendra dans le cadre du 15\u00e8me Salon du 2 Roues de Lyon. L&rsquo;\u00e9preuve monte en puissance et b\u00e9n\u00e9ficie de nombreuses nouveaut\u00e9s. Le Hall 66 de l&rsquo;Eurexpo et sa surface de 12200m\u00b2 sans aucun poteau s&rsquo;\u00e9tendant sur 156 m\u00e8tres de long par 78 [&hellip;]\" \/>\n<meta name=\"twitter:image\" content=\"http:\/\/www.leblogmoto.com\/images\/2007\/11\/30\/enduroindoor.jpg\" \/>\n<meta name=\"twitter:label1\" content=\"\u00c9crit par\" \/>\n\t<meta name=\"twitter:data1\" content=\"gregory boucaud\" \/>\n\t<meta name=\"twitter:label2\" content=\"Dur\u00e9e de lecture estim\u00e9e\" \/>\n\t<meta name=\"twitter:data2\" content=\"2 minutes\" \/>\n<script type=\"application\/ld+json\" class=\"yoast-schema-graph\">{\"@context\":\"https:\/\/schema.org\",\"@graph\":[{\"@type\":\"WebPage\",\"@id\":\"https:\/\/blogs.thesocialmedia.com\/leblogmoto\/2007\/11\/30\/enduro-indoor-l\/\",\"url\":\"https:\/\/blogs.thesocialmedia.com\/leblogmoto\/2007\/11\/30\/enduro-indoor-l\/\",\"name\":\"Enduro Indoor \u00e0 Lyon : Seconde \u00e9dition - leblogmoto.com\",\"isPartOf\":{\"@id\":\"https:\/\/blogs.thesocialmedia.com\/leblogmoto\/#website\"},\"primaryImageOfPage\":{\"@id\":\"https:\/\/blogs.thesocialmedia.com\/leblogmoto\/2007\/11\/30\/enduro-indoor-l\/#primaryimage\"},\"image\":{\"@id\":\"https:\/\/blogs.thesocialmedia.com\/leblogmoto\/2007\/11\/30\/enduro-indoor-l\/#primaryimage\"},\"thumbnailUrl\":\"http:\/\/www.leblogmoto.com\/images\/2007\/11\/30\/enduroindoor.jpg\",\"datePublished\":\"2007-11-30T16:00:27+00:00\",\"dateModified\":\"2012-07-11T15:00:37+00:00\",\"author\":{\"@id\":\"https:\/\/blogs.thesocialmedia.com\/leblogmoto\/#\/schema\/person\/769623f89741cc3381675029a37764f8\"},\"breadcrumb\":{\"@id\":\"https:\/\/blogs.thesocialmedia.com\/leblogmoto\/2007\/11\/30\/enduro-indoor-l\/#breadcrumb\"},\"inLanguage\":\"fr-FR\",\"potentialAction\":[{\"@type\":\"ReadAction\",\"target\":[\"https:\/\/blogs.thesocialmedia.com\/leblogmoto\/2007\/11\/30\/enduro-indoor-l\/\"]}]},{\"@type\":\"ImageObject\",\"inLanguage\":\"fr-FR\",\"@id\":\"https:\/\/blogs.thesocialmedia.com\/leblogmoto\/2007\/11\/30\/enduro-indoor-l\/#primaryimage\",\"url\":\"http:\/\/www.leblogmoto.com\/images\/2007\/11\/30\/enduroindoor.jpg\",\"contentUrl\":\"http:\/\/www.leblogmoto.com\/images\/2007\/11\/30\/enduroindoor.jpg\"},{\"@type\":\"BreadcrumbList\",\"@id\":\"https:\/\/blogs.thesocialmedia.com\/leblogmoto\/2007\/11\/30\/enduro-indoor-l\/#breadcrumb\",\"itemListElement\":[{\"@type\":\"ListItem\",\"position\":1,\"name\":\"Accueil\",\"item\":\"https:\/\/blogs.thesocialmedia.com\/leblogmoto\/\"},{\"@type\":\"ListItem\",\"position\":2,\"name\":\"Enduro Indoor \u00e0 Lyon : Seconde \u00e9dition\"}]},{\"@type\":\"WebSite\",\"@id\":\"https:\/\/blogs.thesocialmedia.com\/leblogmoto\/#website\",\"url\":\"https:\/\/blogs.thesocialmedia.com\/leblogmoto\/\",\"name\":\"leblogmoto\",\"description\":\"Toute l&#039;actualit\u00e9 des 2 roues\",\"potentialAction\":[{\"@type\":\"SearchAction\",\"target\":{\"@type\":\"EntryPoint\",\"urlTemplate\":\"https:\/\/blogs.thesocialmedia.com\/leblogmoto\/?s={search_term_string}\"},\"query-input\":{\"@type\":\"PropertyValueSpecification\",\"valueRequired\":true,\"valueName\":\"search_term_string\"}}],\"inLanguage\":\"fr-FR\"},{\"@type\":\"Person\",\"@id\":\"https:\/\/blogs.thesocialmedia.com\/leblogmoto\/#\/schema\/person\/769623f89741cc3381675029a37764f8\",\"name\":\"gregory boucaud\",\"image\":{\"@type\":\"ImageObject\",\"inLanguage\":\"fr-FR\",\"@id\":\"https:\/\/blogs.thesocialmedia.com\/leblogmoto\/#\/schema\/person\/image\/\",\"url\":\"https:\/\/secure.gravatar.com\/avatar\/?s=96&d=mm&r=g\",\"contentUrl\":\"https:\/\/secure.gravatar.com\/avatar\/?s=96&d=mm&r=g\",\"caption\":\"gregory boucaud\"},\"url\":\"https:\/\/blogs.thesocialmedia.com\/leblogmoto\/author\/gregory-boucaud\/\"}]}<\/script>\n<!-- \/ Yoast SEO plugin. -->","yoast_head_json":{"title":"Enduro Indoor \u00e0 Lyon : Seconde \u00e9dition - leblogmoto.com","robots":{"index":"index","follow":"follow","max-snippet":"max-snippet:-1","max-image-preview":"max-image-preview:large","max-video-preview":"max-video-preview:-1"},"canonical":"https:\/\/blogs.thesocialmedia.com\/leblogmoto\/2007\/11\/30\/enduro-indoor-l\/","twitter_card":"summary_large_image","twitter_title":"Enduro Indoor \u00e0 Lyon : Seconde \u00e9dition - leblogmoto.com","twitter_description":"Fort du succ\u00e8s du premier enduro Indoor de Lyon, la 2\u00e8me \u00e9dition se tiendra dans le cadre du 15\u00e8me Salon du 2 Roues de Lyon. L&rsquo;\u00e9preuve monte en puissance et b\u00e9n\u00e9ficie de nombreuses nouveaut\u00e9s. Le Hall 66 de l&rsquo;Eurexpo et sa surface de 12200m\u00b2 sans aucun poteau s&rsquo;\u00e9tendant sur 156 m\u00e8tres de long par 78 [&hellip;]","twitter_image":"http:\/\/www.leblogmoto.com\/images\/2007\/11\/30\/enduroindoor.jpg","twitter_misc":{"\u00c9crit par":"gregory boucaud","Dur\u00e9e de lecture estim\u00e9e":"2 minutes"},"schema":{"@context":"https:\/\/schema.org","@graph":[{"@type":"WebPage","@id":"https:\/\/blogs.thesocialmedia.com\/leblogmoto\/2007\/11\/30\/enduro-indoor-l\/","url":"https:\/\/blogs.thesocialmedia.com\/leblogmoto\/2007\/11\/30\/enduro-indoor-l\/","name":"Enduro Indoor \u00e0 Lyon : Seconde \u00e9dition - leblogmoto.com","isPartOf":{"@id":"https:\/\/blogs.thesocialmedia.com\/leblogmoto\/#website"},"primaryImageOfPage":{"@id":"https:\/\/blogs.thesocialmedia.com\/leblogmoto\/2007\/11\/30\/enduro-indoor-l\/#primaryimage"},"image":{"@id":"https:\/\/blogs.thesocialmedia.com\/leblogmoto\/2007\/11\/30\/enduro-indoor-l\/#primaryimage"},"thumbnailUrl":"http:\/\/www.leblogmoto.com\/images\/2007\/11\/30\/enduroindoor.jpg","datePublished":"2007-11-30T16:00:27+00:00","dateModified":"2012-07-11T15:00:37+00:00","author":{"@id":"https:\/\/blogs.thesocialmedia.com\/leblogmoto\/#\/schema\/person\/769623f89741cc3381675029a37764f8"},"breadcrumb":{"@id":"https:\/\/blogs.thesocialmedia.com\/leblogmoto\/2007\/11\/30\/enduro-indoor-l\/#breadcrumb"},"inLanguage":"fr-FR","potentialAction":[{"@type":"ReadAction","target":["https:\/\/blogs.thesocialmedia.com\/leblogmoto\/2007\/11\/30\/enduro-indoor-l\/"]}]},{"@type":"ImageObject","inLanguage":"fr-FR","@id":"https:\/\/blogs.thesocialmedia.com\/leblogmoto\/2007\/11\/30\/enduro-indoor-l\/#primaryimage","url":"http:\/\/www.leblogmoto.com\/images\/2007\/11\/30\/enduroindoor.jpg","contentUrl":"http:\/\/www.leblogmoto.com\/images\/2007\/11\/30\/enduroindoor.jpg"},{"@type":"BreadcrumbList","@id":"https:\/\/blogs.thesocialmedia.com\/leblogmoto\/2007\/11\/30\/enduro-indoor-l\/#breadcrumb","itemListElement":[{"@type":"ListItem","position":1,"name":"Accueil","item":"https:\/\/blogs.thesocialmedia.com\/leblogmoto\/"},{"@type":"ListItem","position":2,"name":"Enduro Indoor \u00e0 Lyon : Seconde \u00e9dition"}]},{"@type":"WebSite","@id":"https:\/\/blogs.thesocialmedia.com\/leblogmoto\/#website","url":"https:\/\/blogs.thesocialmedia.com\/leblogmoto\/","name":"leblogmoto","description":"Toute l&#039;actualit\u00e9 des 2 roues","potentialAction":[{"@type":"SearchAction","target":{"@type":"EntryPoint","urlTemplate":"https:\/\/blogs.thesocialmedia.com\/leblogmoto\/?s={search_term_string}"},"query-input":{"@type":"PropertyValueSpecification","valueRequired":true,"valueName":"search_term_string"}}],"inLanguage":"fr-FR"},{"@type":"Person","@id":"https:\/\/blogs.thesocialmedia.com\/leblogmoto\/#\/schema\/person\/769623f89741cc3381675029a37764f8","name":"gregory boucaud","image":{"@type":"ImageObject","inLanguage":"fr-FR","@id":"https:\/\/blogs.thesocialmedia.com\/leblogmoto\/#\/schema\/person\/image\/","url":"https:\/\/secure.gravatar.com\/avatar\/?s=96&d=mm&r=g","contentUrl":"https:\/\/secure.gravatar.com\/avatar\/?s=96&d=mm&r=g","caption":"gregory boucaud"},"url":"https:\/\/blogs.thesocialmedia.com\/leblogmoto\/author\/gregory-boucaud\/"}]}},"_links":{"self":[{"href":"https:\/\/blogs.thesocialmedia.com\/leblogmoto\/wp-json\/wp\/v2\/posts\/1050","targetHints":{"allow":["GET"]}}],"collection":[{"href":"https:\/\/blogs.thesocialmedia.com\/leblogmoto\/wp-json\/wp\/v2\/posts"}],"about":[{"href":"https:\/\/blogs.thesocialmedia.com\/leblogmoto\/wp-json\/wp\/v2\/types\/post"}],"author":[{"embeddable":true,"href":"https:\/\/blogs.thesocialmedia.com\/leblogmoto\/wp-json\/wp\/v2\/users\/329"}],"replies":[{"embeddable":true,"href":"https:\/\/blogs.thesocialmedia.com\/leblogmoto\/wp-json\/wp\/v2\/comments?post=1050"}],"version-history":[{"count":2,"href":"https:\/\/blogs.thesocialmedia.com\/leblogmoto\/wp-json\/wp\/v2\/posts\/1050\/revisions"}],"predecessor-version":[{"id":9308,"href":"https:\/\/blogs.thesocialmedia.com\/leblogmoto\/wp-json\/wp\/v2\/posts\/1050\/revisions\/9308"}],"wp:attachment":[{"href":"https:\/\/blogs.thesocialmedia.com\/leblogmoto\/wp-json\/wp\/v2\/media?parent=1050"}],"wp:term":[{"taxonomy":"category","embeddable":true,"href":"https:\/\/blogs.thesocialmedia.com\/leblogmoto\/wp-json\/wp\/v2\/categories?post=1050"},{"taxonomy":"post_tag","embeddable":true,"href":"https:\/\/blogs.thesocialmedia.com\/leblogmoto\/wp-json\/wp\/v2\/tags?post=1050"}],"curies":[{"name":"wp","href":"https:\/\/api.w.org\/{rel}","templated":true}]}}