{"id":1051,"date":"2007-11-30T15:31:22","date_gmt":"2007-11-30T15:31:22","guid":{"rendered":"http:\/\/blogs.thesocialmedia.com\/leblogmoto\/2007\/11\/30\/paris-tuning-sh\/"},"modified":"2012-07-11T15:00:35","modified_gmt":"2012-07-11T15:00:35","slug":"paris-tuning-sh","status":"publish","type":"post","link":"https:\/\/blogs.thesocialmedia.com\/leblogmoto\/2007\/11\/30\/paris-tuning-sh\/","title":{"rendered":"Paris Tuning Show 2008"},"content":{"rendered":"<p><a href=\"http:\/\/blogs.thesocialmedia.com\/leblogmoto\/files\/2012\/07\/pts_2008.jpg\"><img loading=\"lazy\" decoding=\"async\" width=\"470\" height=\"88\"  src=\"http:\/\/www.leblogmoto.com\/images\/2007\/11\/30\/pts_2008.jpg\" alt=\"Pts_2008\" style=\"margin: 0px 5px 5px 0px;float: left\" \/><\/a>10 ans, c&rsquo;est l&rsquo;\u00e2ge du Paris Tuning Show qui aura lieu cette ann\u00e9e du 28 f\u00e9vrier au 3 mars 2008, au <a href=\"http:\/\/www.paris-lebourget.com\/fr\/index.php\">Parc des Expositions <\/a>\u00e0 Paris Le Bourget .<\/p>\n<p>Cette ann\u00e9e un nouveau logo, de nouvelles animations, cinq voitures officielles, plus de dix exclusivit\u00e9s, un site Internet de contenu mais \u00e9galement communautaire, la grande confirmation de l\u2019univers \u00abRacing\u00bb auto et moto avec de grands noms de la comp\u00e9tition fran\u00e7aise et internationale, une s\u00e9lection des 80 meilleures r\u00e9alisations des Clubs.<\/p>\n<p>Vous trouverez aussi un salon agrandit et pour la premi\u00e8re fois le hall 2 qui sera enti\u00e8rement d\u00e9di\u00e9 aux animations \u00ab indoor \u00bb : Show SPL, Show IASCA Europ\u00e9en, Ecran g\u00e9ant, Dance show.. <\/p>\n<p> Dans le hall 3 seront positionn\u00e9s les exposants m\u00e9dia, les revendeurs, l\u2019exposition r\u00e9trospective \u00ab 10 ans de PTS:1998-2008 \u00bb et la s\u00e9lection nationale des voitures de clubs.<\/p>\n<p> Le hall 4 sera d\u00e9di\u00e9 aux constructeurs autos et motos, fabricants d\u2019accessoires et de pi\u00e8ces, prototypes \u00e9trangers, importateurs d\u2019\u00e9quipements sp\u00e9ciaux et \u00e0 l\u2019ensemble de l\u2019univers de la comp\u00e9tition. <\/p>\n<p> Enfin le hall 5 r\u00e9unira les acteurs majeurs du son, de l\u2019\u00e9lectronique embarqu\u00e9e et du car audio avec la forte pr\u00e9sence de IASCA. <\/p>\n<p> Au total ce sont plus de 42 000 m2 d\u2019exposition occup\u00e9s par l\u2019\u00e9v\u00e9nement (+15%). Ca promet &#8230;<\/p>\n<p> Les amateurs de sensations fortes pourront vibrer au vu des diff\u00e9rents shows Racing et Drift. De nombreuses d\u00e9monstrations de v\u00e9hicules de comp\u00e9tition sont au programme : rallye, tourisme, endurance, superbike, supersport, moto tour, supermotard et Dakar, mais aussi un formidable duel entre huit des plus grands pilotes internationaux de drift, tous vainqueurs de championnats nationaux ou internationaux. <\/p>\n<p> Pour suivre la mont\u00e9e en puissance du salon, tout est pr\u00e9cis\u00e9 sur le site <a href=\"http:\/\/www.paristuningshow.com\/\">www.paristuningshow.com<\/a> qui&nbsp; est mis \u00e0 jour quotidiennement. Avec une croissance \u00e0 ce jour de +30% des r\u00e9servations d\u2019exposants, c\u2019est une n\u00e9cessit\u00e9 ! Enfin, le site <a href=\"http:\/\/www.paristuningshow.com\/\">www.paristuningshow.com<\/a> est aussi un vrai site communautaire o\u00f9 tous les passionn\u00e9s peuvent communiquer et \u00e9changer leurs id\u00e9es. <\/p>\n<p><strong> Informations pratiques : <\/strong><\/p>\n<p><strong> Horaires :<\/strong><br \/> Tous les jours de 9h \u00e0 19h<br \/> Nocturne vendredi jusqu\u2019\u00e0 22h <\/p>\n<p><strong> Tarifs :<\/strong><br \/> Plein tarif : 12 \u20ac <br \/> Groupe : 10 \u20ac<br \/> Collectivit\u00e9s, CE: 9 \u20ac Enfants (6 \u00e0 11 ans) : 8 \u20ac<\/p>\n<p><strong> Acc\u00e8s :<\/strong><br \/> Voiture : A1 sortie 5 &#8211; A3 et RN2 sortie &quot;Le Blanc Mesnil Nord&quot;<br \/> RER B : Dir. Aulnay, arr\u00eat Le Bourget (navette gratuite jusqu\u2019au Salon)<br \/> M\u00e9tro : Ligne 7 arr\u00eat &quot;La Courneuve 8 mai 1945&quot; puis bus 152 arr\u00eat &quot;Michelet&quot;<br \/> Bus : 350 (Gare du Nord\/Gare de l\u2019Est\/Porte de la Chapelle, arr\u00eat &quot;Michelet&quot;)<\/p>\n<p><strong> R\u00e9servation :<\/strong><br \/> R\u00e9seau France Billet : 0892 701 602<br \/> Magasins Carrefour, Fnac, G\u00e9ant, Syst\u00e8me U, Auchan, Leclerc, Galeries Lafayette, Virgin Megastore<br \/> R\u00e9seau Ticketnet<br \/><a href=\"www.ticketnet.fr\"> http:\/\/www.ticketnet.fr<\/a><\/p>\n<p>Source : <a href=\"http:\/\/www.paristuningshow.com\/\">Paris Tuning Show<\/a> <\/p>\n","protected":false},"excerpt":{"rendered":"<p>10 ans, c&rsquo;est l&rsquo;\u00e2ge du Paris Tuning Show qui aura lieu cette ann\u00e9e du 28 f\u00e9vrier au 3 mars 2008, au Parc des Expositions \u00e0 Paris Le Bourget . Cette ann\u00e9e un nouveau logo, de nouvelles animations, cinq voitures officielles, plus de dix exclusivit\u00e9s, un site Internet de contenu mais \u00e9galement communautaire, la grande confirmation [&hellip;]<\/p>\n","protected":false},"author":329,"featured_media":0,"comment_status":"open","ping_status":"open","sticky":false,"template":"","format":"standard","meta":{"footnotes":""},"categories":[3,36],"tags":[],"class_list":["post-1051","post","type-post","status-publish","format-standard","hentry","category-actualite","category-salons"],"yoast_head":"<!-- This site is optimized with the Yoast SEO plugin v26.0 - https:\/\/yoast.com\/wordpress\/plugins\/seo\/ -->\n<title>Paris Tuning Show 2008 - leblogmoto.com<\/title>\n<meta name=\"robots\" content=\"index, follow, max-snippet:-1, max-image-preview:large, max-video-preview:-1\" \/>\n<link rel=\"canonical\" href=\"https:\/\/blogs.thesocialmedia.com\/leblogmoto\/2007\/11\/30\/paris-tuning-sh\/\" \/>\n<meta name=\"twitter:card\" content=\"summary_large_image\" \/>\n<meta name=\"twitter:title\" content=\"Paris Tuning Show 2008 - leblogmoto.com\" \/>\n<meta name=\"twitter:description\" content=\"10 ans, c&rsquo;est l&rsquo;\u00e2ge du Paris Tuning Show qui aura lieu cette ann\u00e9e du 28 f\u00e9vrier au 3 mars 2008, au Parc des Expositions \u00e0 Paris Le Bourget . Cette ann\u00e9e un nouveau logo, de nouvelles animations, cinq voitures officielles, plus de dix exclusivit\u00e9s, un site Internet de contenu mais \u00e9galement communautaire, la grande confirmation [&hellip;]\" \/>\n<meta name=\"twitter:image\" content=\"http:\/\/www.leblogmoto.com\/images\/2007\/11\/30\/pts_2008.jpg\" \/>\n<meta name=\"twitter:label1\" content=\"\u00c9crit par\" \/>\n\t<meta name=\"twitter:data1\" content=\"gregory boucaud\" \/>\n\t<meta name=\"twitter:label2\" content=\"Dur\u00e9e de lecture estim\u00e9e\" \/>\n\t<meta name=\"twitter:data2\" content=\"2 minutes\" \/>\n<script type=\"application\/ld+json\" class=\"yoast-schema-graph\">{\"@context\":\"https:\/\/schema.org\",\"@graph\":[{\"@type\":\"WebPage\",\"@id\":\"https:\/\/blogs.thesocialmedia.com\/leblogmoto\/2007\/11\/30\/paris-tuning-sh\/\",\"url\":\"https:\/\/blogs.thesocialmedia.com\/leblogmoto\/2007\/11\/30\/paris-tuning-sh\/\",\"name\":\"Paris Tuning Show 2008 - leblogmoto.com\",\"isPartOf\":{\"@id\":\"https:\/\/blogs.thesocialmedia.com\/leblogmoto\/#website\"},\"primaryImageOfPage\":{\"@id\":\"https:\/\/blogs.thesocialmedia.com\/leblogmoto\/2007\/11\/30\/paris-tuning-sh\/#primaryimage\"},\"image\":{\"@id\":\"https:\/\/blogs.thesocialmedia.com\/leblogmoto\/2007\/11\/30\/paris-tuning-sh\/#primaryimage\"},\"thumbnailUrl\":\"http:\/\/www.leblogmoto.com\/images\/2007\/11\/30\/pts_2008.jpg\",\"datePublished\":\"2007-11-30T15:31:22+00:00\",\"dateModified\":\"2012-07-11T15:00:35+00:00\",\"author\":{\"@id\":\"https:\/\/blogs.thesocialmedia.com\/leblogmoto\/#\/schema\/person\/769623f89741cc3381675029a37764f8\"},\"breadcrumb\":{\"@id\":\"https:\/\/blogs.thesocialmedia.com\/leblogmoto\/2007\/11\/30\/paris-tuning-sh\/#breadcrumb\"},\"inLanguage\":\"fr-FR\",\"potentialAction\":[{\"@type\":\"ReadAction\",\"target\":[\"https:\/\/blogs.thesocialmedia.com\/leblogmoto\/2007\/11\/30\/paris-tuning-sh\/\"]}]},{\"@type\":\"ImageObject\",\"inLanguage\":\"fr-FR\",\"@id\":\"https:\/\/blogs.thesocialmedia.com\/leblogmoto\/2007\/11\/30\/paris-tuning-sh\/#primaryimage\",\"url\":\"http:\/\/www.leblogmoto.com\/images\/2007\/11\/30\/pts_2008.jpg\",\"contentUrl\":\"http:\/\/www.leblogmoto.com\/images\/2007\/11\/30\/pts_2008.jpg\"},{\"@type\":\"BreadcrumbList\",\"@id\":\"https:\/\/blogs.thesocialmedia.com\/leblogmoto\/2007\/11\/30\/paris-tuning-sh\/#breadcrumb\",\"itemListElement\":[{\"@type\":\"ListItem\",\"position\":1,\"name\":\"Accueil\",\"item\":\"https:\/\/blogs.thesocialmedia.com\/leblogmoto\/\"},{\"@type\":\"ListItem\",\"position\":2,\"name\":\"Paris Tuning Show 2008\"}]},{\"@type\":\"WebSite\",\"@id\":\"https:\/\/blogs.thesocialmedia.com\/leblogmoto\/#website\",\"url\":\"https:\/\/blogs.thesocialmedia.com\/leblogmoto\/\",\"name\":\"leblogmoto\",\"description\":\"Toute l&#039;actualit\u00e9 des 2 roues\",\"potentialAction\":[{\"@type\":\"SearchAction\",\"target\":{\"@type\":\"EntryPoint\",\"urlTemplate\":\"https:\/\/blogs.thesocialmedia.com\/leblogmoto\/?s={search_term_string}\"},\"query-input\":{\"@type\":\"PropertyValueSpecification\",\"valueRequired\":true,\"valueName\":\"search_term_string\"}}],\"inLanguage\":\"fr-FR\"},{\"@type\":\"Person\",\"@id\":\"https:\/\/blogs.thesocialmedia.com\/leblogmoto\/#\/schema\/person\/769623f89741cc3381675029a37764f8\",\"name\":\"gregory boucaud\",\"image\":{\"@type\":\"ImageObject\",\"inLanguage\":\"fr-FR\",\"@id\":\"https:\/\/blogs.thesocialmedia.com\/leblogmoto\/#\/schema\/person\/image\/\",\"url\":\"https:\/\/secure.gravatar.com\/avatar\/?s=96&d=mm&r=g\",\"contentUrl\":\"https:\/\/secure.gravatar.com\/avatar\/?s=96&d=mm&r=g\",\"caption\":\"gregory boucaud\"},\"url\":\"https:\/\/blogs.thesocialmedia.com\/leblogmoto\/author\/gregory-boucaud\/\"}]}<\/script>\n<!-- \/ Yoast SEO plugin. -->","yoast_head_json":{"title":"Paris Tuning Show 2008 - leblogmoto.com","robots":{"index":"index","follow":"follow","max-snippet":"max-snippet:-1","max-image-preview":"max-image-preview:large","max-video-preview":"max-video-preview:-1"},"canonical":"https:\/\/blogs.thesocialmedia.com\/leblogmoto\/2007\/11\/30\/paris-tuning-sh\/","twitter_card":"summary_large_image","twitter_title":"Paris Tuning Show 2008 - leblogmoto.com","twitter_description":"10 ans, c&rsquo;est l&rsquo;\u00e2ge du Paris Tuning Show qui aura lieu cette ann\u00e9e du 28 f\u00e9vrier au 3 mars 2008, au Parc des Expositions \u00e0 Paris Le Bourget . Cette ann\u00e9e un nouveau logo, de nouvelles animations, cinq voitures officielles, plus de dix exclusivit\u00e9s, un site Internet de contenu mais \u00e9galement communautaire, la grande confirmation [&hellip;]","twitter_image":"http:\/\/www.leblogmoto.com\/images\/2007\/11\/30\/pts_2008.jpg","twitter_misc":{"\u00c9crit par":"gregory boucaud","Dur\u00e9e de lecture estim\u00e9e":"2 minutes"},"schema":{"@context":"https:\/\/schema.org","@graph":[{"@type":"WebPage","@id":"https:\/\/blogs.thesocialmedia.com\/leblogmoto\/2007\/11\/30\/paris-tuning-sh\/","url":"https:\/\/blogs.thesocialmedia.com\/leblogmoto\/2007\/11\/30\/paris-tuning-sh\/","name":"Paris Tuning Show 2008 - leblogmoto.com","isPartOf":{"@id":"https:\/\/blogs.thesocialmedia.com\/leblogmoto\/#website"},"primaryImageOfPage":{"@id":"https:\/\/blogs.thesocialmedia.com\/leblogmoto\/2007\/11\/30\/paris-tuning-sh\/#primaryimage"},"image":{"@id":"https:\/\/blogs.thesocialmedia.com\/leblogmoto\/2007\/11\/30\/paris-tuning-sh\/#primaryimage"},"thumbnailUrl":"http:\/\/www.leblogmoto.com\/images\/2007\/11\/30\/pts_2008.jpg","datePublished":"2007-11-30T15:31:22+00:00","dateModified":"2012-07-11T15:00:35+00:00","author":{"@id":"https:\/\/blogs.thesocialmedia.com\/leblogmoto\/#\/schema\/person\/769623f89741cc3381675029a37764f8"},"breadcrumb":{"@id":"https:\/\/blogs.thesocialmedia.com\/leblogmoto\/2007\/11\/30\/paris-tuning-sh\/#breadcrumb"},"inLanguage":"fr-FR","potentialAction":[{"@type":"ReadAction","target":["https:\/\/blogs.thesocialmedia.com\/leblogmoto\/2007\/11\/30\/paris-tuning-sh\/"]}]},{"@type":"ImageObject","inLanguage":"fr-FR","@id":"https:\/\/blogs.thesocialmedia.com\/leblogmoto\/2007\/11\/30\/paris-tuning-sh\/#primaryimage","url":"http:\/\/www.leblogmoto.com\/images\/2007\/11\/30\/pts_2008.jpg","contentUrl":"http:\/\/www.leblogmoto.com\/images\/2007\/11\/30\/pts_2008.jpg"},{"@type":"BreadcrumbList","@id":"https:\/\/blogs.thesocialmedia.com\/leblogmoto\/2007\/11\/30\/paris-tuning-sh\/#breadcrumb","itemListElement":[{"@type":"ListItem","position":1,"name":"Accueil","item":"https:\/\/blogs.thesocialmedia.com\/leblogmoto\/"},{"@type":"ListItem","position":2,"name":"Paris Tuning Show 2008"}]},{"@type":"WebSite","@id":"https:\/\/blogs.thesocialmedia.com\/leblogmoto\/#website","url":"https:\/\/blogs.thesocialmedia.com\/leblogmoto\/","name":"leblogmoto","description":"Toute l&#039;actualit\u00e9 des 2 roues","potentialAction":[{"@type":"SearchAction","target":{"@type":"EntryPoint","urlTemplate":"https:\/\/blogs.thesocialmedia.com\/leblogmoto\/?s={search_term_string}"},"query-input":{"@type":"PropertyValueSpecification","valueRequired":true,"valueName":"search_term_string"}}],"inLanguage":"fr-FR"},{"@type":"Person","@id":"https:\/\/blogs.thesocialmedia.com\/leblogmoto\/#\/schema\/person\/769623f89741cc3381675029a37764f8","name":"gregory boucaud","image":{"@type":"ImageObject","inLanguage":"fr-FR","@id":"https:\/\/blogs.thesocialmedia.com\/leblogmoto\/#\/schema\/person\/image\/","url":"https:\/\/secure.gravatar.com\/avatar\/?s=96&d=mm&r=g","contentUrl":"https:\/\/secure.gravatar.com\/avatar\/?s=96&d=mm&r=g","caption":"gregory boucaud"},"url":"https:\/\/blogs.thesocialmedia.com\/leblogmoto\/author\/gregory-boucaud\/"}]}},"_links":{"self":[{"href":"https:\/\/blogs.thesocialmedia.com\/leblogmoto\/wp-json\/wp\/v2\/posts\/1051","targetHints":{"allow":["GET"]}}],"collection":[{"href":"https:\/\/blogs.thesocialmedia.com\/leblogmoto\/wp-json\/wp\/v2\/posts"}],"about":[{"href":"https:\/\/blogs.thesocialmedia.com\/leblogmoto\/wp-json\/wp\/v2\/types\/post"}],"author":[{"embeddable":true,"href":"https:\/\/blogs.thesocialmedia.com\/leblogmoto\/wp-json\/wp\/v2\/users\/329"}],"replies":[{"embeddable":true,"href":"https:\/\/blogs.thesocialmedia.com\/leblogmoto\/wp-json\/wp\/v2\/comments?post=1051"}],"version-history":[{"count":2,"href":"https:\/\/blogs.thesocialmedia.com\/leblogmoto\/wp-json\/wp\/v2\/posts\/1051\/revisions"}],"predecessor-version":[{"id":9306,"href":"https:\/\/blogs.thesocialmedia.com\/leblogmoto\/wp-json\/wp\/v2\/posts\/1051\/revisions\/9306"}],"wp:attachment":[{"href":"https:\/\/blogs.thesocialmedia.com\/leblogmoto\/wp-json\/wp\/v2\/media?parent=1051"}],"wp:term":[{"taxonomy":"category","embeddable":true,"href":"https:\/\/blogs.thesocialmedia.com\/leblogmoto\/wp-json\/wp\/v2\/categories?post=1051"},{"taxonomy":"post_tag","embeddable":true,"href":"https:\/\/blogs.thesocialmedia.com\/leblogmoto\/wp-json\/wp\/v2\/tags?post=1051"}],"curies":[{"name":"wp","href":"https:\/\/api.w.org\/{rel}","templated":true}]}}