{"id":1052,"date":"2007-11-30T15:07:24","date_gmt":"2007-11-30T15:07:24","guid":{"rendered":"http:\/\/blogs.thesocialmedia.com\/leblogmoto\/2007\/11\/30\/circuit-carole\/"},"modified":"2012-07-11T15:00:33","modified_gmt":"2012-07-11T15:00:33","slug":"circuit-carole","status":"publish","type":"post","link":"https:\/\/blogs.thesocialmedia.com\/leblogmoto\/2007\/11\/30\/circuit-carole\/","title":{"rendered":"Circuit Carole et T\u00e9l\u00e9thon"},"content":{"rendered":"<p><a href=\"http:\/\/blogs.thesocialmedia.com\/leblogmoto\/files\/2012\/07\/news.jpg\"><img loading=\"lazy\" decoding=\"async\" width=\"249\" height=\"200\"  src=\"http:\/\/www.leblogmoto.com\/images\/2007\/11\/30\/news.jpg\" alt=\"News\" style=\"margin: 0px 5px 5px 0px;float: left\" \/><\/a>On prend les m\u00eames et on recommence. Les antennes <a href=\"http:\/\/www.ffmc.asso.fr\/\">FFMC<\/a> d&rsquo;Ile de France organisent le T\u00e9l\u00e9thon sur le <a href=\"http:\/\/www.ior-web.com\/new_cc\/index.php?id=1\">circuit Carole<\/a> \u00e0 Tremblay-en-France (93) les 8 et 9 d\u00e9cembre.<br \/>Diff\u00e9rentes animations sont pr\u00e9vues comme un spectacle de stunt ainsi ainsi que divers bapt\u00eames auto, moto et side.<br \/>Vous pourrez parcourir le circuit \u00e0 bord d&rsquo;une Porsche, Lamborghini, Ferrari etc&#8230; ou encore \u00e0 l&rsquo;arri\u00e8re de la GMT 94 qui a gagn\u00e9 au Bol d&rsquo;Or 2007. <\/p>\n<p>Les enfants ne seront pas laiss\u00e9s de c\u00f4t\u00e9 puisqu&rsquo;une piste de mini-moto est pr\u00e9vue pour eux, encadr\u00e9e par les animateurs diplom\u00e9s de la FFMC loisirs. <\/p>\n<p>Alors si vous voulez faire une bonne action tout en passant une bonne journ\u00e9e, vous savez ce qu&rsquo;il vous reste \u00e0 faire \ud83d\ude09<\/p>\n<p><strong> Horaires d\u2019ouverture au public :<\/strong> le samedi de 13h00 \u00e0 17h00, et le dimanche de 10h00 \u00e0 17h00.<\/p>\n<p><strong> Tarifs :<\/strong><br \/> Entr\u00e9e du circuit : 2 \u20ac<br \/>Bapt\u00eames en voitures :10 \u20ac<br \/> Bapt\u00eames en side-cars et motos : 5 \u20ac<br \/> Piste mini motos : 5 \u20ac<\/p>\n","protected":false},"excerpt":{"rendered":"<p>On prend les m\u00eames et on recommence. Les antennes FFMC d&rsquo;Ile de France organisent le T\u00e9l\u00e9thon sur le circuit Carole \u00e0 Tremblay-en-France (93) les 8 et 9 d\u00e9cembre.Diff\u00e9rentes animations sont pr\u00e9vues comme un spectacle de stunt ainsi ainsi que divers bapt\u00eames auto, moto et side.Vous pourrez parcourir le circuit \u00e0 bord d&rsquo;une Porsche, Lamborghini, Ferrari [&hellip;]<\/p>\n","protected":false},"author":329,"featured_media":0,"comment_status":"open","ping_status":"open","sticky":false,"template":"","format":"standard","meta":{"footnotes":""},"categories":[3],"tags":[],"class_list":["post-1052","post","type-post","status-publish","format-standard","hentry","category-actualite"],"yoast_head":"<!-- This site is optimized with the Yoast SEO plugin v26.0 - https:\/\/yoast.com\/wordpress\/plugins\/seo\/ -->\n<title>Circuit Carole et T\u00e9l\u00e9thon - leblogmoto.com<\/title>\n<meta name=\"robots\" content=\"index, follow, max-snippet:-1, max-image-preview:large, max-video-preview:-1\" \/>\n<link rel=\"canonical\" href=\"https:\/\/blogs.thesocialmedia.com\/leblogmoto\/2007\/11\/30\/circuit-carole\/\" \/>\n<meta name=\"twitter:card\" content=\"summary_large_image\" \/>\n<meta name=\"twitter:title\" content=\"Circuit Carole et T\u00e9l\u00e9thon - leblogmoto.com\" \/>\n<meta name=\"twitter:description\" content=\"On prend les m\u00eames et on recommence. Les antennes FFMC d&rsquo;Ile de France organisent le T\u00e9l\u00e9thon sur le circuit Carole \u00e0 Tremblay-en-France (93) les 8 et 9 d\u00e9cembre.Diff\u00e9rentes animations sont pr\u00e9vues comme un spectacle de stunt ainsi ainsi que divers bapt\u00eames auto, moto et side.Vous pourrez parcourir le circuit \u00e0 bord d&rsquo;une Porsche, Lamborghini, Ferrari [&hellip;]\" \/>\n<meta name=\"twitter:image\" content=\"http:\/\/www.leblogmoto.com\/images\/2007\/11\/30\/news.jpg\" \/>\n<meta name=\"twitter:label1\" content=\"\u00c9crit par\" \/>\n\t<meta name=\"twitter:data1\" content=\"gregory boucaud\" \/>\n\t<meta name=\"twitter:label2\" content=\"Dur\u00e9e de lecture estim\u00e9e\" \/>\n\t<meta name=\"twitter:data2\" content=\"1 minute\" \/>\n<script type=\"application\/ld+json\" class=\"yoast-schema-graph\">{\"@context\":\"https:\/\/schema.org\",\"@graph\":[{\"@type\":\"WebPage\",\"@id\":\"https:\/\/blogs.thesocialmedia.com\/leblogmoto\/2007\/11\/30\/circuit-carole\/\",\"url\":\"https:\/\/blogs.thesocialmedia.com\/leblogmoto\/2007\/11\/30\/circuit-carole\/\",\"name\":\"Circuit Carole et T\u00e9l\u00e9thon - leblogmoto.com\",\"isPartOf\":{\"@id\":\"https:\/\/blogs.thesocialmedia.com\/leblogmoto\/#website\"},\"primaryImageOfPage\":{\"@id\":\"https:\/\/blogs.thesocialmedia.com\/leblogmoto\/2007\/11\/30\/circuit-carole\/#primaryimage\"},\"image\":{\"@id\":\"https:\/\/blogs.thesocialmedia.com\/leblogmoto\/2007\/11\/30\/circuit-carole\/#primaryimage\"},\"thumbnailUrl\":\"http:\/\/www.leblogmoto.com\/images\/2007\/11\/30\/news.jpg\",\"datePublished\":\"2007-11-30T15:07:24+00:00\",\"dateModified\":\"2012-07-11T15:00:33+00:00\",\"author\":{\"@id\":\"https:\/\/blogs.thesocialmedia.com\/leblogmoto\/#\/schema\/person\/769623f89741cc3381675029a37764f8\"},\"breadcrumb\":{\"@id\":\"https:\/\/blogs.thesocialmedia.com\/leblogmoto\/2007\/11\/30\/circuit-carole\/#breadcrumb\"},\"inLanguage\":\"fr-FR\",\"potentialAction\":[{\"@type\":\"ReadAction\",\"target\":[\"https:\/\/blogs.thesocialmedia.com\/leblogmoto\/2007\/11\/30\/circuit-carole\/\"]}]},{\"@type\":\"ImageObject\",\"inLanguage\":\"fr-FR\",\"@id\":\"https:\/\/blogs.thesocialmedia.com\/leblogmoto\/2007\/11\/30\/circuit-carole\/#primaryimage\",\"url\":\"http:\/\/www.leblogmoto.com\/images\/2007\/11\/30\/news.jpg\",\"contentUrl\":\"http:\/\/www.leblogmoto.com\/images\/2007\/11\/30\/news.jpg\"},{\"@type\":\"BreadcrumbList\",\"@id\":\"https:\/\/blogs.thesocialmedia.com\/leblogmoto\/2007\/11\/30\/circuit-carole\/#breadcrumb\",\"itemListElement\":[{\"@type\":\"ListItem\",\"position\":1,\"name\":\"Accueil\",\"item\":\"https:\/\/blogs.thesocialmedia.com\/leblogmoto\/\"},{\"@type\":\"ListItem\",\"position\":2,\"name\":\"Circuit Carole et T\u00e9l\u00e9thon\"}]},{\"@type\":\"WebSite\",\"@id\":\"https:\/\/blogs.thesocialmedia.com\/leblogmoto\/#website\",\"url\":\"https:\/\/blogs.thesocialmedia.com\/leblogmoto\/\",\"name\":\"leblogmoto\",\"description\":\"Toute l&#039;actualit\u00e9 des 2 roues\",\"potentialAction\":[{\"@type\":\"SearchAction\",\"target\":{\"@type\":\"EntryPoint\",\"urlTemplate\":\"https:\/\/blogs.thesocialmedia.com\/leblogmoto\/?s={search_term_string}\"},\"query-input\":{\"@type\":\"PropertyValueSpecification\",\"valueRequired\":true,\"valueName\":\"search_term_string\"}}],\"inLanguage\":\"fr-FR\"},{\"@type\":\"Person\",\"@id\":\"https:\/\/blogs.thesocialmedia.com\/leblogmoto\/#\/schema\/person\/769623f89741cc3381675029a37764f8\",\"name\":\"gregory boucaud\",\"image\":{\"@type\":\"ImageObject\",\"inLanguage\":\"fr-FR\",\"@id\":\"https:\/\/blogs.thesocialmedia.com\/leblogmoto\/#\/schema\/person\/image\/\",\"url\":\"https:\/\/secure.gravatar.com\/avatar\/?s=96&d=mm&r=g\",\"contentUrl\":\"https:\/\/secure.gravatar.com\/avatar\/?s=96&d=mm&r=g\",\"caption\":\"gregory boucaud\"},\"url\":\"https:\/\/blogs.thesocialmedia.com\/leblogmoto\/author\/gregory-boucaud\/\"}]}<\/script>\n<!-- \/ Yoast SEO plugin. -->","yoast_head_json":{"title":"Circuit Carole et T\u00e9l\u00e9thon - leblogmoto.com","robots":{"index":"index","follow":"follow","max-snippet":"max-snippet:-1","max-image-preview":"max-image-preview:large","max-video-preview":"max-video-preview:-1"},"canonical":"https:\/\/blogs.thesocialmedia.com\/leblogmoto\/2007\/11\/30\/circuit-carole\/","twitter_card":"summary_large_image","twitter_title":"Circuit Carole et T\u00e9l\u00e9thon - leblogmoto.com","twitter_description":"On prend les m\u00eames et on recommence. Les antennes FFMC d&rsquo;Ile de France organisent le T\u00e9l\u00e9thon sur le circuit Carole \u00e0 Tremblay-en-France (93) les 8 et 9 d\u00e9cembre.Diff\u00e9rentes animations sont pr\u00e9vues comme un spectacle de stunt ainsi ainsi que divers bapt\u00eames auto, moto et side.Vous pourrez parcourir le circuit \u00e0 bord d&rsquo;une Porsche, Lamborghini, Ferrari [&hellip;]","twitter_image":"http:\/\/www.leblogmoto.com\/images\/2007\/11\/30\/news.jpg","twitter_misc":{"\u00c9crit par":"gregory boucaud","Dur\u00e9e de lecture estim\u00e9e":"1 minute"},"schema":{"@context":"https:\/\/schema.org","@graph":[{"@type":"WebPage","@id":"https:\/\/blogs.thesocialmedia.com\/leblogmoto\/2007\/11\/30\/circuit-carole\/","url":"https:\/\/blogs.thesocialmedia.com\/leblogmoto\/2007\/11\/30\/circuit-carole\/","name":"Circuit Carole et T\u00e9l\u00e9thon - leblogmoto.com","isPartOf":{"@id":"https:\/\/blogs.thesocialmedia.com\/leblogmoto\/#website"},"primaryImageOfPage":{"@id":"https:\/\/blogs.thesocialmedia.com\/leblogmoto\/2007\/11\/30\/circuit-carole\/#primaryimage"},"image":{"@id":"https:\/\/blogs.thesocialmedia.com\/leblogmoto\/2007\/11\/30\/circuit-carole\/#primaryimage"},"thumbnailUrl":"http:\/\/www.leblogmoto.com\/images\/2007\/11\/30\/news.jpg","datePublished":"2007-11-30T15:07:24+00:00","dateModified":"2012-07-11T15:00:33+00:00","author":{"@id":"https:\/\/blogs.thesocialmedia.com\/leblogmoto\/#\/schema\/person\/769623f89741cc3381675029a37764f8"},"breadcrumb":{"@id":"https:\/\/blogs.thesocialmedia.com\/leblogmoto\/2007\/11\/30\/circuit-carole\/#breadcrumb"},"inLanguage":"fr-FR","potentialAction":[{"@type":"ReadAction","target":["https:\/\/blogs.thesocialmedia.com\/leblogmoto\/2007\/11\/30\/circuit-carole\/"]}]},{"@type":"ImageObject","inLanguage":"fr-FR","@id":"https:\/\/blogs.thesocialmedia.com\/leblogmoto\/2007\/11\/30\/circuit-carole\/#primaryimage","url":"http:\/\/www.leblogmoto.com\/images\/2007\/11\/30\/news.jpg","contentUrl":"http:\/\/www.leblogmoto.com\/images\/2007\/11\/30\/news.jpg"},{"@type":"BreadcrumbList","@id":"https:\/\/blogs.thesocialmedia.com\/leblogmoto\/2007\/11\/30\/circuit-carole\/#breadcrumb","itemListElement":[{"@type":"ListItem","position":1,"name":"Accueil","item":"https:\/\/blogs.thesocialmedia.com\/leblogmoto\/"},{"@type":"ListItem","position":2,"name":"Circuit Carole et T\u00e9l\u00e9thon"}]},{"@type":"WebSite","@id":"https:\/\/blogs.thesocialmedia.com\/leblogmoto\/#website","url":"https:\/\/blogs.thesocialmedia.com\/leblogmoto\/","name":"leblogmoto","description":"Toute l&#039;actualit\u00e9 des 2 roues","potentialAction":[{"@type":"SearchAction","target":{"@type":"EntryPoint","urlTemplate":"https:\/\/blogs.thesocialmedia.com\/leblogmoto\/?s={search_term_string}"},"query-input":{"@type":"PropertyValueSpecification","valueRequired":true,"valueName":"search_term_string"}}],"inLanguage":"fr-FR"},{"@type":"Person","@id":"https:\/\/blogs.thesocialmedia.com\/leblogmoto\/#\/schema\/person\/769623f89741cc3381675029a37764f8","name":"gregory boucaud","image":{"@type":"ImageObject","inLanguage":"fr-FR","@id":"https:\/\/blogs.thesocialmedia.com\/leblogmoto\/#\/schema\/person\/image\/","url":"https:\/\/secure.gravatar.com\/avatar\/?s=96&d=mm&r=g","contentUrl":"https:\/\/secure.gravatar.com\/avatar\/?s=96&d=mm&r=g","caption":"gregory boucaud"},"url":"https:\/\/blogs.thesocialmedia.com\/leblogmoto\/author\/gregory-boucaud\/"}]}},"_links":{"self":[{"href":"https:\/\/blogs.thesocialmedia.com\/leblogmoto\/wp-json\/wp\/v2\/posts\/1052","targetHints":{"allow":["GET"]}}],"collection":[{"href":"https:\/\/blogs.thesocialmedia.com\/leblogmoto\/wp-json\/wp\/v2\/posts"}],"about":[{"href":"https:\/\/blogs.thesocialmedia.com\/leblogmoto\/wp-json\/wp\/v2\/types\/post"}],"author":[{"embeddable":true,"href":"https:\/\/blogs.thesocialmedia.com\/leblogmoto\/wp-json\/wp\/v2\/users\/329"}],"replies":[{"embeddable":true,"href":"https:\/\/blogs.thesocialmedia.com\/leblogmoto\/wp-json\/wp\/v2\/comments?post=1052"}],"version-history":[{"count":2,"href":"https:\/\/blogs.thesocialmedia.com\/leblogmoto\/wp-json\/wp\/v2\/posts\/1052\/revisions"}],"predecessor-version":[{"id":9304,"href":"https:\/\/blogs.thesocialmedia.com\/leblogmoto\/wp-json\/wp\/v2\/posts\/1052\/revisions\/9304"}],"wp:attachment":[{"href":"https:\/\/blogs.thesocialmedia.com\/leblogmoto\/wp-json\/wp\/v2\/media?parent=1052"}],"wp:term":[{"taxonomy":"category","embeddable":true,"href":"https:\/\/blogs.thesocialmedia.com\/leblogmoto\/wp-json\/wp\/v2\/categories?post=1052"},{"taxonomy":"post_tag","embeddable":true,"href":"https:\/\/blogs.thesocialmedia.com\/leblogmoto\/wp-json\/wp\/v2\/tags?post=1052"}],"curies":[{"name":"wp","href":"https:\/\/api.w.org\/{rel}","templated":true}]}}