{"id":1055,"date":"2007-11-30T13:27:11","date_gmt":"2007-11-30T13:27:11","guid":{"rendered":"http:\/\/blogs.thesocialmedia.com\/leblogmoto\/2007\/11\/30\/ffmc-carburant\/"},"modified":"2012-07-11T15:00:28","modified_gmt":"2012-07-11T15:00:28","slug":"ffmc-carburant","status":"publish","type":"post","link":"https:\/\/blogs.thesocialmedia.com\/leblogmoto\/2007\/11\/30\/ffmc-carburant\/","title":{"rendered":"FFMC : Carburant, gros probl\u00e8me !"},"content":{"rendered":"<p><a href=\"http:\/\/blogs.thesocialmedia.com\/leblogmoto\/files\/2012\/07\/ffmc_1_41.jpg\"><img loading=\"lazy\" decoding=\"async\" width=\"250\" height=\"85\"  src=\"http:\/\/www.leblogmoto.com\/images\/2007\/11\/30\/ffmc_1_4.jpg\" alt=\"Ffmc_1_4\" style=\"margin: 0px 5px 5px 0px;float: left\" \/><\/a>A la suite du &quot;Grenelle de l&rsquo;Environnement&quot; de nombreuses id\u00e9es ont \u00e9t\u00e9 mises en avant, comme la prime \u00e0 la casse par exemple. Cette prime permettrait en effet de renouveler le parc automobile car l&rsquo;Etat devrait offrir 1000\u20ac pour l&rsquo;achat d&rsquo;un v\u00e9hicule neuf.<\/p>\n<p>Or c&rsquo;est l\u00e0 que le bas blesse, les deux-roues sont exclus de cette mesure.<br \/>Donc la FFMC, qui &quot;repr\u00e9sente les usagers 2 et 3 roues motoris\u00e9es&quot;, intervient et appelle &quot;le Gouvernement \u00e0 amortir rapidement les fortes \u00e9volutions du prix des produits p\u00e9troliers en baissant la fiscalit\u00e9 des produits p\u00e9troliers&quot;.<\/p>\n<p>La FFMC &quot;reconnait la n\u00e9cessit\u00e9 de faire \u00e9voluer les modes de consommation de nos v\u00e9hicules motoris\u00e9s et s\u2019emploie quotidiennement \u00e0 transformer les pratiques avec les acteurs concern\u00e9s. Mais elle veut aussi aider les plus &quot;fragiles \u00e9conomiquement \u00e0 \u00e9viter de se faire plumer sans r\u00e9agir&quot;. Elle appelle donc le Gouvernement \u00e0 amortir rapidement les fortes \u00e9volutions du prix des produits p\u00e9troliers en baissant la fiscalit\u00e9 des produits p\u00e9troliers. A moyen terme, elle exige que de r\u00e9els moyens soient donn\u00e9s aux acteurs de la route pour qu\u2019ils puissent \u00e9galement participer aux grandes orientations qui vont les concerner dans un avenir tr\u00e8s proche.&quot;<\/p>\n<p>Donc la FFMC appelle les usagers de 2, 3 et 4-roues \u00e0 rejoindre les associations de consommateurs pour faire entendre leurs voix. La <a href=\"http:\/\/www.ffmc.asso.fr\">FFMC<\/a> portera celle des motards. La FFMC exprime \u00e9galement son accord total avec le communiqu\u00e9 de l\u2019<a href=\"http:\/\/www.quechoisir.org\/\">UFC-Que Choisir<\/a> du 07\/11\/07 intitul\u00e9 &quot;A v\u00e9lo ou \u00e0 moto, Christine Lagarde doit demander une contribution citoyenne aux groupes p\u00e9troliers ! &quot;.<\/p>\n<p>Source : <a href=\"http:\/\/www.ffmc.asso.fr\">FFMC<\/a> <\/p>\n","protected":false},"excerpt":{"rendered":"<p>A la suite du &quot;Grenelle de l&rsquo;Environnement&quot; de nombreuses id\u00e9es ont \u00e9t\u00e9 mises en avant, comme la prime \u00e0 la casse par exemple. Cette prime permettrait en effet de renouveler le parc automobile car l&rsquo;Etat devrait offrir 1000\u20ac pour l&rsquo;achat d&rsquo;un v\u00e9hicule neuf. Or c&rsquo;est l\u00e0 que le bas blesse, les deux-roues sont exclus de [&hellip;]<\/p>\n","protected":false},"author":329,"featured_media":0,"comment_status":"open","ping_status":"open","sticky":false,"template":"","format":"standard","meta":{"footnotes":""},"categories":[3],"tags":[],"class_list":["post-1055","post","type-post","status-publish","format-standard","hentry","category-actualite"],"yoast_head":"<!-- This site is optimized with the Yoast SEO plugin v26.0 - https:\/\/yoast.com\/wordpress\/plugins\/seo\/ -->\n<title>FFMC : Carburant, gros probl\u00e8me ! - leblogmoto.com<\/title>\n<meta name=\"robots\" content=\"index, follow, max-snippet:-1, max-image-preview:large, max-video-preview:-1\" \/>\n<link rel=\"canonical\" href=\"https:\/\/blogs.thesocialmedia.com\/leblogmoto\/2007\/11\/30\/ffmc-carburant\/\" \/>\n<meta name=\"twitter:card\" content=\"summary_large_image\" \/>\n<meta name=\"twitter:title\" content=\"FFMC : Carburant, gros probl\u00e8me ! - leblogmoto.com\" \/>\n<meta name=\"twitter:description\" content=\"A la suite du &quot;Grenelle de l&rsquo;Environnement&quot; de nombreuses id\u00e9es ont \u00e9t\u00e9 mises en avant, comme la prime \u00e0 la casse par exemple. Cette prime permettrait en effet de renouveler le parc automobile car l&rsquo;Etat devrait offrir 1000\u20ac pour l&rsquo;achat d&rsquo;un v\u00e9hicule neuf. Or c&rsquo;est l\u00e0 que le bas blesse, les deux-roues sont exclus de [&hellip;]\" \/>\n<meta name=\"twitter:image\" content=\"http:\/\/www.leblogmoto.com\/images\/2007\/11\/30\/ffmc_1_4.jpg\" \/>\n<meta name=\"twitter:label1\" content=\"\u00c9crit par\" \/>\n\t<meta name=\"twitter:data1\" content=\"gregory boucaud\" \/>\n\t<meta name=\"twitter:label2\" content=\"Dur\u00e9e de lecture estim\u00e9e\" \/>\n\t<meta name=\"twitter:data2\" content=\"1 minute\" \/>\n<script type=\"application\/ld+json\" class=\"yoast-schema-graph\">{\"@context\":\"https:\/\/schema.org\",\"@graph\":[{\"@type\":\"WebPage\",\"@id\":\"https:\/\/blogs.thesocialmedia.com\/leblogmoto\/2007\/11\/30\/ffmc-carburant\/\",\"url\":\"https:\/\/blogs.thesocialmedia.com\/leblogmoto\/2007\/11\/30\/ffmc-carburant\/\",\"name\":\"FFMC : Carburant, gros probl\u00e8me ! - leblogmoto.com\",\"isPartOf\":{\"@id\":\"https:\/\/blogs.thesocialmedia.com\/leblogmoto\/#website\"},\"primaryImageOfPage\":{\"@id\":\"https:\/\/blogs.thesocialmedia.com\/leblogmoto\/2007\/11\/30\/ffmc-carburant\/#primaryimage\"},\"image\":{\"@id\":\"https:\/\/blogs.thesocialmedia.com\/leblogmoto\/2007\/11\/30\/ffmc-carburant\/#primaryimage\"},\"thumbnailUrl\":\"http:\/\/www.leblogmoto.com\/images\/2007\/11\/30\/ffmc_1_4.jpg\",\"datePublished\":\"2007-11-30T13:27:11+00:00\",\"dateModified\":\"2012-07-11T15:00:28+00:00\",\"author\":{\"@id\":\"https:\/\/blogs.thesocialmedia.com\/leblogmoto\/#\/schema\/person\/769623f89741cc3381675029a37764f8\"},\"breadcrumb\":{\"@id\":\"https:\/\/blogs.thesocialmedia.com\/leblogmoto\/2007\/11\/30\/ffmc-carburant\/#breadcrumb\"},\"inLanguage\":\"fr-FR\",\"potentialAction\":[{\"@type\":\"ReadAction\",\"target\":[\"https:\/\/blogs.thesocialmedia.com\/leblogmoto\/2007\/11\/30\/ffmc-carburant\/\"]}]},{\"@type\":\"ImageObject\",\"inLanguage\":\"fr-FR\",\"@id\":\"https:\/\/blogs.thesocialmedia.com\/leblogmoto\/2007\/11\/30\/ffmc-carburant\/#primaryimage\",\"url\":\"http:\/\/www.leblogmoto.com\/images\/2007\/11\/30\/ffmc_1_4.jpg\",\"contentUrl\":\"http:\/\/www.leblogmoto.com\/images\/2007\/11\/30\/ffmc_1_4.jpg\"},{\"@type\":\"BreadcrumbList\",\"@id\":\"https:\/\/blogs.thesocialmedia.com\/leblogmoto\/2007\/11\/30\/ffmc-carburant\/#breadcrumb\",\"itemListElement\":[{\"@type\":\"ListItem\",\"position\":1,\"name\":\"Accueil\",\"item\":\"https:\/\/blogs.thesocialmedia.com\/leblogmoto\/\"},{\"@type\":\"ListItem\",\"position\":2,\"name\":\"FFMC : Carburant, gros probl\u00e8me !\"}]},{\"@type\":\"WebSite\",\"@id\":\"https:\/\/blogs.thesocialmedia.com\/leblogmoto\/#website\",\"url\":\"https:\/\/blogs.thesocialmedia.com\/leblogmoto\/\",\"name\":\"leblogmoto\",\"description\":\"Toute l&#039;actualit\u00e9 des 2 roues\",\"potentialAction\":[{\"@type\":\"SearchAction\",\"target\":{\"@type\":\"EntryPoint\",\"urlTemplate\":\"https:\/\/blogs.thesocialmedia.com\/leblogmoto\/?s={search_term_string}\"},\"query-input\":{\"@type\":\"PropertyValueSpecification\",\"valueRequired\":true,\"valueName\":\"search_term_string\"}}],\"inLanguage\":\"fr-FR\"},{\"@type\":\"Person\",\"@id\":\"https:\/\/blogs.thesocialmedia.com\/leblogmoto\/#\/schema\/person\/769623f89741cc3381675029a37764f8\",\"name\":\"gregory boucaud\",\"image\":{\"@type\":\"ImageObject\",\"inLanguage\":\"fr-FR\",\"@id\":\"https:\/\/blogs.thesocialmedia.com\/leblogmoto\/#\/schema\/person\/image\/\",\"url\":\"https:\/\/secure.gravatar.com\/avatar\/?s=96&d=mm&r=g\",\"contentUrl\":\"https:\/\/secure.gravatar.com\/avatar\/?s=96&d=mm&r=g\",\"caption\":\"gregory boucaud\"},\"url\":\"https:\/\/blogs.thesocialmedia.com\/leblogmoto\/author\/gregory-boucaud\/\"}]}<\/script>\n<!-- \/ Yoast SEO plugin. -->","yoast_head_json":{"title":"FFMC : Carburant, gros probl\u00e8me ! - leblogmoto.com","robots":{"index":"index","follow":"follow","max-snippet":"max-snippet:-1","max-image-preview":"max-image-preview:large","max-video-preview":"max-video-preview:-1"},"canonical":"https:\/\/blogs.thesocialmedia.com\/leblogmoto\/2007\/11\/30\/ffmc-carburant\/","twitter_card":"summary_large_image","twitter_title":"FFMC : Carburant, gros probl\u00e8me ! - leblogmoto.com","twitter_description":"A la suite du &quot;Grenelle de l&rsquo;Environnement&quot; de nombreuses id\u00e9es ont \u00e9t\u00e9 mises en avant, comme la prime \u00e0 la casse par exemple. Cette prime permettrait en effet de renouveler le parc automobile car l&rsquo;Etat devrait offrir 1000\u20ac pour l&rsquo;achat d&rsquo;un v\u00e9hicule neuf. Or c&rsquo;est l\u00e0 que le bas blesse, les deux-roues sont exclus de [&hellip;]","twitter_image":"http:\/\/www.leblogmoto.com\/images\/2007\/11\/30\/ffmc_1_4.jpg","twitter_misc":{"\u00c9crit par":"gregory boucaud","Dur\u00e9e de lecture estim\u00e9e":"1 minute"},"schema":{"@context":"https:\/\/schema.org","@graph":[{"@type":"WebPage","@id":"https:\/\/blogs.thesocialmedia.com\/leblogmoto\/2007\/11\/30\/ffmc-carburant\/","url":"https:\/\/blogs.thesocialmedia.com\/leblogmoto\/2007\/11\/30\/ffmc-carburant\/","name":"FFMC : Carburant, gros probl\u00e8me ! - leblogmoto.com","isPartOf":{"@id":"https:\/\/blogs.thesocialmedia.com\/leblogmoto\/#website"},"primaryImageOfPage":{"@id":"https:\/\/blogs.thesocialmedia.com\/leblogmoto\/2007\/11\/30\/ffmc-carburant\/#primaryimage"},"image":{"@id":"https:\/\/blogs.thesocialmedia.com\/leblogmoto\/2007\/11\/30\/ffmc-carburant\/#primaryimage"},"thumbnailUrl":"http:\/\/www.leblogmoto.com\/images\/2007\/11\/30\/ffmc_1_4.jpg","datePublished":"2007-11-30T13:27:11+00:00","dateModified":"2012-07-11T15:00:28+00:00","author":{"@id":"https:\/\/blogs.thesocialmedia.com\/leblogmoto\/#\/schema\/person\/769623f89741cc3381675029a37764f8"},"breadcrumb":{"@id":"https:\/\/blogs.thesocialmedia.com\/leblogmoto\/2007\/11\/30\/ffmc-carburant\/#breadcrumb"},"inLanguage":"fr-FR","potentialAction":[{"@type":"ReadAction","target":["https:\/\/blogs.thesocialmedia.com\/leblogmoto\/2007\/11\/30\/ffmc-carburant\/"]}]},{"@type":"ImageObject","inLanguage":"fr-FR","@id":"https:\/\/blogs.thesocialmedia.com\/leblogmoto\/2007\/11\/30\/ffmc-carburant\/#primaryimage","url":"http:\/\/www.leblogmoto.com\/images\/2007\/11\/30\/ffmc_1_4.jpg","contentUrl":"http:\/\/www.leblogmoto.com\/images\/2007\/11\/30\/ffmc_1_4.jpg"},{"@type":"BreadcrumbList","@id":"https:\/\/blogs.thesocialmedia.com\/leblogmoto\/2007\/11\/30\/ffmc-carburant\/#breadcrumb","itemListElement":[{"@type":"ListItem","position":1,"name":"Accueil","item":"https:\/\/blogs.thesocialmedia.com\/leblogmoto\/"},{"@type":"ListItem","position":2,"name":"FFMC : Carburant, gros probl\u00e8me !"}]},{"@type":"WebSite","@id":"https:\/\/blogs.thesocialmedia.com\/leblogmoto\/#website","url":"https:\/\/blogs.thesocialmedia.com\/leblogmoto\/","name":"leblogmoto","description":"Toute l&#039;actualit\u00e9 des 2 roues","potentialAction":[{"@type":"SearchAction","target":{"@type":"EntryPoint","urlTemplate":"https:\/\/blogs.thesocialmedia.com\/leblogmoto\/?s={search_term_string}"},"query-input":{"@type":"PropertyValueSpecification","valueRequired":true,"valueName":"search_term_string"}}],"inLanguage":"fr-FR"},{"@type":"Person","@id":"https:\/\/blogs.thesocialmedia.com\/leblogmoto\/#\/schema\/person\/769623f89741cc3381675029a37764f8","name":"gregory boucaud","image":{"@type":"ImageObject","inLanguage":"fr-FR","@id":"https:\/\/blogs.thesocialmedia.com\/leblogmoto\/#\/schema\/person\/image\/","url":"https:\/\/secure.gravatar.com\/avatar\/?s=96&d=mm&r=g","contentUrl":"https:\/\/secure.gravatar.com\/avatar\/?s=96&d=mm&r=g","caption":"gregory boucaud"},"url":"https:\/\/blogs.thesocialmedia.com\/leblogmoto\/author\/gregory-boucaud\/"}]}},"_links":{"self":[{"href":"https:\/\/blogs.thesocialmedia.com\/leblogmoto\/wp-json\/wp\/v2\/posts\/1055","targetHints":{"allow":["GET"]}}],"collection":[{"href":"https:\/\/blogs.thesocialmedia.com\/leblogmoto\/wp-json\/wp\/v2\/posts"}],"about":[{"href":"https:\/\/blogs.thesocialmedia.com\/leblogmoto\/wp-json\/wp\/v2\/types\/post"}],"author":[{"embeddable":true,"href":"https:\/\/blogs.thesocialmedia.com\/leblogmoto\/wp-json\/wp\/v2\/users\/329"}],"replies":[{"embeddable":true,"href":"https:\/\/blogs.thesocialmedia.com\/leblogmoto\/wp-json\/wp\/v2\/comments?post=1055"}],"version-history":[{"count":2,"href":"https:\/\/blogs.thesocialmedia.com\/leblogmoto\/wp-json\/wp\/v2\/posts\/1055\/revisions"}],"predecessor-version":[{"id":9298,"href":"https:\/\/blogs.thesocialmedia.com\/leblogmoto\/wp-json\/wp\/v2\/posts\/1055\/revisions\/9298"}],"wp:attachment":[{"href":"https:\/\/blogs.thesocialmedia.com\/leblogmoto\/wp-json\/wp\/v2\/media?parent=1055"}],"wp:term":[{"taxonomy":"category","embeddable":true,"href":"https:\/\/blogs.thesocialmedia.com\/leblogmoto\/wp-json\/wp\/v2\/categories?post=1055"},{"taxonomy":"post_tag","embeddable":true,"href":"https:\/\/blogs.thesocialmedia.com\/leblogmoto\/wp-json\/wp\/v2\/tags?post=1055"}],"curies":[{"name":"wp","href":"https:\/\/api.w.org\/{rel}","templated":true}]}}