{"id":1057,"date":"2007-11-30T06:19:49","date_gmt":"2007-11-30T06:19:49","guid":{"rendered":"http:\/\/blogs.thesocialmedia.com\/leblogmoto\/2007\/11\/30\/session-de-ratt-3\/"},"modified":"2012-07-11T15:00:27","modified_gmt":"2012-07-11T15:00:27","slug":"session-de-ratt-3","status":"publish","type":"post","link":"https:\/\/blogs.thesocialmedia.com\/leblogmoto\/2007\/11\/30\/session-de-ratt-3\/","title":{"rendered":"Session de rattrapage: la superbike KTM RC8 1190."},"content":{"rendered":"<p><a href=\"http:\/\/blogs.thesocialmedia.com\/leblogmoto\/files\/2012\/07\/moto_sportive_ktm_rc8_f.jpg\"><img loading=\"lazy\" decoding=\"async\" width=\"470\" height=\"312\"  src=\"http:\/\/www.leblogmoto.com\/images\/2007\/11\/29\/moto_sportive_ktm_rc8_f.jpg\" alt=\"Moto_sportive_ktm_rc8_f\" \/><\/a><\/p>\n<p>Au secours, le <em>edge design<\/em> revient ! On le croyait mort et enterr\u00e9 mais <a href=\"http:\/\/blogs.thesocialmedia.com\/leblogmoto\/files\/2012\/07\/ktm-690-stunt.html_.png\">Gerald Kiska<\/a> (ci-dessous, dans une photo rare) est bien d\u00e9cid\u00e9 \u00e0 le ressusciter sur les nouvelles katoches et le pousse \u00e0 son paroxysme avec les lignes anguleuses de ce twin autrichien. Twin qui a b\u00e9n\u00e9fici\u00e9 du nouveau r\u00e8glement de Superbike homologuant les bicylindres cubant du 1200. Une r\u00e8gle cr\u00e9\u00e9e sur mesure pour Ducati et pouss\u00e9e par cette derni\u00e8re, contre l&rsquo;avis de la majorit\u00e9 du plateau. <\/p>\n<p>Qu&rsquo;importe, de toute fa\u00e7on vous ne verrez ce KTM en WSBK qu&rsquo;en 2009, au mieux. Cependant, pour 15.000 \u20ac vous pourrez d\u00e8s l&rsquo;ann\u00e9e prochaine tenter de dompter ses 155 chevaux (contre 136 pour le proto) pour 200 Kg tous pleins faits. Des chiffres qui le place en retrait des Japonaises et Italiennes dans ces domaines. <\/p>\n<p>Admirez les instruments, dans sa version proto, c&rsquo;est un clin d&rsquo;oeil (ou un pied-de-nez) \u00e0 Suzuki. avec un ensemble cadran analogique et num\u00e9rique retourn\u00e9 \u00e0 90\u00b0compar\u00e9 au GSX-R 1000 (avant-derni\u00e8re photo). La version de 2008 poss\u00e8dera un \u00e9cran tout LCD (photo tout en bas de page).<\/p>\n<p>Par rapport au concept bike de 2005, la motorisation a \u00e9t\u00e9 revue \u00e0 la hausse de 990 \u00e0 1149cc. Oui je sais il s&rsquo;appelle &quot;1190&quot; mais comme nous vous l&rsquo;avions expliqu\u00e9 dans <a href=\"http:\/\/blogs.thesocialmedia.com\/leblogmoto\/files\/2012\/07\/ktm-690-stunt.html_.png\">un article pr\u00e9c\u00e9dent<\/a>, il ne sert \u00e0 rien de comprendre la classification KTM en cylindr\u00e9e, si ce n&rsquo;est qu&rsquo;elle rel\u00e8ve plus du marketing que de la m\u00e9canique. <\/p>\n<p>Pour le design, certes le bras oscillant est moins massif et on lui a adjoint un l\u00e8che-roue, mais les lignes originales du proto sont respect\u00e9es, on voit le lien de parent\u00e9 dans les choix stylistiques avec le Venom (en blanc). La solution tr\u00e8s &quot;buellesque&quot; d&rsquo;un \u00e9chappement sous le moteur a aussi \u00e9tait gard\u00e9 zt son arri\u00e8re-train avec une multitude de diodes est, je trouve, tr\u00e8s r\u00e9ussi. <\/p>\n<p>Un adversaire digne de BMW et de la superbe 1098 de Ducati&#8230; et, bien s\u00fbr &#8211; que KTM et les autres le veuillent ou non &#8211; un adversaire pour le cocktail puissance-efficacit\u00e9-fiabilit\u00e9 des superbikes du pays du soleil levant, que ce soit sur la piste <u>comme<\/u> dans les concessions. <\/p>\n<p>(Si ce n&rsquo;est pas le cas, je voudrais savoir alors pourquoi Ducati aux USA essaie d&rsquo;aligner ses prix sur les sportives 1000 japonaises&#8230;?).<\/p>\n<p><a href=\"http:\/\/clabedan.typepad.com\/.shared\/image.html?\/photos\/uncategorized\/2007\/11\/29\/moto_sportive_ktm_rc8_g.jpg\"><img loading=\"lazy\" decoding=\"async\" width=\"470\" height=\"626\"  src=\"http:\/\/www.leblogmoto.com\/images\/2007\/11\/29\/moto_sportive_ktm_rc8_g.jpg\" alt=\"Moto_sportive_ktm_rc8_g\" \/><\/a> <br \/><a href=\"http:\/\/blogs.thesocialmedia.com\/leblogmoto\/files\/2012\/07\/moto_sportive_ktm_rc8_superbike_d.jpg\"><img loading=\"lazy\" decoding=\"async\" width=\"470\" height=\"274\"  src=\"http:\/\/www.leblogmoto.com\/images\/2007\/11\/29\/moto_sportive_ktm_rc8_superbike_d.jpg\" alt=\"Moto_sportive_ktm_rc8_superbike_d\" \/><\/a><\/p>\n<p><a href=\"http:\/\/blogs.thesocialmedia.com\/leblogmoto\/files\/2012\/07\/moto_concept_sportive_ktm_rc8_990_p.jpg\"><img loading=\"lazy\" decoding=\"async\" width=\"470\" height=\"352\"  alt=\"Moto_concept_sportive_ktm_rc8_990_p\" src=\"http:\/\/www.leblogmoto.com\/images\/2007\/11\/30\/moto_concept_sportive_ktm_rc8_990_p.jpg\" \/><\/a> <br \/><a href=\"http:\/\/blogs.thesocialmedia.com\/leblogmoto\/files\/2012\/07\/moto_sportive_ktm_rc8_l_2.jpg\"><img loading=\"lazy\" decoding=\"async\" width=\"470\" height=\"289\"  src=\"http:\/\/www.leblogmoto.com\/images\/2007\/11\/29\/moto_sportive_ktm_rc8_l_2.jpg\" alt=\"Moto_sportive_ktm_rc8_l_2\" \/><\/a> <br \/><a href=\"http:\/\/blogs.thesocialmedia.com\/leblogmoto\/files\/2012\/07\/moto_sportive_ktm_rc8_superbike_c.jpg\"><img loading=\"lazy\" decoding=\"async\" width=\"470\" height=\"274\"  src=\"http:\/\/www.leblogmoto.com\/images\/2007\/11\/29\/moto_sportive_ktm_rc8_superbike_c.jpg\" alt=\"Moto_sportive_ktm_rc8_superbike_c\" \/><\/a><\/p>\n<p><a href=\"http:\/\/blogs.thesocialmedia.com\/leblogmoto\/files\/2012\/07\/moto_sportive_ktm_rc8_superbike_b.jpg\"><img loading=\"lazy\" decoding=\"async\" width=\"470\" height=\"274\"  src=\"http:\/\/www.leblogmoto.com\/images\/2007\/11\/29\/moto_sportive_ktm_rc8_superbike_b.jpg\" alt=\"Moto_sportive_ktm_rc8_superbike_b\" \/><\/a><\/p>\n<p><a href=\"http:\/\/blogs.thesocialmedia.com\/leblogmoto\/files\/2012\/07\/moto_sportive_ktm_rc8_superbike_a.jpg\"><img loading=\"lazy\" decoding=\"async\" width=\"470\" height=\"274\"  src=\"http:\/\/www.leblogmoto.com\/images\/2007\/11\/29\/moto_sportive_ktm_rc8_superbike_a.jpg\" alt=\"Moto_sportive_ktm_rc8_superbike_a\" \/><\/a> <br \/><a href=\"http:\/\/blogs.thesocialmedia.com\/leblogmoto\/files\/2012\/07\/moto_sportive_ktm_rc8_i.jpg\"><img loading=\"lazy\" decoding=\"async\" width=\"470\" height=\"448\"  src=\"http:\/\/www.leblogmoto.com\/images\/2007\/11\/29\/moto_sportive_ktm_rc8_i.jpg\" alt=\"Moto_sportive_ktm_rc8_i\" \/><\/a> <br \/><a href=\"http:\/\/blogs.thesocialmedia.com\/leblogmoto\/files\/2012\/07\/moto_sportive_ktm_rc8_j.jpg\"><img loading=\"lazy\" decoding=\"async\" width=\"470\" height=\"393\"  src=\"http:\/\/www.leblogmoto.com\/images\/2007\/11\/29\/moto_sportive_ktm_rc8_j.jpg\" alt=\"Moto_sportive_ktm_rc8_j\" \/><\/a> <br \/><a href=\"http:\/\/blogs.thesocialmedia.com\/leblogmoto\/files\/2012\/07\/moto_sportive_ktm_rc8_k.jpg\"><img loading=\"lazy\" decoding=\"async\" width=\"470\" height=\"350\"  src=\"http:\/\/www.leblogmoto.com\/images\/2007\/11\/29\/moto_sportive_ktm_rc8_k.jpg\" alt=\"Moto_sportive_ktm_rc8_k\" \/><\/a> <br \/><a href=\"http:\/\/blogs.thesocialmedia.com\/leblogmoto\/files\/2012\/07\/moto_sportive_ktm_rc8_h.jpg\"><img loading=\"lazy\" decoding=\"async\" width=\"470\" height=\"417\"  src=\"http:\/\/www.leblogmoto.com\/images\/2007\/11\/29\/moto_sportive_ktm_rc8_h.jpg\" alt=\"Moto_sportive_ktm_rc8_h\" \/><\/a><\/p>\n<p><a href=\"http:\/\/blogs.thesocialmedia.com\/leblogmoto\/files\/2012\/07\/moto_sportive_ktm_rc8_1190_m.jpg\"><img loading=\"lazy\" decoding=\"async\" width=\"470\" height=\"348\"  src=\"http:\/\/www.leblogmoto.com\/images\/2007\/11\/30\/moto_sportive_ktm_rc8_1190_m.jpg\" alt=\"Moto_sportive_ktm_rc8_1190_m\" \/><\/a> <\/p>\n<p><em>c\u00e9dits photos: photo constructeur et southbayriders.com pour la photo de Kiska.<\/em> <\/p>\n","protected":false},"excerpt":{"rendered":"<p>Au secours, le edge design revient ! On le croyait mort et enterr\u00e9 mais Gerald Kiska (ci-dessous, dans une photo rare) est bien d\u00e9cid\u00e9 \u00e0 le ressusciter sur les nouvelles katoches et le pousse \u00e0 son paroxysme avec les lignes anguleuses de ce twin autrichien. Twin qui a b\u00e9n\u00e9fici\u00e9 du nouveau r\u00e8glement de Superbike homologuant [&hellip;]<\/p>\n","protected":false},"author":324,"featured_media":0,"comment_status":"open","ping_status":"open","sticky":false,"template":"","format":"standard","meta":{"footnotes":""},"categories":[3,33,39,46],"tags":[],"class_list":["post-1057","post","type-post","status-publish","format-standard","hentry","category-actualite","category-concept-bike","category-ktm","category-superbike"],"yoast_head":"<!-- This site is optimized with the Yoast SEO plugin v26.0 - https:\/\/yoast.com\/wordpress\/plugins\/seo\/ -->\n<title>Session de rattrapage: la superbike KTM RC8 1190. - leblogmoto.com<\/title>\n<meta name=\"robots\" content=\"index, follow, max-snippet:-1, max-image-preview:large, max-video-preview:-1\" \/>\n<link rel=\"canonical\" href=\"https:\/\/blogs.thesocialmedia.com\/leblogmoto\/2007\/11\/30\/session-de-ratt-3\/\" \/>\n<meta name=\"twitter:card\" content=\"summary_large_image\" \/>\n<meta name=\"twitter:title\" content=\"Session de rattrapage: la superbike KTM RC8 1190. - leblogmoto.com\" \/>\n<meta name=\"twitter:description\" content=\"Au secours, le edge design revient ! On le croyait mort et enterr\u00e9 mais Gerald Kiska (ci-dessous, dans une photo rare) est bien d\u00e9cid\u00e9 \u00e0 le ressusciter sur les nouvelles katoches et le pousse \u00e0 son paroxysme avec les lignes anguleuses de ce twin autrichien. Twin qui a b\u00e9n\u00e9fici\u00e9 du nouveau r\u00e8glement de Superbike homologuant [&hellip;]\" \/>\n<meta name=\"twitter:image\" content=\"http:\/\/www.leblogmoto.com\/images\/2007\/11\/29\/moto_sportive_ktm_rc8_f.jpg\" \/>\n<meta name=\"twitter:label1\" content=\"\u00c9crit par\" \/>\n\t<meta name=\"twitter:data1\" content=\"benoit rieu\" \/>\n\t<meta name=\"twitter:label2\" content=\"Dur\u00e9e de lecture estim\u00e9e\" \/>\n\t<meta name=\"twitter:data2\" content=\"2 minutes\" \/>\n<script type=\"application\/ld+json\" class=\"yoast-schema-graph\">{\"@context\":\"https:\/\/schema.org\",\"@graph\":[{\"@type\":\"WebPage\",\"@id\":\"https:\/\/blogs.thesocialmedia.com\/leblogmoto\/2007\/11\/30\/session-de-ratt-3\/\",\"url\":\"https:\/\/blogs.thesocialmedia.com\/leblogmoto\/2007\/11\/30\/session-de-ratt-3\/\",\"name\":\"Session de rattrapage: la superbike KTM RC8 1190. - leblogmoto.com\",\"isPartOf\":{\"@id\":\"https:\/\/blogs.thesocialmedia.com\/leblogmoto\/#website\"},\"primaryImageOfPage\":{\"@id\":\"https:\/\/blogs.thesocialmedia.com\/leblogmoto\/2007\/11\/30\/session-de-ratt-3\/#primaryimage\"},\"image\":{\"@id\":\"https:\/\/blogs.thesocialmedia.com\/leblogmoto\/2007\/11\/30\/session-de-ratt-3\/#primaryimage\"},\"thumbnailUrl\":\"http:\/\/www.leblogmoto.com\/images\/2007\/11\/29\/moto_sportive_ktm_rc8_f.jpg\",\"datePublished\":\"2007-11-30T06:19:49+00:00\",\"dateModified\":\"2012-07-11T15:00:27+00:00\",\"author\":{\"@id\":\"https:\/\/blogs.thesocialmedia.com\/leblogmoto\/#\/schema\/person\/18bfe773e5725ed6d24f743da805362a\"},\"breadcrumb\":{\"@id\":\"https:\/\/blogs.thesocialmedia.com\/leblogmoto\/2007\/11\/30\/session-de-ratt-3\/#breadcrumb\"},\"inLanguage\":\"fr-FR\",\"potentialAction\":[{\"@type\":\"ReadAction\",\"target\":[\"https:\/\/blogs.thesocialmedia.com\/leblogmoto\/2007\/11\/30\/session-de-ratt-3\/\"]}]},{\"@type\":\"ImageObject\",\"inLanguage\":\"fr-FR\",\"@id\":\"https:\/\/blogs.thesocialmedia.com\/leblogmoto\/2007\/11\/30\/session-de-ratt-3\/#primaryimage\",\"url\":\"http:\/\/www.leblogmoto.com\/images\/2007\/11\/29\/moto_sportive_ktm_rc8_f.jpg\",\"contentUrl\":\"http:\/\/www.leblogmoto.com\/images\/2007\/11\/29\/moto_sportive_ktm_rc8_f.jpg\"},{\"@type\":\"BreadcrumbList\",\"@id\":\"https:\/\/blogs.thesocialmedia.com\/leblogmoto\/2007\/11\/30\/session-de-ratt-3\/#breadcrumb\",\"itemListElement\":[{\"@type\":\"ListItem\",\"position\":1,\"name\":\"Accueil\",\"item\":\"https:\/\/blogs.thesocialmedia.com\/leblogmoto\/\"},{\"@type\":\"ListItem\",\"position\":2,\"name\":\"Session de rattrapage: la superbike KTM RC8 1190.\"}]},{\"@type\":\"WebSite\",\"@id\":\"https:\/\/blogs.thesocialmedia.com\/leblogmoto\/#website\",\"url\":\"https:\/\/blogs.thesocialmedia.com\/leblogmoto\/\",\"name\":\"leblogmoto\",\"description\":\"Toute l&#039;actualit\u00e9 des 2 roues\",\"potentialAction\":[{\"@type\":\"SearchAction\",\"target\":{\"@type\":\"EntryPoint\",\"urlTemplate\":\"https:\/\/blogs.thesocialmedia.com\/leblogmoto\/?s={search_term_string}\"},\"query-input\":{\"@type\":\"PropertyValueSpecification\",\"valueRequired\":true,\"valueName\":\"search_term_string\"}}],\"inLanguage\":\"fr-FR\"},{\"@type\":\"Person\",\"@id\":\"https:\/\/blogs.thesocialmedia.com\/leblogmoto\/#\/schema\/person\/18bfe773e5725ed6d24f743da805362a\",\"name\":\"benoit rieu\",\"image\":{\"@type\":\"ImageObject\",\"inLanguage\":\"fr-FR\",\"@id\":\"https:\/\/blogs.thesocialmedia.com\/leblogmoto\/#\/schema\/person\/image\/\",\"url\":\"https:\/\/secure.gravatar.com\/avatar\/?s=96&d=mm&r=g\",\"contentUrl\":\"https:\/\/secure.gravatar.com\/avatar\/?s=96&d=mm&r=g\",\"caption\":\"benoit rieu\"},\"url\":\"https:\/\/blogs.thesocialmedia.com\/leblogmoto\/author\/benoit-rieu\/\"}]}<\/script>\n<!-- \/ Yoast SEO plugin. -->","yoast_head_json":{"title":"Session de rattrapage: la superbike KTM RC8 1190. - leblogmoto.com","robots":{"index":"index","follow":"follow","max-snippet":"max-snippet:-1","max-image-preview":"max-image-preview:large","max-video-preview":"max-video-preview:-1"},"canonical":"https:\/\/blogs.thesocialmedia.com\/leblogmoto\/2007\/11\/30\/session-de-ratt-3\/","twitter_card":"summary_large_image","twitter_title":"Session de rattrapage: la superbike KTM RC8 1190. - leblogmoto.com","twitter_description":"Au secours, le edge design revient ! On le croyait mort et enterr\u00e9 mais Gerald Kiska (ci-dessous, dans une photo rare) est bien d\u00e9cid\u00e9 \u00e0 le ressusciter sur les nouvelles katoches et le pousse \u00e0 son paroxysme avec les lignes anguleuses de ce twin autrichien. Twin qui a b\u00e9n\u00e9fici\u00e9 du nouveau r\u00e8glement de Superbike homologuant [&hellip;]","twitter_image":"http:\/\/www.leblogmoto.com\/images\/2007\/11\/29\/moto_sportive_ktm_rc8_f.jpg","twitter_misc":{"\u00c9crit par":"benoit rieu","Dur\u00e9e de lecture estim\u00e9e":"2 minutes"},"schema":{"@context":"https:\/\/schema.org","@graph":[{"@type":"WebPage","@id":"https:\/\/blogs.thesocialmedia.com\/leblogmoto\/2007\/11\/30\/session-de-ratt-3\/","url":"https:\/\/blogs.thesocialmedia.com\/leblogmoto\/2007\/11\/30\/session-de-ratt-3\/","name":"Session de rattrapage: la superbike KTM RC8 1190. - leblogmoto.com","isPartOf":{"@id":"https:\/\/blogs.thesocialmedia.com\/leblogmoto\/#website"},"primaryImageOfPage":{"@id":"https:\/\/blogs.thesocialmedia.com\/leblogmoto\/2007\/11\/30\/session-de-ratt-3\/#primaryimage"},"image":{"@id":"https:\/\/blogs.thesocialmedia.com\/leblogmoto\/2007\/11\/30\/session-de-ratt-3\/#primaryimage"},"thumbnailUrl":"http:\/\/www.leblogmoto.com\/images\/2007\/11\/29\/moto_sportive_ktm_rc8_f.jpg","datePublished":"2007-11-30T06:19:49+00:00","dateModified":"2012-07-11T15:00:27+00:00","author":{"@id":"https:\/\/blogs.thesocialmedia.com\/leblogmoto\/#\/schema\/person\/18bfe773e5725ed6d24f743da805362a"},"breadcrumb":{"@id":"https:\/\/blogs.thesocialmedia.com\/leblogmoto\/2007\/11\/30\/session-de-ratt-3\/#breadcrumb"},"inLanguage":"fr-FR","potentialAction":[{"@type":"ReadAction","target":["https:\/\/blogs.thesocialmedia.com\/leblogmoto\/2007\/11\/30\/session-de-ratt-3\/"]}]},{"@type":"ImageObject","inLanguage":"fr-FR","@id":"https:\/\/blogs.thesocialmedia.com\/leblogmoto\/2007\/11\/30\/session-de-ratt-3\/#primaryimage","url":"http:\/\/www.leblogmoto.com\/images\/2007\/11\/29\/moto_sportive_ktm_rc8_f.jpg","contentUrl":"http:\/\/www.leblogmoto.com\/images\/2007\/11\/29\/moto_sportive_ktm_rc8_f.jpg"},{"@type":"BreadcrumbList","@id":"https:\/\/blogs.thesocialmedia.com\/leblogmoto\/2007\/11\/30\/session-de-ratt-3\/#breadcrumb","itemListElement":[{"@type":"ListItem","position":1,"name":"Accueil","item":"https:\/\/blogs.thesocialmedia.com\/leblogmoto\/"},{"@type":"ListItem","position":2,"name":"Session de rattrapage: la superbike KTM RC8 1190."}]},{"@type":"WebSite","@id":"https:\/\/blogs.thesocialmedia.com\/leblogmoto\/#website","url":"https:\/\/blogs.thesocialmedia.com\/leblogmoto\/","name":"leblogmoto","description":"Toute l&#039;actualit\u00e9 des 2 roues","potentialAction":[{"@type":"SearchAction","target":{"@type":"EntryPoint","urlTemplate":"https:\/\/blogs.thesocialmedia.com\/leblogmoto\/?s={search_term_string}"},"query-input":{"@type":"PropertyValueSpecification","valueRequired":true,"valueName":"search_term_string"}}],"inLanguage":"fr-FR"},{"@type":"Person","@id":"https:\/\/blogs.thesocialmedia.com\/leblogmoto\/#\/schema\/person\/18bfe773e5725ed6d24f743da805362a","name":"benoit rieu","image":{"@type":"ImageObject","inLanguage":"fr-FR","@id":"https:\/\/blogs.thesocialmedia.com\/leblogmoto\/#\/schema\/person\/image\/","url":"https:\/\/secure.gravatar.com\/avatar\/?s=96&d=mm&r=g","contentUrl":"https:\/\/secure.gravatar.com\/avatar\/?s=96&d=mm&r=g","caption":"benoit rieu"},"url":"https:\/\/blogs.thesocialmedia.com\/leblogmoto\/author\/benoit-rieu\/"}]}},"_links":{"self":[{"href":"https:\/\/blogs.thesocialmedia.com\/leblogmoto\/wp-json\/wp\/v2\/posts\/1057","targetHints":{"allow":["GET"]}}],"collection":[{"href":"https:\/\/blogs.thesocialmedia.com\/leblogmoto\/wp-json\/wp\/v2\/posts"}],"about":[{"href":"https:\/\/blogs.thesocialmedia.com\/leblogmoto\/wp-json\/wp\/v2\/types\/post"}],"author":[{"embeddable":true,"href":"https:\/\/blogs.thesocialmedia.com\/leblogmoto\/wp-json\/wp\/v2\/users\/324"}],"replies":[{"embeddable":true,"href":"https:\/\/blogs.thesocialmedia.com\/leblogmoto\/wp-json\/wp\/v2\/comments?post=1057"}],"version-history":[{"count":2,"href":"https:\/\/blogs.thesocialmedia.com\/leblogmoto\/wp-json\/wp\/v2\/posts\/1057\/revisions"}],"predecessor-version":[{"id":9296,"href":"https:\/\/blogs.thesocialmedia.com\/leblogmoto\/wp-json\/wp\/v2\/posts\/1057\/revisions\/9296"}],"wp:attachment":[{"href":"https:\/\/blogs.thesocialmedia.com\/leblogmoto\/wp-json\/wp\/v2\/media?parent=1057"}],"wp:term":[{"taxonomy":"category","embeddable":true,"href":"https:\/\/blogs.thesocialmedia.com\/leblogmoto\/wp-json\/wp\/v2\/categories?post=1057"},{"taxonomy":"post_tag","embeddable":true,"href":"https:\/\/blogs.thesocialmedia.com\/leblogmoto\/wp-json\/wp\/v2\/tags?post=1057"}],"curies":[{"name":"wp","href":"https:\/\/api.w.org\/{rel}","templated":true}]}}