{"id":1058,"date":"2007-11-30T06:03:18","date_gmt":"2007-11-30T06:03:18","guid":{"rendered":"http:\/\/blogs.thesocialmedia.com\/leblogmoto\/2007\/11\/30\/laccident-de-st\/"},"modified":"2012-07-11T14:59:59","modified_gmt":"2012-07-11T14:59:59","slug":"laccident-de-st","status":"publish","type":"post","link":"https:\/\/blogs.thesocialmedia.com\/leblogmoto\/2007\/11\/30\/laccident-de-st\/","title":{"rendered":"L&rsquo;accident de Stoner g\u00e2che un peu la f\u00eate \u00e0 Bologne."},"content":{"rendered":"<p><a href=\"http:\/\/blogs.thesocialmedia.com\/leblogmoto\/files\/2012\/07\/moto_pilotes_casey_stoner_leading.jpg\"><img loading=\"lazy\" decoding=\"async\" width=\"470\" height=\"328\"  alt=\"Moto_pilotes_casey_stoner_leading\" src=\"http:\/\/www.leblogmoto.com\/images\/2007\/11\/29\/moto_pilotes_casey_stoner_leading.jpg\" \/><\/a><\/p>\n<p>Le champion en titre Casey Stoner s&rsquo;est bless\u00e9 lors de la derni\u00e8re journ\u00e9e de test 2007, \u00e0 Jerez et dans sa chute a atterri sur son \u00e9paule gauche. La douleur augmentant lors de la nuit de jeudi il a d\u00e9cid\u00e9 de rejoindre l&rsquo;Australie o\u00f9 sa blessure sera examin\u00e9e tout en lui permettant de retrouver sa famille et sa compagne. Par cons\u00e9quent, il sera absent du week-end de c\u00e9l\u00e9brations des titres mondiaux pilote-constructeur-\u00e9quipe \u00e0 Bologne. <\/p>\n<p>Il devait arriver sur sc\u00e8ne dimanche sur la Piazzia Maggiore de la ville, en cl\u00f4ture de ces deux jours qui verront Bologne vivre au rythme du Ducati Village avec ses nombreuses animations, des <em>sets <\/em>de DJ connus aux circuits minimotos pour enfants. Le &quot;quartier g\u00e9n\u00e9ral&quot; de Borgo Panigale sera \u00e9galement (et partiellement) ouvert pour visiter l&rsquo;usine et le mus\u00e9e Ducati.<\/p>\n<p><a href=\"http:\/\/blogs.thesocialmedia.com\/leblogmoto\/files\/2012\/07\/moto_pilotes_casey_stoner_leading_2.jpg\"><img loading=\"lazy\" decoding=\"async\" width=\"470\" height=\"352\"  src=\"http:\/\/www.leblogmoto.com\/images\/2007\/11\/29\/moto_pilotes_casey_stoner_leading_2.jpg\" alt=\"Moto_pilotes_casey_stoner_leading_2\" \/><\/a><\/p>\n<p><em>cr\u00e9dit photos: Ducati corse.<\/em> <\/p>\n","protected":false},"excerpt":{"rendered":"<p>Le champion en titre Casey Stoner s&rsquo;est bless\u00e9 lors de la derni\u00e8re journ\u00e9e de test 2007, \u00e0 Jerez et dans sa chute a atterri sur son \u00e9paule gauche. La douleur augmentant lors de la nuit de jeudi il a d\u00e9cid\u00e9 de rejoindre l&rsquo;Australie o\u00f9 sa blessure sera examin\u00e9e tout en lui permettant de retrouver sa [&hellip;]<\/p>\n","protected":false},"author":324,"featured_media":0,"comment_status":"open","ping_status":"open","sticky":false,"template":"","format":"standard","meta":{"footnotes":""},"categories":[3,41,10,22],"tags":[],"class_list":["post-1058","post","type-post","status-publish","format-standard","hentry","category-actualite","category-ducati","category-meetings","category-motogp"],"yoast_head":"<!-- This site is optimized with the Yoast SEO plugin v26.0 - https:\/\/yoast.com\/wordpress\/plugins\/seo\/ -->\n<title>L&#039;accident de Stoner g\u00e2che un peu la f\u00eate \u00e0 Bologne. - leblogmoto.com<\/title>\n<meta name=\"robots\" content=\"index, follow, max-snippet:-1, max-image-preview:large, max-video-preview:-1\" \/>\n<link rel=\"canonical\" href=\"https:\/\/blogs.thesocialmedia.com\/leblogmoto\/2007\/11\/30\/laccident-de-st\/\" \/>\n<meta name=\"twitter:card\" content=\"summary_large_image\" \/>\n<meta name=\"twitter:title\" content=\"L&#039;accident de Stoner g\u00e2che un peu la f\u00eate \u00e0 Bologne. - leblogmoto.com\" \/>\n<meta name=\"twitter:description\" content=\"Le champion en titre Casey Stoner s&rsquo;est bless\u00e9 lors de la derni\u00e8re journ\u00e9e de test 2007, \u00e0 Jerez et dans sa chute a atterri sur son \u00e9paule gauche. La douleur augmentant lors de la nuit de jeudi il a d\u00e9cid\u00e9 de rejoindre l&rsquo;Australie o\u00f9 sa blessure sera examin\u00e9e tout en lui permettant de retrouver sa [&hellip;]\" \/>\n<meta name=\"twitter:image\" content=\"http:\/\/www.leblogmoto.com\/images\/2007\/11\/29\/moto_pilotes_casey_stoner_leading.jpg\" \/>\n<meta name=\"twitter:label1\" content=\"\u00c9crit par\" \/>\n\t<meta name=\"twitter:data1\" content=\"benoit rieu\" \/>\n\t<meta name=\"twitter:label2\" content=\"Dur\u00e9e de lecture estim\u00e9e\" \/>\n\t<meta name=\"twitter:data2\" content=\"1 minute\" \/>\n<script type=\"application\/ld+json\" class=\"yoast-schema-graph\">{\"@context\":\"https:\/\/schema.org\",\"@graph\":[{\"@type\":\"WebPage\",\"@id\":\"https:\/\/blogs.thesocialmedia.com\/leblogmoto\/2007\/11\/30\/laccident-de-st\/\",\"url\":\"https:\/\/blogs.thesocialmedia.com\/leblogmoto\/2007\/11\/30\/laccident-de-st\/\",\"name\":\"L'accident de Stoner g\u00e2che un peu la f\u00eate \u00e0 Bologne. - leblogmoto.com\",\"isPartOf\":{\"@id\":\"https:\/\/blogs.thesocialmedia.com\/leblogmoto\/#website\"},\"primaryImageOfPage\":{\"@id\":\"https:\/\/blogs.thesocialmedia.com\/leblogmoto\/2007\/11\/30\/laccident-de-st\/#primaryimage\"},\"image\":{\"@id\":\"https:\/\/blogs.thesocialmedia.com\/leblogmoto\/2007\/11\/30\/laccident-de-st\/#primaryimage\"},\"thumbnailUrl\":\"http:\/\/www.leblogmoto.com\/images\/2007\/11\/29\/moto_pilotes_casey_stoner_leading.jpg\",\"datePublished\":\"2007-11-30T06:03:18+00:00\",\"dateModified\":\"2012-07-11T14:59:59+00:00\",\"author\":{\"@id\":\"https:\/\/blogs.thesocialmedia.com\/leblogmoto\/#\/schema\/person\/18bfe773e5725ed6d24f743da805362a\"},\"breadcrumb\":{\"@id\":\"https:\/\/blogs.thesocialmedia.com\/leblogmoto\/2007\/11\/30\/laccident-de-st\/#breadcrumb\"},\"inLanguage\":\"fr-FR\",\"potentialAction\":[{\"@type\":\"ReadAction\",\"target\":[\"https:\/\/blogs.thesocialmedia.com\/leblogmoto\/2007\/11\/30\/laccident-de-st\/\"]}]},{\"@type\":\"ImageObject\",\"inLanguage\":\"fr-FR\",\"@id\":\"https:\/\/blogs.thesocialmedia.com\/leblogmoto\/2007\/11\/30\/laccident-de-st\/#primaryimage\",\"url\":\"http:\/\/www.leblogmoto.com\/images\/2007\/11\/29\/moto_pilotes_casey_stoner_leading.jpg\",\"contentUrl\":\"http:\/\/www.leblogmoto.com\/images\/2007\/11\/29\/moto_pilotes_casey_stoner_leading.jpg\"},{\"@type\":\"BreadcrumbList\",\"@id\":\"https:\/\/blogs.thesocialmedia.com\/leblogmoto\/2007\/11\/30\/laccident-de-st\/#breadcrumb\",\"itemListElement\":[{\"@type\":\"ListItem\",\"position\":1,\"name\":\"Accueil\",\"item\":\"https:\/\/blogs.thesocialmedia.com\/leblogmoto\/\"},{\"@type\":\"ListItem\",\"position\":2,\"name\":\"L&rsquo;accident de Stoner g\u00e2che un peu la f\u00eate \u00e0 Bologne.\"}]},{\"@type\":\"WebSite\",\"@id\":\"https:\/\/blogs.thesocialmedia.com\/leblogmoto\/#website\",\"url\":\"https:\/\/blogs.thesocialmedia.com\/leblogmoto\/\",\"name\":\"leblogmoto\",\"description\":\"Toute l&#039;actualit\u00e9 des 2 roues\",\"potentialAction\":[{\"@type\":\"SearchAction\",\"target\":{\"@type\":\"EntryPoint\",\"urlTemplate\":\"https:\/\/blogs.thesocialmedia.com\/leblogmoto\/?s={search_term_string}\"},\"query-input\":{\"@type\":\"PropertyValueSpecification\",\"valueRequired\":true,\"valueName\":\"search_term_string\"}}],\"inLanguage\":\"fr-FR\"},{\"@type\":\"Person\",\"@id\":\"https:\/\/blogs.thesocialmedia.com\/leblogmoto\/#\/schema\/person\/18bfe773e5725ed6d24f743da805362a\",\"name\":\"benoit rieu\",\"image\":{\"@type\":\"ImageObject\",\"inLanguage\":\"fr-FR\",\"@id\":\"https:\/\/blogs.thesocialmedia.com\/leblogmoto\/#\/schema\/person\/image\/\",\"url\":\"https:\/\/secure.gravatar.com\/avatar\/?s=96&d=mm&r=g\",\"contentUrl\":\"https:\/\/secure.gravatar.com\/avatar\/?s=96&d=mm&r=g\",\"caption\":\"benoit rieu\"},\"url\":\"https:\/\/blogs.thesocialmedia.com\/leblogmoto\/author\/benoit-rieu\/\"}]}<\/script>\n<!-- \/ Yoast SEO plugin. -->","yoast_head_json":{"title":"L'accident de Stoner g\u00e2che un peu la f\u00eate \u00e0 Bologne. - leblogmoto.com","robots":{"index":"index","follow":"follow","max-snippet":"max-snippet:-1","max-image-preview":"max-image-preview:large","max-video-preview":"max-video-preview:-1"},"canonical":"https:\/\/blogs.thesocialmedia.com\/leblogmoto\/2007\/11\/30\/laccident-de-st\/","twitter_card":"summary_large_image","twitter_title":"L'accident de Stoner g\u00e2che un peu la f\u00eate \u00e0 Bologne. - leblogmoto.com","twitter_description":"Le champion en titre Casey Stoner s&rsquo;est bless\u00e9 lors de la derni\u00e8re journ\u00e9e de test 2007, \u00e0 Jerez et dans sa chute a atterri sur son \u00e9paule gauche. La douleur augmentant lors de la nuit de jeudi il a d\u00e9cid\u00e9 de rejoindre l&rsquo;Australie o\u00f9 sa blessure sera examin\u00e9e tout en lui permettant de retrouver sa [&hellip;]","twitter_image":"http:\/\/www.leblogmoto.com\/images\/2007\/11\/29\/moto_pilotes_casey_stoner_leading.jpg","twitter_misc":{"\u00c9crit par":"benoit rieu","Dur\u00e9e de lecture estim\u00e9e":"1 minute"},"schema":{"@context":"https:\/\/schema.org","@graph":[{"@type":"WebPage","@id":"https:\/\/blogs.thesocialmedia.com\/leblogmoto\/2007\/11\/30\/laccident-de-st\/","url":"https:\/\/blogs.thesocialmedia.com\/leblogmoto\/2007\/11\/30\/laccident-de-st\/","name":"L'accident de Stoner g\u00e2che un peu la f\u00eate \u00e0 Bologne. - leblogmoto.com","isPartOf":{"@id":"https:\/\/blogs.thesocialmedia.com\/leblogmoto\/#website"},"primaryImageOfPage":{"@id":"https:\/\/blogs.thesocialmedia.com\/leblogmoto\/2007\/11\/30\/laccident-de-st\/#primaryimage"},"image":{"@id":"https:\/\/blogs.thesocialmedia.com\/leblogmoto\/2007\/11\/30\/laccident-de-st\/#primaryimage"},"thumbnailUrl":"http:\/\/www.leblogmoto.com\/images\/2007\/11\/29\/moto_pilotes_casey_stoner_leading.jpg","datePublished":"2007-11-30T06:03:18+00:00","dateModified":"2012-07-11T14:59:59+00:00","author":{"@id":"https:\/\/blogs.thesocialmedia.com\/leblogmoto\/#\/schema\/person\/18bfe773e5725ed6d24f743da805362a"},"breadcrumb":{"@id":"https:\/\/blogs.thesocialmedia.com\/leblogmoto\/2007\/11\/30\/laccident-de-st\/#breadcrumb"},"inLanguage":"fr-FR","potentialAction":[{"@type":"ReadAction","target":["https:\/\/blogs.thesocialmedia.com\/leblogmoto\/2007\/11\/30\/laccident-de-st\/"]}]},{"@type":"ImageObject","inLanguage":"fr-FR","@id":"https:\/\/blogs.thesocialmedia.com\/leblogmoto\/2007\/11\/30\/laccident-de-st\/#primaryimage","url":"http:\/\/www.leblogmoto.com\/images\/2007\/11\/29\/moto_pilotes_casey_stoner_leading.jpg","contentUrl":"http:\/\/www.leblogmoto.com\/images\/2007\/11\/29\/moto_pilotes_casey_stoner_leading.jpg"},{"@type":"BreadcrumbList","@id":"https:\/\/blogs.thesocialmedia.com\/leblogmoto\/2007\/11\/30\/laccident-de-st\/#breadcrumb","itemListElement":[{"@type":"ListItem","position":1,"name":"Accueil","item":"https:\/\/blogs.thesocialmedia.com\/leblogmoto\/"},{"@type":"ListItem","position":2,"name":"L&rsquo;accident de Stoner g\u00e2che un peu la f\u00eate \u00e0 Bologne."}]},{"@type":"WebSite","@id":"https:\/\/blogs.thesocialmedia.com\/leblogmoto\/#website","url":"https:\/\/blogs.thesocialmedia.com\/leblogmoto\/","name":"leblogmoto","description":"Toute l&#039;actualit\u00e9 des 2 roues","potentialAction":[{"@type":"SearchAction","target":{"@type":"EntryPoint","urlTemplate":"https:\/\/blogs.thesocialmedia.com\/leblogmoto\/?s={search_term_string}"},"query-input":{"@type":"PropertyValueSpecification","valueRequired":true,"valueName":"search_term_string"}}],"inLanguage":"fr-FR"},{"@type":"Person","@id":"https:\/\/blogs.thesocialmedia.com\/leblogmoto\/#\/schema\/person\/18bfe773e5725ed6d24f743da805362a","name":"benoit rieu","image":{"@type":"ImageObject","inLanguage":"fr-FR","@id":"https:\/\/blogs.thesocialmedia.com\/leblogmoto\/#\/schema\/person\/image\/","url":"https:\/\/secure.gravatar.com\/avatar\/?s=96&d=mm&r=g","contentUrl":"https:\/\/secure.gravatar.com\/avatar\/?s=96&d=mm&r=g","caption":"benoit rieu"},"url":"https:\/\/blogs.thesocialmedia.com\/leblogmoto\/author\/benoit-rieu\/"}]}},"_links":{"self":[{"href":"https:\/\/blogs.thesocialmedia.com\/leblogmoto\/wp-json\/wp\/v2\/posts\/1058","targetHints":{"allow":["GET"]}}],"collection":[{"href":"https:\/\/blogs.thesocialmedia.com\/leblogmoto\/wp-json\/wp\/v2\/posts"}],"about":[{"href":"https:\/\/blogs.thesocialmedia.com\/leblogmoto\/wp-json\/wp\/v2\/types\/post"}],"author":[{"embeddable":true,"href":"https:\/\/blogs.thesocialmedia.com\/leblogmoto\/wp-json\/wp\/v2\/users\/324"}],"replies":[{"embeddable":true,"href":"https:\/\/blogs.thesocialmedia.com\/leblogmoto\/wp-json\/wp\/v2\/comments?post=1058"}],"version-history":[{"count":2,"href":"https:\/\/blogs.thesocialmedia.com\/leblogmoto\/wp-json\/wp\/v2\/posts\/1058\/revisions"}],"predecessor-version":[{"id":9283,"href":"https:\/\/blogs.thesocialmedia.com\/leblogmoto\/wp-json\/wp\/v2\/posts\/1058\/revisions\/9283"}],"wp:attachment":[{"href":"https:\/\/blogs.thesocialmedia.com\/leblogmoto\/wp-json\/wp\/v2\/media?parent=1058"}],"wp:term":[{"taxonomy":"category","embeddable":true,"href":"https:\/\/blogs.thesocialmedia.com\/leblogmoto\/wp-json\/wp\/v2\/categories?post=1058"},{"taxonomy":"post_tag","embeddable":true,"href":"https:\/\/blogs.thesocialmedia.com\/leblogmoto\/wp-json\/wp\/v2\/tags?post=1058"}],"curies":[{"name":"wp","href":"https:\/\/api.w.org\/{rel}","templated":true}]}}