{"id":1059,"date":"2007-11-30T05:59:55","date_gmt":"2007-11-30T05:59:55","guid":{"rendered":"http:\/\/blogs.thesocialmedia.com\/leblogmoto\/2007\/11\/30\/transport-en-co\/"},"modified":"2012-07-11T14:59:54","modified_gmt":"2012-07-11T14:59:54","slug":"transport-en-co","status":"publish","type":"post","link":"https:\/\/blogs.thesocialmedia.com\/leblogmoto\/2007\/11\/30\/transport-en-co\/","title":{"rendered":"Transport en commun ou b\u00e9taill\u00e8re sur deux roues ?"},"content":{"rendered":"<p><a href=\"http:\/\/blogs.thesocialmedia.com\/leblogmoto\/files\/2012\/07\/moto_insolite_cochons.jpg\"><img loading=\"lazy\" decoding=\"async\" width=\"470\" height=\"325\"  alt=\"Moto_insolite_cochons\" src=\"http:\/\/www.leblogmoto.com\/images\/2007\/11\/29\/moto_insolite_cochons.jpg\" \/><\/a><\/p>\n<p>Dans la sur-utilisation des motos, ou surexploitation devrait on dire, certains pays asiatiques me sid\u00e9reront toujours, sans mesquinerie aucune. Se d\u00e9placer au guidon dans quelques unes de ces contr\u00e9es rel\u00e8ve de l&rsquo;art (oui <em>art, <\/em>j&rsquo;y tiens) de transformer une &quot;rougne&quot; en convoi exceptionnel. J&rsquo;esp\u00e8re pour ces pourceaux qu&rsquo;ils sont d\u00e9j\u00e0 morts. Avec son casque jet, en voil\u00e0 un au moins que <a href=\"http:\/\/www.leblogmoto.com\/2007\/11\/campagne-asiati.html\">cette campagne<\/a> ne vise pas.<\/p>\n<p><em>cr\u00e9dit photo: yatahonga.com<\/em><\/p>\n","protected":false},"excerpt":{"rendered":"<p>Dans la sur-utilisation des motos, ou surexploitation devrait on dire, certains pays asiatiques me sid\u00e9reront toujours, sans mesquinerie aucune. Se d\u00e9placer au guidon dans quelques unes de ces contr\u00e9es rel\u00e8ve de l&rsquo;art (oui art, j&rsquo;y tiens) de transformer une &quot;rougne&quot; en convoi exceptionnel. J&rsquo;esp\u00e8re pour ces pourceaux qu&rsquo;ils sont d\u00e9j\u00e0 morts. Avec son casque jet, [&hellip;]<\/p>\n","protected":false},"author":324,"featured_media":0,"comment_status":"open","ping_status":"open","sticky":false,"template":"","format":"standard","meta":{"footnotes":""},"categories":[58,80],"tags":[],"class_list":["post-1059","post","type-post","status-publish","format-standard","hentry","category-insolite","category-trucs-et-astuces"],"yoast_head":"<!-- This site is optimized with the Yoast SEO plugin v26.0 - https:\/\/yoast.com\/wordpress\/plugins\/seo\/ -->\n<title>Transport en commun ou b\u00e9taill\u00e8re sur deux roues ? - leblogmoto.com<\/title>\n<meta name=\"robots\" content=\"index, follow, max-snippet:-1, max-image-preview:large, max-video-preview:-1\" \/>\n<link rel=\"canonical\" href=\"https:\/\/blogs.thesocialmedia.com\/leblogmoto\/2007\/11\/30\/transport-en-co\/\" \/>\n<meta name=\"twitter:card\" content=\"summary_large_image\" \/>\n<meta name=\"twitter:title\" content=\"Transport en commun ou b\u00e9taill\u00e8re sur deux roues ? - leblogmoto.com\" \/>\n<meta name=\"twitter:description\" content=\"Dans la sur-utilisation des motos, ou surexploitation devrait on dire, certains pays asiatiques me sid\u00e9reront toujours, sans mesquinerie aucune. Se d\u00e9placer au guidon dans quelques unes de ces contr\u00e9es rel\u00e8ve de l&rsquo;art (oui art, j&rsquo;y tiens) de transformer une &quot;rougne&quot; en convoi exceptionnel. J&rsquo;esp\u00e8re pour ces pourceaux qu&rsquo;ils sont d\u00e9j\u00e0 morts. Avec son casque jet, [&hellip;]\" \/>\n<meta name=\"twitter:image\" content=\"http:\/\/www.leblogmoto.com\/images\/2007\/11\/29\/moto_insolite_cochons.jpg\" \/>\n<meta name=\"twitter:label1\" content=\"\u00c9crit par\" \/>\n\t<meta name=\"twitter:data1\" content=\"benoit rieu\" \/>\n<script type=\"application\/ld+json\" class=\"yoast-schema-graph\">{\"@context\":\"https:\/\/schema.org\",\"@graph\":[{\"@type\":\"WebPage\",\"@id\":\"https:\/\/blogs.thesocialmedia.com\/leblogmoto\/2007\/11\/30\/transport-en-co\/\",\"url\":\"https:\/\/blogs.thesocialmedia.com\/leblogmoto\/2007\/11\/30\/transport-en-co\/\",\"name\":\"Transport en commun ou b\u00e9taill\u00e8re sur deux roues ? - leblogmoto.com\",\"isPartOf\":{\"@id\":\"https:\/\/blogs.thesocialmedia.com\/leblogmoto\/#website\"},\"primaryImageOfPage\":{\"@id\":\"https:\/\/blogs.thesocialmedia.com\/leblogmoto\/2007\/11\/30\/transport-en-co\/#primaryimage\"},\"image\":{\"@id\":\"https:\/\/blogs.thesocialmedia.com\/leblogmoto\/2007\/11\/30\/transport-en-co\/#primaryimage\"},\"thumbnailUrl\":\"http:\/\/www.leblogmoto.com\/images\/2007\/11\/29\/moto_insolite_cochons.jpg\",\"datePublished\":\"2007-11-30T05:59:55+00:00\",\"dateModified\":\"2012-07-11T14:59:54+00:00\",\"author\":{\"@id\":\"https:\/\/blogs.thesocialmedia.com\/leblogmoto\/#\/schema\/person\/18bfe773e5725ed6d24f743da805362a\"},\"breadcrumb\":{\"@id\":\"https:\/\/blogs.thesocialmedia.com\/leblogmoto\/2007\/11\/30\/transport-en-co\/#breadcrumb\"},\"inLanguage\":\"fr-FR\",\"potentialAction\":[{\"@type\":\"ReadAction\",\"target\":[\"https:\/\/blogs.thesocialmedia.com\/leblogmoto\/2007\/11\/30\/transport-en-co\/\"]}]},{\"@type\":\"ImageObject\",\"inLanguage\":\"fr-FR\",\"@id\":\"https:\/\/blogs.thesocialmedia.com\/leblogmoto\/2007\/11\/30\/transport-en-co\/#primaryimage\",\"url\":\"http:\/\/www.leblogmoto.com\/images\/2007\/11\/29\/moto_insolite_cochons.jpg\",\"contentUrl\":\"http:\/\/www.leblogmoto.com\/images\/2007\/11\/29\/moto_insolite_cochons.jpg\"},{\"@type\":\"BreadcrumbList\",\"@id\":\"https:\/\/blogs.thesocialmedia.com\/leblogmoto\/2007\/11\/30\/transport-en-co\/#breadcrumb\",\"itemListElement\":[{\"@type\":\"ListItem\",\"position\":1,\"name\":\"Accueil\",\"item\":\"https:\/\/blogs.thesocialmedia.com\/leblogmoto\/\"},{\"@type\":\"ListItem\",\"position\":2,\"name\":\"Transport en commun ou b\u00e9taill\u00e8re sur deux roues ?\"}]},{\"@type\":\"WebSite\",\"@id\":\"https:\/\/blogs.thesocialmedia.com\/leblogmoto\/#website\",\"url\":\"https:\/\/blogs.thesocialmedia.com\/leblogmoto\/\",\"name\":\"leblogmoto\",\"description\":\"Toute l&#039;actualit\u00e9 des 2 roues\",\"potentialAction\":[{\"@type\":\"SearchAction\",\"target\":{\"@type\":\"EntryPoint\",\"urlTemplate\":\"https:\/\/blogs.thesocialmedia.com\/leblogmoto\/?s={search_term_string}\"},\"query-input\":{\"@type\":\"PropertyValueSpecification\",\"valueRequired\":true,\"valueName\":\"search_term_string\"}}],\"inLanguage\":\"fr-FR\"},{\"@type\":\"Person\",\"@id\":\"https:\/\/blogs.thesocialmedia.com\/leblogmoto\/#\/schema\/person\/18bfe773e5725ed6d24f743da805362a\",\"name\":\"benoit rieu\",\"image\":{\"@type\":\"ImageObject\",\"inLanguage\":\"fr-FR\",\"@id\":\"https:\/\/blogs.thesocialmedia.com\/leblogmoto\/#\/schema\/person\/image\/\",\"url\":\"https:\/\/secure.gravatar.com\/avatar\/?s=96&d=mm&r=g\",\"contentUrl\":\"https:\/\/secure.gravatar.com\/avatar\/?s=96&d=mm&r=g\",\"caption\":\"benoit rieu\"},\"url\":\"https:\/\/blogs.thesocialmedia.com\/leblogmoto\/author\/benoit-rieu\/\"}]}<\/script>\n<!-- \/ Yoast SEO plugin. -->","yoast_head_json":{"title":"Transport en commun ou b\u00e9taill\u00e8re sur deux roues ? - leblogmoto.com","robots":{"index":"index","follow":"follow","max-snippet":"max-snippet:-1","max-image-preview":"max-image-preview:large","max-video-preview":"max-video-preview:-1"},"canonical":"https:\/\/blogs.thesocialmedia.com\/leblogmoto\/2007\/11\/30\/transport-en-co\/","twitter_card":"summary_large_image","twitter_title":"Transport en commun ou b\u00e9taill\u00e8re sur deux roues ? - leblogmoto.com","twitter_description":"Dans la sur-utilisation des motos, ou surexploitation devrait on dire, certains pays asiatiques me sid\u00e9reront toujours, sans mesquinerie aucune. Se d\u00e9placer au guidon dans quelques unes de ces contr\u00e9es rel\u00e8ve de l&rsquo;art (oui art, j&rsquo;y tiens) de transformer une &quot;rougne&quot; en convoi exceptionnel. J&rsquo;esp\u00e8re pour ces pourceaux qu&rsquo;ils sont d\u00e9j\u00e0 morts. Avec son casque jet, [&hellip;]","twitter_image":"http:\/\/www.leblogmoto.com\/images\/2007\/11\/29\/moto_insolite_cochons.jpg","twitter_misc":{"\u00c9crit par":"benoit rieu"},"schema":{"@context":"https:\/\/schema.org","@graph":[{"@type":"WebPage","@id":"https:\/\/blogs.thesocialmedia.com\/leblogmoto\/2007\/11\/30\/transport-en-co\/","url":"https:\/\/blogs.thesocialmedia.com\/leblogmoto\/2007\/11\/30\/transport-en-co\/","name":"Transport en commun ou b\u00e9taill\u00e8re sur deux roues ? - leblogmoto.com","isPartOf":{"@id":"https:\/\/blogs.thesocialmedia.com\/leblogmoto\/#website"},"primaryImageOfPage":{"@id":"https:\/\/blogs.thesocialmedia.com\/leblogmoto\/2007\/11\/30\/transport-en-co\/#primaryimage"},"image":{"@id":"https:\/\/blogs.thesocialmedia.com\/leblogmoto\/2007\/11\/30\/transport-en-co\/#primaryimage"},"thumbnailUrl":"http:\/\/www.leblogmoto.com\/images\/2007\/11\/29\/moto_insolite_cochons.jpg","datePublished":"2007-11-30T05:59:55+00:00","dateModified":"2012-07-11T14:59:54+00:00","author":{"@id":"https:\/\/blogs.thesocialmedia.com\/leblogmoto\/#\/schema\/person\/18bfe773e5725ed6d24f743da805362a"},"breadcrumb":{"@id":"https:\/\/blogs.thesocialmedia.com\/leblogmoto\/2007\/11\/30\/transport-en-co\/#breadcrumb"},"inLanguage":"fr-FR","potentialAction":[{"@type":"ReadAction","target":["https:\/\/blogs.thesocialmedia.com\/leblogmoto\/2007\/11\/30\/transport-en-co\/"]}]},{"@type":"ImageObject","inLanguage":"fr-FR","@id":"https:\/\/blogs.thesocialmedia.com\/leblogmoto\/2007\/11\/30\/transport-en-co\/#primaryimage","url":"http:\/\/www.leblogmoto.com\/images\/2007\/11\/29\/moto_insolite_cochons.jpg","contentUrl":"http:\/\/www.leblogmoto.com\/images\/2007\/11\/29\/moto_insolite_cochons.jpg"},{"@type":"BreadcrumbList","@id":"https:\/\/blogs.thesocialmedia.com\/leblogmoto\/2007\/11\/30\/transport-en-co\/#breadcrumb","itemListElement":[{"@type":"ListItem","position":1,"name":"Accueil","item":"https:\/\/blogs.thesocialmedia.com\/leblogmoto\/"},{"@type":"ListItem","position":2,"name":"Transport en commun ou b\u00e9taill\u00e8re sur deux roues ?"}]},{"@type":"WebSite","@id":"https:\/\/blogs.thesocialmedia.com\/leblogmoto\/#website","url":"https:\/\/blogs.thesocialmedia.com\/leblogmoto\/","name":"leblogmoto","description":"Toute l&#039;actualit\u00e9 des 2 roues","potentialAction":[{"@type":"SearchAction","target":{"@type":"EntryPoint","urlTemplate":"https:\/\/blogs.thesocialmedia.com\/leblogmoto\/?s={search_term_string}"},"query-input":{"@type":"PropertyValueSpecification","valueRequired":true,"valueName":"search_term_string"}}],"inLanguage":"fr-FR"},{"@type":"Person","@id":"https:\/\/blogs.thesocialmedia.com\/leblogmoto\/#\/schema\/person\/18bfe773e5725ed6d24f743da805362a","name":"benoit rieu","image":{"@type":"ImageObject","inLanguage":"fr-FR","@id":"https:\/\/blogs.thesocialmedia.com\/leblogmoto\/#\/schema\/person\/image\/","url":"https:\/\/secure.gravatar.com\/avatar\/?s=96&d=mm&r=g","contentUrl":"https:\/\/secure.gravatar.com\/avatar\/?s=96&d=mm&r=g","caption":"benoit rieu"},"url":"https:\/\/blogs.thesocialmedia.com\/leblogmoto\/author\/benoit-rieu\/"}]}},"_links":{"self":[{"href":"https:\/\/blogs.thesocialmedia.com\/leblogmoto\/wp-json\/wp\/v2\/posts\/1059","targetHints":{"allow":["GET"]}}],"collection":[{"href":"https:\/\/blogs.thesocialmedia.com\/leblogmoto\/wp-json\/wp\/v2\/posts"}],"about":[{"href":"https:\/\/blogs.thesocialmedia.com\/leblogmoto\/wp-json\/wp\/v2\/types\/post"}],"author":[{"embeddable":true,"href":"https:\/\/blogs.thesocialmedia.com\/leblogmoto\/wp-json\/wp\/v2\/users\/324"}],"replies":[{"embeddable":true,"href":"https:\/\/blogs.thesocialmedia.com\/leblogmoto\/wp-json\/wp\/v2\/comments?post=1059"}],"version-history":[{"count":2,"href":"https:\/\/blogs.thesocialmedia.com\/leblogmoto\/wp-json\/wp\/v2\/posts\/1059\/revisions"}],"predecessor-version":[{"id":9280,"href":"https:\/\/blogs.thesocialmedia.com\/leblogmoto\/wp-json\/wp\/v2\/posts\/1059\/revisions\/9280"}],"wp:attachment":[{"href":"https:\/\/blogs.thesocialmedia.com\/leblogmoto\/wp-json\/wp\/v2\/media?parent=1059"}],"wp:term":[{"taxonomy":"category","embeddable":true,"href":"https:\/\/blogs.thesocialmedia.com\/leblogmoto\/wp-json\/wp\/v2\/categories?post=1059"},{"taxonomy":"post_tag","embeddable":true,"href":"https:\/\/blogs.thesocialmedia.com\/leblogmoto\/wp-json\/wp\/v2\/tags?post=1059"}],"curies":[{"name":"wp","href":"https:\/\/api.w.org\/{rel}","templated":true}]}}