{"id":1060,"date":"2007-11-30T03:35:02","date_gmt":"2007-11-30T03:35:02","guid":{"rendered":"http:\/\/blogs.thesocialmedia.com\/leblogmoto\/2007\/11\/30\/album-du-vend-2-16\/"},"modified":"2012-07-11T14:59:51","modified_gmt":"2012-07-11T14:59:51","slug":"album-du-vend-2-16","status":"publish","type":"post","link":"https:\/\/blogs.thesocialmedia.com\/leblogmoto\/2007\/11\/30\/album-du-vend-2-16\/","title":{"rendered":"Album du vendredi, les enfants d&rsquo;Evel Knievel"},"content":{"rendered":"<p><a href=\"http:\/\/blogs.thesocialmedia.com\/leblogmoto\/files\/2012\/07\/09.jpg\"><img loading=\"lazy\" decoding=\"async\" width=\"470\" height=\"272\"  src=\"http:\/\/www.leblogmoto.com\/images\/2007\/11\/29\/09.jpg\" alt=\"09\" \/><\/a> <\/p>\n<p>Tout est dans le titre, alors je serai bref. Juste pour dire que l&rsquo;exaltation du spectateur devait \u00eatre la m\u00eame alors qu&rsquo;<a href=\"http:\/\/en.wikipedia.org\/wiki\/Evel_Knievel\">Evel Knievel<\/a> sautait au-dessus d&rsquo;un nombre incalculable de v\u00e9hicules, et quand 30, 35 ans plus tard, un <a href=\"http:\/\/en.wikipedia.org\/wiki\/Travis_Pastrana\">Travis Pastrana<\/a> r\u00e9ussi le double p\u00e9rilleux arri\u00e8re. Ce n&rsquo;est pas tant l&rsquo;exploit, d\u00e9j\u00e0 extraordinaire, qu&rsquo;un \u00e9merveillement devant tant de folie, de courage ou d&rsquo;inconscience.<\/p>\n<p><a href=\"http:\/\/clabedan.typepad.com\/.shared\/image.html?\/photos\/uncategorized\/2007\/11\/29\/07.jpg\"><img loading=\"lazy\" decoding=\"async\" width=\"470\" height=\"274\"  src=\"http:\/\/www.leblogmoto.com\/images\/2007\/11\/29\/07.jpg\" alt=\"07\" \/><\/a> <\/p>\n<p><a href=\"http:\/\/blogs.thesocialmedia.com\/leblogmoto\/files\/2012\/07\/06.jpg\"><img loading=\"lazy\" decoding=\"async\" width=\"470\" height=\"297\"  src=\"http:\/\/www.leblogmoto.com\/images\/2007\/11\/29\/06.jpg\" alt=\"06\" \/><\/a> <\/p>\n<p><a href=\"http:\/\/blogs.thesocialmedia.com\/leblogmoto\/files\/2012\/07\/052.jpg\"><img loading=\"lazy\" decoding=\"async\" width=\"470\" height=\"312\"  src=\"http:\/\/www.leblogmoto.com\/images\/2007\/11\/29\/05.jpg\" alt=\"05\" \/><\/a> <\/p>\n<p><a href=\"http:\/\/blogs.thesocialmedia.com\/leblogmoto\/files\/2012\/07\/04.jpg\"><img loading=\"lazy\" decoding=\"async\" width=\"470\" height=\"341\"  src=\"http:\/\/www.leblogmoto.com\/images\/2007\/11\/29\/04.jpg\" alt=\"04\" \/><\/a> <\/p>\n<p><a href=\"http:\/\/blogs.thesocialmedia.com\/leblogmoto\/files\/2012\/07\/02.jpg\"><img loading=\"lazy\" decoding=\"async\" width=\"470\" height=\"341\"  src=\"http:\/\/www.leblogmoto.com\/images\/2007\/11\/29\/02.jpg\" alt=\"02\" \/><\/a> <\/p>\n<p><a href=\"http:\/\/blogs.thesocialmedia.com\/leblogmoto\/files\/2012\/07\/011.jpg\"><img loading=\"lazy\" decoding=\"async\" width=\"470\" height=\"320\"  src=\"http:\/\/www.leblogmoto.com\/images\/2007\/11\/29\/01.jpg\" alt=\"01\" \/><\/a> <\/p>\n<p><a href=\"http:\/\/blogs.thesocialmedia.com\/leblogmoto\/files\/2012\/07\/08.jpg\"><img loading=\"lazy\" decoding=\"async\" width=\"470\" height=\"341\"  src=\"http:\/\/www.leblogmoto.com\/images\/2007\/11\/29\/08.jpg\" alt=\"08\" \/><\/a> <\/p>\n<p><a href=\"http:\/\/expn.go.com\/expn\/story?id=3019565\">Article<\/a> sur le double p\u00e9rilleux de Pastrana, avec la vid\u00e9o.<br \/>Le s<a href=\"http:\/\/alpinestarsinc.com\/jolene-van-vugt-grand-canyon-jumps\">aut du Grand Canyon<\/a>, un classique. Une fille l&rsquo;a fait, Jolene Van Vugt.<br \/>Pour les frileux, le jeu MotoX. Pour <a href=\"http:\/\/www.jeuxgratuits.net\/jeux\/PC\/X_Moto\">PC<\/a> et <a href=\"http:\/\/mac-gratuit.fr\/gratuit-20.html\">Mac<\/a>.<\/p>\n<p><em>Cr\u00e9dit photos: Chris <a href=\"http:\/\/www.tedescophoto.com\/\">Tedesco<\/a>, Steve <a href=\"http:\/\/www.industryonly.com\/\">Densmore<\/a>, Garth Milan, Christian <a href=\"http:\/\/www.christianpondella.com\/\">Pondella<\/a> <\/em><\/p>\n","protected":false},"excerpt":{"rendered":"<p>Tout est dans le titre, alors je serai bref. Juste pour dire que l&rsquo;exaltation du spectateur devait \u00eatre la m\u00eame alors qu&rsquo;Evel Knievel sautait au-dessus d&rsquo;un nombre incalculable de v\u00e9hicules, et quand 30, 35 ans plus tard, un Travis Pastrana r\u00e9ussi le double p\u00e9rilleux arri\u00e8re. Ce n&rsquo;est pas tant l&rsquo;exploit, d\u00e9j\u00e0 extraordinaire, qu&rsquo;un \u00e9merveillement devant [&hellip;]<\/p>\n","protected":false},"author":325,"featured_media":0,"comment_status":"open","ping_status":"open","sticky":false,"template":"","format":"standard","meta":{"footnotes":""},"categories":[13,66],"tags":[],"class_list":["post-1060","post","type-post","status-publish","format-standard","hentry","category-aventure","category-moto-cross"],"yoast_head":"<!-- This site is optimized with the Yoast SEO plugin v26.0 - https:\/\/yoast.com\/wordpress\/plugins\/seo\/ -->\n<title>Album du vendredi, les enfants d&#039;Evel Knievel - leblogmoto.com<\/title>\n<meta name=\"robots\" content=\"index, follow, max-snippet:-1, max-image-preview:large, max-video-preview:-1\" \/>\n<link rel=\"canonical\" href=\"https:\/\/blogs.thesocialmedia.com\/leblogmoto\/2007\/11\/30\/album-du-vend-2-16\/\" \/>\n<meta name=\"twitter:card\" content=\"summary_large_image\" \/>\n<meta name=\"twitter:title\" content=\"Album du vendredi, les enfants d&#039;Evel Knievel - leblogmoto.com\" \/>\n<meta name=\"twitter:description\" content=\"Tout est dans le titre, alors je serai bref. Juste pour dire que l&rsquo;exaltation du spectateur devait \u00eatre la m\u00eame alors qu&rsquo;Evel Knievel sautait au-dessus d&rsquo;un nombre incalculable de v\u00e9hicules, et quand 30, 35 ans plus tard, un Travis Pastrana r\u00e9ussi le double p\u00e9rilleux arri\u00e8re. Ce n&rsquo;est pas tant l&rsquo;exploit, d\u00e9j\u00e0 extraordinaire, qu&rsquo;un \u00e9merveillement devant [&hellip;]\" \/>\n<meta name=\"twitter:image\" content=\"http:\/\/www.leblogmoto.com\/images\/2007\/11\/29\/09.jpg\" \/>\n<meta name=\"twitter:label1\" content=\"\u00c9crit par\" \/>\n\t<meta name=\"twitter:data1\" content=\"jacques lesage\" \/>\n\t<meta name=\"twitter:label2\" content=\"Dur\u00e9e de lecture estim\u00e9e\" \/>\n\t<meta name=\"twitter:data2\" content=\"1 minute\" \/>\n<script type=\"application\/ld+json\" class=\"yoast-schema-graph\">{\"@context\":\"https:\/\/schema.org\",\"@graph\":[{\"@type\":\"WebPage\",\"@id\":\"https:\/\/blogs.thesocialmedia.com\/leblogmoto\/2007\/11\/30\/album-du-vend-2-16\/\",\"url\":\"https:\/\/blogs.thesocialmedia.com\/leblogmoto\/2007\/11\/30\/album-du-vend-2-16\/\",\"name\":\"Album du vendredi, les enfants d'Evel Knievel - leblogmoto.com\",\"isPartOf\":{\"@id\":\"https:\/\/blogs.thesocialmedia.com\/leblogmoto\/#website\"},\"primaryImageOfPage\":{\"@id\":\"https:\/\/blogs.thesocialmedia.com\/leblogmoto\/2007\/11\/30\/album-du-vend-2-16\/#primaryimage\"},\"image\":{\"@id\":\"https:\/\/blogs.thesocialmedia.com\/leblogmoto\/2007\/11\/30\/album-du-vend-2-16\/#primaryimage\"},\"thumbnailUrl\":\"http:\/\/www.leblogmoto.com\/images\/2007\/11\/29\/09.jpg\",\"datePublished\":\"2007-11-30T03:35:02+00:00\",\"dateModified\":\"2012-07-11T14:59:51+00:00\",\"author\":{\"@id\":\"https:\/\/blogs.thesocialmedia.com\/leblogmoto\/#\/schema\/person\/e82a0ca8a9a63d031586097a3ed58526\"},\"breadcrumb\":{\"@id\":\"https:\/\/blogs.thesocialmedia.com\/leblogmoto\/2007\/11\/30\/album-du-vend-2-16\/#breadcrumb\"},\"inLanguage\":\"fr-FR\",\"potentialAction\":[{\"@type\":\"ReadAction\",\"target\":[\"https:\/\/blogs.thesocialmedia.com\/leblogmoto\/2007\/11\/30\/album-du-vend-2-16\/\"]}]},{\"@type\":\"ImageObject\",\"inLanguage\":\"fr-FR\",\"@id\":\"https:\/\/blogs.thesocialmedia.com\/leblogmoto\/2007\/11\/30\/album-du-vend-2-16\/#primaryimage\",\"url\":\"http:\/\/www.leblogmoto.com\/images\/2007\/11\/29\/09.jpg\",\"contentUrl\":\"http:\/\/www.leblogmoto.com\/images\/2007\/11\/29\/09.jpg\"},{\"@type\":\"BreadcrumbList\",\"@id\":\"https:\/\/blogs.thesocialmedia.com\/leblogmoto\/2007\/11\/30\/album-du-vend-2-16\/#breadcrumb\",\"itemListElement\":[{\"@type\":\"ListItem\",\"position\":1,\"name\":\"Accueil\",\"item\":\"https:\/\/blogs.thesocialmedia.com\/leblogmoto\/\"},{\"@type\":\"ListItem\",\"position\":2,\"name\":\"Album du vendredi, les enfants d&rsquo;Evel Knievel\"}]},{\"@type\":\"WebSite\",\"@id\":\"https:\/\/blogs.thesocialmedia.com\/leblogmoto\/#website\",\"url\":\"https:\/\/blogs.thesocialmedia.com\/leblogmoto\/\",\"name\":\"leblogmoto\",\"description\":\"Toute l&#039;actualit\u00e9 des 2 roues\",\"potentialAction\":[{\"@type\":\"SearchAction\",\"target\":{\"@type\":\"EntryPoint\",\"urlTemplate\":\"https:\/\/blogs.thesocialmedia.com\/leblogmoto\/?s={search_term_string}\"},\"query-input\":{\"@type\":\"PropertyValueSpecification\",\"valueRequired\":true,\"valueName\":\"search_term_string\"}}],\"inLanguage\":\"fr-FR\"},{\"@type\":\"Person\",\"@id\":\"https:\/\/blogs.thesocialmedia.com\/leblogmoto\/#\/schema\/person\/e82a0ca8a9a63d031586097a3ed58526\",\"name\":\"jacques lesage\",\"image\":{\"@type\":\"ImageObject\",\"inLanguage\":\"fr-FR\",\"@id\":\"https:\/\/blogs.thesocialmedia.com\/leblogmoto\/#\/schema\/person\/image\/\",\"url\":\"https:\/\/secure.gravatar.com\/avatar\/?s=96&d=mm&r=g\",\"contentUrl\":\"https:\/\/secure.gravatar.com\/avatar\/?s=96&d=mm&r=g\",\"caption\":\"jacques lesage\"},\"url\":\"https:\/\/blogs.thesocialmedia.com\/leblogmoto\/author\/jacques-lesage\/\"}]}<\/script>\n<!-- \/ Yoast SEO plugin. -->","yoast_head_json":{"title":"Album du vendredi, les enfants d'Evel Knievel - leblogmoto.com","robots":{"index":"index","follow":"follow","max-snippet":"max-snippet:-1","max-image-preview":"max-image-preview:large","max-video-preview":"max-video-preview:-1"},"canonical":"https:\/\/blogs.thesocialmedia.com\/leblogmoto\/2007\/11\/30\/album-du-vend-2-16\/","twitter_card":"summary_large_image","twitter_title":"Album du vendredi, les enfants d'Evel Knievel - leblogmoto.com","twitter_description":"Tout est dans le titre, alors je serai bref. Juste pour dire que l&rsquo;exaltation du spectateur devait \u00eatre la m\u00eame alors qu&rsquo;Evel Knievel sautait au-dessus d&rsquo;un nombre incalculable de v\u00e9hicules, et quand 30, 35 ans plus tard, un Travis Pastrana r\u00e9ussi le double p\u00e9rilleux arri\u00e8re. Ce n&rsquo;est pas tant l&rsquo;exploit, d\u00e9j\u00e0 extraordinaire, qu&rsquo;un \u00e9merveillement devant [&hellip;]","twitter_image":"http:\/\/www.leblogmoto.com\/images\/2007\/11\/29\/09.jpg","twitter_misc":{"\u00c9crit par":"jacques lesage","Dur\u00e9e de lecture estim\u00e9e":"1 minute"},"schema":{"@context":"https:\/\/schema.org","@graph":[{"@type":"WebPage","@id":"https:\/\/blogs.thesocialmedia.com\/leblogmoto\/2007\/11\/30\/album-du-vend-2-16\/","url":"https:\/\/blogs.thesocialmedia.com\/leblogmoto\/2007\/11\/30\/album-du-vend-2-16\/","name":"Album du vendredi, les enfants d'Evel Knievel - leblogmoto.com","isPartOf":{"@id":"https:\/\/blogs.thesocialmedia.com\/leblogmoto\/#website"},"primaryImageOfPage":{"@id":"https:\/\/blogs.thesocialmedia.com\/leblogmoto\/2007\/11\/30\/album-du-vend-2-16\/#primaryimage"},"image":{"@id":"https:\/\/blogs.thesocialmedia.com\/leblogmoto\/2007\/11\/30\/album-du-vend-2-16\/#primaryimage"},"thumbnailUrl":"http:\/\/www.leblogmoto.com\/images\/2007\/11\/29\/09.jpg","datePublished":"2007-11-30T03:35:02+00:00","dateModified":"2012-07-11T14:59:51+00:00","author":{"@id":"https:\/\/blogs.thesocialmedia.com\/leblogmoto\/#\/schema\/person\/e82a0ca8a9a63d031586097a3ed58526"},"breadcrumb":{"@id":"https:\/\/blogs.thesocialmedia.com\/leblogmoto\/2007\/11\/30\/album-du-vend-2-16\/#breadcrumb"},"inLanguage":"fr-FR","potentialAction":[{"@type":"ReadAction","target":["https:\/\/blogs.thesocialmedia.com\/leblogmoto\/2007\/11\/30\/album-du-vend-2-16\/"]}]},{"@type":"ImageObject","inLanguage":"fr-FR","@id":"https:\/\/blogs.thesocialmedia.com\/leblogmoto\/2007\/11\/30\/album-du-vend-2-16\/#primaryimage","url":"http:\/\/www.leblogmoto.com\/images\/2007\/11\/29\/09.jpg","contentUrl":"http:\/\/www.leblogmoto.com\/images\/2007\/11\/29\/09.jpg"},{"@type":"BreadcrumbList","@id":"https:\/\/blogs.thesocialmedia.com\/leblogmoto\/2007\/11\/30\/album-du-vend-2-16\/#breadcrumb","itemListElement":[{"@type":"ListItem","position":1,"name":"Accueil","item":"https:\/\/blogs.thesocialmedia.com\/leblogmoto\/"},{"@type":"ListItem","position":2,"name":"Album du vendredi, les enfants d&rsquo;Evel Knievel"}]},{"@type":"WebSite","@id":"https:\/\/blogs.thesocialmedia.com\/leblogmoto\/#website","url":"https:\/\/blogs.thesocialmedia.com\/leblogmoto\/","name":"leblogmoto","description":"Toute l&#039;actualit\u00e9 des 2 roues","potentialAction":[{"@type":"SearchAction","target":{"@type":"EntryPoint","urlTemplate":"https:\/\/blogs.thesocialmedia.com\/leblogmoto\/?s={search_term_string}"},"query-input":{"@type":"PropertyValueSpecification","valueRequired":true,"valueName":"search_term_string"}}],"inLanguage":"fr-FR"},{"@type":"Person","@id":"https:\/\/blogs.thesocialmedia.com\/leblogmoto\/#\/schema\/person\/e82a0ca8a9a63d031586097a3ed58526","name":"jacques lesage","image":{"@type":"ImageObject","inLanguage":"fr-FR","@id":"https:\/\/blogs.thesocialmedia.com\/leblogmoto\/#\/schema\/person\/image\/","url":"https:\/\/secure.gravatar.com\/avatar\/?s=96&d=mm&r=g","contentUrl":"https:\/\/secure.gravatar.com\/avatar\/?s=96&d=mm&r=g","caption":"jacques lesage"},"url":"https:\/\/blogs.thesocialmedia.com\/leblogmoto\/author\/jacques-lesage\/"}]}},"_links":{"self":[{"href":"https:\/\/blogs.thesocialmedia.com\/leblogmoto\/wp-json\/wp\/v2\/posts\/1060","targetHints":{"allow":["GET"]}}],"collection":[{"href":"https:\/\/blogs.thesocialmedia.com\/leblogmoto\/wp-json\/wp\/v2\/posts"}],"about":[{"href":"https:\/\/blogs.thesocialmedia.com\/leblogmoto\/wp-json\/wp\/v2\/types\/post"}],"author":[{"embeddable":true,"href":"https:\/\/blogs.thesocialmedia.com\/leblogmoto\/wp-json\/wp\/v2\/users\/325"}],"replies":[{"embeddable":true,"href":"https:\/\/blogs.thesocialmedia.com\/leblogmoto\/wp-json\/wp\/v2\/comments?post=1060"}],"version-history":[{"count":2,"href":"https:\/\/blogs.thesocialmedia.com\/leblogmoto\/wp-json\/wp\/v2\/posts\/1060\/revisions"}],"predecessor-version":[{"id":9278,"href":"https:\/\/blogs.thesocialmedia.com\/leblogmoto\/wp-json\/wp\/v2\/posts\/1060\/revisions\/9278"}],"wp:attachment":[{"href":"https:\/\/blogs.thesocialmedia.com\/leblogmoto\/wp-json\/wp\/v2\/media?parent=1060"}],"wp:term":[{"taxonomy":"category","embeddable":true,"href":"https:\/\/blogs.thesocialmedia.com\/leblogmoto\/wp-json\/wp\/v2\/categories?post=1060"},{"taxonomy":"post_tag","embeddable":true,"href":"https:\/\/blogs.thesocialmedia.com\/leblogmoto\/wp-json\/wp\/v2\/tags?post=1060"}],"curies":[{"name":"wp","href":"https:\/\/api.w.org\/{rel}","templated":true}]}}